{"id":125266,"date":"2024-08-23T18:44:12","date_gmt":"2024-08-23T16:44:12","guid":{"rendered":"https:\/\/kunmedierne.dk\/mors\/?p=125266"},"modified":"2024-08-23T18:49:07","modified_gmt":"2024-08-23T16:49:07","slug":"kulturmoedet-vi-foelger-vores-plan-for-nedlukning","status":"publish","type":"post","link":"https:\/\/kunmedierne.dk\/mors\/kulturmoedet-vi-foelger-vores-plan-for-nedlukning\/","title":{"rendered":"Kulturm\u00f8det: Vi f\u00f8lger vores plan for nedlukning"},"content":{"rendered":"<p><strong>STORMVEJR<\/strong>: Kulturm\u00f8det Mors har f\u00e5et et spark i ansigtet af stormvejret.<\/p>\n<p>Sidst p\u00e5 eftermiddagen fredag tog arrang\u00f8rerne den ultimative konsekvens og aflyste alle arrangementer p\u00e5\u00a0Kulturpladsen, Gasv\u00e6rksvej, Munkegade og Ung Kult frem til en ny status klokken 19.30.<\/p>\n<p>S\u00e6rligt dramatisk var situationen p\u00e5 Ung Kult Camp, hvor det s\u00e5kaldte netv\u00e6rkstelt blev revet midt over af bl\u00e6sten, og hvor naturen i det hele taget har raset s\u00e5 meget, at man af sikkerhedsm\u00e6ssige hensyn har lukket hele omr\u00e5det ned.<\/p>\n<p>&#8211; Sikkerheden er jo alt i det her, men vi f\u00f8lger i bund og grund den plan, vi lagde i g\u00e5r og i morges, siger Casper Ryttergaard, direkt\u00f8r for Kulturm\u00f8det Mors i en status lige efter klokken 18.<\/p>\n<a class=\"dvrt-link\" onClick=\"cdmtrack_click(104778,jQuery(this));return false\" href=\"https:\/\/vester-begr.dk\/?gclid=CjwKCAjw5Kv7BRBSEiwAXGDElQB6WMfm9CgYVrruty-I1gaOkTkC3mlA4QRDtYNsxYgVC8sNzAJ7WhoCmBsQAvD_BwE\"><img decoding=\"async\" style=\"width:100%;\" src=\"https:\/\/kunmedierne.dk\/mors\/wp-content\/uploads\/2023\/10\/260203VesterHoukaer-02022026.jpg\"><\/a><script>cdmtrack_view(104778);<\/script>\n<p>Han \u00e6rgrer sig selvf\u00f8lgelig over situationen, men finder tr\u00f8st i, at n\u00e5r det skulle g\u00e5 s\u00e5 galt, har det v\u00e6ret godt at se beredskabet og logistikken omkring Kulturm\u00f8det tackle situationen helt som planlagt.<\/p>\n<p>&#8211; Vi har forberedt det siden i aftes, da vi kunne se, hvordan vejret ville blive. S\u00e5 vi havde lagt en plan for en gradvis nedlukning, og den begyndte vi lige s\u00e5 stille med klokken 15, siger han.<\/p>\n<p>&#8211; S\u00e5 vi har egentlig fulgt planen og har haft en s\u00e5 forsvarlig nedlukning, som vi kunne, siger Casper Ryttergaard.<\/p>\n<p>Han tilf\u00f8jer, at indend\u00f8rs arrangementer som for eksempel i Bio Mors stadig er p\u00e5 programmet, men at man f\u00f8rst klokken 19.30 kan melde ud om resten af fredag aftens program.<\/p>\n<a class=\"dvrt-link\" onClick=\"cdmtrack_click(104781,jQuery(this));return false\" href=\"https:\/\/www.fmspks.dk\/\"><img decoding=\"async\" style=\"width:100%;\" src=\"https:\/\/kunmedierne.dk\/mors\/wp-content\/uploads\/2022\/02\/vip-froeslev-mollerup-sparekasse.jpg\"><\/a><script>cdmtrack_view(104781);<\/script>\n<p>Til geng\u00e6ld er der h\u00e5b om, at Kulturm\u00f8det er tilbage i topform l\u00f8rdag, n\u00e5r stormvejret har passeret landsdelen helt.<\/p>\n<p>Og s\u00e5 krydser han fingre for, at vejret lidt tidligere arter sig.<\/p>\n<p>&#8211; Nu m\u00e5 den vind gerne skynde sig v\u00e6k, siger han.<\/p>\n<blockquote><p>L\u00c6S OGS\u00c5:<\/p>\n<p><a href=\"https:\/\/kunmedierne.dk\/mors\/trods-regn-og-blaest-er-humoeret-hoejt-blandt-kulturmoedets-gaester\/\">Trods regn og bl\u00e6st er hum\u00f8ret h\u00f8jt blandt Kulturm\u00f8dets g\u00e6ster<\/a><\/p><\/blockquote>\n","protected":false},"excerpt":{"rendered":"<p>STORMVEJR: Kulturm\u00f8det Mors har f\u00e5et et spark i ansigtet af stormvejret. Sidst p\u00e5 eftermiddagen fredag tog arrang\u00f8rerne den ultimative konsekvens og aflyste alle arrangementer p\u00e5\u00a0Kulturpladsen, Gasv\u00e6rksvej, Munkegade og Ung Kult frem til en ny status klokken 19.30. S\u00e6rligt dramatisk var situationen p\u00e5 Ung Kult Camp, hvor det s\u00e5kaldte netv\u00e6rkstelt blev revet midt over af bl\u00e6sten, [&hellip;]<\/p>\n","protected":false},"author":8,"featured_media":0,"comment_status":"closed","ping_status":"closed","sticky":false,"template":"","format":"standard","meta":{"_acf_changed":false,"footnotes":""},"categories":[49],"tags":[162],"class_list":["post-125266","post","type-post","status-publish","format-standard","hentry","category-kultur","tag-kulturmoedet"],"acf":[],"yoast_head":"<!-- This site is optimized with the Yoast SEO plugin v26.8 - https:\/\/yoast.com\/product\/yoast-seo-wordpress\/ -->\n<title>Kulturm\u00f8det: Vi f\u00f8lger vores plan for nedlukning - Mors<\/title>\n<meta name=\"robots\" content=\"index, follow, max-snippet:-1, max-image-preview:large, max-video-preview:-1\" \/>\n<link rel=\"canonical\" href=\"https:\/\/kunmedierne.dk\/mors\/kulturmoedet-vi-foelger-vores-plan-for-nedlukning\/\" \/>\n<meta property=\"og:locale\" content=\"da_DK\" \/>\n<meta property=\"og:type\" content=\"article\" \/>\n<meta property=\"og:title\" content=\"Kulturm\u00f8det: Vi f\u00f8lger vores plan for nedlukning - Mors\" \/>\n<meta property=\"og:description\" content=\"STORMVEJR: Kulturm\u00f8det Mors har f\u00e5et et spark i ansigtet af stormvejret. Sidst p\u00e5 eftermiddagen fredag tog arrang\u00f8rerne den ultimative konsekvens og aflyste alle arrangementer p\u00e5\u00a0Kulturpladsen, Gasv\u00e6rksvej, Munkegade og Ung Kult frem til en ny status klokken 19.30. S\u00e6rligt dramatisk var situationen p\u00e5 Ung Kult Camp, hvor det s\u00e5kaldte netv\u00e6rkstelt blev revet midt over af bl\u00e6sten, [&hellip;]\" \/>\n<meta property=\"og:url\" content=\"https:\/\/kunmedierne.dk\/mors\/kulturmoedet-vi-foelger-vores-plan-for-nedlukning\/\" \/>\n<meta property=\"og:site_name\" content=\"Mors\" \/>\n<meta property=\"article:published_time\" content=\"2024-08-23T16:44:12+00:00\" \/>\n<meta property=\"article:modified_time\" content=\"2024-08-23T16:49:07+00:00\" \/>\n<meta name=\"author\" content=\"David H\u00f8jmark\" \/>\n<meta name=\"twitter:card\" content=\"summary_large_image\" \/>\n<meta name=\"twitter:label1\" content=\"Skrevet af\" \/>\n\t<meta name=\"twitter:data1\" content=\"David H\u00f8jmark\" \/>\n\t<meta name=\"twitter:label2\" content=\"Estimeret l\u00e6setid\" \/>\n\t<meta name=\"twitter:data2\" content=\"2 minutter\" \/>\n<script type=\"application\/ld+json\" class=\"yoast-schema-graph\">{\"@context\":\"https:\/\/schema.org\",\"@graph\":[{\"@type\":\"Article\",\"@id\":\"https:\/\/kunmedierne.dk\/mors\/kulturmoedet-vi-foelger-vores-plan-for-nedlukning\/#article\",\"isPartOf\":{\"@id\":\"https:\/\/kunmedierne.dk\/mors\/kulturmoedet-vi-foelger-vores-plan-for-nedlukning\/\"},\"author\":{\"name\":\"David H\u00f8jmark\",\"@id\":\"https:\/\/kunmedierne.dk\/mors\/#\/schema\/person\/5fe23251bf1d0abbcdc6f7896579d548\"},\"headline\":\"Kulturm\u00f8det: Vi f\u00f8lger vores plan for nedlukning\",\"datePublished\":\"2024-08-23T16:44:12+00:00\",\"dateModified\":\"2024-08-23T16:49:07+00:00\",\"mainEntityOfPage\":{\"@id\":\"https:\/\/kunmedierne.dk\/mors\/kulturmoedet-vi-foelger-vores-plan-for-nedlukning\/\"},\"wordCount\":333,\"publisher\":{\"@id\":\"https:\/\/kunmedierne.dk\/mors\/#organization\"},\"keywords\":[\"Kulturm\u00f8det\"],\"articleSection\":[\"Kultur\"],\"inLanguage\":\"da-DK\"},{\"@type\":\"WebPage\",\"@id\":\"https:\/\/kunmedierne.dk\/mors\/kulturmoedet-vi-foelger-vores-plan-for-nedlukning\/\",\"url\":\"https:\/\/kunmedierne.dk\/mors\/kulturmoedet-vi-foelger-vores-plan-for-nedlukning\/\",\"name\":\"Kulturm\u00f8det: Vi f\u00f8lger vores plan for nedlukning - Mors\",\"isPartOf\":{\"@id\":\"https:\/\/kunmedierne.dk\/mors\/#website\"},\"datePublished\":\"2024-08-23T16:44:12+00:00\",\"dateModified\":\"2024-08-23T16:49:07+00:00\",\"breadcrumb\":{\"@id\":\"https:\/\/kunmedierne.dk\/mors\/kulturmoedet-vi-foelger-vores-plan-for-nedlukning\/#breadcrumb\"},\"inLanguage\":\"da-DK\",\"potentialAction\":[{\"@type\":\"ReadAction\",\"target\":[\"https:\/\/kunmedierne.dk\/mors\/kulturmoedet-vi-foelger-vores-plan-for-nedlukning\/\"]}]},{\"@type\":\"BreadcrumbList\",\"@id\":\"https:\/\/kunmedierne.dk\/mors\/kulturmoedet-vi-foelger-vores-plan-for-nedlukning\/#breadcrumb\",\"itemListElement\":[{\"@type\":\"ListItem\",\"position\":1,\"name\":\"Hjem\",\"item\":\"https:\/\/kunmedierne.dk\/mors\/\"},{\"@type\":\"ListItem\",\"position\":2,\"name\":\"Kulturm\u00f8det: Vi f\u00f8lger vores plan for nedlukning\"}]},{\"@type\":\"WebSite\",\"@id\":\"https:\/\/kunmedierne.dk\/mors\/#website\",\"url\":\"https:\/\/kunmedierne.dk\/mors\/\",\"name\":\"Mors\",\"description\":\"et netmedie med journalistik om livet p\u00e5 Mors\",\"publisher\":{\"@id\":\"https:\/\/kunmedierne.dk\/mors\/#organization\"},\"potentialAction\":[{\"@type\":\"SearchAction\",\"target\":{\"@type\":\"EntryPoint\",\"urlTemplate\":\"https:\/\/kunmedierne.dk\/mors\/?s={search_term_string}\"},\"query-input\":{\"@type\":\"PropertyValueSpecification\",\"valueRequired\":true,\"valueName\":\"search_term_string\"}}],\"inLanguage\":\"da-DK\"},{\"@type\":\"Organization\",\"@id\":\"https:\/\/kunmedierne.dk\/mors\/#organization\",\"name\":\"Mors\",\"url\":\"https:\/\/kunmedierne.dk\/mors\/\",\"logo\":{\"@type\":\"ImageObject\",\"inLanguage\":\"da-DK\",\"@id\":\"https:\/\/kunmedierne.dk\/mors\/#\/schema\/logo\/image\/\",\"url\":\"https:\/\/kunmedierne.dk\/mors\/wp-content\/uploads\/2024\/08\/kunmors-logo.svg\",\"contentUrl\":\"https:\/\/kunmedierne.dk\/mors\/wp-content\/uploads\/2024\/08\/kunmors-logo.svg\",\"caption\":\"Mors\"},\"image\":{\"@id\":\"https:\/\/kunmedierne.dk\/mors\/#\/schema\/logo\/image\/\"}},{\"@type\":\"Person\",\"@id\":\"https:\/\/kunmedierne.dk\/mors\/#\/schema\/person\/5fe23251bf1d0abbcdc6f7896579d548\",\"name\":\"David H\u00f8jmark\",\"image\":{\"@type\":\"ImageObject\",\"inLanguage\":\"da-DK\",\"@id\":\"https:\/\/kunmedierne.dk\/mors\/#\/schema\/person\/image\/\",\"url\":\"https:\/\/secure.gravatar.com\/avatar\/4315d6fb9ef244d729989f5f90268eb08d5bf8a3d84402f595fa194bb35784fd?s=96&d=mm&r=g\",\"contentUrl\":\"https:\/\/secure.gravatar.com\/avatar\/4315d6fb9ef244d729989f5f90268eb08d5bf8a3d84402f595fa194bb35784fd?s=96&d=mm&r=g\",\"caption\":\"David H\u00f8jmark\"},\"sameAs\":[\"https:\/\/www.kunmedierne.dk\"],\"url\":\"https:\/\/kunmedierne.dk\/mors\/author\/david\/\"}]}<\/script>\n<!-- \/ Yoast SEO plugin. -->","yoast_head_json":{"title":"Kulturm\u00f8det: Vi f\u00f8lger vores plan for nedlukning - Mors","robots":{"index":"index","follow":"follow","max-snippet":"max-snippet:-1","max-image-preview":"max-image-preview:large","max-video-preview":"max-video-preview:-1"},"canonical":"https:\/\/kunmedierne.dk\/mors\/kulturmoedet-vi-foelger-vores-plan-for-nedlukning\/","og_locale":"da_DK","og_type":"article","og_title":"Kulturm\u00f8det: Vi f\u00f8lger vores plan for nedlukning - Mors","og_description":"STORMVEJR: Kulturm\u00f8det Mors har f\u00e5et et spark i ansigtet af stormvejret. Sidst p\u00e5 eftermiddagen fredag tog arrang\u00f8rerne den ultimative konsekvens og aflyste alle arrangementer p\u00e5\u00a0Kulturpladsen, Gasv\u00e6rksvej, Munkegade og Ung Kult frem til en ny status klokken 19.30. S\u00e6rligt dramatisk var situationen p\u00e5 Ung Kult Camp, hvor det s\u00e5kaldte netv\u00e6rkstelt blev revet midt over af bl\u00e6sten, [&hellip;]","og_url":"https:\/\/kunmedierne.dk\/mors\/kulturmoedet-vi-foelger-vores-plan-for-nedlukning\/","og_site_name":"Mors","article_published_time":"2024-08-23T16:44:12+00:00","article_modified_time":"2024-08-23T16:49:07+00:00","author":"David H\u00f8jmark","twitter_card":"summary_large_image","twitter_misc":{"Skrevet af":"David H\u00f8jmark","Estimeret l\u00e6setid":"2 minutter"},"schema":{"@context":"https:\/\/schema.org","@graph":[{"@type":"Article","@id":"https:\/\/kunmedierne.dk\/mors\/kulturmoedet-vi-foelger-vores-plan-for-nedlukning\/#article","isPartOf":{"@id":"https:\/\/kunmedierne.dk\/mors\/kulturmoedet-vi-foelger-vores-plan-for-nedlukning\/"},"author":{"name":"David H\u00f8jmark","@id":"https:\/\/kunmedierne.dk\/mors\/#\/schema\/person\/5fe23251bf1d0abbcdc6f7896579d548"},"headline":"Kulturm\u00f8det: Vi f\u00f8lger vores plan for nedlukning","datePublished":"2024-08-23T16:44:12+00:00","dateModified":"2024-08-23T16:49:07+00:00","mainEntityOfPage":{"@id":"https:\/\/kunmedierne.dk\/mors\/kulturmoedet-vi-foelger-vores-plan-for-nedlukning\/"},"wordCount":333,"publisher":{"@id":"https:\/\/kunmedierne.dk\/mors\/#organization"},"keywords":["Kulturm\u00f8det"],"articleSection":["Kultur"],"inLanguage":"da-DK"},{"@type":"WebPage","@id":"https:\/\/kunmedierne.dk\/mors\/kulturmoedet-vi-foelger-vores-plan-for-nedlukning\/","url":"https:\/\/kunmedierne.dk\/mors\/kulturmoedet-vi-foelger-vores-plan-for-nedlukning\/","name":"Kulturm\u00f8det: Vi f\u00f8lger vores plan for nedlukning - Mors","isPartOf":{"@id":"https:\/\/kunmedierne.dk\/mors\/#website"},"datePublished":"2024-08-23T16:44:12+00:00","dateModified":"2024-08-23T16:49:07+00:00","breadcrumb":{"@id":"https:\/\/kunmedierne.dk\/mors\/kulturmoedet-vi-foelger-vores-plan-for-nedlukning\/#breadcrumb"},"inLanguage":"da-DK","potentialAction":[{"@type":"ReadAction","target":["https:\/\/kunmedierne.dk\/mors\/kulturmoedet-vi-foelger-vores-plan-for-nedlukning\/"]}]},{"@type":"BreadcrumbList","@id":"https:\/\/kunmedierne.dk\/mors\/kulturmoedet-vi-foelger-vores-plan-for-nedlukning\/#breadcrumb","itemListElement":[{"@type":"ListItem","position":1,"name":"Hjem","item":"https:\/\/kunmedierne.dk\/mors\/"},{"@type":"ListItem","position":2,"name":"Kulturm\u00f8det: Vi f\u00f8lger vores plan for nedlukning"}]},{"@type":"WebSite","@id":"https:\/\/kunmedierne.dk\/mors\/#website","url":"https:\/\/kunmedierne.dk\/mors\/","name":"Mors","description":"et netmedie med journalistik om livet p\u00e5 Mors","publisher":{"@id":"https:\/\/kunmedierne.dk\/mors\/#organization"},"potentialAction":[{"@type":"SearchAction","target":{"@type":"EntryPoint","urlTemplate":"https:\/\/kunmedierne.dk\/mors\/?s={search_term_string}"},"query-input":{"@type":"PropertyValueSpecification","valueRequired":true,"valueName":"search_term_string"}}],"inLanguage":"da-DK"},{"@type":"Organization","@id":"https:\/\/kunmedierne.dk\/mors\/#organization","name":"Mors","url":"https:\/\/kunmedierne.dk\/mors\/","logo":{"@type":"ImageObject","inLanguage":"da-DK","@id":"https:\/\/kunmedierne.dk\/mors\/#\/schema\/logo\/image\/","url":"https:\/\/kunmedierne.dk\/mors\/wp-content\/uploads\/2024\/08\/kunmors-logo.svg","contentUrl":"https:\/\/kunmedierne.dk\/mors\/wp-content\/uploads\/2024\/08\/kunmors-logo.svg","caption":"Mors"},"image":{"@id":"https:\/\/kunmedierne.dk\/mors\/#\/schema\/logo\/image\/"}},{"@type":"Person","@id":"https:\/\/kunmedierne.dk\/mors\/#\/schema\/person\/5fe23251bf1d0abbcdc6f7896579d548","name":"David H\u00f8jmark","image":{"@type":"ImageObject","inLanguage":"da-DK","@id":"https:\/\/kunmedierne.dk\/mors\/#\/schema\/person\/image\/","url":"https:\/\/secure.gravatar.com\/avatar\/4315d6fb9ef244d729989f5f90268eb08d5bf8a3d84402f595fa194bb35784fd?s=96&d=mm&r=g","contentUrl":"https:\/\/secure.gravatar.com\/avatar\/4315d6fb9ef244d729989f5f90268eb08d5bf8a3d84402f595fa194bb35784fd?s=96&d=mm&r=g","caption":"David H\u00f8jmark"},"sameAs":["https:\/\/www.kunmedierne.dk"],"url":"https:\/\/kunmedierne.dk\/mors\/author\/david\/"}]}},"_links":{"self":[{"href":"https:\/\/kunmedierne.dk\/mors\/wp-json\/wp\/v2\/posts\/125266","targetHints":{"allow":["GET"]}}],"collection":[{"href":"https:\/\/kunmedierne.dk\/mors\/wp-json\/wp\/v2\/posts"}],"about":[{"href":"https:\/\/kunmedierne.dk\/mors\/wp-json\/wp\/v2\/types\/post"}],"author":[{"embeddable":true,"href":"https:\/\/kunmedierne.dk\/mors\/wp-json\/wp\/v2\/users\/8"}],"replies":[{"embeddable":true,"href":"https:\/\/kunmedierne.dk\/mors\/wp-json\/wp\/v2\/comments?post=125266"}],"version-history":[{"count":5,"href":"https:\/\/kunmedierne.dk\/mors\/wp-json\/wp\/v2\/posts\/125266\/revisions"}],"predecessor-version":[{"id":125274,"href":"https:\/\/kunmedierne.dk\/mors\/wp-json\/wp\/v2\/posts\/125266\/revisions\/125274"}],"wp:attachment":[{"href":"https:\/\/kunmedierne.dk\/mors\/wp-json\/wp\/v2\/media?parent=125266"}],"wp:term":[{"taxonomy":"category","embeddable":true,"href":"https:\/\/kunmedierne.dk\/mors\/wp-json\/wp\/v2\/categories?post=125266"},{"taxonomy":"post_tag","embeddable":true,"href":"https:\/\/kunmedierne.dk\/mors\/wp-json\/wp\/v2\/tags?post=125266"}],"curies":[{"name":"wp","href":"https:\/\/api.w.org\/{rel}","templated":true}]}}