{"id":125207,"date":"2024-08-23T17:38:29","date_gmt":"2024-08-23T15:38:29","guid":{"rendered":"https:\/\/kunmedierne.dk\/mors\/?p=125207"},"modified":"2024-08-23T17:44:20","modified_gmt":"2024-08-23T15:44:20","slug":"trods-regn-og-blaest-er-humoeret-hoejt-blandt-kulturmoedets-gaester","status":"publish","type":"post","link":"https:\/\/kunmedierne.dk\/mors\/trods-regn-og-blaest-er-humoeret-hoejt-blandt-kulturmoedets-gaester\/","title":{"rendered":"Trods regn og bl\u00e6st er hum\u00f8ret h\u00f8jt blandt Kulturm\u00f8dets g\u00e6ster"},"content":{"rendered":"<p><strong>Vi h\u00f8rer foredrag om dagen og lytter til musik om aftenen, n\u00e5r vi er m\u00e6ttet af ord<\/strong><\/p>\n<p>Det er sjette \u00e5r Vilhelm Lassen deltager p\u00e5 Kulturm\u00f8det. Han er bosat i Hj\u00f8rring, tidligere dyrl\u00e6ge og i dag pensionist. Vilhelm har en stor passion for litteratur og er medlem af en bogklub for m\u00e6nd. Sammen med sin kone og en flok venner indlogerer han sig hvert \u00e5r ved deres veninde i Nyk\u00f8bing for at deltage i Kulturm\u00f8det.<\/p>\n<p>&#8211; Det er blevet en st\u00f8rre og st\u00f8rre oplevelse, og der er mere at v\u00e6lge mellem p\u00e5 programmet: litteratur, arkitektur og musik. Alle de kunstneriske sider bliver belyst, og det er en mangfoldighed af kultur. Og s\u00e5 er det en styrkelse af demokratiet at se, at flere politikere deltager.<\/p>\n<a class=\"dvrt-link\" onClick=\"cdmtrack_click(113414,jQuery(this));return false\" href=\"https:\/\/www.p-soerensen.dk\/\"><img decoding=\"async\" style=\"width:100%;\" src=\"https:\/\/kunmedierne.dk\/mors\/wp-content\/uploads\/2024\/03\/p-soerensen-juni25.jpg\"><\/a><script>cdmtrack_view(113414);<\/script>\n<p>Han fort\u00e6ller, at til trods for det regnv\u00e5de vejr, er der en god stemning p\u00e5 pladsen og folk er overb\u00e6rende.<\/p>\n<p>Vilhelms kone interesserer sig for arkitektur og han for litteratur, s\u00e5 de deler sig op. Han var til foredrag med forfatterne Keld West\u00f6 og Linn Ullmann. Sidstn\u00e6vnte skuffede og f\u00f8rstn\u00e6vnte begejstrede.<\/p>\n<p>&#8211; Vi h\u00f8rer foredrag om dagen og lytter til musik om aftenen, n\u00e5r vi er m\u00e6ttet af ord.<\/p>\n<p>Madteltet p\u00e5 Kulturm\u00f8det, hvor man sidder ved langborde, g\u00f8r if\u00f8lge Vilhelm, at man f\u00e5r lyst til at tale med hinanden.<\/p>\n<p>&#8211; Man er f\u00e6lles om oplevelserne.<\/p>\n<p>Og at alt er centreret om bymidten i Nyk\u00f8bing giver plads til at lade sig overraske og se eller h\u00f8re noget p\u00e5 vejen, siger han.<\/p>\n<p>Til sp\u00f8rgsm\u00e5let om, hvad det betyder, at Kulturm\u00f8det er placeret p\u00e5 Mors, svarer han, at Mors fortjener at komme p\u00e5 landkortet, og det, at Kulturm\u00f8det holdes p\u00e5 Mors, bryder med traditionen om, at Mors kun er landbrug og svineavl.<\/p>\n<p>&nbsp;<\/p>\n<p><strong>Vi m\u00f8dtes i k\u00f8en til en madbod, og nu drikker vi kaffe sammen hvert \u00e5r til Kulturm\u00f8det<\/strong><\/p>\n<p>Kamma Overgaard Hansen er fra Aarhus og deltager p\u00e5 Kulturm\u00f8det for tredje gang. Hun er her i professionelt \u00f8jemed som bestyrelsesmedlem i DM (Dansk Magisterforening), stifter af netv\u00e6rket KULTURAM, som arbejder for bedre forhold i kulturbranchen, og som freelance kunsthistoriker.<\/p>\n<a class=\"dvrt-link\" onClick=\"cdmtrack_click(114591,jQuery(this));return false\" href=\"https:\/\/www.facebook.com\/kopogkandemors\"><img decoding=\"async\" style=\"width:100%;\" src=\"https:\/\/kunmedierne.dk\/mors\/wp-content\/uploads\/2024\/03\/kop-og-kande-ja-tak-tilbud.jpg\"><\/a><script>cdmtrack_view(114591);<\/script>\n<p>Hun sidder i en bil p\u00e5 sin parkeringsplads og kan se, at medarbejdere er i gang med at l\u00e6gge k\u00f8replader ud.<\/p>\n<p>&#8211; Der er godt styr p\u00e5 det, det er jeg tryg ved. De var forberedt p\u00e5, at regn var en mulighed.<\/p>\n<p>Det f\u00f8rste \u00e5r hun var afsted var i forbindelse med et arrangement KULTURAM holdt. Her m\u00f8dte hun en Kulturm\u00f8de-ven, som hun kalder det.<\/p>\n<p>&#8211; Vi m\u00f8dtes i k\u00f8en til en madbod, og nu drikker vi kaffe sammen hvert \u00e5r p\u00e5 Kulturm\u00f8det. Det m\u00f8de har jeg sv\u00e6rt ved at se kunne lade sig g\u00f8re andre steder.<\/p>\n<p>For Kamma har Kulturm\u00f8det en netv\u00e6rks og en branchefunktion.<\/p>\n<p>&#8211; Det er her, man m\u00f8des p\u00e5 tv\u00e6rs af bygr\u00e6nser og kan have en uformel samtale med dem med pengene og magten. Man taler kultur med nogen, man ikke t\u00e6nkte, man skulle tale kultur med. Som ikke n\u00f8dvendigvis er i samme branche. Og s\u00e5 er det godt, at f\u00e5 \u00f8jnene op for, at Danmark er mangfoldig og kulturen ikke kun findes i de fem st\u00f8rste byer.<\/p>\n<a class=\"dvrt-link\" onClick=\"cdmtrack_click(104781,jQuery(this));return false\" href=\"https:\/\/www.fmspks.dk\/\"><img decoding=\"async\" style=\"width:100%;\" src=\"https:\/\/kunmedierne.dk\/mors\/wp-content\/uploads\/2022\/02\/vip-froeslev-mollerup-sparekasse.jpg\"><\/a><script>cdmtrack_view(104781);<\/script>\n<p>F\u00f8rste gang Kamma bes\u00f8gte pladsen, havde hun markeret det, hun skulle n\u00e5, p\u00e5 programmet. Hun fandt hurtigt ud af, at alt var samlet i meget t\u00e6t afstand, og at man ikke beh\u00f8ver at g\u00e5 med n\u00e6sen nede i sin telefon for at se p\u00e5 Google Map eller stresse over at n\u00e5 n\u00e6ste arrangement.<\/p>\n<p>Hun er k\u00f8rt fra Aarhus for at deltage p\u00e5 Kulturm\u00f8det i g\u00e5r, torsdag, og i dag, fredag, og overnatter p\u00e5 et hotel i Skive.<\/p>\n<p>&#8211; Man er dedikeret, n\u00e5r man kommer herop. N\u00e5r man er her, er man her. Skal man tages alvorligt som kulturperson eller kulturinstitution, skal man v\u00e6re repr\u00e6senteret her, mener hun, og tilf\u00f8jer, at frivilligheden trives i bedste velg\u00e5ende p\u00e5 Mors.<\/p>\n<p>&nbsp;<\/p>\n<p><strong>Folk lader sig ikke g\u00e5 p\u00e5 af, at det st\u00e5r ned i st\u00e6nger<\/strong><\/p>\n<p>Birte Hay har v\u00e6ret med p\u00e5 Kulturm\u00f8det siden 2015 eller 2016. Hun arbejder som psykolog og bor til dagligt p\u00e5 Hjarn\u00f8.<\/p>\n<p>Hun startede dagen med f\u00e6lles morgensang p\u00e5 pladsen, hvilket er en fast tradition.<\/p>\n<p>&#8211; Det g\u00f8r en s\u00e5 glad, n\u00e5r man st\u00e5r og synger sammen.<\/p>\n<p>Birte og hendes venner er samlet til frokost. Efter frokosten skal de hen i \u00c6blehaven og h\u00f8re Kim Bl\u00e6sbjerg i samtale med Sydhavnens L\u00e6seklub, men de er i tvivl om, arrangementet kan afholdes, da beredskabsstyrelsen p\u00e5 grund af stormvarsel har bedt alle om at tage alt, der ikke er tilladelse til, ned.<\/p>\n<a class=\"dvrt-link\" onClick=\"cdmtrack_click(104783,jQuery(this));return false\" href=\"https:\/\/konpap.dk\/\"><img decoding=\"async\" style=\"width:100%;\" src=\"https:\/\/kunmedierne.dk\/mors\/wp-content\/uploads\/2023\/10\/Kun-Mors-banner.jpg\"><\/a><script>cdmtrack_view(104783);<\/script>\n<p>Men trods det v\u00e5de, bl\u00e6sende vejr er stemningen fin, fort\u00e6ller hun.<\/p>\n<p>&#8211; Folk lader sig ikke g\u00e5 p\u00e5 af, at det st\u00e5r ned i st\u00e6nger. De er kl\u00e6dt p\u00e5 til det. Det tager heller ikke hum\u00f8ret fra os, at det regner og der er varslet storm.<\/p>\n<p>De har dog aftalt at droppe at spise i det store telt i aften p\u00e5 grund af vejret, selvom det plejer at v\u00e6re festligt med alle de mennesker, der kommer og g\u00e5r, og at v\u00e6re midt i alle arrangementerne, siger hun.<\/p>\n<p>Birte synes Mors er en smuk egn, og er imponeret over, at Nyk\u00f8bing form\u00e5r at holde gang i de mange indk\u00f8bsmuligheder.<\/p>\n<p>&#8211; Man kan g\u00e5 i biografen, man kan f\u00e5 renset sit t\u00f8j og g\u00e5 i teatret.<\/p>\n<a class=\"dvrt-link\" onClick=\"cdmtrack_click(104786,jQuery(this));return false\" href=\"https:\/\/limfjordsteatret.dk\/events\/tobias-dybvad-mit-bedste-onemanshow\/\"><img decoding=\"async\" style=\"width:100%;\" src=\"https:\/\/kunmedierne.dk\/mors\/wp-content\/uploads\/2023\/10\/aarskortLim_KunMors_1100x125.jpg\"><\/a><script>cdmtrack_view(104786);<\/script>\n<p>Til geng\u00e6ld \u00e6rgrer hun sig over, at Kulturm\u00f8det ikke f\u00e5r mere opm\u00e6rksomhed, og det blandt de store medier, kun er Jyllands-Posten, der d\u00e6kker det.<\/p>\n<p>Selv bliver hun inspireret af at k\u00f8re gennem Mors til Kulturm\u00f8det.<\/p>\n<p>Jeg tror, at mange f\u00e5r ideer til noget, man skal opleve p\u00e5 Mors, n\u00e5r de kommer her, siger hun og n\u00e6vner blandt andet vandreruterne p\u00e5 Mors.<\/p>\n","protected":false},"excerpt":{"rendered":"<p>Vi h\u00f8rer foredrag om dagen og lytter til musik om aftenen, n\u00e5r vi er m\u00e6ttet af ord Det er sjette \u00e5r Vilhelm Lassen deltager p\u00e5 Kulturm\u00f8det. Han er bosat i Hj\u00f8rring, tidligere dyrl\u00e6ge og i dag pensionist. Vilhelm har en stor passion for litteratur og er medlem af en bogklub for m\u00e6nd. Sammen med sin [&hellip;]<\/p>\n","protected":false},"author":3973,"featured_media":0,"comment_status":"closed","ping_status":"closed","sticky":false,"template":"","format":"standard","meta":{"_acf_changed":false,"footnotes":""},"categories":[49],"tags":[162],"class_list":["post-125207","post","type-post","status-publish","format-standard","hentry","category-kultur","tag-kulturmoedet"],"acf":[],"yoast_head":"<!-- This site is optimized with the Yoast SEO plugin v26.8 - https:\/\/yoast.com\/product\/yoast-seo-wordpress\/ -->\n<title>Trods regn og bl\u00e6st er hum\u00f8ret h\u00f8jt blandt Kulturm\u00f8dets g\u00e6ster - Mors<\/title>\n<meta name=\"robots\" content=\"index, follow, max-snippet:-1, max-image-preview:large, max-video-preview:-1\" \/>\n<link rel=\"canonical\" href=\"https:\/\/kunmedierne.dk\/mors\/trods-regn-og-blaest-er-humoeret-hoejt-blandt-kulturmoedets-gaester\/\" \/>\n<meta property=\"og:locale\" content=\"da_DK\" \/>\n<meta property=\"og:type\" content=\"article\" \/>\n<meta property=\"og:title\" content=\"Trods regn og bl\u00e6st er hum\u00f8ret h\u00f8jt blandt Kulturm\u00f8dets g\u00e6ster - Mors\" \/>\n<meta property=\"og:description\" content=\"Vi h\u00f8rer foredrag om dagen og lytter til musik om aftenen, n\u00e5r vi er m\u00e6ttet af ord Det er sjette \u00e5r Vilhelm Lassen deltager p\u00e5 Kulturm\u00f8det. Han er bosat i Hj\u00f8rring, tidligere dyrl\u00e6ge og i dag pensionist. Vilhelm har en stor passion for litteratur og er medlem af en bogklub for m\u00e6nd. Sammen med sin [&hellip;]\" \/>\n<meta property=\"og:url\" content=\"https:\/\/kunmedierne.dk\/mors\/trods-regn-og-blaest-er-humoeret-hoejt-blandt-kulturmoedets-gaester\/\" \/>\n<meta property=\"og:site_name\" content=\"Mors\" \/>\n<meta property=\"article:published_time\" content=\"2024-08-23T15:38:29+00:00\" \/>\n<meta property=\"article:modified_time\" content=\"2024-08-23T15:44:20+00:00\" \/>\n<meta name=\"author\" content=\"Mai Trosborg Rasmussen\" \/>\n<meta name=\"twitter:card\" content=\"summary_large_image\" \/>\n<meta name=\"twitter:label1\" content=\"Skrevet af\" \/>\n\t<meta name=\"twitter:data1\" content=\"Mai Trosborg Rasmussen\" \/>\n\t<meta name=\"twitter:label2\" content=\"Estimeret l\u00e6setid\" \/>\n\t<meta name=\"twitter:data2\" content=\"6 minutter\" \/>\n<script type=\"application\/ld+json\" class=\"yoast-schema-graph\">{\"@context\":\"https:\/\/schema.org\",\"@graph\":[{\"@type\":\"Article\",\"@id\":\"https:\/\/kunmedierne.dk\/mors\/trods-regn-og-blaest-er-humoeret-hoejt-blandt-kulturmoedets-gaester\/#article\",\"isPartOf\":{\"@id\":\"https:\/\/kunmedierne.dk\/mors\/trods-regn-og-blaest-er-humoeret-hoejt-blandt-kulturmoedets-gaester\/\"},\"author\":{\"name\":\"Mai Trosborg Rasmussen\",\"@id\":\"https:\/\/kunmedierne.dk\/mors\/#\/schema\/person\/f4ba7f103cc8490962f20b22a3a0fca4\"},\"headline\":\"Trods regn og bl\u00e6st er hum\u00f8ret h\u00f8jt blandt Kulturm\u00f8dets g\u00e6ster\",\"datePublished\":\"2024-08-23T15:38:29+00:00\",\"dateModified\":\"2024-08-23T15:44:20+00:00\",\"mainEntityOfPage\":{\"@id\":\"https:\/\/kunmedierne.dk\/mors\/trods-regn-og-blaest-er-humoeret-hoejt-blandt-kulturmoedets-gaester\/\"},\"wordCount\":1056,\"publisher\":{\"@id\":\"https:\/\/kunmedierne.dk\/mors\/#organization\"},\"keywords\":[\"Kulturm\u00f8det\"],\"articleSection\":[\"Kultur\"],\"inLanguage\":\"da-DK\"},{\"@type\":\"WebPage\",\"@id\":\"https:\/\/kunmedierne.dk\/mors\/trods-regn-og-blaest-er-humoeret-hoejt-blandt-kulturmoedets-gaester\/\",\"url\":\"https:\/\/kunmedierne.dk\/mors\/trods-regn-og-blaest-er-humoeret-hoejt-blandt-kulturmoedets-gaester\/\",\"name\":\"Trods regn og bl\u00e6st er hum\u00f8ret h\u00f8jt blandt Kulturm\u00f8dets g\u00e6ster - Mors\",\"isPartOf\":{\"@id\":\"https:\/\/kunmedierne.dk\/mors\/#website\"},\"datePublished\":\"2024-08-23T15:38:29+00:00\",\"dateModified\":\"2024-08-23T15:44:20+00:00\",\"breadcrumb\":{\"@id\":\"https:\/\/kunmedierne.dk\/mors\/trods-regn-og-blaest-er-humoeret-hoejt-blandt-kulturmoedets-gaester\/#breadcrumb\"},\"inLanguage\":\"da-DK\",\"potentialAction\":[{\"@type\":\"ReadAction\",\"target\":[\"https:\/\/kunmedierne.dk\/mors\/trods-regn-og-blaest-er-humoeret-hoejt-blandt-kulturmoedets-gaester\/\"]}]},{\"@type\":\"BreadcrumbList\",\"@id\":\"https:\/\/kunmedierne.dk\/mors\/trods-regn-og-blaest-er-humoeret-hoejt-blandt-kulturmoedets-gaester\/#breadcrumb\",\"itemListElement\":[{\"@type\":\"ListItem\",\"position\":1,\"name\":\"Hjem\",\"item\":\"https:\/\/kunmedierne.dk\/mors\/\"},{\"@type\":\"ListItem\",\"position\":2,\"name\":\"Trods regn og bl\u00e6st er hum\u00f8ret h\u00f8jt blandt Kulturm\u00f8dets g\u00e6ster\"}]},{\"@type\":\"WebSite\",\"@id\":\"https:\/\/kunmedierne.dk\/mors\/#website\",\"url\":\"https:\/\/kunmedierne.dk\/mors\/\",\"name\":\"Mors\",\"description\":\"et netmedie med journalistik om livet p\u00e5 Mors\",\"publisher\":{\"@id\":\"https:\/\/kunmedierne.dk\/mors\/#organization\"},\"potentialAction\":[{\"@type\":\"SearchAction\",\"target\":{\"@type\":\"EntryPoint\",\"urlTemplate\":\"https:\/\/kunmedierne.dk\/mors\/?s={search_term_string}\"},\"query-input\":{\"@type\":\"PropertyValueSpecification\",\"valueRequired\":true,\"valueName\":\"search_term_string\"}}],\"inLanguage\":\"da-DK\"},{\"@type\":\"Organization\",\"@id\":\"https:\/\/kunmedierne.dk\/mors\/#organization\",\"name\":\"Mors\",\"url\":\"https:\/\/kunmedierne.dk\/mors\/\",\"logo\":{\"@type\":\"ImageObject\",\"inLanguage\":\"da-DK\",\"@id\":\"https:\/\/kunmedierne.dk\/mors\/#\/schema\/logo\/image\/\",\"url\":\"https:\/\/kunmedierne.dk\/mors\/wp-content\/uploads\/2024\/08\/kunmors-logo.svg\",\"contentUrl\":\"https:\/\/kunmedierne.dk\/mors\/wp-content\/uploads\/2024\/08\/kunmors-logo.svg\",\"caption\":\"Mors\"},\"image\":{\"@id\":\"https:\/\/kunmedierne.dk\/mors\/#\/schema\/logo\/image\/\"}},{\"@type\":\"Person\",\"@id\":\"https:\/\/kunmedierne.dk\/mors\/#\/schema\/person\/f4ba7f103cc8490962f20b22a3a0fca4\",\"name\":\"Mai Trosborg Rasmussen\",\"image\":{\"@type\":\"ImageObject\",\"inLanguage\":\"da-DK\",\"@id\":\"https:\/\/kunmedierne.dk\/mors\/#\/schema\/person\/image\/\",\"url\":\"https:\/\/secure.gravatar.com\/avatar\/dfdff3dd0259aaf932f95cf8329d067fbcdd7ac86e081445c8ec011507f17114?s=96&d=mm&r=g\",\"contentUrl\":\"https:\/\/secure.gravatar.com\/avatar\/dfdff3dd0259aaf932f95cf8329d067fbcdd7ac86e081445c8ec011507f17114?s=96&d=mm&r=g\",\"caption\":\"Mai Trosborg Rasmussen\"},\"url\":\"https:\/\/kunmedierne.dk\/mors\/author\/mai\/\"}]}<\/script>\n<!-- \/ Yoast SEO plugin. -->","yoast_head_json":{"title":"Trods regn og bl\u00e6st er hum\u00f8ret h\u00f8jt blandt Kulturm\u00f8dets g\u00e6ster - Mors","robots":{"index":"index","follow":"follow","max-snippet":"max-snippet:-1","max-image-preview":"max-image-preview:large","max-video-preview":"max-video-preview:-1"},"canonical":"https:\/\/kunmedierne.dk\/mors\/trods-regn-og-blaest-er-humoeret-hoejt-blandt-kulturmoedets-gaester\/","og_locale":"da_DK","og_type":"article","og_title":"Trods regn og bl\u00e6st er hum\u00f8ret h\u00f8jt blandt Kulturm\u00f8dets g\u00e6ster - Mors","og_description":"Vi h\u00f8rer foredrag om dagen og lytter til musik om aftenen, n\u00e5r vi er m\u00e6ttet af ord Det er sjette \u00e5r Vilhelm Lassen deltager p\u00e5 Kulturm\u00f8det. Han er bosat i Hj\u00f8rring, tidligere dyrl\u00e6ge og i dag pensionist. Vilhelm har en stor passion for litteratur og er medlem af en bogklub for m\u00e6nd. Sammen med sin [&hellip;]","og_url":"https:\/\/kunmedierne.dk\/mors\/trods-regn-og-blaest-er-humoeret-hoejt-blandt-kulturmoedets-gaester\/","og_site_name":"Mors","article_published_time":"2024-08-23T15:38:29+00:00","article_modified_time":"2024-08-23T15:44:20+00:00","author":"Mai Trosborg Rasmussen","twitter_card":"summary_large_image","twitter_misc":{"Skrevet af":"Mai Trosborg Rasmussen","Estimeret l\u00e6setid":"6 minutter"},"schema":{"@context":"https:\/\/schema.org","@graph":[{"@type":"Article","@id":"https:\/\/kunmedierne.dk\/mors\/trods-regn-og-blaest-er-humoeret-hoejt-blandt-kulturmoedets-gaester\/#article","isPartOf":{"@id":"https:\/\/kunmedierne.dk\/mors\/trods-regn-og-blaest-er-humoeret-hoejt-blandt-kulturmoedets-gaester\/"},"author":{"name":"Mai Trosborg Rasmussen","@id":"https:\/\/kunmedierne.dk\/mors\/#\/schema\/person\/f4ba7f103cc8490962f20b22a3a0fca4"},"headline":"Trods regn og bl\u00e6st er hum\u00f8ret h\u00f8jt blandt Kulturm\u00f8dets g\u00e6ster","datePublished":"2024-08-23T15:38:29+00:00","dateModified":"2024-08-23T15:44:20+00:00","mainEntityOfPage":{"@id":"https:\/\/kunmedierne.dk\/mors\/trods-regn-og-blaest-er-humoeret-hoejt-blandt-kulturmoedets-gaester\/"},"wordCount":1056,"publisher":{"@id":"https:\/\/kunmedierne.dk\/mors\/#organization"},"keywords":["Kulturm\u00f8det"],"articleSection":["Kultur"],"inLanguage":"da-DK"},{"@type":"WebPage","@id":"https:\/\/kunmedierne.dk\/mors\/trods-regn-og-blaest-er-humoeret-hoejt-blandt-kulturmoedets-gaester\/","url":"https:\/\/kunmedierne.dk\/mors\/trods-regn-og-blaest-er-humoeret-hoejt-blandt-kulturmoedets-gaester\/","name":"Trods regn og bl\u00e6st er hum\u00f8ret h\u00f8jt blandt Kulturm\u00f8dets g\u00e6ster - Mors","isPartOf":{"@id":"https:\/\/kunmedierne.dk\/mors\/#website"},"datePublished":"2024-08-23T15:38:29+00:00","dateModified":"2024-08-23T15:44:20+00:00","breadcrumb":{"@id":"https:\/\/kunmedierne.dk\/mors\/trods-regn-og-blaest-er-humoeret-hoejt-blandt-kulturmoedets-gaester\/#breadcrumb"},"inLanguage":"da-DK","potentialAction":[{"@type":"ReadAction","target":["https:\/\/kunmedierne.dk\/mors\/trods-regn-og-blaest-er-humoeret-hoejt-blandt-kulturmoedets-gaester\/"]}]},{"@type":"BreadcrumbList","@id":"https:\/\/kunmedierne.dk\/mors\/trods-regn-og-blaest-er-humoeret-hoejt-blandt-kulturmoedets-gaester\/#breadcrumb","itemListElement":[{"@type":"ListItem","position":1,"name":"Hjem","item":"https:\/\/kunmedierne.dk\/mors\/"},{"@type":"ListItem","position":2,"name":"Trods regn og bl\u00e6st er hum\u00f8ret h\u00f8jt blandt Kulturm\u00f8dets g\u00e6ster"}]},{"@type":"WebSite","@id":"https:\/\/kunmedierne.dk\/mors\/#website","url":"https:\/\/kunmedierne.dk\/mors\/","name":"Mors","description":"et netmedie med journalistik om livet p\u00e5 Mors","publisher":{"@id":"https:\/\/kunmedierne.dk\/mors\/#organization"},"potentialAction":[{"@type":"SearchAction","target":{"@type":"EntryPoint","urlTemplate":"https:\/\/kunmedierne.dk\/mors\/?s={search_term_string}"},"query-input":{"@type":"PropertyValueSpecification","valueRequired":true,"valueName":"search_term_string"}}],"inLanguage":"da-DK"},{"@type":"Organization","@id":"https:\/\/kunmedierne.dk\/mors\/#organization","name":"Mors","url":"https:\/\/kunmedierne.dk\/mors\/","logo":{"@type":"ImageObject","inLanguage":"da-DK","@id":"https:\/\/kunmedierne.dk\/mors\/#\/schema\/logo\/image\/","url":"https:\/\/kunmedierne.dk\/mors\/wp-content\/uploads\/2024\/08\/kunmors-logo.svg","contentUrl":"https:\/\/kunmedierne.dk\/mors\/wp-content\/uploads\/2024\/08\/kunmors-logo.svg","caption":"Mors"},"image":{"@id":"https:\/\/kunmedierne.dk\/mors\/#\/schema\/logo\/image\/"}},{"@type":"Person","@id":"https:\/\/kunmedierne.dk\/mors\/#\/schema\/person\/f4ba7f103cc8490962f20b22a3a0fca4","name":"Mai Trosborg Rasmussen","image":{"@type":"ImageObject","inLanguage":"da-DK","@id":"https:\/\/kunmedierne.dk\/mors\/#\/schema\/person\/image\/","url":"https:\/\/secure.gravatar.com\/avatar\/dfdff3dd0259aaf932f95cf8329d067fbcdd7ac86e081445c8ec011507f17114?s=96&d=mm&r=g","contentUrl":"https:\/\/secure.gravatar.com\/avatar\/dfdff3dd0259aaf932f95cf8329d067fbcdd7ac86e081445c8ec011507f17114?s=96&d=mm&r=g","caption":"Mai Trosborg Rasmussen"},"url":"https:\/\/kunmedierne.dk\/mors\/author\/mai\/"}]}},"_links":{"self":[{"href":"https:\/\/kunmedierne.dk\/mors\/wp-json\/wp\/v2\/posts\/125207","targetHints":{"allow":["GET"]}}],"collection":[{"href":"https:\/\/kunmedierne.dk\/mors\/wp-json\/wp\/v2\/posts"}],"about":[{"href":"https:\/\/kunmedierne.dk\/mors\/wp-json\/wp\/v2\/types\/post"}],"author":[{"embeddable":true,"href":"https:\/\/kunmedierne.dk\/mors\/wp-json\/wp\/v2\/users\/3973"}],"replies":[{"embeddable":true,"href":"https:\/\/kunmedierne.dk\/mors\/wp-json\/wp\/v2\/comments?post=125207"}],"version-history":[{"count":25,"href":"https:\/\/kunmedierne.dk\/mors\/wp-json\/wp\/v2\/posts\/125207\/revisions"}],"predecessor-version":[{"id":125262,"href":"https:\/\/kunmedierne.dk\/mors\/wp-json\/wp\/v2\/posts\/125207\/revisions\/125262"}],"wp:attachment":[{"href":"https:\/\/kunmedierne.dk\/mors\/wp-json\/wp\/v2\/media?parent=125207"}],"wp:term":[{"taxonomy":"category","embeddable":true,"href":"https:\/\/kunmedierne.dk\/mors\/wp-json\/wp\/v2\/categories?post=125207"},{"taxonomy":"post_tag","embeddable":true,"href":"https:\/\/kunmedierne.dk\/mors\/wp-json\/wp\/v2\/tags?post=125207"}],"curies":[{"name":"wp","href":"https:\/\/api.w.org\/{rel}","templated":true}]}}