{"id":124874,"date":"2024-08-22T10:37:18","date_gmt":"2024-08-22T08:37:18","guid":{"rendered":"https:\/\/kunmedierne.dk\/mors\/?p=124874"},"modified":"2024-08-22T12:30:46","modified_gmt":"2024-08-22T10:30:46","slug":"unge-kunstnere-indtager-saerlig-plads-paa-kulturmoedet","status":"publish","type":"post","link":"https:\/\/kunmedierne.dk\/mors\/unge-kunstnere-indtager-saerlig-plads-paa-kulturmoedet\/","title":{"rendered":"Unge kunstnere indtager s\u00e6rlig plads p\u00e5 Kulturm\u00f8det"},"content":{"rendered":"<p><strong>PRESSEMEDDELELSE:\u00a0<\/strong>De seneste a\u030ar har man pa\u030a scenerne pa\u030a Kulturm\u00f8det Mors talt meget om de unges m\u00f8de med kunsten. Et m\u00f8de, som desv\u00e6rre ofte er mindre tilstedev\u00e6rende end samtalerne om dets betydning.<\/p>\n<div class=\"page\" title=\"Page 1\">\n<div class=\"layoutArea\">\n<div class=\"column\">\n<div class=\"page\" title=\"Page 1\">\n<div class=\"layoutArea\">\n<div class=\"column\">\n<a class=\"dvrt-link\" onClick=\"cdmtrack_click(169437,jQuery(this));return false\" href=\"https:\/\/thymors.dk\/sponsorater\/15-til-faellesskabet?utm_source=kunmors&amp;utm_medium=annonce&amp;utm_campaign=sponsorater\"><img decoding=\"async\" style=\"width:100%;\" src=\"https:\/\/kunmedierne.dk\/mors\/wp-content\/uploads\/2026\/03\/260407ThyMors-energi_faellesskab_generel-1.jpg\"><\/a><script>cdmtrack_view(169437);<\/script>\n<p>I en st\u00f8rre Nordea-bevilling har ba\u030ade Ung Kult og Kulturm\u00f8det Mors sat fokus pa\u030a b\u00f8rn og unge \u2013 herunder ogsa\u030a udskolingens st\u00f8rste b\u00f8rn og yngste unge. Sa\u030aledes vil ogsa\u030a Limfjordsteatret og UMMK med platformen SceneRum stille et levende og skabende milj\u00f8 til ra\u030adighed for Nordjyllands unge kunstnere, hvor de unges egne stemmer, magien og f\u00e6llesskabet er i centrum.<\/p>\n<p>Leder af Limfjordsteatret Gitta Malling fort\u00e6ller:<\/p>\n<p>&#8211; Vi str\u00e6ber efter at etablere et lydh\u00f8rt og inkluderende milj\u00f8, hvor unge kunstnere kan udforske kunstens muligheder og dele deres fort\u00e6llinger med et ungt publikum. Der skal skabes plads til at de unge selv tager del i samtalen om deres erfaringer og selv fa\u030ar lov at sta\u030a pa\u030a scenen med deres kunst.<\/p>\n<p>&nbsp;<\/p>\n<p><strong>Indhold fra hele Nordjylland \u2013 og Norden<\/strong><\/p>\n<div class=\"page\" title=\"Page 1\">\n<div class=\"layoutArea\">\n<div class=\"column\">\n<div class=\"page\" title=\"Page 1\">\n<div class=\"layoutArea\">\n<div class=\"column\">\n<p>I SceneRum kan man i l\u00f8bet af Kulturm\u00f8det opleve workshops, koncerter, filmvisninger, teaterforestillinger, samtaler, kunstudstilling, litteraturopl\u00e6sninger, poetry slam og meget mere.<\/p>\n<p>Torsdag kulminerer programmet sa\u030aledes om aftenen, hvor det musiske projekt Fresh From The Press udkommer med nykomponerede v\u00e6rker fra nordiske unge, der dagene forinden har v\u00e6ret samlet i en workshop pa\u030a konservatoriet i Aalborg.<\/p>\n<p>Fredag afrundes dagen med dansefest, na\u030ar det aalborgensiske-internationale band Glen and The Guys spiller op til swingdance og lindyhop med professionelle dansere blandt publikum.<\/p>\n<p>Ba\u030ade fredag og l\u00f8rdag er der mulighed for at opleve Limfjordsteatret Talentakademis afslutningsforestilling De Uendelige Otte og UNGKUNSTTHYs pop up-performance Lissom Emma.<\/p>\n<div class=\"page\" title=\"Page 1\">\n<div class=\"layoutArea\">\n<div class=\"column\">\n<p>Programmet byder dog ogsa\u030a pa\u030a n\u00e6rv\u00e6rende samtaler, hvor unge kunstnere forholder sig til overgange, trivsel og kunstens betydning i tilv\u00e6relsen som ung. Under hele SceneRums programperiode kan man opleve udstillingen Vi Planl\u00e6gger Med Luft skabt af de to nordjyske kunstnere Alberte Spork og Karoline Seidelin Banke.<\/p>\n<p>&nbsp;<\/p>\n<p><strong>Kunst for, med og af unge<\/strong><\/p>\n<div class=\"page\" title=\"Page 2\">\n<div class=\"layoutArea\">\n<div class=\"column\">\n<div class=\"page\" title=\"Page 2\">\n<div class=\"layoutArea\">\n<div class=\"column\">\n<p>Projektleder i UMMK, Marie Louise Klitgaard Nielsen afslutter:<\/p>\n<p>&#8211; Med SceneRum forholder Limfjordsteatret og UMMK sig til, at der faktisk er en v\u00e6kstlagsscene og et ungt kunstpublikum i Nordjylland. Det selvorganiserede, det projektbaserede og den frie scene har ma\u030aske andre vilka\u030ar herude end i storbyerne, men kunsten lever og kunstnerne leverer; vi skal bare huske at inddrage dem og ikke mindst; at have dem med na\u030ar man bliver givet en platform med sa\u030a stor r\u00e6kkevidde og udsyn som Kulturm\u00f8det Mors.<\/p>\n<a class=\"dvrt-link\" onClick=\"cdmtrack_click(104785,jQuery(this));return false\" href=\"https:\/\/www.facebook.com\/lyndrups\"><img decoding=\"async\" style=\"width:100%;\" src=\"https:\/\/kunmedierne.dk\/mors\/wp-content\/uploads\/2022\/02\/vip-lyndrups-rengoering.jpg\"><\/a><script>cdmtrack_view(104785);<\/script>\n<div class=\"page\" title=\"Page 2\">\n<div class=\"layoutArea\">\n<div class=\"column\">\n<p>For mere info om programmet pa\u030a SceneRum, l\u00e6s med her:<\/p>\n<p>Kulturm\u00f8det Mors (<a href=\"http:\/\/kulturmodet.dk\" target=\"_blank\" rel=\"noopener\">kulturmodet.dk<\/a>)<\/p>\n<\/div>\n<\/div>\n<\/div>\n<\/div>\n<\/div>\n<\/div>\n<\/div>\n<\/div>\n<\/div>\n<\/div>\n<\/div>\n<\/div>\n<\/div>\n<\/div>\n<\/div>\n<\/div>\n<\/div>\n<\/div>\n<\/div>\n<\/div>\n<\/div>\n<\/div>\n<\/div>\n<\/div>\n","protected":false},"excerpt":{"rendered":"<p>PRESSEMEDDELELSE:\u00a0De seneste a\u030ar har man pa\u030a scenerne pa\u030a Kulturm\u00f8det Mors talt meget om de unges m\u00f8de med kunsten. Et m\u00f8de, som desv\u00e6rre ofte er mindre tilstedev\u00e6rende end samtalerne om dets betydning. I en st\u00f8rre Nordea-bevilling har ba\u030ade Ung Kult og Kulturm\u00f8det Mors sat fokus pa\u030a b\u00f8rn og unge \u2013 herunder ogsa\u030a udskolingens st\u00f8rste b\u00f8rn og [&hellip;]<\/p>\n","protected":false},"author":3973,"featured_media":0,"comment_status":"closed","ping_status":"closed","sticky":false,"template":"","format":"standard","meta":{"_acf_changed":false,"footnotes":""},"categories":[49],"tags":[162],"class_list":["post-124874","post","type-post","status-publish","format-standard","hentry","category-kultur","tag-kulturmoedet"],"acf":[],"yoast_head":"<!-- This site is optimized with the Yoast SEO plugin v26.8 - https:\/\/yoast.com\/product\/yoast-seo-wordpress\/ -->\n<title>Unge kunstnere indtager s\u00e6rlig plads p\u00e5 Kulturm\u00f8det - Mors<\/title>\n<meta name=\"robots\" content=\"index, follow, max-snippet:-1, max-image-preview:large, max-video-preview:-1\" \/>\n<link rel=\"canonical\" href=\"https:\/\/kunmedierne.dk\/mors\/unge-kunstnere-indtager-saerlig-plads-paa-kulturmoedet\/\" \/>\n<meta property=\"og:locale\" content=\"da_DK\" \/>\n<meta property=\"og:type\" content=\"article\" \/>\n<meta property=\"og:title\" content=\"Unge kunstnere indtager s\u00e6rlig plads p\u00e5 Kulturm\u00f8det - Mors\" \/>\n<meta property=\"og:description\" content=\"PRESSEMEDDELELSE:\u00a0De seneste a\u030ar har man pa\u030a scenerne pa\u030a Kulturm\u00f8det Mors talt meget om de unges m\u00f8de med kunsten. Et m\u00f8de, som desv\u00e6rre ofte er mindre tilstedev\u00e6rende end samtalerne om dets betydning. I en st\u00f8rre Nordea-bevilling har ba\u030ade Ung Kult og Kulturm\u00f8det Mors sat fokus pa\u030a b\u00f8rn og unge \u2013 herunder ogsa\u030a udskolingens st\u00f8rste b\u00f8rn og [&hellip;]\" \/>\n<meta property=\"og:url\" content=\"https:\/\/kunmedierne.dk\/mors\/unge-kunstnere-indtager-saerlig-plads-paa-kulturmoedet\/\" \/>\n<meta property=\"og:site_name\" content=\"Mors\" \/>\n<meta property=\"article:published_time\" content=\"2024-08-22T08:37:18+00:00\" \/>\n<meta property=\"article:modified_time\" content=\"2024-08-22T10:30:46+00:00\" \/>\n<meta name=\"author\" content=\"Mai Trosborg Rasmussen\" \/>\n<meta name=\"twitter:card\" content=\"summary_large_image\" \/>\n<meta name=\"twitter:label1\" content=\"Skrevet af\" \/>\n\t<meta name=\"twitter:data1\" content=\"Mai Trosborg Rasmussen\" \/>\n\t<meta name=\"twitter:label2\" content=\"Estimeret l\u00e6setid\" \/>\n\t<meta name=\"twitter:data2\" content=\"3 minutter\" \/>\n<script type=\"application\/ld+json\" class=\"yoast-schema-graph\">{\"@context\":\"https:\/\/schema.org\",\"@graph\":[{\"@type\":\"Article\",\"@id\":\"https:\/\/kunmedierne.dk\/mors\/unge-kunstnere-indtager-saerlig-plads-paa-kulturmoedet\/#article\",\"isPartOf\":{\"@id\":\"https:\/\/kunmedierne.dk\/mors\/unge-kunstnere-indtager-saerlig-plads-paa-kulturmoedet\/\"},\"author\":{\"name\":\"Mai Trosborg Rasmussen\",\"@id\":\"https:\/\/kunmedierne.dk\/mors\/#\/schema\/person\/f4ba7f103cc8490962f20b22a3a0fca4\"},\"headline\":\"Unge kunstnere indtager s\u00e6rlig plads p\u00e5 Kulturm\u00f8det\",\"datePublished\":\"2024-08-22T08:37:18+00:00\",\"dateModified\":\"2024-08-22T10:30:46+00:00\",\"mainEntityOfPage\":{\"@id\":\"https:\/\/kunmedierne.dk\/mors\/unge-kunstnere-indtager-saerlig-plads-paa-kulturmoedet\/\"},\"wordCount\":457,\"publisher\":{\"@id\":\"https:\/\/kunmedierne.dk\/mors\/#organization\"},\"keywords\":[\"Kulturm\u00f8det\"],\"articleSection\":[\"Kultur\"],\"inLanguage\":\"da-DK\"},{\"@type\":\"WebPage\",\"@id\":\"https:\/\/kunmedierne.dk\/mors\/unge-kunstnere-indtager-saerlig-plads-paa-kulturmoedet\/\",\"url\":\"https:\/\/kunmedierne.dk\/mors\/unge-kunstnere-indtager-saerlig-plads-paa-kulturmoedet\/\",\"name\":\"Unge kunstnere indtager s\u00e6rlig plads p\u00e5 Kulturm\u00f8det - Mors\",\"isPartOf\":{\"@id\":\"https:\/\/kunmedierne.dk\/mors\/#website\"},\"datePublished\":\"2024-08-22T08:37:18+00:00\",\"dateModified\":\"2024-08-22T10:30:46+00:00\",\"breadcrumb\":{\"@id\":\"https:\/\/kunmedierne.dk\/mors\/unge-kunstnere-indtager-saerlig-plads-paa-kulturmoedet\/#breadcrumb\"},\"inLanguage\":\"da-DK\",\"potentialAction\":[{\"@type\":\"ReadAction\",\"target\":[\"https:\/\/kunmedierne.dk\/mors\/unge-kunstnere-indtager-saerlig-plads-paa-kulturmoedet\/\"]}]},{\"@type\":\"BreadcrumbList\",\"@id\":\"https:\/\/kunmedierne.dk\/mors\/unge-kunstnere-indtager-saerlig-plads-paa-kulturmoedet\/#breadcrumb\",\"itemListElement\":[{\"@type\":\"ListItem\",\"position\":1,\"name\":\"Hjem\",\"item\":\"https:\/\/kunmedierne.dk\/mors\/\"},{\"@type\":\"ListItem\",\"position\":2,\"name\":\"Unge kunstnere indtager s\u00e6rlig plads p\u00e5 Kulturm\u00f8det\"}]},{\"@type\":\"WebSite\",\"@id\":\"https:\/\/kunmedierne.dk\/mors\/#website\",\"url\":\"https:\/\/kunmedierne.dk\/mors\/\",\"name\":\"Mors\",\"description\":\"et netmedie med journalistik om livet p\u00e5 Mors\",\"publisher\":{\"@id\":\"https:\/\/kunmedierne.dk\/mors\/#organization\"},\"potentialAction\":[{\"@type\":\"SearchAction\",\"target\":{\"@type\":\"EntryPoint\",\"urlTemplate\":\"https:\/\/kunmedierne.dk\/mors\/?s={search_term_string}\"},\"query-input\":{\"@type\":\"PropertyValueSpecification\",\"valueRequired\":true,\"valueName\":\"search_term_string\"}}],\"inLanguage\":\"da-DK\"},{\"@type\":\"Organization\",\"@id\":\"https:\/\/kunmedierne.dk\/mors\/#organization\",\"name\":\"Mors\",\"url\":\"https:\/\/kunmedierne.dk\/mors\/\",\"logo\":{\"@type\":\"ImageObject\",\"inLanguage\":\"da-DK\",\"@id\":\"https:\/\/kunmedierne.dk\/mors\/#\/schema\/logo\/image\/\",\"url\":\"https:\/\/kunmedierne.dk\/mors\/wp-content\/uploads\/2024\/08\/kunmors-logo.svg\",\"contentUrl\":\"https:\/\/kunmedierne.dk\/mors\/wp-content\/uploads\/2024\/08\/kunmors-logo.svg\",\"caption\":\"Mors\"},\"image\":{\"@id\":\"https:\/\/kunmedierne.dk\/mors\/#\/schema\/logo\/image\/\"}},{\"@type\":\"Person\",\"@id\":\"https:\/\/kunmedierne.dk\/mors\/#\/schema\/person\/f4ba7f103cc8490962f20b22a3a0fca4\",\"name\":\"Mai Trosborg Rasmussen\",\"image\":{\"@type\":\"ImageObject\",\"inLanguage\":\"da-DK\",\"@id\":\"https:\/\/kunmedierne.dk\/mors\/#\/schema\/person\/image\/\",\"url\":\"https:\/\/secure.gravatar.com\/avatar\/dfdff3dd0259aaf932f95cf8329d067fbcdd7ac86e081445c8ec011507f17114?s=96&d=mm&r=g\",\"contentUrl\":\"https:\/\/secure.gravatar.com\/avatar\/dfdff3dd0259aaf932f95cf8329d067fbcdd7ac86e081445c8ec011507f17114?s=96&d=mm&r=g\",\"caption\":\"Mai Trosborg Rasmussen\"},\"url\":\"https:\/\/kunmedierne.dk\/mors\/author\/mai\/\"}]}<\/script>\n<!-- \/ Yoast SEO plugin. -->","yoast_head_json":{"title":"Unge kunstnere indtager s\u00e6rlig plads p\u00e5 Kulturm\u00f8det - Mors","robots":{"index":"index","follow":"follow","max-snippet":"max-snippet:-1","max-image-preview":"max-image-preview:large","max-video-preview":"max-video-preview:-1"},"canonical":"https:\/\/kunmedierne.dk\/mors\/unge-kunstnere-indtager-saerlig-plads-paa-kulturmoedet\/","og_locale":"da_DK","og_type":"article","og_title":"Unge kunstnere indtager s\u00e6rlig plads p\u00e5 Kulturm\u00f8det - Mors","og_description":"PRESSEMEDDELELSE:\u00a0De seneste a\u030ar har man pa\u030a scenerne pa\u030a Kulturm\u00f8det Mors talt meget om de unges m\u00f8de med kunsten. Et m\u00f8de, som desv\u00e6rre ofte er mindre tilstedev\u00e6rende end samtalerne om dets betydning. I en st\u00f8rre Nordea-bevilling har ba\u030ade Ung Kult og Kulturm\u00f8det Mors sat fokus pa\u030a b\u00f8rn og unge \u2013 herunder ogsa\u030a udskolingens st\u00f8rste b\u00f8rn og [&hellip;]","og_url":"https:\/\/kunmedierne.dk\/mors\/unge-kunstnere-indtager-saerlig-plads-paa-kulturmoedet\/","og_site_name":"Mors","article_published_time":"2024-08-22T08:37:18+00:00","article_modified_time":"2024-08-22T10:30:46+00:00","author":"Mai Trosborg Rasmussen","twitter_card":"summary_large_image","twitter_misc":{"Skrevet af":"Mai Trosborg Rasmussen","Estimeret l\u00e6setid":"3 minutter"},"schema":{"@context":"https:\/\/schema.org","@graph":[{"@type":"Article","@id":"https:\/\/kunmedierne.dk\/mors\/unge-kunstnere-indtager-saerlig-plads-paa-kulturmoedet\/#article","isPartOf":{"@id":"https:\/\/kunmedierne.dk\/mors\/unge-kunstnere-indtager-saerlig-plads-paa-kulturmoedet\/"},"author":{"name":"Mai Trosborg Rasmussen","@id":"https:\/\/kunmedierne.dk\/mors\/#\/schema\/person\/f4ba7f103cc8490962f20b22a3a0fca4"},"headline":"Unge kunstnere indtager s\u00e6rlig plads p\u00e5 Kulturm\u00f8det","datePublished":"2024-08-22T08:37:18+00:00","dateModified":"2024-08-22T10:30:46+00:00","mainEntityOfPage":{"@id":"https:\/\/kunmedierne.dk\/mors\/unge-kunstnere-indtager-saerlig-plads-paa-kulturmoedet\/"},"wordCount":457,"publisher":{"@id":"https:\/\/kunmedierne.dk\/mors\/#organization"},"keywords":["Kulturm\u00f8det"],"articleSection":["Kultur"],"inLanguage":"da-DK"},{"@type":"WebPage","@id":"https:\/\/kunmedierne.dk\/mors\/unge-kunstnere-indtager-saerlig-plads-paa-kulturmoedet\/","url":"https:\/\/kunmedierne.dk\/mors\/unge-kunstnere-indtager-saerlig-plads-paa-kulturmoedet\/","name":"Unge kunstnere indtager s\u00e6rlig plads p\u00e5 Kulturm\u00f8det - Mors","isPartOf":{"@id":"https:\/\/kunmedierne.dk\/mors\/#website"},"datePublished":"2024-08-22T08:37:18+00:00","dateModified":"2024-08-22T10:30:46+00:00","breadcrumb":{"@id":"https:\/\/kunmedierne.dk\/mors\/unge-kunstnere-indtager-saerlig-plads-paa-kulturmoedet\/#breadcrumb"},"inLanguage":"da-DK","potentialAction":[{"@type":"ReadAction","target":["https:\/\/kunmedierne.dk\/mors\/unge-kunstnere-indtager-saerlig-plads-paa-kulturmoedet\/"]}]},{"@type":"BreadcrumbList","@id":"https:\/\/kunmedierne.dk\/mors\/unge-kunstnere-indtager-saerlig-plads-paa-kulturmoedet\/#breadcrumb","itemListElement":[{"@type":"ListItem","position":1,"name":"Hjem","item":"https:\/\/kunmedierne.dk\/mors\/"},{"@type":"ListItem","position":2,"name":"Unge kunstnere indtager s\u00e6rlig plads p\u00e5 Kulturm\u00f8det"}]},{"@type":"WebSite","@id":"https:\/\/kunmedierne.dk\/mors\/#website","url":"https:\/\/kunmedierne.dk\/mors\/","name":"Mors","description":"et netmedie med journalistik om livet p\u00e5 Mors","publisher":{"@id":"https:\/\/kunmedierne.dk\/mors\/#organization"},"potentialAction":[{"@type":"SearchAction","target":{"@type":"EntryPoint","urlTemplate":"https:\/\/kunmedierne.dk\/mors\/?s={search_term_string}"},"query-input":{"@type":"PropertyValueSpecification","valueRequired":true,"valueName":"search_term_string"}}],"inLanguage":"da-DK"},{"@type":"Organization","@id":"https:\/\/kunmedierne.dk\/mors\/#organization","name":"Mors","url":"https:\/\/kunmedierne.dk\/mors\/","logo":{"@type":"ImageObject","inLanguage":"da-DK","@id":"https:\/\/kunmedierne.dk\/mors\/#\/schema\/logo\/image\/","url":"https:\/\/kunmedierne.dk\/mors\/wp-content\/uploads\/2024\/08\/kunmors-logo.svg","contentUrl":"https:\/\/kunmedierne.dk\/mors\/wp-content\/uploads\/2024\/08\/kunmors-logo.svg","caption":"Mors"},"image":{"@id":"https:\/\/kunmedierne.dk\/mors\/#\/schema\/logo\/image\/"}},{"@type":"Person","@id":"https:\/\/kunmedierne.dk\/mors\/#\/schema\/person\/f4ba7f103cc8490962f20b22a3a0fca4","name":"Mai Trosborg Rasmussen","image":{"@type":"ImageObject","inLanguage":"da-DK","@id":"https:\/\/kunmedierne.dk\/mors\/#\/schema\/person\/image\/","url":"https:\/\/secure.gravatar.com\/avatar\/dfdff3dd0259aaf932f95cf8329d067fbcdd7ac86e081445c8ec011507f17114?s=96&d=mm&r=g","contentUrl":"https:\/\/secure.gravatar.com\/avatar\/dfdff3dd0259aaf932f95cf8329d067fbcdd7ac86e081445c8ec011507f17114?s=96&d=mm&r=g","caption":"Mai Trosborg Rasmussen"},"url":"https:\/\/kunmedierne.dk\/mors\/author\/mai\/"}]}},"_links":{"self":[{"href":"https:\/\/kunmedierne.dk\/mors\/wp-json\/wp\/v2\/posts\/124874","targetHints":{"allow":["GET"]}}],"collection":[{"href":"https:\/\/kunmedierne.dk\/mors\/wp-json\/wp\/v2\/posts"}],"about":[{"href":"https:\/\/kunmedierne.dk\/mors\/wp-json\/wp\/v2\/types\/post"}],"author":[{"embeddable":true,"href":"https:\/\/kunmedierne.dk\/mors\/wp-json\/wp\/v2\/users\/3973"}],"replies":[{"embeddable":true,"href":"https:\/\/kunmedierne.dk\/mors\/wp-json\/wp\/v2\/comments?post=124874"}],"version-history":[{"count":23,"href":"https:\/\/kunmedierne.dk\/mors\/wp-json\/wp\/v2\/posts\/124874\/revisions"}],"predecessor-version":[{"id":124999,"href":"https:\/\/kunmedierne.dk\/mors\/wp-json\/wp\/v2\/posts\/124874\/revisions\/124999"}],"wp:attachment":[{"href":"https:\/\/kunmedierne.dk\/mors\/wp-json\/wp\/v2\/media?parent=124874"}],"wp:term":[{"taxonomy":"category","embeddable":true,"href":"https:\/\/kunmedierne.dk\/mors\/wp-json\/wp\/v2\/categories?post=124874"},{"taxonomy":"post_tag","embeddable":true,"href":"https:\/\/kunmedierne.dk\/mors\/wp-json\/wp\/v2\/tags?post=124874"}],"curies":[{"name":"wp","href":"https:\/\/api.w.org\/{rel}","templated":true}]}}