{"id":123757,"date":"2024-08-09T11:44:25","date_gmt":"2024-08-09T09:44:25","guid":{"rendered":"https:\/\/kunmedierne.dk\/mors\/?p=123757"},"modified":"2024-08-12T13:09:54","modified_gmt":"2024-08-12T11:09:54","slug":"salgschef-kan-fejre-25-aar-med-vinduer-og-doere","status":"publish","type":"post","link":"https:\/\/kunmedierne.dk\/mors\/salgschef-kan-fejre-25-aar-med-vinduer-og-doere\/","title":{"rendered":"Salgschef kan fejre 25 \u00e5r med vinduer og d\u00f8re"},"content":{"rendered":"<p><strong>JUBIL\u00c6UM:<\/strong> Det er blevet til mange kilometer p\u00e5 landevejene for Outrup Vinduer &amp; D\u00f8res salgschef, Jan Kampman, som er bosiddende i Varde, men arbejder hos vinduesproducenten p\u00e5 Mors. Han kunne nemlig den 1. august fejre intet mindre end 25-\u00e5rs jubil\u00e6um i virksomheden, og det gl\u00e6der blandt andre Outrups administrerende direkt\u00f8r, Henrik Nyby.<\/p>\n<p>&#8211; Vi er utrolig glade for, at Jan har v\u00e6ret en del af virksomheden igennem 25 \u00e5r. Han har v\u00e6ret en b\u00e5de god, loyal og faglig st\u00e6rk kollega, som vi virkelig v\u00e6rds\u00e6tter. Jan kommer med en baggrund som t\u00f8mrer og byggetekniker, og det betyder, at han ved lige pr\u00e6cis, hvordan han skal im\u00f8dekomme vores h\u00e5ndv\u00e6rkerkunders \u00f8nsker \u2013 om end det er den lille h\u00e5ndv\u00e6rksmester eller den st\u00f8rre entrepren\u00f8r. Han har dermed opbygget gode, v\u00e6rdsatte kunderelationer og en erfaring gennem mange \u00e5r, som er sv\u00e6r at erstatte, og derfor h\u00e5ber vi selvf\u00f8lgelig ogs\u00e5, at Jan forts\u00e6tter her de n\u00e6ste mange \u00e5r, lyder det fra administrerende direkt\u00f8r i Outrup Vinduer &amp; D\u00f8re, Henrik Nyby.<\/p>\n<p>Da Jan Kampman begyndte i virksomheden, var det som salgskonsulent i Syd- og S\u00f8nderjylland samt p\u00e5 Fyn, hvor han efter f\u00e5 \u00e5r fik rollen som ekstern salgsleder for derefter at blive salgschef. Her blev aftalen, at han \u00a0er p\u00e5 kontoret cirka tre dage om ugen, og det er netop d\u00e9n fleksibilitet, som er blandt de v\u00e6sentligste \u00e5rsager til, at han nu har v\u00e6ret i virksomheden i 25 \u00e5r.<\/p>\n<p>&#8211; Jeg har gennem alle 25 \u00e5r oplevet en rigtig stor fleksibilitet fra Outrups side, som har v\u00e6ret helt afg\u00f8rende for, at jeg har v\u00e6ret i virksomheden s\u00e5 l\u00e6nge, da jeg har kunnet f\u00e5 arbejdslivet til at spille godt sammen med privatlivet. Foruden den lange afstand til arbejdspladsen har jeg nemlig ogs\u00e5 en stor interesse i h\u00e5ndbold, hvor jeg er n\u00e6stformand i Dansk H\u00e5ndbold og medlem af det europ\u00e6iske h\u00e5ndboldforbund, EHF, og det kr\u00e6ver en del rejser og fridage i l\u00f8bet af et \u00e5r<em>, <\/em>forklarer Jan Kampman og forts\u00e6tter:<\/p>\n<p>&#8211; Og her har opbakningen fra Outrup v\u00e6ret stor. Egentlig havde jeg aldrig nogensinde forestillet mig, at jeg skulle v\u00e6re i samme virksomhed i 25 \u00e5r, men fleksibilitet kombineret med sp\u00e6ndende opgaver, gode kolleger og kunderelationer har gjort, at det alligevel blev tilf\u00e6ldet. Og jeg kan se tilbage p\u00e5 nogle rigtig gode \u00e5r.<\/p>\n<p>Igennem de 25 \u00e5r, hvor Jan Kampman har v\u00e6ret ved Outrup, har virksomheden udviklet sig fra at v\u00e6re en mindre vinduesfabrik til en st\u00f8rre koncernejet vinduesproduktion, og det har if\u00f8lge Jan Kampman betydet, at der har v\u00e6ret udvikling hele vejen igennem:<\/p>\n<p>&#8211; Udviklingen har p\u00e5 intet tidspunkt st\u00e5et stille i virksomheden, og det har fastholdt min interesse. Der er sket mange nye, sp\u00e6ndende ting \u2013 blandt andet da vi blev opk\u00f8bt af Inwido. Men selvom vi er blevet b\u00e5de st\u00f8rre og koncernejet, har Outrup form\u00e5et at bevare Outrup-\u00e5nden og fleksibiliteten, og det har v\u00e6ret den helt rigtige cocktail til at fastholde mig i virksomheden<em>, <\/em>slutter han.<\/p>\n<p>Jan Kampmans jubil\u00e6um vil blive fejret i virksomheden<\/p>\n","protected":false},"excerpt":{"rendered":"<p>JUBIL\u00c6UM: Det er blevet til mange kilometer p\u00e5 landevejene for Outrup Vinduer &amp; D\u00f8res salgschef, Jan Kampman, som er bosiddende i Varde, men arbejder hos vinduesproducenten p\u00e5 Mors. Han kunne nemlig den 1. august fejre intet mindre end 25-\u00e5rs jubil\u00e6um i virksomheden, og det gl\u00e6der blandt andre Outrups administrerende direkt\u00f8r, Henrik Nyby. &#8211; Vi er [&hellip;]<\/p>\n","protected":false},"author":2507,"featured_media":123758,"comment_status":"closed","ping_status":"closed","sticky":false,"template":"","format":"standard","meta":{"_acf_changed":false,"footnotes":""},"categories":[51,52],"tags":[],"class_list":["post-123757","post","type-post","status-publish","format-standard","has-post-thumbnail","hentry","category-lokalt","category-navne"],"acf":[],"yoast_head":"<!-- This site is optimized with the Yoast SEO plugin v26.8 - https:\/\/yoast.com\/product\/yoast-seo-wordpress\/ -->\n<title>Salgschef kan fejre 25 \u00e5r med vinduer og d\u00f8re - Mors<\/title>\n<meta name=\"robots\" content=\"index, follow, max-snippet:-1, max-image-preview:large, max-video-preview:-1\" \/>\n<link rel=\"canonical\" href=\"https:\/\/kunmedierne.dk\/mors\/salgschef-kan-fejre-25-aar-med-vinduer-og-doere\/\" \/>\n<meta property=\"og:locale\" content=\"da_DK\" \/>\n<meta property=\"og:type\" content=\"article\" \/>\n<meta property=\"og:title\" content=\"Salgschef kan fejre 25 \u00e5r med vinduer og d\u00f8re - Mors\" \/>\n<meta property=\"og:description\" content=\"JUBIL\u00c6UM: Det er blevet til mange kilometer p\u00e5 landevejene for Outrup Vinduer &amp; D\u00f8res salgschef, Jan Kampman, som er bosiddende i Varde, men arbejder hos vinduesproducenten p\u00e5 Mors. Han kunne nemlig den 1. august fejre intet mindre end 25-\u00e5rs jubil\u00e6um i virksomheden, og det gl\u00e6der blandt andre Outrups administrerende direkt\u00f8r, Henrik Nyby. &#8211; Vi er [&hellip;]\" \/>\n<meta property=\"og:url\" content=\"https:\/\/kunmedierne.dk\/mors\/salgschef-kan-fejre-25-aar-med-vinduer-og-doere\/\" \/>\n<meta property=\"og:site_name\" content=\"Mors\" \/>\n<meta property=\"article:published_time\" content=\"2024-08-09T09:44:25+00:00\" \/>\n<meta property=\"article:modified_time\" content=\"2024-08-12T11:09:54+00:00\" \/>\n<meta property=\"og:image\" content=\"https:\/\/kunmedierne.dk\/mors\/wp-content\/uploads\/2024\/08\/Design-uden-navn73.png\" \/>\n\t<meta property=\"og:image:width\" content=\"770\" \/>\n\t<meta property=\"og:image:height\" content=\"640\" \/>\n\t<meta property=\"og:image:type\" content=\"image\/png\" \/>\n<meta name=\"author\" content=\"Katrine Hedegaard\" \/>\n<meta name=\"twitter:card\" content=\"summary_large_image\" \/>\n<meta name=\"twitter:label1\" content=\"Skrevet af\" \/>\n\t<meta name=\"twitter:data1\" content=\"Katrine Hedegaard\" \/>\n\t<meta name=\"twitter:label2\" content=\"Estimeret l\u00e6setid\" \/>\n\t<meta name=\"twitter:data2\" content=\"3 minutter\" \/>\n<script type=\"application\/ld+json\" class=\"yoast-schema-graph\">{\"@context\":\"https:\/\/schema.org\",\"@graph\":[{\"@type\":\"Article\",\"@id\":\"https:\/\/kunmedierne.dk\/mors\/salgschef-kan-fejre-25-aar-med-vinduer-og-doere\/#article\",\"isPartOf\":{\"@id\":\"https:\/\/kunmedierne.dk\/mors\/salgschef-kan-fejre-25-aar-med-vinduer-og-doere\/\"},\"author\":{\"name\":\"Katrine Hedegaard\",\"@id\":\"https:\/\/kunmedierne.dk\/mors\/#\/schema\/person\/b2e62a38069b12365e53e087a8709c64\"},\"headline\":\"Salgschef kan fejre 25 \u00e5r med vinduer og d\u00f8re\",\"datePublished\":\"2024-08-09T09:44:25+00:00\",\"dateModified\":\"2024-08-12T11:09:54+00:00\",\"mainEntityOfPage\":{\"@id\":\"https:\/\/kunmedierne.dk\/mors\/salgschef-kan-fejre-25-aar-med-vinduer-og-doere\/\"},\"wordCount\":552,\"publisher\":{\"@id\":\"https:\/\/kunmedierne.dk\/mors\/#organization\"},\"image\":{\"@id\":\"https:\/\/kunmedierne.dk\/mors\/salgschef-kan-fejre-25-aar-med-vinduer-og-doere\/#primaryimage\"},\"thumbnailUrl\":\"https:\/\/kunmedierne.dk\/mors\/wp-content\/uploads\/2024\/08\/Design-uden-navn73.png\",\"articleSection\":[\"Lokalt\",\"Navne\"],\"inLanguage\":\"da-DK\"},{\"@type\":\"WebPage\",\"@id\":\"https:\/\/kunmedierne.dk\/mors\/salgschef-kan-fejre-25-aar-med-vinduer-og-doere\/\",\"url\":\"https:\/\/kunmedierne.dk\/mors\/salgschef-kan-fejre-25-aar-med-vinduer-og-doere\/\",\"name\":\"Salgschef kan fejre 25 \u00e5r med vinduer og d\u00f8re - Mors\",\"isPartOf\":{\"@id\":\"https:\/\/kunmedierne.dk\/mors\/#website\"},\"primaryImageOfPage\":{\"@id\":\"https:\/\/kunmedierne.dk\/mors\/salgschef-kan-fejre-25-aar-med-vinduer-og-doere\/#primaryimage\"},\"image\":{\"@id\":\"https:\/\/kunmedierne.dk\/mors\/salgschef-kan-fejre-25-aar-med-vinduer-og-doere\/#primaryimage\"},\"thumbnailUrl\":\"https:\/\/kunmedierne.dk\/mors\/wp-content\/uploads\/2024\/08\/Design-uden-navn73.png\",\"datePublished\":\"2024-08-09T09:44:25+00:00\",\"dateModified\":\"2024-08-12T11:09:54+00:00\",\"breadcrumb\":{\"@id\":\"https:\/\/kunmedierne.dk\/mors\/salgschef-kan-fejre-25-aar-med-vinduer-og-doere\/#breadcrumb\"},\"inLanguage\":\"da-DK\",\"potentialAction\":[{\"@type\":\"ReadAction\",\"target\":[\"https:\/\/kunmedierne.dk\/mors\/salgschef-kan-fejre-25-aar-med-vinduer-og-doere\/\"]}]},{\"@type\":\"ImageObject\",\"inLanguage\":\"da-DK\",\"@id\":\"https:\/\/kunmedierne.dk\/mors\/salgschef-kan-fejre-25-aar-med-vinduer-og-doere\/#primaryimage\",\"url\":\"https:\/\/kunmedierne.dk\/mors\/wp-content\/uploads\/2024\/08\/Design-uden-navn73.png\",\"contentUrl\":\"https:\/\/kunmedierne.dk\/mors\/wp-content\/uploads\/2024\/08\/Design-uden-navn73.png\",\"width\":770,\"height\":640,\"caption\":\"Jan Kampman\"},{\"@type\":\"BreadcrumbList\",\"@id\":\"https:\/\/kunmedierne.dk\/mors\/salgschef-kan-fejre-25-aar-med-vinduer-og-doere\/#breadcrumb\",\"itemListElement\":[{\"@type\":\"ListItem\",\"position\":1,\"name\":\"Hjem\",\"item\":\"https:\/\/kunmedierne.dk\/mors\/\"},{\"@type\":\"ListItem\",\"position\":2,\"name\":\"Salgschef kan fejre 25 \u00e5r med vinduer og d\u00f8re\"}]},{\"@type\":\"WebSite\",\"@id\":\"https:\/\/kunmedierne.dk\/mors\/#website\",\"url\":\"https:\/\/kunmedierne.dk\/mors\/\",\"name\":\"Mors\",\"description\":\"et netmedie med journalistik om livet p\u00e5 Mors\",\"publisher\":{\"@id\":\"https:\/\/kunmedierne.dk\/mors\/#organization\"},\"potentialAction\":[{\"@type\":\"SearchAction\",\"target\":{\"@type\":\"EntryPoint\",\"urlTemplate\":\"https:\/\/kunmedierne.dk\/mors\/?s={search_term_string}\"},\"query-input\":{\"@type\":\"PropertyValueSpecification\",\"valueRequired\":true,\"valueName\":\"search_term_string\"}}],\"inLanguage\":\"da-DK\"},{\"@type\":\"Organization\",\"@id\":\"https:\/\/kunmedierne.dk\/mors\/#organization\",\"name\":\"Mors\",\"url\":\"https:\/\/kunmedierne.dk\/mors\/\",\"logo\":{\"@type\":\"ImageObject\",\"inLanguage\":\"da-DK\",\"@id\":\"https:\/\/kunmedierne.dk\/mors\/#\/schema\/logo\/image\/\",\"url\":\"https:\/\/kunmedierne.dk\/mors\/wp-content\/uploads\/2024\/08\/kunmors-logo.svg\",\"contentUrl\":\"https:\/\/kunmedierne.dk\/mors\/wp-content\/uploads\/2024\/08\/kunmors-logo.svg\",\"caption\":\"Mors\"},\"image\":{\"@id\":\"https:\/\/kunmedierne.dk\/mors\/#\/schema\/logo\/image\/\"}},{\"@type\":\"Person\",\"@id\":\"https:\/\/kunmedierne.dk\/mors\/#\/schema\/person\/b2e62a38069b12365e53e087a8709c64\",\"name\":\"Katrine Hedegaard\",\"image\":{\"@type\":\"ImageObject\",\"inLanguage\":\"da-DK\",\"@id\":\"https:\/\/kunmedierne.dk\/mors\/#\/schema\/person\/image\/\",\"url\":\"https:\/\/secure.gravatar.com\/avatar\/18a5c72fa9148052fd3ed5a58b40fc83cfdc9811090e6e6eec9539af058edcc0?s=96&d=mm&r=g\",\"contentUrl\":\"https:\/\/secure.gravatar.com\/avatar\/18a5c72fa9148052fd3ed5a58b40fc83cfdc9811090e6e6eec9539af058edcc0?s=96&d=mm&r=g\",\"caption\":\"Katrine Hedegaard\"},\"url\":\"https:\/\/kunmedierne.dk\/mors\/author\/katrine\/\"}]}<\/script>\n<!-- \/ Yoast SEO plugin. -->","yoast_head_json":{"title":"Salgschef kan fejre 25 \u00e5r med vinduer og d\u00f8re - Mors","robots":{"index":"index","follow":"follow","max-snippet":"max-snippet:-1","max-image-preview":"max-image-preview:large","max-video-preview":"max-video-preview:-1"},"canonical":"https:\/\/kunmedierne.dk\/mors\/salgschef-kan-fejre-25-aar-med-vinduer-og-doere\/","og_locale":"da_DK","og_type":"article","og_title":"Salgschef kan fejre 25 \u00e5r med vinduer og d\u00f8re - Mors","og_description":"JUBIL\u00c6UM: Det er blevet til mange kilometer p\u00e5 landevejene for Outrup Vinduer &amp; D\u00f8res salgschef, Jan Kampman, som er bosiddende i Varde, men arbejder hos vinduesproducenten p\u00e5 Mors. Han kunne nemlig den 1. august fejre intet mindre end 25-\u00e5rs jubil\u00e6um i virksomheden, og det gl\u00e6der blandt andre Outrups administrerende direkt\u00f8r, Henrik Nyby. &#8211; Vi er [&hellip;]","og_url":"https:\/\/kunmedierne.dk\/mors\/salgschef-kan-fejre-25-aar-med-vinduer-og-doere\/","og_site_name":"Mors","article_published_time":"2024-08-09T09:44:25+00:00","article_modified_time":"2024-08-12T11:09:54+00:00","og_image":[{"width":770,"height":640,"url":"https:\/\/kunmedierne.dk\/mors\/wp-content\/uploads\/2024\/08\/Design-uden-navn73.png","type":"image\/png"}],"author":"Katrine Hedegaard","twitter_card":"summary_large_image","twitter_misc":{"Skrevet af":"Katrine Hedegaard","Estimeret l\u00e6setid":"3 minutter"},"schema":{"@context":"https:\/\/schema.org","@graph":[{"@type":"Article","@id":"https:\/\/kunmedierne.dk\/mors\/salgschef-kan-fejre-25-aar-med-vinduer-og-doere\/#article","isPartOf":{"@id":"https:\/\/kunmedierne.dk\/mors\/salgschef-kan-fejre-25-aar-med-vinduer-og-doere\/"},"author":{"name":"Katrine Hedegaard","@id":"https:\/\/kunmedierne.dk\/mors\/#\/schema\/person\/b2e62a38069b12365e53e087a8709c64"},"headline":"Salgschef kan fejre 25 \u00e5r med vinduer og d\u00f8re","datePublished":"2024-08-09T09:44:25+00:00","dateModified":"2024-08-12T11:09:54+00:00","mainEntityOfPage":{"@id":"https:\/\/kunmedierne.dk\/mors\/salgschef-kan-fejre-25-aar-med-vinduer-og-doere\/"},"wordCount":552,"publisher":{"@id":"https:\/\/kunmedierne.dk\/mors\/#organization"},"image":{"@id":"https:\/\/kunmedierne.dk\/mors\/salgschef-kan-fejre-25-aar-med-vinduer-og-doere\/#primaryimage"},"thumbnailUrl":"https:\/\/kunmedierne.dk\/mors\/wp-content\/uploads\/2024\/08\/Design-uden-navn73.png","articleSection":["Lokalt","Navne"],"inLanguage":"da-DK"},{"@type":"WebPage","@id":"https:\/\/kunmedierne.dk\/mors\/salgschef-kan-fejre-25-aar-med-vinduer-og-doere\/","url":"https:\/\/kunmedierne.dk\/mors\/salgschef-kan-fejre-25-aar-med-vinduer-og-doere\/","name":"Salgschef kan fejre 25 \u00e5r med vinduer og d\u00f8re - Mors","isPartOf":{"@id":"https:\/\/kunmedierne.dk\/mors\/#website"},"primaryImageOfPage":{"@id":"https:\/\/kunmedierne.dk\/mors\/salgschef-kan-fejre-25-aar-med-vinduer-og-doere\/#primaryimage"},"image":{"@id":"https:\/\/kunmedierne.dk\/mors\/salgschef-kan-fejre-25-aar-med-vinduer-og-doere\/#primaryimage"},"thumbnailUrl":"https:\/\/kunmedierne.dk\/mors\/wp-content\/uploads\/2024\/08\/Design-uden-navn73.png","datePublished":"2024-08-09T09:44:25+00:00","dateModified":"2024-08-12T11:09:54+00:00","breadcrumb":{"@id":"https:\/\/kunmedierne.dk\/mors\/salgschef-kan-fejre-25-aar-med-vinduer-og-doere\/#breadcrumb"},"inLanguage":"da-DK","potentialAction":[{"@type":"ReadAction","target":["https:\/\/kunmedierne.dk\/mors\/salgschef-kan-fejre-25-aar-med-vinduer-og-doere\/"]}]},{"@type":"ImageObject","inLanguage":"da-DK","@id":"https:\/\/kunmedierne.dk\/mors\/salgschef-kan-fejre-25-aar-med-vinduer-og-doere\/#primaryimage","url":"https:\/\/kunmedierne.dk\/mors\/wp-content\/uploads\/2024\/08\/Design-uden-navn73.png","contentUrl":"https:\/\/kunmedierne.dk\/mors\/wp-content\/uploads\/2024\/08\/Design-uden-navn73.png","width":770,"height":640,"caption":"Jan Kampman"},{"@type":"BreadcrumbList","@id":"https:\/\/kunmedierne.dk\/mors\/salgschef-kan-fejre-25-aar-med-vinduer-og-doere\/#breadcrumb","itemListElement":[{"@type":"ListItem","position":1,"name":"Hjem","item":"https:\/\/kunmedierne.dk\/mors\/"},{"@type":"ListItem","position":2,"name":"Salgschef kan fejre 25 \u00e5r med vinduer og d\u00f8re"}]},{"@type":"WebSite","@id":"https:\/\/kunmedierne.dk\/mors\/#website","url":"https:\/\/kunmedierne.dk\/mors\/","name":"Mors","description":"et netmedie med journalistik om livet p\u00e5 Mors","publisher":{"@id":"https:\/\/kunmedierne.dk\/mors\/#organization"},"potentialAction":[{"@type":"SearchAction","target":{"@type":"EntryPoint","urlTemplate":"https:\/\/kunmedierne.dk\/mors\/?s={search_term_string}"},"query-input":{"@type":"PropertyValueSpecification","valueRequired":true,"valueName":"search_term_string"}}],"inLanguage":"da-DK"},{"@type":"Organization","@id":"https:\/\/kunmedierne.dk\/mors\/#organization","name":"Mors","url":"https:\/\/kunmedierne.dk\/mors\/","logo":{"@type":"ImageObject","inLanguage":"da-DK","@id":"https:\/\/kunmedierne.dk\/mors\/#\/schema\/logo\/image\/","url":"https:\/\/kunmedierne.dk\/mors\/wp-content\/uploads\/2024\/08\/kunmors-logo.svg","contentUrl":"https:\/\/kunmedierne.dk\/mors\/wp-content\/uploads\/2024\/08\/kunmors-logo.svg","caption":"Mors"},"image":{"@id":"https:\/\/kunmedierne.dk\/mors\/#\/schema\/logo\/image\/"}},{"@type":"Person","@id":"https:\/\/kunmedierne.dk\/mors\/#\/schema\/person\/b2e62a38069b12365e53e087a8709c64","name":"Katrine Hedegaard","image":{"@type":"ImageObject","inLanguage":"da-DK","@id":"https:\/\/kunmedierne.dk\/mors\/#\/schema\/person\/image\/","url":"https:\/\/secure.gravatar.com\/avatar\/18a5c72fa9148052fd3ed5a58b40fc83cfdc9811090e6e6eec9539af058edcc0?s=96&d=mm&r=g","contentUrl":"https:\/\/secure.gravatar.com\/avatar\/18a5c72fa9148052fd3ed5a58b40fc83cfdc9811090e6e6eec9539af058edcc0?s=96&d=mm&r=g","caption":"Katrine Hedegaard"},"url":"https:\/\/kunmedierne.dk\/mors\/author\/katrine\/"}]}},"_links":{"self":[{"href":"https:\/\/kunmedierne.dk\/mors\/wp-json\/wp\/v2\/posts\/123757","targetHints":{"allow":["GET"]}}],"collection":[{"href":"https:\/\/kunmedierne.dk\/mors\/wp-json\/wp\/v2\/posts"}],"about":[{"href":"https:\/\/kunmedierne.dk\/mors\/wp-json\/wp\/v2\/types\/post"}],"author":[{"embeddable":true,"href":"https:\/\/kunmedierne.dk\/mors\/wp-json\/wp\/v2\/users\/2507"}],"replies":[{"embeddable":true,"href":"https:\/\/kunmedierne.dk\/mors\/wp-json\/wp\/v2\/comments?post=123757"}],"version-history":[{"count":2,"href":"https:\/\/kunmedierne.dk\/mors\/wp-json\/wp\/v2\/posts\/123757\/revisions"}],"predecessor-version":[{"id":123760,"href":"https:\/\/kunmedierne.dk\/mors\/wp-json\/wp\/v2\/posts\/123757\/revisions\/123760"}],"wp:featuredmedia":[{"embeddable":true,"href":"https:\/\/kunmedierne.dk\/mors\/wp-json\/wp\/v2\/media\/123758"}],"wp:attachment":[{"href":"https:\/\/kunmedierne.dk\/mors\/wp-json\/wp\/v2\/media?parent=123757"}],"wp:term":[{"taxonomy":"category","embeddable":true,"href":"https:\/\/kunmedierne.dk\/mors\/wp-json\/wp\/v2\/categories?post=123757"},{"taxonomy":"post_tag","embeddable":true,"href":"https:\/\/kunmedierne.dk\/mors\/wp-json\/wp\/v2\/tags?post=123757"}],"curies":[{"name":"wp","href":"https:\/\/api.w.org\/{rel}","templated":true}]}}