{"id":123679,"date":"2024-08-08T08:14:08","date_gmt":"2024-08-08T06:14:08","guid":{"rendered":"https:\/\/kunmedierne.dk\/mors\/?p=123679"},"modified":"2024-08-12T13:09:55","modified_gmt":"2024-08-12T11:09:55","slug":"kulturmoedet-har-faaet-en-ny-faellessang","status":"publish","type":"post","link":"https:\/\/kunmedierne.dk\/mors\/kulturmoedet-har-faaet-en-ny-faellessang\/","title":{"rendered":"Kulturm\u00f8det har f\u00e5et en ny f\u00e6llessang"},"content":{"rendered":"<p><strong>KULTURM\u00d8DET:<\/strong> Fra den 22. til 24. august samles folk for 11. gang p\u00e5 Mors, n\u00e5r Kulturm\u00f8det inviterer kunstnere, magthavere, meningsdannere og borgere for at tage temperaturen p\u00e5 aktuelle temaer i kulturdebatten \u2013 og blive klogere i f\u00e6llesskab. Foruden det ambiti\u00f8se faglige program byder Kulturm\u00f8det ogs\u00e5 p\u00e5 et kunstprogram af h\u00f8jeste kvalitet.<\/p>\n<a class=\"dvrt-link\" onClick=\"cdmtrack_click(113414,jQuery(this));return false\" href=\"https:\/\/www.p-soerensen.dk\/\"><img decoding=\"async\" style=\"width:100%;\" src=\"https:\/\/kunmedierne.dk\/mors\/wp-content\/uploads\/2024\/03\/p-soerensen-juni25.jpg\"><\/a><script>cdmtrack_view(113414);<\/script>\n<p>I \u00e5r f\u00e5r Kulturm\u00f8det en helt ny f\u00e6llessang, som er komponeret og sunget af den kritikerroste sangerinde, sangskriver og filmkomponist Nana Jacobi. Sangen hedder &#8216;Syv Milliarder M\u00e5der&#8217;, og den f\u00e5r premiere ved Kulturm\u00f8dets \u00e5bningsevent, hvor den opf\u00f8res sammen med publikum og det prisbel\u00f8nnede kor Ung Klang.<\/p>\n<p>Desuden kan sangen ogs\u00e5 opleves ved afslutningen s\u00e5vel som ved B\u00f8rnenes Kulturm\u00f8de, hvor mere end 1.500 b\u00f8rn vil synge med. Endelig vil Jacobi ogs\u00e5 give en magisk koncert med sit band den 22. august kl. 19 p\u00e5 Klosterg\u00e5rden.<\/p>\n<p>&nbsp;<\/p>\n<p><strong>Direkt\u00f8r: &#8220;Nana har virkelig ramt essensen&#8221;\u00a0<\/strong><\/p>\n<p>I sangen synger Jacobi blandt andet f\u00f8lgende linjer:<\/p>\n<p>&#8220;Forskellighed er det nye guld \/ Menneskeheden har favnen fuld \/ N\u00e5r vi blander tanker\u202f\/ Udvider vi hinanden og \/ Verden bliver en lille smule st\u00f8rre&#8221;<\/p>\n<p>Hun fort\u00e6ller her om sine tanker bag sangen:<\/p>\n<p>&#8211; Jeg har v\u00e6ret optaget af budskabet om menneskers forskellighed som en k\u00e6mpe ressource. Det skal vi lige fatte, at det er \u2013 for indimellem reagerer mennesker jo p\u00e5 det, der f\u00f8les anderledes, som noget, der er uvedkommende eller m\u00e5ske decideret utrygt.<\/p>\n<p>Hun forklarer videre, hvorfor sangen er helt perfekt som Kulturm\u00f8dets f\u00e6llessang:<\/p>\n<p>&#8211; Kunstnere udtrykker netop forskellige forst\u00e5elser af det at v\u00e6re menneske i verden. P\u00e5 den m\u00e5de hj\u00e6lper kunstnerne os alle til at forst\u00e5 verden fra flere perspektiver. Det bliver s\u00e6rlig tydeligt p\u00e5 et sted som Kulturm\u00f8det, hvor man kan opleve s\u00e5 mange forskellige kunstneriske sprog og udtryk.<\/p>\n<p>Kulturm\u00f8dets direkt\u00f8r Caspar Ryttergaard udtrykker stor begejstring for sangen:<\/p>\n<p>&#8211; Nana har virkelig ramt essensen af det, som det hele handler om \u2013\u202ff\u00e6llesskabet selvf\u00f8lgelig, men i allerh\u00f8jeste grad ogs\u00e5 fejringen af forskellighed som kilde til inspiration og en \u00f8get forst\u00e5else af verden og menneskerne omkring os. Jeg gl\u00e6der mig til at synge med p\u00e5 sangen til \u00e5bningen, og jeg er stolt over, at vi har f\u00e5et s\u00e5 st\u00e6rk en sang som vores nye, f\u00e6llessang.<\/p>\n<p>&nbsp;<\/p>\n<p><strong>St\u00e5r ogs\u00e5 bag dette \u00e5rs store Skt. Hans-hit\u00a0<\/strong><\/p>\n<p>Det er ikke den f\u00f8rste f\u00e6llessang, Nana Jacobi har skrevet og fremf\u00f8rt. S\u00e5 sent som i juni m\u00e5ned pr\u00e6senterede hun nemlig sin nye midsommersang &#8216;N\u00e5r Jeg Danser B\u00e5let&#8217;. Sangen blev et stort hit, og den blev sunget af danskere over hele landet til Skt. Hans.<\/p>\n<a class=\"dvrt-link\" onClick=\"cdmtrack_click(111725,jQuery(this));return false\" href=\"https:\/\/www.thistedforsikring.dk\/?utm_source=partnerskaber&amp;utm_campaign=kun_mors\"><img decoding=\"async\" style=\"width:100%;\" src=\"https:\/\/kunmedierne.dk\/mors\/wp-content\/uploads\/2024\/02\/269409KunMors-ThistedFor-1.png\"><\/a><script>cdmtrack_view(111725);<\/script>\n<p>Derudover fremf\u00f8rte hun ogs\u00e5 sangen i Go&#8217; Morgen Danmark, p\u00e5 Northside Festival og Copenhell \u2013 og i Frederiksberg Have sammen med 30.000 mennesker.<\/p>\n<p>&nbsp;<\/p>\n<blockquote><p><strong>Om Nana Jacobi\u00a0<\/strong><\/p>\n<p>Nana Jacobi fik sit gennembrud som sangerinde helt tilbage i 2001 med nummeret &#8216;Open Sky&#8217;, som var med p\u00e5 soundtracket til Hella Joofs megasucces &#8216;En Kort En Lang&#8217;. Siden da har hun leveret sange til film af navne som Susanne Bier, Charlotte Sieling og Ole Bornedal.<\/p>\n<p>Hun har ogs\u00e5 udgivet en hel stribe af albums \u2013\u202fsenest i 2022, da hun udsendte &#8216;Elvira Sange&#8217;, der rummer 18 sange fra Viaplay-serien &#8216;Elvira&#8217;. \u00c5ret inden udsendte hun &#8216;Magnet Sky&#8217;, hvor hun is\u00e6r h\u00f8stede stor opm\u00e6rksomhed for den feministiske ballade &#8216;Hold Dit Hjerte Bl\u00f8dt&#8217;, som Annika Aakj\u00e6r og Jeanett Albeck ogs\u00e5 medvirker p\u00e5. Politiken gav albummet 5 hjerter og kaldte Jacobi &#8220;en central skikkelse i dansk pop&#8221; og &#8220;noget af en kultfigur blandt dansk-poppens sanger-sangskrivere&#8221;.<\/p>\n<p>I 2023 var hun p\u00e5 forsiden af GAFFA og leverede en mindev\u00e6rdig koncert p\u00e5 SPOT Festival. GAFFA kvitterede med fem stjerner og skrev, at &#8220;Nana Jacobi og band spinder d\u00e9t stof de mindev\u00e6rdige SPOT-koncerter er skabt af&#8221;. Bands of Tomorrow kaldte koncerten en &#8220;ud-af-kroppen-oplevelse&#8221;, hvor Jacobi &#8220;igen slog fast, hvilken stjerneartist og musiker hun er&#8221;.<\/p>\n<p>Hun er ogs\u00e5 direkt\u00f8r for og medstifter af koncertprojektet HUN SOLO, som siden 2016 har haft mere end 130 kvindelige kunstnere med p\u00e5 scenen \u2013\u202fbl.a. i Store Vega, p\u00e5 Copenhell, Northside Festival og Roskilde Festival. I 2020 modtog HUN SOLO h\u00e6dersprisen Tak Rock Prisen.<\/p>\n<p>Jacobi er desuden en ivrig samfundsdebatt\u00f8r, og hun sidder ogs\u00e5 i bestyrelsen for Koda.<\/p>\n<p>&nbsp;<\/p>\n<p><strong>L\u00e6s mere om Nana Jacobi<\/strong> <a href=\"https:\/\/nanajacobi.dk\/\" target=\"_blank\" rel=\"noopener\">her<\/a><\/p>\n<ul>\n<li>Lyt til <a href=\"https:\/\/soundcloud.com\/nana-la-cour-jacobi\/syv-milliarder-mader?si=3e4421b632b14f7fb2e63298bd262208\" target=\"_blank\" rel=\"noopener\">&#8216;Syv Milliarder M\u00e5der&#8217;<\/a><\/li>\n<\/ul>\n<\/blockquote>\n","protected":false},"excerpt":{"rendered":"<p>KULTURM\u00d8DET: Fra den 22. til 24. august samles folk for 11. gang p\u00e5 Mors, n\u00e5r Kulturm\u00f8det inviterer kunstnere, magthavere, meningsdannere og borgere for at tage temperaturen p\u00e5 aktuelle temaer i kulturdebatten \u2013 og blive klogere i f\u00e6llesskab. Foruden det ambiti\u00f8se faglige program byder Kulturm\u00f8det ogs\u00e5 p\u00e5 et kunstprogram af h\u00f8jeste kvalitet. I \u00e5r f\u00e5r Kulturm\u00f8det [&hellip;]<\/p>\n","protected":false},"author":2507,"featured_media":123680,"comment_status":"closed","ping_status":"closed","sticky":false,"template":"","format":"standard","meta":{"_acf_changed":false,"footnotes":""},"categories":[49],"tags":[162],"class_list":["post-123679","post","type-post","status-publish","format-standard","has-post-thumbnail","hentry","category-kultur","tag-kulturmoedet"],"acf":[],"yoast_head":"<!-- This site is optimized with the Yoast SEO plugin v26.8 - https:\/\/yoast.com\/product\/yoast-seo-wordpress\/ -->\n<title>Kulturm\u00f8det har f\u00e5et en ny f\u00e6llessang - Mors<\/title>\n<meta name=\"robots\" content=\"index, follow, max-snippet:-1, max-image-preview:large, max-video-preview:-1\" \/>\n<link rel=\"canonical\" href=\"https:\/\/kunmedierne.dk\/mors\/kulturmoedet-har-faaet-en-ny-faellessang\/\" \/>\n<meta property=\"og:locale\" content=\"da_DK\" \/>\n<meta property=\"og:type\" content=\"article\" \/>\n<meta property=\"og:title\" content=\"Kulturm\u00f8det har f\u00e5et en ny f\u00e6llessang - Mors\" \/>\n<meta property=\"og:description\" content=\"KULTURM\u00d8DET: Fra den 22. til 24. august samles folk for 11. gang p\u00e5 Mors, n\u00e5r Kulturm\u00f8det inviterer kunstnere, magthavere, meningsdannere og borgere for at tage temperaturen p\u00e5 aktuelle temaer i kulturdebatten \u2013 og blive klogere i f\u00e6llesskab. Foruden det ambiti\u00f8se faglige program byder Kulturm\u00f8det ogs\u00e5 p\u00e5 et kunstprogram af h\u00f8jeste kvalitet. I \u00e5r f\u00e5r Kulturm\u00f8det [&hellip;]\" \/>\n<meta property=\"og:url\" content=\"https:\/\/kunmedierne.dk\/mors\/kulturmoedet-har-faaet-en-ny-faellessang\/\" \/>\n<meta property=\"og:site_name\" content=\"Mors\" \/>\n<meta property=\"article:published_time\" content=\"2024-08-08T06:14:08+00:00\" \/>\n<meta property=\"article:modified_time\" content=\"2024-08-12T11:09:55+00:00\" \/>\n<meta property=\"og:image\" content=\"https:\/\/kunmedierne.dk\/mors\/wp-content\/uploads\/2024\/08\/Design-uden-navn71.png\" \/>\n\t<meta property=\"og:image:width\" content=\"770\" \/>\n\t<meta property=\"og:image:height\" content=\"640\" \/>\n\t<meta property=\"og:image:type\" content=\"image\/png\" \/>\n<meta name=\"author\" content=\"Katrine Hedegaard\" \/>\n<meta name=\"twitter:card\" content=\"summary_large_image\" \/>\n<meta name=\"twitter:label1\" content=\"Skrevet af\" \/>\n\t<meta name=\"twitter:data1\" content=\"Katrine Hedegaard\" \/>\n\t<meta name=\"twitter:label2\" content=\"Estimeret l\u00e6setid\" \/>\n\t<meta name=\"twitter:data2\" content=\"3 minutter\" \/>\n<script type=\"application\/ld+json\" class=\"yoast-schema-graph\">{\"@context\":\"https:\/\/schema.org\",\"@graph\":[{\"@type\":\"Article\",\"@id\":\"https:\/\/kunmedierne.dk\/mors\/kulturmoedet-har-faaet-en-ny-faellessang\/#article\",\"isPartOf\":{\"@id\":\"https:\/\/kunmedierne.dk\/mors\/kulturmoedet-har-faaet-en-ny-faellessang\/\"},\"author\":{\"name\":\"Katrine Hedegaard\",\"@id\":\"https:\/\/kunmedierne.dk\/mors\/#\/schema\/person\/b2e62a38069b12365e53e087a8709c64\"},\"headline\":\"Kulturm\u00f8det har f\u00e5et en ny f\u00e6llessang\",\"datePublished\":\"2024-08-08T06:14:08+00:00\",\"dateModified\":\"2024-08-12T11:09:55+00:00\",\"mainEntityOfPage\":{\"@id\":\"https:\/\/kunmedierne.dk\/mors\/kulturmoedet-har-faaet-en-ny-faellessang\/\"},\"wordCount\":747,\"publisher\":{\"@id\":\"https:\/\/kunmedierne.dk\/mors\/#organization\"},\"image\":{\"@id\":\"https:\/\/kunmedierne.dk\/mors\/kulturmoedet-har-faaet-en-ny-faellessang\/#primaryimage\"},\"thumbnailUrl\":\"https:\/\/kunmedierne.dk\/mors\/wp-content\/uploads\/2024\/08\/Design-uden-navn71.png\",\"keywords\":[\"Kulturm\u00f8det\"],\"articleSection\":[\"Kultur\"],\"inLanguage\":\"da-DK\"},{\"@type\":\"WebPage\",\"@id\":\"https:\/\/kunmedierne.dk\/mors\/kulturmoedet-har-faaet-en-ny-faellessang\/\",\"url\":\"https:\/\/kunmedierne.dk\/mors\/kulturmoedet-har-faaet-en-ny-faellessang\/\",\"name\":\"Kulturm\u00f8det har f\u00e5et en ny f\u00e6llessang - Mors\",\"isPartOf\":{\"@id\":\"https:\/\/kunmedierne.dk\/mors\/#website\"},\"primaryImageOfPage\":{\"@id\":\"https:\/\/kunmedierne.dk\/mors\/kulturmoedet-har-faaet-en-ny-faellessang\/#primaryimage\"},\"image\":{\"@id\":\"https:\/\/kunmedierne.dk\/mors\/kulturmoedet-har-faaet-en-ny-faellessang\/#primaryimage\"},\"thumbnailUrl\":\"https:\/\/kunmedierne.dk\/mors\/wp-content\/uploads\/2024\/08\/Design-uden-navn71.png\",\"datePublished\":\"2024-08-08T06:14:08+00:00\",\"dateModified\":\"2024-08-12T11:09:55+00:00\",\"breadcrumb\":{\"@id\":\"https:\/\/kunmedierne.dk\/mors\/kulturmoedet-har-faaet-en-ny-faellessang\/#breadcrumb\"},\"inLanguage\":\"da-DK\",\"potentialAction\":[{\"@type\":\"ReadAction\",\"target\":[\"https:\/\/kunmedierne.dk\/mors\/kulturmoedet-har-faaet-en-ny-faellessang\/\"]}]},{\"@type\":\"ImageObject\",\"inLanguage\":\"da-DK\",\"@id\":\"https:\/\/kunmedierne.dk\/mors\/kulturmoedet-har-faaet-en-ny-faellessang\/#primaryimage\",\"url\":\"https:\/\/kunmedierne.dk\/mors\/wp-content\/uploads\/2024\/08\/Design-uden-navn71.png\",\"contentUrl\":\"https:\/\/kunmedierne.dk\/mors\/wp-content\/uploads\/2024\/08\/Design-uden-navn71.png\",\"width\":770,\"height\":640,\"caption\":\"Nana Jacobi - musikeren bag Kulturm\u00f8dets nye f\u00e6llessang. Foto: Ewa Mos\"},{\"@type\":\"BreadcrumbList\",\"@id\":\"https:\/\/kunmedierne.dk\/mors\/kulturmoedet-har-faaet-en-ny-faellessang\/#breadcrumb\",\"itemListElement\":[{\"@type\":\"ListItem\",\"position\":1,\"name\":\"Hjem\",\"item\":\"https:\/\/kunmedierne.dk\/mors\/\"},{\"@type\":\"ListItem\",\"position\":2,\"name\":\"Kulturm\u00f8det har f\u00e5et en ny f\u00e6llessang\"}]},{\"@type\":\"WebSite\",\"@id\":\"https:\/\/kunmedierne.dk\/mors\/#website\",\"url\":\"https:\/\/kunmedierne.dk\/mors\/\",\"name\":\"Mors\",\"description\":\"et netmedie med journalistik om livet p\u00e5 Mors\",\"publisher\":{\"@id\":\"https:\/\/kunmedierne.dk\/mors\/#organization\"},\"potentialAction\":[{\"@type\":\"SearchAction\",\"target\":{\"@type\":\"EntryPoint\",\"urlTemplate\":\"https:\/\/kunmedierne.dk\/mors\/?s={search_term_string}\"},\"query-input\":{\"@type\":\"PropertyValueSpecification\",\"valueRequired\":true,\"valueName\":\"search_term_string\"}}],\"inLanguage\":\"da-DK\"},{\"@type\":\"Organization\",\"@id\":\"https:\/\/kunmedierne.dk\/mors\/#organization\",\"name\":\"Mors\",\"url\":\"https:\/\/kunmedierne.dk\/mors\/\",\"logo\":{\"@type\":\"ImageObject\",\"inLanguage\":\"da-DK\",\"@id\":\"https:\/\/kunmedierne.dk\/mors\/#\/schema\/logo\/image\/\",\"url\":\"https:\/\/kunmedierne.dk\/mors\/wp-content\/uploads\/2024\/08\/kunmors-logo.svg\",\"contentUrl\":\"https:\/\/kunmedierne.dk\/mors\/wp-content\/uploads\/2024\/08\/kunmors-logo.svg\",\"caption\":\"Mors\"},\"image\":{\"@id\":\"https:\/\/kunmedierne.dk\/mors\/#\/schema\/logo\/image\/\"}},{\"@type\":\"Person\",\"@id\":\"https:\/\/kunmedierne.dk\/mors\/#\/schema\/person\/b2e62a38069b12365e53e087a8709c64\",\"name\":\"Katrine Hedegaard\",\"image\":{\"@type\":\"ImageObject\",\"inLanguage\":\"da-DK\",\"@id\":\"https:\/\/kunmedierne.dk\/mors\/#\/schema\/person\/image\/\",\"url\":\"https:\/\/secure.gravatar.com\/avatar\/18a5c72fa9148052fd3ed5a58b40fc83cfdc9811090e6e6eec9539af058edcc0?s=96&d=mm&r=g\",\"contentUrl\":\"https:\/\/secure.gravatar.com\/avatar\/18a5c72fa9148052fd3ed5a58b40fc83cfdc9811090e6e6eec9539af058edcc0?s=96&d=mm&r=g\",\"caption\":\"Katrine Hedegaard\"},\"url\":\"https:\/\/kunmedierne.dk\/mors\/author\/katrine\/\"}]}<\/script>\n<!-- \/ Yoast SEO plugin. -->","yoast_head_json":{"title":"Kulturm\u00f8det har f\u00e5et en ny f\u00e6llessang - Mors","robots":{"index":"index","follow":"follow","max-snippet":"max-snippet:-1","max-image-preview":"max-image-preview:large","max-video-preview":"max-video-preview:-1"},"canonical":"https:\/\/kunmedierne.dk\/mors\/kulturmoedet-har-faaet-en-ny-faellessang\/","og_locale":"da_DK","og_type":"article","og_title":"Kulturm\u00f8det har f\u00e5et en ny f\u00e6llessang - Mors","og_description":"KULTURM\u00d8DET: Fra den 22. til 24. august samles folk for 11. gang p\u00e5 Mors, n\u00e5r Kulturm\u00f8det inviterer kunstnere, magthavere, meningsdannere og borgere for at tage temperaturen p\u00e5 aktuelle temaer i kulturdebatten \u2013 og blive klogere i f\u00e6llesskab. Foruden det ambiti\u00f8se faglige program byder Kulturm\u00f8det ogs\u00e5 p\u00e5 et kunstprogram af h\u00f8jeste kvalitet. I \u00e5r f\u00e5r Kulturm\u00f8det [&hellip;]","og_url":"https:\/\/kunmedierne.dk\/mors\/kulturmoedet-har-faaet-en-ny-faellessang\/","og_site_name":"Mors","article_published_time":"2024-08-08T06:14:08+00:00","article_modified_time":"2024-08-12T11:09:55+00:00","og_image":[{"width":770,"height":640,"url":"https:\/\/kunmedierne.dk\/mors\/wp-content\/uploads\/2024\/08\/Design-uden-navn71.png","type":"image\/png"}],"author":"Katrine Hedegaard","twitter_card":"summary_large_image","twitter_misc":{"Skrevet af":"Katrine Hedegaard","Estimeret l\u00e6setid":"3 minutter"},"schema":{"@context":"https:\/\/schema.org","@graph":[{"@type":"Article","@id":"https:\/\/kunmedierne.dk\/mors\/kulturmoedet-har-faaet-en-ny-faellessang\/#article","isPartOf":{"@id":"https:\/\/kunmedierne.dk\/mors\/kulturmoedet-har-faaet-en-ny-faellessang\/"},"author":{"name":"Katrine Hedegaard","@id":"https:\/\/kunmedierne.dk\/mors\/#\/schema\/person\/b2e62a38069b12365e53e087a8709c64"},"headline":"Kulturm\u00f8det har f\u00e5et en ny f\u00e6llessang","datePublished":"2024-08-08T06:14:08+00:00","dateModified":"2024-08-12T11:09:55+00:00","mainEntityOfPage":{"@id":"https:\/\/kunmedierne.dk\/mors\/kulturmoedet-har-faaet-en-ny-faellessang\/"},"wordCount":747,"publisher":{"@id":"https:\/\/kunmedierne.dk\/mors\/#organization"},"image":{"@id":"https:\/\/kunmedierne.dk\/mors\/kulturmoedet-har-faaet-en-ny-faellessang\/#primaryimage"},"thumbnailUrl":"https:\/\/kunmedierne.dk\/mors\/wp-content\/uploads\/2024\/08\/Design-uden-navn71.png","keywords":["Kulturm\u00f8det"],"articleSection":["Kultur"],"inLanguage":"da-DK"},{"@type":"WebPage","@id":"https:\/\/kunmedierne.dk\/mors\/kulturmoedet-har-faaet-en-ny-faellessang\/","url":"https:\/\/kunmedierne.dk\/mors\/kulturmoedet-har-faaet-en-ny-faellessang\/","name":"Kulturm\u00f8det har f\u00e5et en ny f\u00e6llessang - Mors","isPartOf":{"@id":"https:\/\/kunmedierne.dk\/mors\/#website"},"primaryImageOfPage":{"@id":"https:\/\/kunmedierne.dk\/mors\/kulturmoedet-har-faaet-en-ny-faellessang\/#primaryimage"},"image":{"@id":"https:\/\/kunmedierne.dk\/mors\/kulturmoedet-har-faaet-en-ny-faellessang\/#primaryimage"},"thumbnailUrl":"https:\/\/kunmedierne.dk\/mors\/wp-content\/uploads\/2024\/08\/Design-uden-navn71.png","datePublished":"2024-08-08T06:14:08+00:00","dateModified":"2024-08-12T11:09:55+00:00","breadcrumb":{"@id":"https:\/\/kunmedierne.dk\/mors\/kulturmoedet-har-faaet-en-ny-faellessang\/#breadcrumb"},"inLanguage":"da-DK","potentialAction":[{"@type":"ReadAction","target":["https:\/\/kunmedierne.dk\/mors\/kulturmoedet-har-faaet-en-ny-faellessang\/"]}]},{"@type":"ImageObject","inLanguage":"da-DK","@id":"https:\/\/kunmedierne.dk\/mors\/kulturmoedet-har-faaet-en-ny-faellessang\/#primaryimage","url":"https:\/\/kunmedierne.dk\/mors\/wp-content\/uploads\/2024\/08\/Design-uden-navn71.png","contentUrl":"https:\/\/kunmedierne.dk\/mors\/wp-content\/uploads\/2024\/08\/Design-uden-navn71.png","width":770,"height":640,"caption":"Nana Jacobi - musikeren bag Kulturm\u00f8dets nye f\u00e6llessang. Foto: Ewa Mos"},{"@type":"BreadcrumbList","@id":"https:\/\/kunmedierne.dk\/mors\/kulturmoedet-har-faaet-en-ny-faellessang\/#breadcrumb","itemListElement":[{"@type":"ListItem","position":1,"name":"Hjem","item":"https:\/\/kunmedierne.dk\/mors\/"},{"@type":"ListItem","position":2,"name":"Kulturm\u00f8det har f\u00e5et en ny f\u00e6llessang"}]},{"@type":"WebSite","@id":"https:\/\/kunmedierne.dk\/mors\/#website","url":"https:\/\/kunmedierne.dk\/mors\/","name":"Mors","description":"et netmedie med journalistik om livet p\u00e5 Mors","publisher":{"@id":"https:\/\/kunmedierne.dk\/mors\/#organization"},"potentialAction":[{"@type":"SearchAction","target":{"@type":"EntryPoint","urlTemplate":"https:\/\/kunmedierne.dk\/mors\/?s={search_term_string}"},"query-input":{"@type":"PropertyValueSpecification","valueRequired":true,"valueName":"search_term_string"}}],"inLanguage":"da-DK"},{"@type":"Organization","@id":"https:\/\/kunmedierne.dk\/mors\/#organization","name":"Mors","url":"https:\/\/kunmedierne.dk\/mors\/","logo":{"@type":"ImageObject","inLanguage":"da-DK","@id":"https:\/\/kunmedierne.dk\/mors\/#\/schema\/logo\/image\/","url":"https:\/\/kunmedierne.dk\/mors\/wp-content\/uploads\/2024\/08\/kunmors-logo.svg","contentUrl":"https:\/\/kunmedierne.dk\/mors\/wp-content\/uploads\/2024\/08\/kunmors-logo.svg","caption":"Mors"},"image":{"@id":"https:\/\/kunmedierne.dk\/mors\/#\/schema\/logo\/image\/"}},{"@type":"Person","@id":"https:\/\/kunmedierne.dk\/mors\/#\/schema\/person\/b2e62a38069b12365e53e087a8709c64","name":"Katrine Hedegaard","image":{"@type":"ImageObject","inLanguage":"da-DK","@id":"https:\/\/kunmedierne.dk\/mors\/#\/schema\/person\/image\/","url":"https:\/\/secure.gravatar.com\/avatar\/18a5c72fa9148052fd3ed5a58b40fc83cfdc9811090e6e6eec9539af058edcc0?s=96&d=mm&r=g","contentUrl":"https:\/\/secure.gravatar.com\/avatar\/18a5c72fa9148052fd3ed5a58b40fc83cfdc9811090e6e6eec9539af058edcc0?s=96&d=mm&r=g","caption":"Katrine Hedegaard"},"url":"https:\/\/kunmedierne.dk\/mors\/author\/katrine\/"}]}},"_links":{"self":[{"href":"https:\/\/kunmedierne.dk\/mors\/wp-json\/wp\/v2\/posts\/123679","targetHints":{"allow":["GET"]}}],"collection":[{"href":"https:\/\/kunmedierne.dk\/mors\/wp-json\/wp\/v2\/posts"}],"about":[{"href":"https:\/\/kunmedierne.dk\/mors\/wp-json\/wp\/v2\/types\/post"}],"author":[{"embeddable":true,"href":"https:\/\/kunmedierne.dk\/mors\/wp-json\/wp\/v2\/users\/2507"}],"replies":[{"embeddable":true,"href":"https:\/\/kunmedierne.dk\/mors\/wp-json\/wp\/v2\/comments?post=123679"}],"version-history":[{"count":2,"href":"https:\/\/kunmedierne.dk\/mors\/wp-json\/wp\/v2\/posts\/123679\/revisions"}],"predecessor-version":[{"id":123682,"href":"https:\/\/kunmedierne.dk\/mors\/wp-json\/wp\/v2\/posts\/123679\/revisions\/123682"}],"wp:featuredmedia":[{"embeddable":true,"href":"https:\/\/kunmedierne.dk\/mors\/wp-json\/wp\/v2\/media\/123680"}],"wp:attachment":[{"href":"https:\/\/kunmedierne.dk\/mors\/wp-json\/wp\/v2\/media?parent=123679"}],"wp:term":[{"taxonomy":"category","embeddable":true,"href":"https:\/\/kunmedierne.dk\/mors\/wp-json\/wp\/v2\/categories?post=123679"},{"taxonomy":"post_tag","embeddable":true,"href":"https:\/\/kunmedierne.dk\/mors\/wp-json\/wp\/v2\/tags?post=123679"}],"curies":[{"name":"wp","href":"https:\/\/api.w.org\/{rel}","templated":true}]}}