{"id":122875,"date":"2024-08-01T06:01:53","date_gmt":"2024-08-01T04:01:53","guid":{"rendered":"https:\/\/kunmedierne.dk\/mors\/?p=122875"},"modified":"2024-08-12T13:09:57","modified_gmt":"2024-08-12T11:09:57","slug":"multivaerksted-i-oester-assels-aabner-paa-tirsdag","status":"publish","type":"post","link":"https:\/\/kunmedierne.dk\/mors\/multivaerksted-i-oester-assels-aabner-paa-tirsdag\/","title":{"rendered":"Multiv\u00e6rksted i \u00d8ster Assels \u00e5bner p\u00e5 tirsdag"},"content":{"rendered":"<p><strong>KREATIVITET<\/strong>: Tr\u00e6, metal, sten og smykker.<\/p>\n<p>Det er materialer, man med sin kreative \u00e5re i brug fra p\u00e5 tirsdag kan f\u00e5 i h\u00e6nderne i Multiv\u00e6rkstedet p\u00e5 Hester\u00f8roddevej 47 i \u00d8ster Assels.<\/p>\n<p>Nordea-fonden og Landdistriktsr\u00e5det har sammen med mange frivillige kr\u00e6fter gjort det muligt at skabe det, som i en pressemeddelelse bliver beskrevet som\u00a0fantastiske rammer for et stort og alsidigt v\u00e6rksted i byen.<\/p>\n<a class=\"dvrt-link\" onClick=\"cdmtrack_click(104781,jQuery(this));return false\" href=\"https:\/\/www.fmspks.dk\/\"><img decoding=\"async\" style=\"width:100%;\" src=\"https:\/\/kunmedierne.dk\/mors\/wp-content\/uploads\/2022\/02\/vip-froeslev-mollerup-sparekasse.jpg\"><\/a><script>cdmtrack_view(104781);<\/script>\n<p>Multiv\u00e6rkstedet giver interesserede mulighed for at komme og arbejde med tr\u00e6 og metal, lave stenslibning eller fremstille smykker, lyder det projektansvarlig Carl Otto H\u00f8jer S\u00f8rensen og projektleder Jytte S\u00f8ndergaard.<\/p>\n<p>&#8220;Brugerne kan b\u00e5de fremstille eller reparere forskellige genstande som eksempelvis m\u00f8bler eller andet til hus og have, ligesom det er muligt at dreje en sk\u00e5l eller en lysestage eller lave fuglehuse. M\u00e5ske tr\u00e6nger k\u00f8kkenknivene til nye sk\u00e6fter og til at blive slebet. Er man mere kunstnerisk anlagt, kan man lave en skulptur eller billedsk\u00e6ring, og endelig er der ogs\u00e5 mulighed for stenslibning i forbindelse med fremstilling af smykker. Det kan ogs\u00e5 v\u00e6re, at ens guitar tr\u00e6nger til at blive repareret, eller at man f\u00e5r lyst til at bygge<br \/>\net instrument helt fra bunden,&#8221; lyder beskrivelsen af konceptet.<\/p>\n<a class=\"dvrt-link\" onClick=\"cdmtrack_click(104779,jQuery(this));return false\" href=\"https:\/\/morsoe-begravelsesforretning.dk\/\"><img decoding=\"async\" style=\"width:100%;\" src=\"https:\/\/kunmedierne.dk\/mors\/wp-content\/uploads\/2023\/11\/251215-morsoe-begravelsesforretning.jpg\"><\/a><script>cdmtrack_view(104779);<\/script>\n<p>Det tilbyder ikke s\u00e5 f\u00e5 muligheder. V\u00e6rkstedet er s\u00e5ledes udstyret med\u00a0b\u00e5ndsave, afrettere og tykkelsesh\u00f8vle, tr\u00e6drejeb\u00e6nke, metaldrejeb\u00e6nk, rundsav, kap- og geringssav, dekup\u00f8rsav, slibemaskiner til tr\u00e6 og metal samt stenslibning, og derudover diverse h\u00e5ndv\u00e6rkt\u00f8jer.<\/p>\n<p>Og v\u00e6rkstedet er ikke for en smal m\u00e5lgruppe, bliver det understreget. Tv\u00e6rtimod:<\/p>\n<p>&#8220;V\u00e6rkstedet er for alle, uanset om man er interesseret i at arbejde sammen med andre om specifikke emner, eller om man har gang i egne projekter. Uanset hvad vil der altid v\u00e6re hj\u00e6lp at hente, og ind imellem vil vi arrangere dage med instrukt\u00f8rer, der er specialister inden for s\u00e6rlige omr\u00e5der.&#8221;<\/p>\n<a class=\"dvrt-link\" onClick=\"cdmtrack_click(114591,jQuery(this));return false\" href=\"https:\/\/www.facebook.com\/kopogkandemors\"><img decoding=\"async\" style=\"width:100%;\" src=\"https:\/\/kunmedierne.dk\/mors\/wp-content\/uploads\/2024\/03\/kop-og-kande-ja-tak-tilbud.jpg\"><\/a><script>cdmtrack_view(114591);<\/script>\n<p>&#8220;Vi ser frem til at se folk b\u00e5de fra n\u00e6romr\u00e5det og fra resten af \u00f8en, der har lyst til at komme til \u00d8ster Assels for at deltage i sp\u00e6ndende aktiviteter og v\u00e6re med i et godt sammenhold,&#8221; lyder det i pressemeddelelsen.<\/p>\n<blockquote>\n<h3>FAKTA<\/h3>\n<h5>Multiv\u00e6rkstedet i \u00d8ster Assels er skabt af frivillige med st\u00f8tte fra Nordea-fonden og Landdistriktsr\u00e5det.<\/h5>\n<h5>Efter\u00e5rets program indeholder et instrumentbygningsforl\u00f8b over fire torsdage, alle gange fra kl. 17 til 21. I for\u00e5ret 2025 planl\u00e6gges lignende forl\u00f8b inden for tr\u00e6drejning og stenslibning.<\/h5>\n<h6>Kilde: Multiv\u00e6rkstedet i \u00d8ster Assels.<\/h6>\n<\/blockquote>\n","protected":false},"excerpt":{"rendered":"<p>KREATIVITET: Tr\u00e6, metal, sten og smykker. Det er materialer, man med sin kreative \u00e5re i brug fra p\u00e5 tirsdag kan f\u00e5 i h\u00e6nderne i Multiv\u00e6rkstedet p\u00e5 Hester\u00f8roddevej 47 i \u00d8ster Assels. Nordea-fonden og Landdistriktsr\u00e5det har sammen med mange frivillige kr\u00e6fter gjort det muligt at skabe det, som i en pressemeddelelse bliver beskrevet som\u00a0fantastiske rammer for [&hellip;]<\/p>\n","protected":false},"author":8,"featured_media":122891,"comment_status":"closed","ping_status":"closed","sticky":false,"template":"","format":"standard","meta":{"_acf_changed":false,"footnotes":""},"categories":[51],"tags":[196],"class_list":["post-122875","post","type-post","status-publish","format-standard","has-post-thumbnail","hentry","category-lokalt","tag-foreningsliv"],"acf":[],"yoast_head":"<!-- This site is optimized with the Yoast SEO plugin v26.8 - https:\/\/yoast.com\/product\/yoast-seo-wordpress\/ -->\n<title>Multiv\u00e6rksted i \u00d8ster Assels \u00e5bner p\u00e5 tirsdag - Mors<\/title>\n<meta name=\"robots\" content=\"index, follow, max-snippet:-1, max-image-preview:large, max-video-preview:-1\" \/>\n<link rel=\"canonical\" href=\"https:\/\/kunmedierne.dk\/mors\/multivaerksted-i-oester-assels-aabner-paa-tirsdag\/\" \/>\n<meta property=\"og:locale\" content=\"da_DK\" \/>\n<meta property=\"og:type\" content=\"article\" \/>\n<meta property=\"og:title\" content=\"Multiv\u00e6rksted i \u00d8ster Assels \u00e5bner p\u00e5 tirsdag - Mors\" \/>\n<meta property=\"og:description\" content=\"KREATIVITET: Tr\u00e6, metal, sten og smykker. Det er materialer, man med sin kreative \u00e5re i brug fra p\u00e5 tirsdag kan f\u00e5 i h\u00e6nderne i Multiv\u00e6rkstedet p\u00e5 Hester\u00f8roddevej 47 i \u00d8ster Assels. Nordea-fonden og Landdistriktsr\u00e5det har sammen med mange frivillige kr\u00e6fter gjort det muligt at skabe det, som i en pressemeddelelse bliver beskrevet som\u00a0fantastiske rammer for [&hellip;]\" \/>\n<meta property=\"og:url\" content=\"https:\/\/kunmedierne.dk\/mors\/multivaerksted-i-oester-assels-aabner-paa-tirsdag\/\" \/>\n<meta property=\"og:site_name\" content=\"Mors\" \/>\n<meta property=\"article:published_time\" content=\"2024-08-01T04:01:53+00:00\" \/>\n<meta property=\"article:modified_time\" content=\"2024-08-12T11:09:57+00:00\" \/>\n<meta property=\"og:image\" content=\"https:\/\/kunmedierne.dk\/mors\/wp-content\/uploads\/2024\/07\/traedrejning.jpg\" \/>\n\t<meta property=\"og:image:width\" content=\"770\" \/>\n\t<meta property=\"og:image:height\" content=\"513\" \/>\n\t<meta property=\"og:image:type\" content=\"image\/jpeg\" \/>\n<meta name=\"author\" content=\"David H\u00f8jmark\" \/>\n<meta name=\"twitter:card\" content=\"summary_large_image\" \/>\n<meta name=\"twitter:label1\" content=\"Skrevet af\" \/>\n\t<meta name=\"twitter:data1\" content=\"David H\u00f8jmark\" \/>\n\t<meta name=\"twitter:label2\" content=\"Estimeret l\u00e6setid\" \/>\n\t<meta name=\"twitter:data2\" content=\"3 minutter\" \/>\n<script type=\"application\/ld+json\" class=\"yoast-schema-graph\">{\"@context\":\"https:\/\/schema.org\",\"@graph\":[{\"@type\":\"Article\",\"@id\":\"https:\/\/kunmedierne.dk\/mors\/multivaerksted-i-oester-assels-aabner-paa-tirsdag\/#article\",\"isPartOf\":{\"@id\":\"https:\/\/kunmedierne.dk\/mors\/multivaerksted-i-oester-assels-aabner-paa-tirsdag\/\"},\"author\":{\"name\":\"David H\u00f8jmark\",\"@id\":\"https:\/\/kunmedierne.dk\/mors\/#\/schema\/person\/5fe23251bf1d0abbcdc6f7896579d548\"},\"headline\":\"Multiv\u00e6rksted i \u00d8ster Assels \u00e5bner p\u00e5 tirsdag\",\"datePublished\":\"2024-08-01T04:01:53+00:00\",\"dateModified\":\"2024-08-12T11:09:57+00:00\",\"mainEntityOfPage\":{\"@id\":\"https:\/\/kunmedierne.dk\/mors\/multivaerksted-i-oester-assels-aabner-paa-tirsdag\/\"},\"wordCount\":438,\"publisher\":{\"@id\":\"https:\/\/kunmedierne.dk\/mors\/#organization\"},\"image\":{\"@id\":\"https:\/\/kunmedierne.dk\/mors\/multivaerksted-i-oester-assels-aabner-paa-tirsdag\/#primaryimage\"},\"thumbnailUrl\":\"https:\/\/kunmedierne.dk\/mors\/wp-content\/uploads\/2024\/07\/traedrejning.jpg\",\"keywords\":[\"Foreningsliv\"],\"articleSection\":[\"Lokalt\"],\"inLanguage\":\"da-DK\"},{\"@type\":\"WebPage\",\"@id\":\"https:\/\/kunmedierne.dk\/mors\/multivaerksted-i-oester-assels-aabner-paa-tirsdag\/\",\"url\":\"https:\/\/kunmedierne.dk\/mors\/multivaerksted-i-oester-assels-aabner-paa-tirsdag\/\",\"name\":\"Multiv\u00e6rksted i \u00d8ster Assels \u00e5bner p\u00e5 tirsdag - Mors\",\"isPartOf\":{\"@id\":\"https:\/\/kunmedierne.dk\/mors\/#website\"},\"primaryImageOfPage\":{\"@id\":\"https:\/\/kunmedierne.dk\/mors\/multivaerksted-i-oester-assels-aabner-paa-tirsdag\/#primaryimage\"},\"image\":{\"@id\":\"https:\/\/kunmedierne.dk\/mors\/multivaerksted-i-oester-assels-aabner-paa-tirsdag\/#primaryimage\"},\"thumbnailUrl\":\"https:\/\/kunmedierne.dk\/mors\/wp-content\/uploads\/2024\/07\/traedrejning.jpg\",\"datePublished\":\"2024-08-01T04:01:53+00:00\",\"dateModified\":\"2024-08-12T11:09:57+00:00\",\"breadcrumb\":{\"@id\":\"https:\/\/kunmedierne.dk\/mors\/multivaerksted-i-oester-assels-aabner-paa-tirsdag\/#breadcrumb\"},\"inLanguage\":\"da-DK\",\"potentialAction\":[{\"@type\":\"ReadAction\",\"target\":[\"https:\/\/kunmedierne.dk\/mors\/multivaerksted-i-oester-assels-aabner-paa-tirsdag\/\"]}]},{\"@type\":\"ImageObject\",\"inLanguage\":\"da-DK\",\"@id\":\"https:\/\/kunmedierne.dk\/mors\/multivaerksted-i-oester-assels-aabner-paa-tirsdag\/#primaryimage\",\"url\":\"https:\/\/kunmedierne.dk\/mors\/wp-content\/uploads\/2024\/07\/traedrejning.jpg\",\"contentUrl\":\"https:\/\/kunmedierne.dk\/mors\/wp-content\/uploads\/2024\/07\/traedrejning.jpg\",\"width\":770,\"height\":513,\"caption\":\"Tr\u00e6drejning bliver en af mulighederne i Multiv\u00e6rkstedet. Modelfoto: William Warby\/Unsplash.\"},{\"@type\":\"BreadcrumbList\",\"@id\":\"https:\/\/kunmedierne.dk\/mors\/multivaerksted-i-oester-assels-aabner-paa-tirsdag\/#breadcrumb\",\"itemListElement\":[{\"@type\":\"ListItem\",\"position\":1,\"name\":\"Hjem\",\"item\":\"https:\/\/kunmedierne.dk\/mors\/\"},{\"@type\":\"ListItem\",\"position\":2,\"name\":\"Multiv\u00e6rksted i \u00d8ster Assels \u00e5bner p\u00e5 tirsdag\"}]},{\"@type\":\"WebSite\",\"@id\":\"https:\/\/kunmedierne.dk\/mors\/#website\",\"url\":\"https:\/\/kunmedierne.dk\/mors\/\",\"name\":\"Mors\",\"description\":\"et netmedie med journalistik om livet p\u00e5 Mors\",\"publisher\":{\"@id\":\"https:\/\/kunmedierne.dk\/mors\/#organization\"},\"potentialAction\":[{\"@type\":\"SearchAction\",\"target\":{\"@type\":\"EntryPoint\",\"urlTemplate\":\"https:\/\/kunmedierne.dk\/mors\/?s={search_term_string}\"},\"query-input\":{\"@type\":\"PropertyValueSpecification\",\"valueRequired\":true,\"valueName\":\"search_term_string\"}}],\"inLanguage\":\"da-DK\"},{\"@type\":\"Organization\",\"@id\":\"https:\/\/kunmedierne.dk\/mors\/#organization\",\"name\":\"Mors\",\"url\":\"https:\/\/kunmedierne.dk\/mors\/\",\"logo\":{\"@type\":\"ImageObject\",\"inLanguage\":\"da-DK\",\"@id\":\"https:\/\/kunmedierne.dk\/mors\/#\/schema\/logo\/image\/\",\"url\":\"https:\/\/kunmedierne.dk\/mors\/wp-content\/uploads\/2024\/08\/kunmors-logo.svg\",\"contentUrl\":\"https:\/\/kunmedierne.dk\/mors\/wp-content\/uploads\/2024\/08\/kunmors-logo.svg\",\"caption\":\"Mors\"},\"image\":{\"@id\":\"https:\/\/kunmedierne.dk\/mors\/#\/schema\/logo\/image\/\"}},{\"@type\":\"Person\",\"@id\":\"https:\/\/kunmedierne.dk\/mors\/#\/schema\/person\/5fe23251bf1d0abbcdc6f7896579d548\",\"name\":\"David H\u00f8jmark\",\"image\":{\"@type\":\"ImageObject\",\"inLanguage\":\"da-DK\",\"@id\":\"https:\/\/kunmedierne.dk\/mors\/#\/schema\/person\/image\/\",\"url\":\"https:\/\/secure.gravatar.com\/avatar\/4315d6fb9ef244d729989f5f90268eb08d5bf8a3d84402f595fa194bb35784fd?s=96&d=mm&r=g\",\"contentUrl\":\"https:\/\/secure.gravatar.com\/avatar\/4315d6fb9ef244d729989f5f90268eb08d5bf8a3d84402f595fa194bb35784fd?s=96&d=mm&r=g\",\"caption\":\"David H\u00f8jmark\"},\"sameAs\":[\"https:\/\/www.kunmedierne.dk\"],\"url\":\"https:\/\/kunmedierne.dk\/mors\/author\/david\/\"}]}<\/script>\n<!-- \/ Yoast SEO plugin. -->","yoast_head_json":{"title":"Multiv\u00e6rksted i \u00d8ster Assels \u00e5bner p\u00e5 tirsdag - Mors","robots":{"index":"index","follow":"follow","max-snippet":"max-snippet:-1","max-image-preview":"max-image-preview:large","max-video-preview":"max-video-preview:-1"},"canonical":"https:\/\/kunmedierne.dk\/mors\/multivaerksted-i-oester-assels-aabner-paa-tirsdag\/","og_locale":"da_DK","og_type":"article","og_title":"Multiv\u00e6rksted i \u00d8ster Assels \u00e5bner p\u00e5 tirsdag - Mors","og_description":"KREATIVITET: Tr\u00e6, metal, sten og smykker. Det er materialer, man med sin kreative \u00e5re i brug fra p\u00e5 tirsdag kan f\u00e5 i h\u00e6nderne i Multiv\u00e6rkstedet p\u00e5 Hester\u00f8roddevej 47 i \u00d8ster Assels. Nordea-fonden og Landdistriktsr\u00e5det har sammen med mange frivillige kr\u00e6fter gjort det muligt at skabe det, som i en pressemeddelelse bliver beskrevet som\u00a0fantastiske rammer for [&hellip;]","og_url":"https:\/\/kunmedierne.dk\/mors\/multivaerksted-i-oester-assels-aabner-paa-tirsdag\/","og_site_name":"Mors","article_published_time":"2024-08-01T04:01:53+00:00","article_modified_time":"2024-08-12T11:09:57+00:00","og_image":[{"width":770,"height":513,"url":"https:\/\/kunmedierne.dk\/mors\/wp-content\/uploads\/2024\/07\/traedrejning.jpg","type":"image\/jpeg"}],"author":"David H\u00f8jmark","twitter_card":"summary_large_image","twitter_misc":{"Skrevet af":"David H\u00f8jmark","Estimeret l\u00e6setid":"3 minutter"},"schema":{"@context":"https:\/\/schema.org","@graph":[{"@type":"Article","@id":"https:\/\/kunmedierne.dk\/mors\/multivaerksted-i-oester-assels-aabner-paa-tirsdag\/#article","isPartOf":{"@id":"https:\/\/kunmedierne.dk\/mors\/multivaerksted-i-oester-assels-aabner-paa-tirsdag\/"},"author":{"name":"David H\u00f8jmark","@id":"https:\/\/kunmedierne.dk\/mors\/#\/schema\/person\/5fe23251bf1d0abbcdc6f7896579d548"},"headline":"Multiv\u00e6rksted i \u00d8ster Assels \u00e5bner p\u00e5 tirsdag","datePublished":"2024-08-01T04:01:53+00:00","dateModified":"2024-08-12T11:09:57+00:00","mainEntityOfPage":{"@id":"https:\/\/kunmedierne.dk\/mors\/multivaerksted-i-oester-assels-aabner-paa-tirsdag\/"},"wordCount":438,"publisher":{"@id":"https:\/\/kunmedierne.dk\/mors\/#organization"},"image":{"@id":"https:\/\/kunmedierne.dk\/mors\/multivaerksted-i-oester-assels-aabner-paa-tirsdag\/#primaryimage"},"thumbnailUrl":"https:\/\/kunmedierne.dk\/mors\/wp-content\/uploads\/2024\/07\/traedrejning.jpg","keywords":["Foreningsliv"],"articleSection":["Lokalt"],"inLanguage":"da-DK"},{"@type":"WebPage","@id":"https:\/\/kunmedierne.dk\/mors\/multivaerksted-i-oester-assels-aabner-paa-tirsdag\/","url":"https:\/\/kunmedierne.dk\/mors\/multivaerksted-i-oester-assels-aabner-paa-tirsdag\/","name":"Multiv\u00e6rksted i \u00d8ster Assels \u00e5bner p\u00e5 tirsdag - Mors","isPartOf":{"@id":"https:\/\/kunmedierne.dk\/mors\/#website"},"primaryImageOfPage":{"@id":"https:\/\/kunmedierne.dk\/mors\/multivaerksted-i-oester-assels-aabner-paa-tirsdag\/#primaryimage"},"image":{"@id":"https:\/\/kunmedierne.dk\/mors\/multivaerksted-i-oester-assels-aabner-paa-tirsdag\/#primaryimage"},"thumbnailUrl":"https:\/\/kunmedierne.dk\/mors\/wp-content\/uploads\/2024\/07\/traedrejning.jpg","datePublished":"2024-08-01T04:01:53+00:00","dateModified":"2024-08-12T11:09:57+00:00","breadcrumb":{"@id":"https:\/\/kunmedierne.dk\/mors\/multivaerksted-i-oester-assels-aabner-paa-tirsdag\/#breadcrumb"},"inLanguage":"da-DK","potentialAction":[{"@type":"ReadAction","target":["https:\/\/kunmedierne.dk\/mors\/multivaerksted-i-oester-assels-aabner-paa-tirsdag\/"]}]},{"@type":"ImageObject","inLanguage":"da-DK","@id":"https:\/\/kunmedierne.dk\/mors\/multivaerksted-i-oester-assels-aabner-paa-tirsdag\/#primaryimage","url":"https:\/\/kunmedierne.dk\/mors\/wp-content\/uploads\/2024\/07\/traedrejning.jpg","contentUrl":"https:\/\/kunmedierne.dk\/mors\/wp-content\/uploads\/2024\/07\/traedrejning.jpg","width":770,"height":513,"caption":"Tr\u00e6drejning bliver en af mulighederne i Multiv\u00e6rkstedet. Modelfoto: William Warby\/Unsplash."},{"@type":"BreadcrumbList","@id":"https:\/\/kunmedierne.dk\/mors\/multivaerksted-i-oester-assels-aabner-paa-tirsdag\/#breadcrumb","itemListElement":[{"@type":"ListItem","position":1,"name":"Hjem","item":"https:\/\/kunmedierne.dk\/mors\/"},{"@type":"ListItem","position":2,"name":"Multiv\u00e6rksted i \u00d8ster Assels \u00e5bner p\u00e5 tirsdag"}]},{"@type":"WebSite","@id":"https:\/\/kunmedierne.dk\/mors\/#website","url":"https:\/\/kunmedierne.dk\/mors\/","name":"Mors","description":"et netmedie med journalistik om livet p\u00e5 Mors","publisher":{"@id":"https:\/\/kunmedierne.dk\/mors\/#organization"},"potentialAction":[{"@type":"SearchAction","target":{"@type":"EntryPoint","urlTemplate":"https:\/\/kunmedierne.dk\/mors\/?s={search_term_string}"},"query-input":{"@type":"PropertyValueSpecification","valueRequired":true,"valueName":"search_term_string"}}],"inLanguage":"da-DK"},{"@type":"Organization","@id":"https:\/\/kunmedierne.dk\/mors\/#organization","name":"Mors","url":"https:\/\/kunmedierne.dk\/mors\/","logo":{"@type":"ImageObject","inLanguage":"da-DK","@id":"https:\/\/kunmedierne.dk\/mors\/#\/schema\/logo\/image\/","url":"https:\/\/kunmedierne.dk\/mors\/wp-content\/uploads\/2024\/08\/kunmors-logo.svg","contentUrl":"https:\/\/kunmedierne.dk\/mors\/wp-content\/uploads\/2024\/08\/kunmors-logo.svg","caption":"Mors"},"image":{"@id":"https:\/\/kunmedierne.dk\/mors\/#\/schema\/logo\/image\/"}},{"@type":"Person","@id":"https:\/\/kunmedierne.dk\/mors\/#\/schema\/person\/5fe23251bf1d0abbcdc6f7896579d548","name":"David H\u00f8jmark","image":{"@type":"ImageObject","inLanguage":"da-DK","@id":"https:\/\/kunmedierne.dk\/mors\/#\/schema\/person\/image\/","url":"https:\/\/secure.gravatar.com\/avatar\/4315d6fb9ef244d729989f5f90268eb08d5bf8a3d84402f595fa194bb35784fd?s=96&d=mm&r=g","contentUrl":"https:\/\/secure.gravatar.com\/avatar\/4315d6fb9ef244d729989f5f90268eb08d5bf8a3d84402f595fa194bb35784fd?s=96&d=mm&r=g","caption":"David H\u00f8jmark"},"sameAs":["https:\/\/www.kunmedierne.dk"],"url":"https:\/\/kunmedierne.dk\/mors\/author\/david\/"}]}},"_links":{"self":[{"href":"https:\/\/kunmedierne.dk\/mors\/wp-json\/wp\/v2\/posts\/122875","targetHints":{"allow":["GET"]}}],"collection":[{"href":"https:\/\/kunmedierne.dk\/mors\/wp-json\/wp\/v2\/posts"}],"about":[{"href":"https:\/\/kunmedierne.dk\/mors\/wp-json\/wp\/v2\/types\/post"}],"author":[{"embeddable":true,"href":"https:\/\/kunmedierne.dk\/mors\/wp-json\/wp\/v2\/users\/8"}],"replies":[{"embeddable":true,"href":"https:\/\/kunmedierne.dk\/mors\/wp-json\/wp\/v2\/comments?post=122875"}],"version-history":[{"count":4,"href":"https:\/\/kunmedierne.dk\/mors\/wp-json\/wp\/v2\/posts\/122875\/revisions"}],"predecessor-version":[{"id":123547,"href":"https:\/\/kunmedierne.dk\/mors\/wp-json\/wp\/v2\/posts\/122875\/revisions\/123547"}],"wp:featuredmedia":[{"embeddable":true,"href":"https:\/\/kunmedierne.dk\/mors\/wp-json\/wp\/v2\/media\/122891"}],"wp:attachment":[{"href":"https:\/\/kunmedierne.dk\/mors\/wp-json\/wp\/v2\/media?parent=122875"}],"wp:term":[{"taxonomy":"category","embeddable":true,"href":"https:\/\/kunmedierne.dk\/mors\/wp-json\/wp\/v2\/categories?post=122875"},{"taxonomy":"post_tag","embeddable":true,"href":"https:\/\/kunmedierne.dk\/mors\/wp-json\/wp\/v2\/tags?post=122875"}],"curies":[{"name":"wp","href":"https:\/\/api.w.org\/{rel}","templated":true}]}}