{"id":122782,"date":"2024-07-28T12:16:32","date_gmt":"2024-07-28T10:16:32","guid":{"rendered":"https:\/\/kunmedierne.dk\/mors\/?p=122782"},"modified":"2024-08-12T13:09:57","modified_gmt":"2024-08-12T11:09:57","slug":"stort-jubilaeum-paa-toemmergaarden-paa-torsdag-har-niels-vaeret-med-i-40-aar2","status":"publish","type":"post","link":"https:\/\/kunmedierne.dk\/mors\/stort-jubilaeum-paa-toemmergaarden-paa-torsdag-har-niels-vaeret-med-i-40-aar2\/","title":{"rendered":"Stort jubil\u00e6um p\u00e5 T\u00f8mmergaarden: P\u00e5 torsdag har Niels v\u00e6ret med i 40 \u00e5r"},"content":{"rendered":"<p><strong>JUBIL\u00c6UM<\/strong>: N\u00e5r man ved alt om det meste, er et byggemarked et godt sted at byde sig til. P\u00e5 torsdag har en af de mest stabile medarbejdere hos XL-BYG T\u00f8mmergaarden gjort det i 40 \u00e5r.<\/p>\n<p>S\u00e5 l\u00e6nge har Niels Haunstrup Larsen v\u00e6ret ansat i virksomheden, der begyndte som \u00d8ster J\u00f8lby T\u00f8mmerhandel, og som i 1989 flyttede til Soltoften i Nyk\u00f8bing med Niels som en del af personalet.<\/p>\n<p>Det har han v\u00e6ret i nu fire \u00e5rtier &#8211; de f\u00f8rste mange \u00e5r med maling som arbejdsomr\u00e5de og siden omkring VVS, varme og maskiner. Han har med andre ord haft med stort set alle vareomr\u00e5der at g\u00f8re i butikken, lyder det i en beskrivelse fra T\u00f8mmergaarden til KunMors.<\/p>\n<a class=\"dvrt-link\" onClick=\"cdmtrack_click(169437,jQuery(this));return false\" href=\"https:\/\/thymors.dk\/sponsorater\/15-til-faellesskabet?utm_source=kunmors&amp;utm_medium=annonce&amp;utm_campaign=sponsorater\"><img decoding=\"async\" style=\"width:100%;\" src=\"https:\/\/kunmedierne.dk\/mors\/wp-content\/uploads\/2026\/03\/260407ThyMors-energi_faellesskab_generel-1.jpg\"><\/a><script>cdmtrack_view(169437);<\/script>\n<p>Den fort\u00e6ller, at Niels aldrig er bange for at s\u00e6tte sig ind i nye produkter, og at han er s\u00e6lger i ordets fineste forstand. Mange kunder s\u00f8ger ham derfor automatisk, fordi de ved, at han ved alt om det meste.<\/p>\n<p>Det skyldes ogs\u00e5, at han igennem \u00e5rene aldrig har v\u00e6ret bange for at s\u00e6tte sig ind i nye vareomr\u00e5der, og at han derfor kan servicere folk, uanset om de mangler den rette olie til deres pl\u00e6neklipper, en ny br\u00e6ndeovn eller en helt specifik og s\u00e6rlig VVS-fitting.<\/p>\n<p>Samtidig kender jubilaren til v\u00e6rdien af tilfredse kunder. Et salg kan f\u00f8re til flere, hvis kunden er tilfreds med r\u00e5dgivningen &#8211; og som minimum til en tilfreds k\u00f8ber. Derfor g\u00e5r han altid langt for kunderne og ser forretningsmuligheder i at g\u00f8re det lettere for dem at tr\u00e6ffe deres beslutning.<\/p>\n<a class=\"dvrt-link\" onClick=\"cdmtrack_click(104785,jQuery(this));return false\" href=\"https:\/\/www.facebook.com\/lyndrups\"><img decoding=\"async\" style=\"width:100%;\" src=\"https:\/\/kunmedierne.dk\/mors\/wp-content\/uploads\/2022\/02\/vip-lyndrups-rengoering.jpg\"><\/a><script>cdmtrack_view(104785);<\/script>\n<p>&#8220;Dette blandt andet illustreret ved utallige samarbejder omkring montage af produkter. Niels kan f\u00e5 solcellerne direkte op p\u00e5 dit tag, den nye br\u00e6ndeovn monteret til netop din skorsten og robotpl\u00e6neklipperen til at rulle p\u00e5 det helt rette areal i din have,&#8221; lyder beskrivelsen.<\/p>\n<p>&nbsp;<\/p>\n<p><strong>Ude med sn\u00f8ren i fritiden<\/strong><\/p>\n<p>Man n\u00e5r dog ikke 40 \u00e5r p\u00e5 nogen virksomhed, hvis den ikke ogs\u00e5 har medarbejderne i fokus. Og hovedpersonen bliver da ogs\u00e5 beskrevet som en, der altid har v\u00e6ret engageret i arbejdet med arbejdsmilj\u00f8, og som har det kendetegn, at tingene skal foreg\u00e5 p\u00e5 en ordentlig m\u00e5de.<\/p>\n<p class=\"v1MsoNormal\">&#8220;Han er en god kollega, som man lytter til b\u00e5de fagligt og personligt, og mange af vores elever har f\u00e5et god hj\u00e6lp og st\u00f8tte fra Niels,&#8221; skriver T\u00f8mmergaarden.<\/p>\n<a class=\"dvrt-link\" onClick=\"cdmtrack_click(104781,jQuery(this));return false\" href=\"https:\/\/www.fmspks.dk\/\"><img decoding=\"async\" style=\"width:100%;\" src=\"https:\/\/kunmedierne.dk\/mors\/wp-content\/uploads\/2022\/02\/vip-froeslev-mollerup-sparekasse.jpg\"><\/a><script>cdmtrack_view(104781);<\/script>\n<p>Den fort\u00e6ller ogs\u00e5, at energien bliver taget med uden for arbejdslivet:<\/p>\n<p class=\"v1MsoNormal\">&#8220;N\u00e5r Niels holder fri, ynder han at v\u00e6re ude med sn\u00f8ren. Han er ivrig lystfisker og aktiv i foreningslivet \u2013 s\u00e5 man kan helt sikkert ogs\u00e5 f\u00e5 en god snak med Niels om n\u00e6ringsstofferne i vores vand.&#8221;<\/p>\n<p class=\"v1MsoNormal\">Den officielle jubil\u00e6umsdag er torsdag den 1. august. Fredag den 16. august fra klokken 12 til 15 f\u00e5r familie, venner, kollegaer, kunder og forretningsforbindelser lejlighed til at fejre Niels Haunstrup Larsen ved en uformel reception p\u00e5 p\u00e5 Soltoften 3.<\/p>\n","protected":false},"excerpt":{"rendered":"<p>JUBIL\u00c6UM: N\u00e5r man ved alt om det meste, er et byggemarked et godt sted at byde sig til. P\u00e5 torsdag har en af de mest stabile medarbejdere hos XL-BYG T\u00f8mmergaarden gjort det i 40 \u00e5r. S\u00e5 l\u00e6nge har Niels Haunstrup Larsen v\u00e6ret ansat i virksomheden, der begyndte som \u00d8ster J\u00f8lby T\u00f8mmerhandel, og som i 1989 [&hellip;]<\/p>\n","protected":false},"author":8,"featured_media":122784,"comment_status":"closed","ping_status":"open","sticky":false,"template":"","format":"standard","meta":{"_acf_changed":false,"footnotes":""},"categories":[51,52],"tags":[159,160],"class_list":["post-122782","post","type-post","status-publish","format-standard","has-post-thumbnail","hentry","category-lokalt","category-navne","tag-erhverv","tag-handel"],"acf":[],"yoast_head":"<!-- This site is optimized with the Yoast SEO plugin v26.8 - https:\/\/yoast.com\/product\/yoast-seo-wordpress\/ -->\n<title>Stort jubil\u00e6um p\u00e5 T\u00f8mmergaarden: P\u00e5 torsdag har Niels v\u00e6ret med i 40 \u00e5r - Mors<\/title>\n<meta name=\"robots\" content=\"index, follow, max-snippet:-1, max-image-preview:large, max-video-preview:-1\" \/>\n<link rel=\"canonical\" href=\"https:\/\/kunmedierne.dk\/mors\/stort-jubilaeum-paa-toemmergaarden-paa-torsdag-har-niels-vaeret-med-i-40-aar2\/\" \/>\n<meta property=\"og:locale\" content=\"da_DK\" \/>\n<meta property=\"og:type\" content=\"article\" \/>\n<meta property=\"og:title\" content=\"Stort jubil\u00e6um p\u00e5 T\u00f8mmergaarden: P\u00e5 torsdag har Niels v\u00e6ret med i 40 \u00e5r - Mors\" \/>\n<meta property=\"og:description\" content=\"JUBIL\u00c6UM: N\u00e5r man ved alt om det meste, er et byggemarked et godt sted at byde sig til. P\u00e5 torsdag har en af de mest stabile medarbejdere hos XL-BYG T\u00f8mmergaarden gjort det i 40 \u00e5r. S\u00e5 l\u00e6nge har Niels Haunstrup Larsen v\u00e6ret ansat i virksomheden, der begyndte som \u00d8ster J\u00f8lby T\u00f8mmerhandel, og som i 1989 [&hellip;]\" \/>\n<meta property=\"og:url\" content=\"https:\/\/kunmedierne.dk\/mors\/stort-jubilaeum-paa-toemmergaarden-paa-torsdag-har-niels-vaeret-med-i-40-aar2\/\" \/>\n<meta property=\"og:site_name\" content=\"Mors\" \/>\n<meta property=\"article:published_time\" content=\"2024-07-28T10:16:32+00:00\" \/>\n<meta property=\"article:modified_time\" content=\"2024-08-12T11:09:57+00:00\" \/>\n<meta property=\"og:image\" content=\"https:\/\/kunmedierne.dk\/mors\/wp-content\/uploads\/2024\/07\/Design-uden-navn-65.jpg\" \/>\n\t<meta property=\"og:image:width\" content=\"770\" \/>\n\t<meta property=\"og:image:height\" content=\"513\" \/>\n\t<meta property=\"og:image:type\" content=\"image\/jpeg\" \/>\n<meta name=\"author\" content=\"David H\u00f8jmark\" \/>\n<meta name=\"twitter:card\" content=\"summary_large_image\" \/>\n<meta name=\"twitter:label1\" content=\"Skrevet af\" \/>\n\t<meta name=\"twitter:data1\" content=\"David H\u00f8jmark\" \/>\n\t<meta name=\"twitter:label2\" content=\"Estimeret l\u00e6setid\" \/>\n\t<meta name=\"twitter:data2\" content=\"3 minutter\" \/>\n<script type=\"application\/ld+json\" class=\"yoast-schema-graph\">{\"@context\":\"https:\/\/schema.org\",\"@graph\":[{\"@type\":\"Article\",\"@id\":\"https:\/\/kunmedierne.dk\/mors\/stort-jubilaeum-paa-toemmergaarden-paa-torsdag-har-niels-vaeret-med-i-40-aar2\/#article\",\"isPartOf\":{\"@id\":\"https:\/\/kunmedierne.dk\/mors\/stort-jubilaeum-paa-toemmergaarden-paa-torsdag-har-niels-vaeret-med-i-40-aar2\/\"},\"author\":{\"name\":\"David H\u00f8jmark\",\"@id\":\"https:\/\/kunmedierne.dk\/mors\/#\/schema\/person\/5fe23251bf1d0abbcdc6f7896579d548\"},\"headline\":\"Stort jubil\u00e6um p\u00e5 T\u00f8mmergaarden: P\u00e5 torsdag har Niels v\u00e6ret med i 40 \u00e5r\",\"datePublished\":\"2024-07-28T10:16:32+00:00\",\"dateModified\":\"2024-08-12T11:09:57+00:00\",\"mainEntityOfPage\":{\"@id\":\"https:\/\/kunmedierne.dk\/mors\/stort-jubilaeum-paa-toemmergaarden-paa-torsdag-har-niels-vaeret-med-i-40-aar2\/\"},\"wordCount\":522,\"publisher\":{\"@id\":\"https:\/\/kunmedierne.dk\/mors\/#organization\"},\"image\":{\"@id\":\"https:\/\/kunmedierne.dk\/mors\/stort-jubilaeum-paa-toemmergaarden-paa-torsdag-har-niels-vaeret-med-i-40-aar2\/#primaryimage\"},\"thumbnailUrl\":\"https:\/\/kunmedierne.dk\/mors\/wp-content\/uploads\/2024\/07\/Design-uden-navn-65.jpg\",\"keywords\":[\"Erhverv\",\"Handel\"],\"articleSection\":[\"Lokalt\",\"Navne\"],\"inLanguage\":\"da-DK\"},{\"@type\":\"WebPage\",\"@id\":\"https:\/\/kunmedierne.dk\/mors\/stort-jubilaeum-paa-toemmergaarden-paa-torsdag-har-niels-vaeret-med-i-40-aar2\/\",\"url\":\"https:\/\/kunmedierne.dk\/mors\/stort-jubilaeum-paa-toemmergaarden-paa-torsdag-har-niels-vaeret-med-i-40-aar2\/\",\"name\":\"Stort jubil\u00e6um p\u00e5 T\u00f8mmergaarden: P\u00e5 torsdag har Niels v\u00e6ret med i 40 \u00e5r - Mors\",\"isPartOf\":{\"@id\":\"https:\/\/kunmedierne.dk\/mors\/#website\"},\"primaryImageOfPage\":{\"@id\":\"https:\/\/kunmedierne.dk\/mors\/stort-jubilaeum-paa-toemmergaarden-paa-torsdag-har-niels-vaeret-med-i-40-aar2\/#primaryimage\"},\"image\":{\"@id\":\"https:\/\/kunmedierne.dk\/mors\/stort-jubilaeum-paa-toemmergaarden-paa-torsdag-har-niels-vaeret-med-i-40-aar2\/#primaryimage\"},\"thumbnailUrl\":\"https:\/\/kunmedierne.dk\/mors\/wp-content\/uploads\/2024\/07\/Design-uden-navn-65.jpg\",\"datePublished\":\"2024-07-28T10:16:32+00:00\",\"dateModified\":\"2024-08-12T11:09:57+00:00\",\"breadcrumb\":{\"@id\":\"https:\/\/kunmedierne.dk\/mors\/stort-jubilaeum-paa-toemmergaarden-paa-torsdag-har-niels-vaeret-med-i-40-aar2\/#breadcrumb\"},\"inLanguage\":\"da-DK\",\"potentialAction\":[{\"@type\":\"ReadAction\",\"target\":[\"https:\/\/kunmedierne.dk\/mors\/stort-jubilaeum-paa-toemmergaarden-paa-torsdag-har-niels-vaeret-med-i-40-aar2\/\"]}]},{\"@type\":\"ImageObject\",\"inLanguage\":\"da-DK\",\"@id\":\"https:\/\/kunmedierne.dk\/mors\/stort-jubilaeum-paa-toemmergaarden-paa-torsdag-har-niels-vaeret-med-i-40-aar2\/#primaryimage\",\"url\":\"https:\/\/kunmedierne.dk\/mors\/wp-content\/uploads\/2024\/07\/Design-uden-navn-65.jpg\",\"contentUrl\":\"https:\/\/kunmedierne.dk\/mors\/wp-content\/uploads\/2024\/07\/Design-uden-navn-65.jpg\",\"width\":770,\"height\":513,\"caption\":\"Niels Haunstrup Larsen. Foto: XL BYG-T\u00f8mmergaarden.\"},{\"@type\":\"BreadcrumbList\",\"@id\":\"https:\/\/kunmedierne.dk\/mors\/stort-jubilaeum-paa-toemmergaarden-paa-torsdag-har-niels-vaeret-med-i-40-aar2\/#breadcrumb\",\"itemListElement\":[{\"@type\":\"ListItem\",\"position\":1,\"name\":\"Hjem\",\"item\":\"https:\/\/kunmedierne.dk\/mors\/\"},{\"@type\":\"ListItem\",\"position\":2,\"name\":\"Stort jubil\u00e6um p\u00e5 T\u00f8mmergaarden: P\u00e5 torsdag har Niels v\u00e6ret med i 40 \u00e5r\"}]},{\"@type\":\"WebSite\",\"@id\":\"https:\/\/kunmedierne.dk\/mors\/#website\",\"url\":\"https:\/\/kunmedierne.dk\/mors\/\",\"name\":\"Mors\",\"description\":\"et netmedie med journalistik om livet p\u00e5 Mors\",\"publisher\":{\"@id\":\"https:\/\/kunmedierne.dk\/mors\/#organization\"},\"potentialAction\":[{\"@type\":\"SearchAction\",\"target\":{\"@type\":\"EntryPoint\",\"urlTemplate\":\"https:\/\/kunmedierne.dk\/mors\/?s={search_term_string}\"},\"query-input\":{\"@type\":\"PropertyValueSpecification\",\"valueRequired\":true,\"valueName\":\"search_term_string\"}}],\"inLanguage\":\"da-DK\"},{\"@type\":\"Organization\",\"@id\":\"https:\/\/kunmedierne.dk\/mors\/#organization\",\"name\":\"Mors\",\"url\":\"https:\/\/kunmedierne.dk\/mors\/\",\"logo\":{\"@type\":\"ImageObject\",\"inLanguage\":\"da-DK\",\"@id\":\"https:\/\/kunmedierne.dk\/mors\/#\/schema\/logo\/image\/\",\"url\":\"https:\/\/kunmedierne.dk\/mors\/wp-content\/uploads\/2024\/08\/kunmors-logo.svg\",\"contentUrl\":\"https:\/\/kunmedierne.dk\/mors\/wp-content\/uploads\/2024\/08\/kunmors-logo.svg\",\"caption\":\"Mors\"},\"image\":{\"@id\":\"https:\/\/kunmedierne.dk\/mors\/#\/schema\/logo\/image\/\"}},{\"@type\":\"Person\",\"@id\":\"https:\/\/kunmedierne.dk\/mors\/#\/schema\/person\/5fe23251bf1d0abbcdc6f7896579d548\",\"name\":\"David H\u00f8jmark\",\"image\":{\"@type\":\"ImageObject\",\"inLanguage\":\"da-DK\",\"@id\":\"https:\/\/kunmedierne.dk\/mors\/#\/schema\/person\/image\/\",\"url\":\"https:\/\/secure.gravatar.com\/avatar\/4315d6fb9ef244d729989f5f90268eb08d5bf8a3d84402f595fa194bb35784fd?s=96&d=mm&r=g\",\"contentUrl\":\"https:\/\/secure.gravatar.com\/avatar\/4315d6fb9ef244d729989f5f90268eb08d5bf8a3d84402f595fa194bb35784fd?s=96&d=mm&r=g\",\"caption\":\"David H\u00f8jmark\"},\"sameAs\":[\"https:\/\/www.kunmedierne.dk\"],\"url\":\"https:\/\/kunmedierne.dk\/mors\/author\/david\/\"}]}<\/script>\n<!-- \/ Yoast SEO plugin. -->","yoast_head_json":{"title":"Stort jubil\u00e6um p\u00e5 T\u00f8mmergaarden: P\u00e5 torsdag har Niels v\u00e6ret med i 40 \u00e5r - Mors","robots":{"index":"index","follow":"follow","max-snippet":"max-snippet:-1","max-image-preview":"max-image-preview:large","max-video-preview":"max-video-preview:-1"},"canonical":"https:\/\/kunmedierne.dk\/mors\/stort-jubilaeum-paa-toemmergaarden-paa-torsdag-har-niels-vaeret-med-i-40-aar2\/","og_locale":"da_DK","og_type":"article","og_title":"Stort jubil\u00e6um p\u00e5 T\u00f8mmergaarden: P\u00e5 torsdag har Niels v\u00e6ret med i 40 \u00e5r - Mors","og_description":"JUBIL\u00c6UM: N\u00e5r man ved alt om det meste, er et byggemarked et godt sted at byde sig til. P\u00e5 torsdag har en af de mest stabile medarbejdere hos XL-BYG T\u00f8mmergaarden gjort det i 40 \u00e5r. S\u00e5 l\u00e6nge har Niels Haunstrup Larsen v\u00e6ret ansat i virksomheden, der begyndte som \u00d8ster J\u00f8lby T\u00f8mmerhandel, og som i 1989 [&hellip;]","og_url":"https:\/\/kunmedierne.dk\/mors\/stort-jubilaeum-paa-toemmergaarden-paa-torsdag-har-niels-vaeret-med-i-40-aar2\/","og_site_name":"Mors","article_published_time":"2024-07-28T10:16:32+00:00","article_modified_time":"2024-08-12T11:09:57+00:00","og_image":[{"width":770,"height":513,"url":"https:\/\/kunmedierne.dk\/mors\/wp-content\/uploads\/2024\/07\/Design-uden-navn-65.jpg","type":"image\/jpeg"}],"author":"David H\u00f8jmark","twitter_card":"summary_large_image","twitter_misc":{"Skrevet af":"David H\u00f8jmark","Estimeret l\u00e6setid":"3 minutter"},"schema":{"@context":"https:\/\/schema.org","@graph":[{"@type":"Article","@id":"https:\/\/kunmedierne.dk\/mors\/stort-jubilaeum-paa-toemmergaarden-paa-torsdag-har-niels-vaeret-med-i-40-aar2\/#article","isPartOf":{"@id":"https:\/\/kunmedierne.dk\/mors\/stort-jubilaeum-paa-toemmergaarden-paa-torsdag-har-niels-vaeret-med-i-40-aar2\/"},"author":{"name":"David H\u00f8jmark","@id":"https:\/\/kunmedierne.dk\/mors\/#\/schema\/person\/5fe23251bf1d0abbcdc6f7896579d548"},"headline":"Stort jubil\u00e6um p\u00e5 T\u00f8mmergaarden: P\u00e5 torsdag har Niels v\u00e6ret med i 40 \u00e5r","datePublished":"2024-07-28T10:16:32+00:00","dateModified":"2024-08-12T11:09:57+00:00","mainEntityOfPage":{"@id":"https:\/\/kunmedierne.dk\/mors\/stort-jubilaeum-paa-toemmergaarden-paa-torsdag-har-niels-vaeret-med-i-40-aar2\/"},"wordCount":522,"publisher":{"@id":"https:\/\/kunmedierne.dk\/mors\/#organization"},"image":{"@id":"https:\/\/kunmedierne.dk\/mors\/stort-jubilaeum-paa-toemmergaarden-paa-torsdag-har-niels-vaeret-med-i-40-aar2\/#primaryimage"},"thumbnailUrl":"https:\/\/kunmedierne.dk\/mors\/wp-content\/uploads\/2024\/07\/Design-uden-navn-65.jpg","keywords":["Erhverv","Handel"],"articleSection":["Lokalt","Navne"],"inLanguage":"da-DK"},{"@type":"WebPage","@id":"https:\/\/kunmedierne.dk\/mors\/stort-jubilaeum-paa-toemmergaarden-paa-torsdag-har-niels-vaeret-med-i-40-aar2\/","url":"https:\/\/kunmedierne.dk\/mors\/stort-jubilaeum-paa-toemmergaarden-paa-torsdag-har-niels-vaeret-med-i-40-aar2\/","name":"Stort jubil\u00e6um p\u00e5 T\u00f8mmergaarden: P\u00e5 torsdag har Niels v\u00e6ret med i 40 \u00e5r - Mors","isPartOf":{"@id":"https:\/\/kunmedierne.dk\/mors\/#website"},"primaryImageOfPage":{"@id":"https:\/\/kunmedierne.dk\/mors\/stort-jubilaeum-paa-toemmergaarden-paa-torsdag-har-niels-vaeret-med-i-40-aar2\/#primaryimage"},"image":{"@id":"https:\/\/kunmedierne.dk\/mors\/stort-jubilaeum-paa-toemmergaarden-paa-torsdag-har-niels-vaeret-med-i-40-aar2\/#primaryimage"},"thumbnailUrl":"https:\/\/kunmedierne.dk\/mors\/wp-content\/uploads\/2024\/07\/Design-uden-navn-65.jpg","datePublished":"2024-07-28T10:16:32+00:00","dateModified":"2024-08-12T11:09:57+00:00","breadcrumb":{"@id":"https:\/\/kunmedierne.dk\/mors\/stort-jubilaeum-paa-toemmergaarden-paa-torsdag-har-niels-vaeret-med-i-40-aar2\/#breadcrumb"},"inLanguage":"da-DK","potentialAction":[{"@type":"ReadAction","target":["https:\/\/kunmedierne.dk\/mors\/stort-jubilaeum-paa-toemmergaarden-paa-torsdag-har-niels-vaeret-med-i-40-aar2\/"]}]},{"@type":"ImageObject","inLanguage":"da-DK","@id":"https:\/\/kunmedierne.dk\/mors\/stort-jubilaeum-paa-toemmergaarden-paa-torsdag-har-niels-vaeret-med-i-40-aar2\/#primaryimage","url":"https:\/\/kunmedierne.dk\/mors\/wp-content\/uploads\/2024\/07\/Design-uden-navn-65.jpg","contentUrl":"https:\/\/kunmedierne.dk\/mors\/wp-content\/uploads\/2024\/07\/Design-uden-navn-65.jpg","width":770,"height":513,"caption":"Niels Haunstrup Larsen. Foto: XL BYG-T\u00f8mmergaarden."},{"@type":"BreadcrumbList","@id":"https:\/\/kunmedierne.dk\/mors\/stort-jubilaeum-paa-toemmergaarden-paa-torsdag-har-niels-vaeret-med-i-40-aar2\/#breadcrumb","itemListElement":[{"@type":"ListItem","position":1,"name":"Hjem","item":"https:\/\/kunmedierne.dk\/mors\/"},{"@type":"ListItem","position":2,"name":"Stort jubil\u00e6um p\u00e5 T\u00f8mmergaarden: P\u00e5 torsdag har Niels v\u00e6ret med i 40 \u00e5r"}]},{"@type":"WebSite","@id":"https:\/\/kunmedierne.dk\/mors\/#website","url":"https:\/\/kunmedierne.dk\/mors\/","name":"Mors","description":"et netmedie med journalistik om livet p\u00e5 Mors","publisher":{"@id":"https:\/\/kunmedierne.dk\/mors\/#organization"},"potentialAction":[{"@type":"SearchAction","target":{"@type":"EntryPoint","urlTemplate":"https:\/\/kunmedierne.dk\/mors\/?s={search_term_string}"},"query-input":{"@type":"PropertyValueSpecification","valueRequired":true,"valueName":"search_term_string"}}],"inLanguage":"da-DK"},{"@type":"Organization","@id":"https:\/\/kunmedierne.dk\/mors\/#organization","name":"Mors","url":"https:\/\/kunmedierne.dk\/mors\/","logo":{"@type":"ImageObject","inLanguage":"da-DK","@id":"https:\/\/kunmedierne.dk\/mors\/#\/schema\/logo\/image\/","url":"https:\/\/kunmedierne.dk\/mors\/wp-content\/uploads\/2024\/08\/kunmors-logo.svg","contentUrl":"https:\/\/kunmedierne.dk\/mors\/wp-content\/uploads\/2024\/08\/kunmors-logo.svg","caption":"Mors"},"image":{"@id":"https:\/\/kunmedierne.dk\/mors\/#\/schema\/logo\/image\/"}},{"@type":"Person","@id":"https:\/\/kunmedierne.dk\/mors\/#\/schema\/person\/5fe23251bf1d0abbcdc6f7896579d548","name":"David H\u00f8jmark","image":{"@type":"ImageObject","inLanguage":"da-DK","@id":"https:\/\/kunmedierne.dk\/mors\/#\/schema\/person\/image\/","url":"https:\/\/secure.gravatar.com\/avatar\/4315d6fb9ef244d729989f5f90268eb08d5bf8a3d84402f595fa194bb35784fd?s=96&d=mm&r=g","contentUrl":"https:\/\/secure.gravatar.com\/avatar\/4315d6fb9ef244d729989f5f90268eb08d5bf8a3d84402f595fa194bb35784fd?s=96&d=mm&r=g","caption":"David H\u00f8jmark"},"sameAs":["https:\/\/www.kunmedierne.dk"],"url":"https:\/\/kunmedierne.dk\/mors\/author\/david\/"}]}},"_links":{"self":[{"href":"https:\/\/kunmedierne.dk\/mors\/wp-json\/wp\/v2\/posts\/122782","targetHints":{"allow":["GET"]}}],"collection":[{"href":"https:\/\/kunmedierne.dk\/mors\/wp-json\/wp\/v2\/posts"}],"about":[{"href":"https:\/\/kunmedierne.dk\/mors\/wp-json\/wp\/v2\/types\/post"}],"author":[{"embeddable":true,"href":"https:\/\/kunmedierne.dk\/mors\/wp-json\/wp\/v2\/users\/8"}],"replies":[{"embeddable":true,"href":"https:\/\/kunmedierne.dk\/mors\/wp-json\/wp\/v2\/comments?post=122782"}],"version-history":[{"count":6,"href":"https:\/\/kunmedierne.dk\/mors\/wp-json\/wp\/v2\/posts\/122782\/revisions"}],"predecessor-version":[{"id":122789,"href":"https:\/\/kunmedierne.dk\/mors\/wp-json\/wp\/v2\/posts\/122782\/revisions\/122789"}],"wp:featuredmedia":[{"embeddable":true,"href":"https:\/\/kunmedierne.dk\/mors\/wp-json\/wp\/v2\/media\/122784"}],"wp:attachment":[{"href":"https:\/\/kunmedierne.dk\/mors\/wp-json\/wp\/v2\/media?parent=122782"}],"wp:term":[{"taxonomy":"category","embeddable":true,"href":"https:\/\/kunmedierne.dk\/mors\/wp-json\/wp\/v2\/categories?post=122782"},{"taxonomy":"post_tag","embeddable":true,"href":"https:\/\/kunmedierne.dk\/mors\/wp-json\/wp\/v2\/tags?post=122782"}],"curies":[{"name":"wp","href":"https:\/\/api.w.org\/{rel}","templated":true}]}}