{"id":122722,"date":"2024-07-26T11:25:49","date_gmt":"2024-07-26T09:25:49","guid":{"rendered":"https:\/\/kunmedierne.dk\/mors\/?p=122722"},"modified":"2024-08-12T13:09:58","modified_gmt":"2024-08-12T11:09:58","slug":"naessundfaergen-bliver-til-kulturfaerge-under-kulturmoedet","status":"publish","type":"post","link":"https:\/\/kunmedierne.dk\/mors\/naessundfaergen-bliver-til-kulturfaerge-under-kulturmoedet\/","title":{"rendered":"N\u00e6ssundf\u00e6rgen bliver til kulturf\u00e6rge under Kulturm\u00f8det"},"content":{"rendered":"<p><strong>SEJLADS<\/strong>: En redningsaktion for N\u00e6ssundf\u00e6rgen giver nu ogs\u00e5 Kulturm\u00f8det en ekstra dimension.<\/p>\n<p>Arbejdsgruppen, der siden krisem\u00f8det i slutningen af maj har arbejdet p\u00e5 at finde nye indt\u00e6gtskilder for den lukningstruede f\u00e6rge, er kommet op med en id\u00e9, der ikke blot skal supplere indt\u00e6gten nu og her. Den skal ogs\u00e5 v\u00e6re med til at sikre f\u00e6rgens drift p\u00e5 l\u00e6ngere sigt.<\/p>\n<p>&#8211; Vi er blevet enige om at pr\u00f8ve det i \u00e5r, og bliver det en succes, er vi med igen til n\u00e6ste \u00e5r, siger Martin Hvass, formand for N\u00e6ssundf\u00e6rgens Venner.<\/p>\n<a class=\"dvrt-link\" onClick=\"cdmtrack_click(104786,jQuery(this));return false\" href=\"https:\/\/limfjordsteatret.dk\/events\/tobias-dybvad-mit-bedste-onemanshow\/\"><img decoding=\"async\" style=\"width:100%;\" src=\"https:\/\/kunmedierne.dk\/mors\/wp-content\/uploads\/2023\/10\/aarskortLim_KunMors_1100x125.jpg\"><\/a><script>cdmtrack_view(104786);<\/script>\n<p>Foreningen bag den flydende institution ved N\u00e6ssund har skabt et koncept, der g\u00f8r f\u00e6rgen til en integreret del af Kulturm\u00f8det Mors. Det finder sted fra torsdag til l\u00f8rdag i dagene 22.-24. august, og torsdag aften vil man kunne se N\u00e6ssundf\u00e6rgen l\u00e6gge til kaj i Nyk\u00f8bing efter en udflugtstur fra N\u00e6ssund.<\/p>\n<p>Turen til Nyk\u00f8bing bliver med helstegt pattegris som en del af forn\u00f8jelsen, og Martin Hvass oplyser, at man allerede nu kan melde sig til s\u00e5vel den som til sejladsen hjem efter dagene i Nyk\u00f8bing.<\/p>\n<p>Og her bliver der rig lejlighed til at opleve fjorden ombord p\u00e5 den smukke tr\u00e6f\u00e6rge. Den f\u00e5r fredag og l\u00f8rdag titel som kulturf\u00e6rge og vil fem gange hver dag tilbyde udflugter p\u00e5 50 minutter &#8211; med en guide ombord og med mulighed for tilk\u00f8b af diverse fristelser.<\/p>\n<a class=\"dvrt-link\" onClick=\"cdmtrack_click(113414,jQuery(this));return false\" href=\"https:\/\/www.p-soerensen.dk\/\"><img decoding=\"async\" style=\"width:100%;\" src=\"https:\/\/kunmedierne.dk\/mors\/wp-content\/uploads\/2024\/03\/p-soerensen-juni25.jpg\"><\/a><script>cdmtrack_view(113414);<\/script>\n<p>Det vil, vurderer folkene bag, give en ganske stor indt\u00e6gt til sikring af f\u00e6rgens overlevelse.<\/p>\n<p>&#8211; Vi har sat et forsigtigt sk\u00f8n p\u00e5, at vi kan k\u00f8re 50.000 kroner hjem p\u00e5 det. Og s\u00e5 h\u00e5ber vi lidt p\u00e5, at vi kan s\u00e6lge et privat arrangement fra havnen i Nyk\u00f8bing fredag aften, siger Martin Hvass.<\/p>\n<p>Det private arrangement henvender sig eksempelvis til virksomheder, der for en pris p\u00e5 4500 kroner for den f\u00f8rste time og 2000 for hver af de f\u00f8lgende vil give sine medarbejdere eller andre en s\u00e6rlig oplevelse p\u00e5 fjorden &#8211; for eksempel som et supplement til sommerfesten. Martin Hvass tilf\u00f8jer, at leverand\u00f8ren af pattegris p\u00e5 sejlturene fra N\u00e6ssund til Nyk\u00f8bing og retur ogs\u00e5 kan levere til det private arrangement fredag.<\/p>\n<a class=\"dvrt-link\" onClick=\"cdmtrack_click(111725,jQuery(this));return false\" href=\"https:\/\/www.thistedforsikring.dk\/?utm_source=partnerskaber&amp;utm_campaign=kun_mors\"><img decoding=\"async\" style=\"width:100%;\" src=\"https:\/\/kunmedierne.dk\/mors\/wp-content\/uploads\/2024\/02\/269409KunMors-ThistedFor-1.png\"><\/a><script>cdmtrack_view(111725);<\/script>\n<p>Og s\u00e5 h\u00e5ber han, at kulturprojektet ikke blot giver en indt\u00e6gt, man ikke har haft tidligere, men at det ogs\u00e5 tr\u00e6kker nye dele af m\u00e5lgruppen til Sydvestmors, n\u00e5r N\u00e6ssundf\u00e6rgen ogs\u00e5 fremover tilbyder sine hyggelige og popul\u00e6re tirsdagssejladser.<\/p>\n<p>&#8211; Vi f\u00e5r mere synlighed ved, at vi er der, og folk finder ud af, at der sejler en f\u00e6rge, siger han.<\/p>\n<p>&nbsp;<\/p>\n<p><strong>Tilsagn om st\u00f8tte for 30.000 kroner<\/strong><\/p>\n<p>Det kulturelle tiltag ved Nyk\u00f8bing er ikke det eneste, der er kommet ud af arbejdet med at sikre f\u00e6rgens fremtid.<\/p>\n<p>Som du kan l\u00e6se i <a href=\"https:\/\/kunmedierne.dk\/mors\/situationen-er-alvorlig-men-naessundfaergen-har-mange-venner\/\" target=\"_blank\" rel=\"noopener\">KunMors-reportagen<\/a> fra krisem\u00f8det i maj, stod det allerede dengang klart, at N\u00e6ssundf\u00e6rgen har mange venner. Det er siden ogs\u00e5 kommet til udtryk med salg af st\u00f8ttebeviser, for indtil nu er der givet tilsagn om k\u00f8b for 30.000 kroner.<\/p>\n<p>Private eller andre med lyst til at hj\u00e6lpe f\u00e6rgen kan k\u00f8be beviser for mellem 2500 og 10.000 kroner. Hvis de vil, bliver de herefter be\u00e6ret med navn og billede p\u00e5 Facebook og p\u00e5 en mere permanent tavle.<\/p>\n<p>&#8211; Dem, der har givet tilsagn indtil videre, er nogen, der bruger f\u00e6rgen eller er leverand\u00f8r i den ene eller anden form. Eller nogen, der har et forhold til f\u00e6rgen, siger Martin Hvass, som ogs\u00e5 er optimist i forhold til salget af endnu flere st\u00f8ttebeviser.<\/p>\n<a class=\"dvrt-link\" onClick=\"cdmtrack_click(116504,jQuery(this));return false\" href=\"https:\/\/www.nybolig.dk\/ejendomsmaeglere\/nordvestjylland\/nybolig-morsoe-nykoebing-mors\"><img decoding=\"async\" style=\"width:100%;\" src=\"https:\/\/kunmedierne.dk\/mors\/wp-content\/uploads\/2024\/04\/250825Nybolig.jpg\"><\/a><script>cdmtrack_view(116504);<\/script>\n<p>Dermed er situationen anderledes lys, end da man i april indkaldte til <a href=\"https:\/\/kunmedierne.dk\/mors\/krisemoede-for-naessundfaergen\/\" target=\"_blank\" rel=\"noopener\">krisem\u00f8de<\/a>. P\u00e5 det m\u00f8de fik bestyrelsens forslag om at sk\u00e6re en time i sejltiden en positiv modtagelse, hvilket gav en besparelse p\u00e5 60.000 kroner. N\u00e6ssundf\u00e6rgen sejler derfor nu fra 6.30-17 p\u00e5 hverdage, men stadig med relevans for pendlere.<\/p>\n<p>&#8211; De f\u00f8rste to timer hver morgen sejler vi stadig hvert 20. minut, s\u00e5 der er rig mulighed for at komme p\u00e5 arbejde, siger Martin Hvass, som med alle tiltage i s\u00f8en er meget optimistisk i forhold til, om N\u00e6ssundf\u00e6rgen ogs\u00e5 f\u00e5r en s\u00e6son i 2025.<\/p>\n<p>&#8211; Vi b\u00e5de h\u00e5ber og tror p\u00e5, at vi sejler igen til n\u00e6ste \u00e5r, siger han.<\/p>\n<p>&nbsp;<\/p>\n<h5>L\u00c6S OGS\u00c5:<\/h5>\n<h5>31\/5-2024: <a href=\"https:\/\/kunmedierne.dk\/mors\/situationen-er-alvorlig-men-naessundfaergen-har-mange-venner\/\">Situationen er alvorlig &#8211; men N\u00e6ssundf\u00e6rgen har mange venner<\/a><\/h5>\n<h5>30\/5-2024: <a href=\"https:\/\/kunmedierne.dk\/mors\/naessundfaergens-bestyrelse-foreslaar-reduktion-i-sejltiden\/\">N\u00e6ssundf\u00e6rgens bestyrelse foresl\u00e5r reduktion i sejltiden<\/a><\/h5>\n<h5>27\/4-2024: <a href=\"https:\/\/kunmedierne.dk\/mors\/krisemoede-for-naessundfaergen\/\">Krisem\u00f8de for N\u00e6ssundf\u00e6rgen<\/a><\/h5>\n","protected":false},"excerpt":{"rendered":"<p>SEJLADS: En redningsaktion for N\u00e6ssundf\u00e6rgen giver nu ogs\u00e5 Kulturm\u00f8det en ekstra dimension. Arbejdsgruppen, der siden krisem\u00f8det i slutningen af maj har arbejdet p\u00e5 at finde nye indt\u00e6gtskilder for den lukningstruede f\u00e6rge, er kommet op med en id\u00e9, der ikke blot skal supplere indt\u00e6gten nu og her. Den skal ogs\u00e5 v\u00e6re med til at sikre f\u00e6rgens [&hellip;]<\/p>\n","protected":false},"author":8,"featured_media":117862,"comment_status":"closed","ping_status":"open","sticky":false,"template":"","format":"standard","meta":{"_acf_changed":false,"footnotes":""},"categories":[51],"tags":[159,196,162],"class_list":["post-122722","post","type-post","status-publish","format-standard","has-post-thumbnail","hentry","category-lokalt","tag-erhverv","tag-foreningsliv","tag-kulturmoedet"],"acf":[],"yoast_head":"<!-- This site is optimized with the Yoast SEO plugin v26.8 - https:\/\/yoast.com\/product\/yoast-seo-wordpress\/ -->\n<title>N\u00e6ssundf\u00e6rgen bliver til kulturf\u00e6rge under Kulturm\u00f8det - Mors<\/title>\n<meta name=\"robots\" content=\"index, follow, max-snippet:-1, max-image-preview:large, max-video-preview:-1\" \/>\n<link rel=\"canonical\" href=\"https:\/\/kunmedierne.dk\/mors\/naessundfaergen-bliver-til-kulturfaerge-under-kulturmoedet\/\" \/>\n<meta property=\"og:locale\" content=\"da_DK\" \/>\n<meta property=\"og:type\" content=\"article\" \/>\n<meta property=\"og:title\" content=\"N\u00e6ssundf\u00e6rgen bliver til kulturf\u00e6rge under Kulturm\u00f8det - Mors\" \/>\n<meta property=\"og:description\" content=\"SEJLADS: En redningsaktion for N\u00e6ssundf\u00e6rgen giver nu ogs\u00e5 Kulturm\u00f8det en ekstra dimension. Arbejdsgruppen, der siden krisem\u00f8det i slutningen af maj har arbejdet p\u00e5 at finde nye indt\u00e6gtskilder for den lukningstruede f\u00e6rge, er kommet op med en id\u00e9, der ikke blot skal supplere indt\u00e6gten nu og her. Den skal ogs\u00e5 v\u00e6re med til at sikre f\u00e6rgens [&hellip;]\" \/>\n<meta property=\"og:url\" content=\"https:\/\/kunmedierne.dk\/mors\/naessundfaergen-bliver-til-kulturfaerge-under-kulturmoedet\/\" \/>\n<meta property=\"og:site_name\" content=\"Mors\" \/>\n<meta property=\"article:published_time\" content=\"2024-07-26T09:25:49+00:00\" \/>\n<meta property=\"article:modified_time\" content=\"2024-08-12T11:09:58+00:00\" \/>\n<meta property=\"og:image\" content=\"https:\/\/kunmedierne.dk\/mors\/wp-content\/uploads\/2024\/05\/IMG_6331.jpg\" \/>\n\t<meta property=\"og:image:width\" content=\"770\" \/>\n\t<meta property=\"og:image:height\" content=\"513\" \/>\n\t<meta property=\"og:image:type\" content=\"image\/jpeg\" \/>\n<meta name=\"author\" content=\"David H\u00f8jmark\" \/>\n<meta name=\"twitter:card\" content=\"summary_large_image\" \/>\n<meta name=\"twitter:label1\" content=\"Skrevet af\" \/>\n\t<meta name=\"twitter:data1\" content=\"David H\u00f8jmark\" \/>\n\t<meta name=\"twitter:label2\" content=\"Estimeret l\u00e6setid\" \/>\n\t<meta name=\"twitter:data2\" content=\"4 minutter\" \/>\n<script type=\"application\/ld+json\" class=\"yoast-schema-graph\">{\"@context\":\"https:\/\/schema.org\",\"@graph\":[{\"@type\":\"Article\",\"@id\":\"https:\/\/kunmedierne.dk\/mors\/naessundfaergen-bliver-til-kulturfaerge-under-kulturmoedet\/#article\",\"isPartOf\":{\"@id\":\"https:\/\/kunmedierne.dk\/mors\/naessundfaergen-bliver-til-kulturfaerge-under-kulturmoedet\/\"},\"author\":{\"name\":\"David H\u00f8jmark\",\"@id\":\"https:\/\/kunmedierne.dk\/mors\/#\/schema\/person\/5fe23251bf1d0abbcdc6f7896579d548\"},\"headline\":\"N\u00e6ssundf\u00e6rgen bliver til kulturf\u00e6rge under Kulturm\u00f8det\",\"datePublished\":\"2024-07-26T09:25:49+00:00\",\"dateModified\":\"2024-08-12T11:09:58+00:00\",\"mainEntityOfPage\":{\"@id\":\"https:\/\/kunmedierne.dk\/mors\/naessundfaergen-bliver-til-kulturfaerge-under-kulturmoedet\/\"},\"wordCount\":794,\"publisher\":{\"@id\":\"https:\/\/kunmedierne.dk\/mors\/#organization\"},\"image\":{\"@id\":\"https:\/\/kunmedierne.dk\/mors\/naessundfaergen-bliver-til-kulturfaerge-under-kulturmoedet\/#primaryimage\"},\"thumbnailUrl\":\"https:\/\/kunmedierne.dk\/mors\/wp-content\/uploads\/2024\/05\/IMG_6331.jpg\",\"keywords\":[\"Erhverv\",\"Foreningsliv\",\"Kulturm\u00f8det\"],\"articleSection\":[\"Lokalt\"],\"inLanguage\":\"da-DK\"},{\"@type\":\"WebPage\",\"@id\":\"https:\/\/kunmedierne.dk\/mors\/naessundfaergen-bliver-til-kulturfaerge-under-kulturmoedet\/\",\"url\":\"https:\/\/kunmedierne.dk\/mors\/naessundfaergen-bliver-til-kulturfaerge-under-kulturmoedet\/\",\"name\":\"N\u00e6ssundf\u00e6rgen bliver til kulturf\u00e6rge under Kulturm\u00f8det - Mors\",\"isPartOf\":{\"@id\":\"https:\/\/kunmedierne.dk\/mors\/#website\"},\"primaryImageOfPage\":{\"@id\":\"https:\/\/kunmedierne.dk\/mors\/naessundfaergen-bliver-til-kulturfaerge-under-kulturmoedet\/#primaryimage\"},\"image\":{\"@id\":\"https:\/\/kunmedierne.dk\/mors\/naessundfaergen-bliver-til-kulturfaerge-under-kulturmoedet\/#primaryimage\"},\"thumbnailUrl\":\"https:\/\/kunmedierne.dk\/mors\/wp-content\/uploads\/2024\/05\/IMG_6331.jpg\",\"datePublished\":\"2024-07-26T09:25:49+00:00\",\"dateModified\":\"2024-08-12T11:09:58+00:00\",\"breadcrumb\":{\"@id\":\"https:\/\/kunmedierne.dk\/mors\/naessundfaergen-bliver-til-kulturfaerge-under-kulturmoedet\/#breadcrumb\"},\"inLanguage\":\"da-DK\",\"potentialAction\":[{\"@type\":\"ReadAction\",\"target\":[\"https:\/\/kunmedierne.dk\/mors\/naessundfaergen-bliver-til-kulturfaerge-under-kulturmoedet\/\"]}]},{\"@type\":\"ImageObject\",\"inLanguage\":\"da-DK\",\"@id\":\"https:\/\/kunmedierne.dk\/mors\/naessundfaergen-bliver-til-kulturfaerge-under-kulturmoedet\/#primaryimage\",\"url\":\"https:\/\/kunmedierne.dk\/mors\/wp-content\/uploads\/2024\/05\/IMG_6331.jpg\",\"contentUrl\":\"https:\/\/kunmedierne.dk\/mors\/wp-content\/uploads\/2024\/05\/IMG_6331.jpg\",\"width\":770,\"height\":513},{\"@type\":\"BreadcrumbList\",\"@id\":\"https:\/\/kunmedierne.dk\/mors\/naessundfaergen-bliver-til-kulturfaerge-under-kulturmoedet\/#breadcrumb\",\"itemListElement\":[{\"@type\":\"ListItem\",\"position\":1,\"name\":\"Hjem\",\"item\":\"https:\/\/kunmedierne.dk\/mors\/\"},{\"@type\":\"ListItem\",\"position\":2,\"name\":\"N\u00e6ssundf\u00e6rgen bliver til kulturf\u00e6rge under Kulturm\u00f8det\"}]},{\"@type\":\"WebSite\",\"@id\":\"https:\/\/kunmedierne.dk\/mors\/#website\",\"url\":\"https:\/\/kunmedierne.dk\/mors\/\",\"name\":\"Mors\",\"description\":\"et netmedie med journalistik om livet p\u00e5 Mors\",\"publisher\":{\"@id\":\"https:\/\/kunmedierne.dk\/mors\/#organization\"},\"potentialAction\":[{\"@type\":\"SearchAction\",\"target\":{\"@type\":\"EntryPoint\",\"urlTemplate\":\"https:\/\/kunmedierne.dk\/mors\/?s={search_term_string}\"},\"query-input\":{\"@type\":\"PropertyValueSpecification\",\"valueRequired\":true,\"valueName\":\"search_term_string\"}}],\"inLanguage\":\"da-DK\"},{\"@type\":\"Organization\",\"@id\":\"https:\/\/kunmedierne.dk\/mors\/#organization\",\"name\":\"Mors\",\"url\":\"https:\/\/kunmedierne.dk\/mors\/\",\"logo\":{\"@type\":\"ImageObject\",\"inLanguage\":\"da-DK\",\"@id\":\"https:\/\/kunmedierne.dk\/mors\/#\/schema\/logo\/image\/\",\"url\":\"https:\/\/kunmedierne.dk\/mors\/wp-content\/uploads\/2024\/08\/kunmors-logo.svg\",\"contentUrl\":\"https:\/\/kunmedierne.dk\/mors\/wp-content\/uploads\/2024\/08\/kunmors-logo.svg\",\"caption\":\"Mors\"},\"image\":{\"@id\":\"https:\/\/kunmedierne.dk\/mors\/#\/schema\/logo\/image\/\"}},{\"@type\":\"Person\",\"@id\":\"https:\/\/kunmedierne.dk\/mors\/#\/schema\/person\/5fe23251bf1d0abbcdc6f7896579d548\",\"name\":\"David H\u00f8jmark\",\"image\":{\"@type\":\"ImageObject\",\"inLanguage\":\"da-DK\",\"@id\":\"https:\/\/kunmedierne.dk\/mors\/#\/schema\/person\/image\/\",\"url\":\"https:\/\/secure.gravatar.com\/avatar\/4315d6fb9ef244d729989f5f90268eb08d5bf8a3d84402f595fa194bb35784fd?s=96&d=mm&r=g\",\"contentUrl\":\"https:\/\/secure.gravatar.com\/avatar\/4315d6fb9ef244d729989f5f90268eb08d5bf8a3d84402f595fa194bb35784fd?s=96&d=mm&r=g\",\"caption\":\"David H\u00f8jmark\"},\"sameAs\":[\"https:\/\/www.kunmedierne.dk\"],\"url\":\"https:\/\/kunmedierne.dk\/mors\/author\/david\/\"}]}<\/script>\n<!-- \/ Yoast SEO plugin. -->","yoast_head_json":{"title":"N\u00e6ssundf\u00e6rgen bliver til kulturf\u00e6rge under Kulturm\u00f8det - Mors","robots":{"index":"index","follow":"follow","max-snippet":"max-snippet:-1","max-image-preview":"max-image-preview:large","max-video-preview":"max-video-preview:-1"},"canonical":"https:\/\/kunmedierne.dk\/mors\/naessundfaergen-bliver-til-kulturfaerge-under-kulturmoedet\/","og_locale":"da_DK","og_type":"article","og_title":"N\u00e6ssundf\u00e6rgen bliver til kulturf\u00e6rge under Kulturm\u00f8det - Mors","og_description":"SEJLADS: En redningsaktion for N\u00e6ssundf\u00e6rgen giver nu ogs\u00e5 Kulturm\u00f8det en ekstra dimension. Arbejdsgruppen, der siden krisem\u00f8det i slutningen af maj har arbejdet p\u00e5 at finde nye indt\u00e6gtskilder for den lukningstruede f\u00e6rge, er kommet op med en id\u00e9, der ikke blot skal supplere indt\u00e6gten nu og her. Den skal ogs\u00e5 v\u00e6re med til at sikre f\u00e6rgens [&hellip;]","og_url":"https:\/\/kunmedierne.dk\/mors\/naessundfaergen-bliver-til-kulturfaerge-under-kulturmoedet\/","og_site_name":"Mors","article_published_time":"2024-07-26T09:25:49+00:00","article_modified_time":"2024-08-12T11:09:58+00:00","og_image":[{"width":770,"height":513,"url":"https:\/\/kunmedierne.dk\/mors\/wp-content\/uploads\/2024\/05\/IMG_6331.jpg","type":"image\/jpeg"}],"author":"David H\u00f8jmark","twitter_card":"summary_large_image","twitter_misc":{"Skrevet af":"David H\u00f8jmark","Estimeret l\u00e6setid":"4 minutter"},"schema":{"@context":"https:\/\/schema.org","@graph":[{"@type":"Article","@id":"https:\/\/kunmedierne.dk\/mors\/naessundfaergen-bliver-til-kulturfaerge-under-kulturmoedet\/#article","isPartOf":{"@id":"https:\/\/kunmedierne.dk\/mors\/naessundfaergen-bliver-til-kulturfaerge-under-kulturmoedet\/"},"author":{"name":"David H\u00f8jmark","@id":"https:\/\/kunmedierne.dk\/mors\/#\/schema\/person\/5fe23251bf1d0abbcdc6f7896579d548"},"headline":"N\u00e6ssundf\u00e6rgen bliver til kulturf\u00e6rge under Kulturm\u00f8det","datePublished":"2024-07-26T09:25:49+00:00","dateModified":"2024-08-12T11:09:58+00:00","mainEntityOfPage":{"@id":"https:\/\/kunmedierne.dk\/mors\/naessundfaergen-bliver-til-kulturfaerge-under-kulturmoedet\/"},"wordCount":794,"publisher":{"@id":"https:\/\/kunmedierne.dk\/mors\/#organization"},"image":{"@id":"https:\/\/kunmedierne.dk\/mors\/naessundfaergen-bliver-til-kulturfaerge-under-kulturmoedet\/#primaryimage"},"thumbnailUrl":"https:\/\/kunmedierne.dk\/mors\/wp-content\/uploads\/2024\/05\/IMG_6331.jpg","keywords":["Erhverv","Foreningsliv","Kulturm\u00f8det"],"articleSection":["Lokalt"],"inLanguage":"da-DK"},{"@type":"WebPage","@id":"https:\/\/kunmedierne.dk\/mors\/naessundfaergen-bliver-til-kulturfaerge-under-kulturmoedet\/","url":"https:\/\/kunmedierne.dk\/mors\/naessundfaergen-bliver-til-kulturfaerge-under-kulturmoedet\/","name":"N\u00e6ssundf\u00e6rgen bliver til kulturf\u00e6rge under Kulturm\u00f8det - Mors","isPartOf":{"@id":"https:\/\/kunmedierne.dk\/mors\/#website"},"primaryImageOfPage":{"@id":"https:\/\/kunmedierne.dk\/mors\/naessundfaergen-bliver-til-kulturfaerge-under-kulturmoedet\/#primaryimage"},"image":{"@id":"https:\/\/kunmedierne.dk\/mors\/naessundfaergen-bliver-til-kulturfaerge-under-kulturmoedet\/#primaryimage"},"thumbnailUrl":"https:\/\/kunmedierne.dk\/mors\/wp-content\/uploads\/2024\/05\/IMG_6331.jpg","datePublished":"2024-07-26T09:25:49+00:00","dateModified":"2024-08-12T11:09:58+00:00","breadcrumb":{"@id":"https:\/\/kunmedierne.dk\/mors\/naessundfaergen-bliver-til-kulturfaerge-under-kulturmoedet\/#breadcrumb"},"inLanguage":"da-DK","potentialAction":[{"@type":"ReadAction","target":["https:\/\/kunmedierne.dk\/mors\/naessundfaergen-bliver-til-kulturfaerge-under-kulturmoedet\/"]}]},{"@type":"ImageObject","inLanguage":"da-DK","@id":"https:\/\/kunmedierne.dk\/mors\/naessundfaergen-bliver-til-kulturfaerge-under-kulturmoedet\/#primaryimage","url":"https:\/\/kunmedierne.dk\/mors\/wp-content\/uploads\/2024\/05\/IMG_6331.jpg","contentUrl":"https:\/\/kunmedierne.dk\/mors\/wp-content\/uploads\/2024\/05\/IMG_6331.jpg","width":770,"height":513},{"@type":"BreadcrumbList","@id":"https:\/\/kunmedierne.dk\/mors\/naessundfaergen-bliver-til-kulturfaerge-under-kulturmoedet\/#breadcrumb","itemListElement":[{"@type":"ListItem","position":1,"name":"Hjem","item":"https:\/\/kunmedierne.dk\/mors\/"},{"@type":"ListItem","position":2,"name":"N\u00e6ssundf\u00e6rgen bliver til kulturf\u00e6rge under Kulturm\u00f8det"}]},{"@type":"WebSite","@id":"https:\/\/kunmedierne.dk\/mors\/#website","url":"https:\/\/kunmedierne.dk\/mors\/","name":"Mors","description":"et netmedie med journalistik om livet p\u00e5 Mors","publisher":{"@id":"https:\/\/kunmedierne.dk\/mors\/#organization"},"potentialAction":[{"@type":"SearchAction","target":{"@type":"EntryPoint","urlTemplate":"https:\/\/kunmedierne.dk\/mors\/?s={search_term_string}"},"query-input":{"@type":"PropertyValueSpecification","valueRequired":true,"valueName":"search_term_string"}}],"inLanguage":"da-DK"},{"@type":"Organization","@id":"https:\/\/kunmedierne.dk\/mors\/#organization","name":"Mors","url":"https:\/\/kunmedierne.dk\/mors\/","logo":{"@type":"ImageObject","inLanguage":"da-DK","@id":"https:\/\/kunmedierne.dk\/mors\/#\/schema\/logo\/image\/","url":"https:\/\/kunmedierne.dk\/mors\/wp-content\/uploads\/2024\/08\/kunmors-logo.svg","contentUrl":"https:\/\/kunmedierne.dk\/mors\/wp-content\/uploads\/2024\/08\/kunmors-logo.svg","caption":"Mors"},"image":{"@id":"https:\/\/kunmedierne.dk\/mors\/#\/schema\/logo\/image\/"}},{"@type":"Person","@id":"https:\/\/kunmedierne.dk\/mors\/#\/schema\/person\/5fe23251bf1d0abbcdc6f7896579d548","name":"David H\u00f8jmark","image":{"@type":"ImageObject","inLanguage":"da-DK","@id":"https:\/\/kunmedierne.dk\/mors\/#\/schema\/person\/image\/","url":"https:\/\/secure.gravatar.com\/avatar\/4315d6fb9ef244d729989f5f90268eb08d5bf8a3d84402f595fa194bb35784fd?s=96&d=mm&r=g","contentUrl":"https:\/\/secure.gravatar.com\/avatar\/4315d6fb9ef244d729989f5f90268eb08d5bf8a3d84402f595fa194bb35784fd?s=96&d=mm&r=g","caption":"David H\u00f8jmark"},"sameAs":["https:\/\/www.kunmedierne.dk"],"url":"https:\/\/kunmedierne.dk\/mors\/author\/david\/"}]}},"_links":{"self":[{"href":"https:\/\/kunmedierne.dk\/mors\/wp-json\/wp\/v2\/posts\/122722","targetHints":{"allow":["GET"]}}],"collection":[{"href":"https:\/\/kunmedierne.dk\/mors\/wp-json\/wp\/v2\/posts"}],"about":[{"href":"https:\/\/kunmedierne.dk\/mors\/wp-json\/wp\/v2\/types\/post"}],"author":[{"embeddable":true,"href":"https:\/\/kunmedierne.dk\/mors\/wp-json\/wp\/v2\/users\/8"}],"replies":[{"embeddable":true,"href":"https:\/\/kunmedierne.dk\/mors\/wp-json\/wp\/v2\/comments?post=122722"}],"version-history":[{"count":4,"href":"https:\/\/kunmedierne.dk\/mors\/wp-json\/wp\/v2\/posts\/122722\/revisions"}],"predecessor-version":[{"id":123565,"href":"https:\/\/kunmedierne.dk\/mors\/wp-json\/wp\/v2\/posts\/122722\/revisions\/123565"}],"wp:featuredmedia":[{"embeddable":true,"href":"https:\/\/kunmedierne.dk\/mors\/wp-json\/wp\/v2\/media\/117862"}],"wp:attachment":[{"href":"https:\/\/kunmedierne.dk\/mors\/wp-json\/wp\/v2\/media?parent=122722"}],"wp:term":[{"taxonomy":"category","embeddable":true,"href":"https:\/\/kunmedierne.dk\/mors\/wp-json\/wp\/v2\/categories?post=122722"},{"taxonomy":"post_tag","embeddable":true,"href":"https:\/\/kunmedierne.dk\/mors\/wp-json\/wp\/v2\/tags?post=122722"}],"curies":[{"name":"wp","href":"https:\/\/api.w.org\/{rel}","templated":true}]}}