{"id":122020,"date":"2024-07-11T18:23:44","date_gmt":"2024-07-11T16:23:44","guid":{"rendered":"https:\/\/kunmedierne.dk\/mors\/?p=122020"},"modified":"2024-08-12T13:10:01","modified_gmt":"2024-08-12T11:10:01","slug":"bmmk-i-virkeligheden-har-morsoe-kommune-imponeret-mig-mest","status":"publish","type":"post","link":"https:\/\/kunmedierne.dk\/mors\/bmmk-i-virkeligheden-har-morsoe-kommune-imponeret-mig-mest\/","title":{"rendered":"BMMK &#8211; I virkeligheden har Mors\u00f8 kommune imponeret mig mest"},"content":{"rendered":"<p><strong>KULTURM\u00d8DET:\u00a0<\/strong>B\u00f8rns M\u00f8de Med Kunsten (BMMK) er er del af den nordjyske kulturaftale Kulturkanten. Sidste \u00e5r gik de aktivt ind i at tilrettel\u00e6gge B\u00f8rnenes Kulturm\u00f8de, og har derfor, fort\u00e6ller de, sat et markant aftryk p\u00e5 Kulturm\u00f8det 2024.<\/p>\n<p><em>Hvor mange \u00e5r har I deltaget i Kulturm\u00f8det Mors?<\/em><\/p>\n<p>B\u00f8rns M\u00f8de Med Kunsten har v\u00e6ret repr\u00e6senteret p\u00e5 Kulturm\u00f8det Mors alle \u00e5r, men s\u00e6rligt fra 2022 hvor vi fyldte B\u00f8rnenes Kulturm\u00f8des l\u00f8rdagsprogram med projektet Global Roots.<\/p>\n<p>I 2023 gik vi aktivt ind i tilrettel\u00e6ggelsen af B\u00f8rnenes Kulturm\u00f8de og har v\u00e6ret med til at s\u00e6tte et markant aftryk i det B\u00f8rnenes Kulturm\u00f8de, man kan opleve i \u00e5r.<\/p>\n<a class=\"dvrt-link\" onClick=\"cdmtrack_click(114591,jQuery(this));return false\" href=\"https:\/\/www.facebook.com\/kopogkandemors\"><img decoding=\"async\" style=\"width:100%;\" src=\"https:\/\/kunmedierne.dk\/mors\/wp-content\/uploads\/2024\/03\/kop-og-kande-ja-tak-tilbud.jpg\"><\/a><script>cdmtrack_view(114591);<\/script>\n<p><em>Hvorfor er I en del af Kulturm\u00f8det Mors?<\/em><\/p>\n<p>Kulturm\u00f8det Mors er det st\u00f8rste nationale event, der udelukkende handler om kunsten og kulturlivet \u2013 og s\u00e5 foreg\u00e5r den ovenik\u00f8bet i vores egen region \u2013 s\u00e5 selvf\u00f8lgelig skal vi v\u00e6re med!<\/p>\n<p>BMMK er en del af den nordjyske kulturaftale Kulturkanten, som er en af de st\u00f8rste tilskudsgivere bag Kulturm\u00f8det, og derfor er vi naturligvis til stede og l\u00e6gger en stor indsats i at tr\u00e6kke alle vores kollegaer blandt fagfolk, embedsfolk og politikere med os til eventet.<\/p>\n<p><em>Hvad oplever I, at Kulturm\u00f8det bidrager med?<\/em><\/p>\n<p>Jeg plejer at sige, at Kulturm\u00f8det bidrager p\u00e5 tre niveauer \u2013 det lokale, det regionale og det nationale.<\/p>\n<p>For BMMK er det vigtigt, at de lokale b\u00f8rn oplever Kulturm\u00f8det og f\u00f8ler sig inddraget i dets indhold. Mors ligger langt fra mange ting, s\u00e5 n\u00e5r noget s\u00e5 fantastisk som Kulturm\u00f8det l\u00f8ber af stablen, er det essentielt for den lokale forankring og de b\u00f8rn, der bor p\u00e5 Mors, at de er en del af noget s\u00e5 stort.<\/p>\n<p>Kulturm\u00f8det er ogs\u00e5 en platform, hvor akt\u00f8rer fra hele landet kan g\u00f8re sig synlige for hinanden og et m\u00f8dested p\u00e5 tv\u00e6rs af indsatser, projekter, kommuner og faggrupper. Kulturm\u00f8det bidrager til samtalen om et mangfoldigt og inkluderende kulturliv \u2013 og det beh\u00f8ver vi alle uanset hvor i landet, vi bor.<\/p>\n<a class=\"dvrt-link\" onClick=\"cdmtrack_click(104781,jQuery(this));return false\" href=\"https:\/\/www.fmspks.dk\/\"><img decoding=\"async\" style=\"width:100%;\" src=\"https:\/\/kunmedierne.dk\/mors\/wp-content\/uploads\/2022\/02\/vip-froeslev-mollerup-sparekasse.jpg\"><\/a><script>cdmtrack_view(104781);<\/script>\n<p><em>Hvis I skulle n\u00e6vne \u00e9n ting ved Mors, der har gjort s\u00e6rligt indtryk, hvad vil I s\u00e5 n\u00e6vne?<\/em><\/p>\n<p>Jeg synes, Nyk\u00f8bing er utrolig hyggelig og at Nordmors er helt fantastisk smuk.<\/p>\n<p>Men i virkeligheden har Mors\u00f8 Kommune imponeret mig mest, \u00a0fordi man som lille kommune har valgt at investere tid, penge og kr\u00e6fter i store satsninger som Limfjordteatret, Ung Kult og Kulturm\u00f8det. Det er b\u00e5de modigt og fremadsynet, og jeg h\u00e5ber, at kommunen f\u00e5r gl\u00e6de af deres satsninger mange \u00e5r ud i fremtiden.<\/p>\n","protected":false},"excerpt":{"rendered":"<p>KULTURM\u00d8DET:\u00a0B\u00f8rns M\u00f8de Med Kunsten (BMMK) er er del af den nordjyske kulturaftale Kulturkanten. Sidste \u00e5r gik de aktivt ind i at tilrettel\u00e6gge B\u00f8rnenes Kulturm\u00f8de, og har derfor, fort\u00e6ller de, sat et markant aftryk p\u00e5 Kulturm\u00f8det 2024. Hvor mange \u00e5r har I deltaget i Kulturm\u00f8det Mors? B\u00f8rns M\u00f8de Med Kunsten har v\u00e6ret repr\u00e6senteret p\u00e5 Kulturm\u00f8det Mors [&hellip;]<\/p>\n","protected":false},"author":3973,"featured_media":122024,"comment_status":"closed","ping_status":"open","sticky":false,"template":"","format":"standard","meta":{"_acf_changed":false,"footnotes":""},"categories":[51],"tags":[162],"class_list":["post-122020","post","type-post","status-publish","format-standard","has-post-thumbnail","hentry","category-lokalt","tag-kulturmoedet"],"acf":[],"yoast_head":"<!-- This site is optimized with the Yoast SEO plugin v26.8 - https:\/\/yoast.com\/product\/yoast-seo-wordpress\/ -->\n<title>BMMK - I virkeligheden har Mors\u00f8 kommune imponeret mig mest - Mors<\/title>\n<meta name=\"robots\" content=\"index, follow, max-snippet:-1, max-image-preview:large, max-video-preview:-1\" \/>\n<link rel=\"canonical\" href=\"https:\/\/kunmedierne.dk\/mors\/bmmk-i-virkeligheden-har-morsoe-kommune-imponeret-mig-mest\/\" \/>\n<meta property=\"og:locale\" content=\"da_DK\" \/>\n<meta property=\"og:type\" content=\"article\" \/>\n<meta property=\"og:title\" content=\"BMMK - I virkeligheden har Mors\u00f8 kommune imponeret mig mest - Mors\" \/>\n<meta property=\"og:description\" content=\"KULTURM\u00d8DET:\u00a0B\u00f8rns M\u00f8de Med Kunsten (BMMK) er er del af den nordjyske kulturaftale Kulturkanten. Sidste \u00e5r gik de aktivt ind i at tilrettel\u00e6gge B\u00f8rnenes Kulturm\u00f8de, og har derfor, fort\u00e6ller de, sat et markant aftryk p\u00e5 Kulturm\u00f8det 2024. Hvor mange \u00e5r har I deltaget i Kulturm\u00f8det Mors? B\u00f8rns M\u00f8de Med Kunsten har v\u00e6ret repr\u00e6senteret p\u00e5 Kulturm\u00f8det Mors [&hellip;]\" \/>\n<meta property=\"og:url\" content=\"https:\/\/kunmedierne.dk\/mors\/bmmk-i-virkeligheden-har-morsoe-kommune-imponeret-mig-mest\/\" \/>\n<meta property=\"og:site_name\" content=\"Mors\" \/>\n<meta property=\"article:published_time\" content=\"2024-07-11T16:23:44+00:00\" \/>\n<meta property=\"article:modified_time\" content=\"2024-08-12T11:10:01+00:00\" \/>\n<meta property=\"og:image\" content=\"https:\/\/kunmedierne.dk\/mors\/wp-content\/uploads\/2024\/07\/Jonans-Lemvig-18.png\" \/>\n\t<meta property=\"og:image:width\" content=\"770\" \/>\n\t<meta property=\"og:image:height\" content=\"640\" \/>\n\t<meta property=\"og:image:type\" content=\"image\/png\" \/>\n<meta name=\"author\" content=\"Mai Trosborg Rasmussen\" \/>\n<meta name=\"twitter:card\" content=\"summary_large_image\" \/>\n<meta name=\"twitter:label1\" content=\"Skrevet af\" \/>\n\t<meta name=\"twitter:data1\" content=\"Mai Trosborg Rasmussen\" \/>\n\t<meta name=\"twitter:label2\" content=\"Estimeret l\u00e6setid\" \/>\n\t<meta name=\"twitter:data2\" content=\"3 minutter\" \/>\n<script type=\"application\/ld+json\" class=\"yoast-schema-graph\">{\"@context\":\"https:\/\/schema.org\",\"@graph\":[{\"@type\":\"Article\",\"@id\":\"https:\/\/kunmedierne.dk\/mors\/bmmk-i-virkeligheden-har-morsoe-kommune-imponeret-mig-mest\/#article\",\"isPartOf\":{\"@id\":\"https:\/\/kunmedierne.dk\/mors\/bmmk-i-virkeligheden-har-morsoe-kommune-imponeret-mig-mest\/\"},\"author\":{\"name\":\"Mai Trosborg Rasmussen\",\"@id\":\"https:\/\/kunmedierne.dk\/mors\/#\/schema\/person\/f4ba7f103cc8490962f20b22a3a0fca4\"},\"headline\":\"BMMK &#8211; I virkeligheden har Mors\u00f8 kommune imponeret mig mest\",\"datePublished\":\"2024-07-11T16:23:44+00:00\",\"dateModified\":\"2024-08-12T11:10:01+00:00\",\"mainEntityOfPage\":{\"@id\":\"https:\/\/kunmedierne.dk\/mors\/bmmk-i-virkeligheden-har-morsoe-kommune-imponeret-mig-mest\/\"},\"wordCount\":469,\"publisher\":{\"@id\":\"https:\/\/kunmedierne.dk\/mors\/#organization\"},\"image\":{\"@id\":\"https:\/\/kunmedierne.dk\/mors\/bmmk-i-virkeligheden-har-morsoe-kommune-imponeret-mig-mest\/#primaryimage\"},\"thumbnailUrl\":\"https:\/\/kunmedierne.dk\/mors\/wp-content\/uploads\/2024\/07\/Jonans-Lemvig-18.png\",\"keywords\":[\"Kulturm\u00f8det\"],\"articleSection\":[\"Lokalt\"],\"inLanguage\":\"da-DK\"},{\"@type\":\"WebPage\",\"@id\":\"https:\/\/kunmedierne.dk\/mors\/bmmk-i-virkeligheden-har-morsoe-kommune-imponeret-mig-mest\/\",\"url\":\"https:\/\/kunmedierne.dk\/mors\/bmmk-i-virkeligheden-har-morsoe-kommune-imponeret-mig-mest\/\",\"name\":\"BMMK - I virkeligheden har Mors\u00f8 kommune imponeret mig mest - Mors\",\"isPartOf\":{\"@id\":\"https:\/\/kunmedierne.dk\/mors\/#website\"},\"primaryImageOfPage\":{\"@id\":\"https:\/\/kunmedierne.dk\/mors\/bmmk-i-virkeligheden-har-morsoe-kommune-imponeret-mig-mest\/#primaryimage\"},\"image\":{\"@id\":\"https:\/\/kunmedierne.dk\/mors\/bmmk-i-virkeligheden-har-morsoe-kommune-imponeret-mig-mest\/#primaryimage\"},\"thumbnailUrl\":\"https:\/\/kunmedierne.dk\/mors\/wp-content\/uploads\/2024\/07\/Jonans-Lemvig-18.png\",\"datePublished\":\"2024-07-11T16:23:44+00:00\",\"dateModified\":\"2024-08-12T11:10:01+00:00\",\"breadcrumb\":{\"@id\":\"https:\/\/kunmedierne.dk\/mors\/bmmk-i-virkeligheden-har-morsoe-kommune-imponeret-mig-mest\/#breadcrumb\"},\"inLanguage\":\"da-DK\",\"potentialAction\":[{\"@type\":\"ReadAction\",\"target\":[\"https:\/\/kunmedierne.dk\/mors\/bmmk-i-virkeligheden-har-morsoe-kommune-imponeret-mig-mest\/\"]}]},{\"@type\":\"ImageObject\",\"inLanguage\":\"da-DK\",\"@id\":\"https:\/\/kunmedierne.dk\/mors\/bmmk-i-virkeligheden-har-morsoe-kommune-imponeret-mig-mest\/#primaryimage\",\"url\":\"https:\/\/kunmedierne.dk\/mors\/wp-content\/uploads\/2024\/07\/Jonans-Lemvig-18.png\",\"contentUrl\":\"https:\/\/kunmedierne.dk\/mors\/wp-content\/uploads\/2024\/07\/Jonans-Lemvig-18.png\",\"width\":770,\"height\":640,\"caption\":\"Foto: Per Bille for Kulturm\u00f8det.\"},{\"@type\":\"BreadcrumbList\",\"@id\":\"https:\/\/kunmedierne.dk\/mors\/bmmk-i-virkeligheden-har-morsoe-kommune-imponeret-mig-mest\/#breadcrumb\",\"itemListElement\":[{\"@type\":\"ListItem\",\"position\":1,\"name\":\"Hjem\",\"item\":\"https:\/\/kunmedierne.dk\/mors\/\"},{\"@type\":\"ListItem\",\"position\":2,\"name\":\"BMMK &#8211; I virkeligheden har Mors\u00f8 kommune imponeret mig mest\"}]},{\"@type\":\"WebSite\",\"@id\":\"https:\/\/kunmedierne.dk\/mors\/#website\",\"url\":\"https:\/\/kunmedierne.dk\/mors\/\",\"name\":\"Mors\",\"description\":\"et netmedie med journalistik om livet p\u00e5 Mors\",\"publisher\":{\"@id\":\"https:\/\/kunmedierne.dk\/mors\/#organization\"},\"potentialAction\":[{\"@type\":\"SearchAction\",\"target\":{\"@type\":\"EntryPoint\",\"urlTemplate\":\"https:\/\/kunmedierne.dk\/mors\/?s={search_term_string}\"},\"query-input\":{\"@type\":\"PropertyValueSpecification\",\"valueRequired\":true,\"valueName\":\"search_term_string\"}}],\"inLanguage\":\"da-DK\"},{\"@type\":\"Organization\",\"@id\":\"https:\/\/kunmedierne.dk\/mors\/#organization\",\"name\":\"Mors\",\"url\":\"https:\/\/kunmedierne.dk\/mors\/\",\"logo\":{\"@type\":\"ImageObject\",\"inLanguage\":\"da-DK\",\"@id\":\"https:\/\/kunmedierne.dk\/mors\/#\/schema\/logo\/image\/\",\"url\":\"https:\/\/kunmedierne.dk\/mors\/wp-content\/uploads\/2024\/08\/kunmors-logo.svg\",\"contentUrl\":\"https:\/\/kunmedierne.dk\/mors\/wp-content\/uploads\/2024\/08\/kunmors-logo.svg\",\"caption\":\"Mors\"},\"image\":{\"@id\":\"https:\/\/kunmedierne.dk\/mors\/#\/schema\/logo\/image\/\"}},{\"@type\":\"Person\",\"@id\":\"https:\/\/kunmedierne.dk\/mors\/#\/schema\/person\/f4ba7f103cc8490962f20b22a3a0fca4\",\"name\":\"Mai Trosborg Rasmussen\",\"image\":{\"@type\":\"ImageObject\",\"inLanguage\":\"da-DK\",\"@id\":\"https:\/\/kunmedierne.dk\/mors\/#\/schema\/person\/image\/\",\"url\":\"https:\/\/secure.gravatar.com\/avatar\/dfdff3dd0259aaf932f95cf8329d067fbcdd7ac86e081445c8ec011507f17114?s=96&d=mm&r=g\",\"contentUrl\":\"https:\/\/secure.gravatar.com\/avatar\/dfdff3dd0259aaf932f95cf8329d067fbcdd7ac86e081445c8ec011507f17114?s=96&d=mm&r=g\",\"caption\":\"Mai Trosborg Rasmussen\"},\"url\":\"https:\/\/kunmedierne.dk\/mors\/author\/mai\/\"}]}<\/script>\n<!-- \/ Yoast SEO plugin. -->","yoast_head_json":{"title":"BMMK - I virkeligheden har Mors\u00f8 kommune imponeret mig mest - Mors","robots":{"index":"index","follow":"follow","max-snippet":"max-snippet:-1","max-image-preview":"max-image-preview:large","max-video-preview":"max-video-preview:-1"},"canonical":"https:\/\/kunmedierne.dk\/mors\/bmmk-i-virkeligheden-har-morsoe-kommune-imponeret-mig-mest\/","og_locale":"da_DK","og_type":"article","og_title":"BMMK - I virkeligheden har Mors\u00f8 kommune imponeret mig mest - Mors","og_description":"KULTURM\u00d8DET:\u00a0B\u00f8rns M\u00f8de Med Kunsten (BMMK) er er del af den nordjyske kulturaftale Kulturkanten. Sidste \u00e5r gik de aktivt ind i at tilrettel\u00e6gge B\u00f8rnenes Kulturm\u00f8de, og har derfor, fort\u00e6ller de, sat et markant aftryk p\u00e5 Kulturm\u00f8det 2024. Hvor mange \u00e5r har I deltaget i Kulturm\u00f8det Mors? B\u00f8rns M\u00f8de Med Kunsten har v\u00e6ret repr\u00e6senteret p\u00e5 Kulturm\u00f8det Mors [&hellip;]","og_url":"https:\/\/kunmedierne.dk\/mors\/bmmk-i-virkeligheden-har-morsoe-kommune-imponeret-mig-mest\/","og_site_name":"Mors","article_published_time":"2024-07-11T16:23:44+00:00","article_modified_time":"2024-08-12T11:10:01+00:00","og_image":[{"width":770,"height":640,"url":"https:\/\/kunmedierne.dk\/mors\/wp-content\/uploads\/2024\/07\/Jonans-Lemvig-18.png","type":"image\/png"}],"author":"Mai Trosborg Rasmussen","twitter_card":"summary_large_image","twitter_misc":{"Skrevet af":"Mai Trosborg Rasmussen","Estimeret l\u00e6setid":"3 minutter"},"schema":{"@context":"https:\/\/schema.org","@graph":[{"@type":"Article","@id":"https:\/\/kunmedierne.dk\/mors\/bmmk-i-virkeligheden-har-morsoe-kommune-imponeret-mig-mest\/#article","isPartOf":{"@id":"https:\/\/kunmedierne.dk\/mors\/bmmk-i-virkeligheden-har-morsoe-kommune-imponeret-mig-mest\/"},"author":{"name":"Mai Trosborg Rasmussen","@id":"https:\/\/kunmedierne.dk\/mors\/#\/schema\/person\/f4ba7f103cc8490962f20b22a3a0fca4"},"headline":"BMMK &#8211; I virkeligheden har Mors\u00f8 kommune imponeret mig mest","datePublished":"2024-07-11T16:23:44+00:00","dateModified":"2024-08-12T11:10:01+00:00","mainEntityOfPage":{"@id":"https:\/\/kunmedierne.dk\/mors\/bmmk-i-virkeligheden-har-morsoe-kommune-imponeret-mig-mest\/"},"wordCount":469,"publisher":{"@id":"https:\/\/kunmedierne.dk\/mors\/#organization"},"image":{"@id":"https:\/\/kunmedierne.dk\/mors\/bmmk-i-virkeligheden-har-morsoe-kommune-imponeret-mig-mest\/#primaryimage"},"thumbnailUrl":"https:\/\/kunmedierne.dk\/mors\/wp-content\/uploads\/2024\/07\/Jonans-Lemvig-18.png","keywords":["Kulturm\u00f8det"],"articleSection":["Lokalt"],"inLanguage":"da-DK"},{"@type":"WebPage","@id":"https:\/\/kunmedierne.dk\/mors\/bmmk-i-virkeligheden-har-morsoe-kommune-imponeret-mig-mest\/","url":"https:\/\/kunmedierne.dk\/mors\/bmmk-i-virkeligheden-har-morsoe-kommune-imponeret-mig-mest\/","name":"BMMK - I virkeligheden har Mors\u00f8 kommune imponeret mig mest - Mors","isPartOf":{"@id":"https:\/\/kunmedierne.dk\/mors\/#website"},"primaryImageOfPage":{"@id":"https:\/\/kunmedierne.dk\/mors\/bmmk-i-virkeligheden-har-morsoe-kommune-imponeret-mig-mest\/#primaryimage"},"image":{"@id":"https:\/\/kunmedierne.dk\/mors\/bmmk-i-virkeligheden-har-morsoe-kommune-imponeret-mig-mest\/#primaryimage"},"thumbnailUrl":"https:\/\/kunmedierne.dk\/mors\/wp-content\/uploads\/2024\/07\/Jonans-Lemvig-18.png","datePublished":"2024-07-11T16:23:44+00:00","dateModified":"2024-08-12T11:10:01+00:00","breadcrumb":{"@id":"https:\/\/kunmedierne.dk\/mors\/bmmk-i-virkeligheden-har-morsoe-kommune-imponeret-mig-mest\/#breadcrumb"},"inLanguage":"da-DK","potentialAction":[{"@type":"ReadAction","target":["https:\/\/kunmedierne.dk\/mors\/bmmk-i-virkeligheden-har-morsoe-kommune-imponeret-mig-mest\/"]}]},{"@type":"ImageObject","inLanguage":"da-DK","@id":"https:\/\/kunmedierne.dk\/mors\/bmmk-i-virkeligheden-har-morsoe-kommune-imponeret-mig-mest\/#primaryimage","url":"https:\/\/kunmedierne.dk\/mors\/wp-content\/uploads\/2024\/07\/Jonans-Lemvig-18.png","contentUrl":"https:\/\/kunmedierne.dk\/mors\/wp-content\/uploads\/2024\/07\/Jonans-Lemvig-18.png","width":770,"height":640,"caption":"Foto: Per Bille for Kulturm\u00f8det."},{"@type":"BreadcrumbList","@id":"https:\/\/kunmedierne.dk\/mors\/bmmk-i-virkeligheden-har-morsoe-kommune-imponeret-mig-mest\/#breadcrumb","itemListElement":[{"@type":"ListItem","position":1,"name":"Hjem","item":"https:\/\/kunmedierne.dk\/mors\/"},{"@type":"ListItem","position":2,"name":"BMMK &#8211; I virkeligheden har Mors\u00f8 kommune imponeret mig mest"}]},{"@type":"WebSite","@id":"https:\/\/kunmedierne.dk\/mors\/#website","url":"https:\/\/kunmedierne.dk\/mors\/","name":"Mors","description":"et netmedie med journalistik om livet p\u00e5 Mors","publisher":{"@id":"https:\/\/kunmedierne.dk\/mors\/#organization"},"potentialAction":[{"@type":"SearchAction","target":{"@type":"EntryPoint","urlTemplate":"https:\/\/kunmedierne.dk\/mors\/?s={search_term_string}"},"query-input":{"@type":"PropertyValueSpecification","valueRequired":true,"valueName":"search_term_string"}}],"inLanguage":"da-DK"},{"@type":"Organization","@id":"https:\/\/kunmedierne.dk\/mors\/#organization","name":"Mors","url":"https:\/\/kunmedierne.dk\/mors\/","logo":{"@type":"ImageObject","inLanguage":"da-DK","@id":"https:\/\/kunmedierne.dk\/mors\/#\/schema\/logo\/image\/","url":"https:\/\/kunmedierne.dk\/mors\/wp-content\/uploads\/2024\/08\/kunmors-logo.svg","contentUrl":"https:\/\/kunmedierne.dk\/mors\/wp-content\/uploads\/2024\/08\/kunmors-logo.svg","caption":"Mors"},"image":{"@id":"https:\/\/kunmedierne.dk\/mors\/#\/schema\/logo\/image\/"}},{"@type":"Person","@id":"https:\/\/kunmedierne.dk\/mors\/#\/schema\/person\/f4ba7f103cc8490962f20b22a3a0fca4","name":"Mai Trosborg Rasmussen","image":{"@type":"ImageObject","inLanguage":"da-DK","@id":"https:\/\/kunmedierne.dk\/mors\/#\/schema\/person\/image\/","url":"https:\/\/secure.gravatar.com\/avatar\/dfdff3dd0259aaf932f95cf8329d067fbcdd7ac86e081445c8ec011507f17114?s=96&d=mm&r=g","contentUrl":"https:\/\/secure.gravatar.com\/avatar\/dfdff3dd0259aaf932f95cf8329d067fbcdd7ac86e081445c8ec011507f17114?s=96&d=mm&r=g","caption":"Mai Trosborg Rasmussen"},"url":"https:\/\/kunmedierne.dk\/mors\/author\/mai\/"}]}},"_links":{"self":[{"href":"https:\/\/kunmedierne.dk\/mors\/wp-json\/wp\/v2\/posts\/122020","targetHints":{"allow":["GET"]}}],"collection":[{"href":"https:\/\/kunmedierne.dk\/mors\/wp-json\/wp\/v2\/posts"}],"about":[{"href":"https:\/\/kunmedierne.dk\/mors\/wp-json\/wp\/v2\/types\/post"}],"author":[{"embeddable":true,"href":"https:\/\/kunmedierne.dk\/mors\/wp-json\/wp\/v2\/users\/3973"}],"replies":[{"embeddable":true,"href":"https:\/\/kunmedierne.dk\/mors\/wp-json\/wp\/v2\/comments?post=122020"}],"version-history":[{"count":6,"href":"https:\/\/kunmedierne.dk\/mors\/wp-json\/wp\/v2\/posts\/122020\/revisions"}],"predecessor-version":[{"id":122028,"href":"https:\/\/kunmedierne.dk\/mors\/wp-json\/wp\/v2\/posts\/122020\/revisions\/122028"}],"wp:featuredmedia":[{"embeddable":true,"href":"https:\/\/kunmedierne.dk\/mors\/wp-json\/wp\/v2\/media\/122024"}],"wp:attachment":[{"href":"https:\/\/kunmedierne.dk\/mors\/wp-json\/wp\/v2\/media?parent=122020"}],"wp:term":[{"taxonomy":"category","embeddable":true,"href":"https:\/\/kunmedierne.dk\/mors\/wp-json\/wp\/v2\/categories?post=122020"},{"taxonomy":"post_tag","embeddable":true,"href":"https:\/\/kunmedierne.dk\/mors\/wp-json\/wp\/v2\/tags?post=122020"}],"curies":[{"name":"wp","href":"https:\/\/api.w.org\/{rel}","templated":true}]}}