{"id":121621,"date":"2024-07-07T10:02:14","date_gmt":"2024-07-07T08:02:14","guid":{"rendered":"https:\/\/kunmedierne.dk\/mors\/?p=121621"},"modified":"2024-08-12T13:10:03","modified_gmt":"2024-08-12T11:10:03","slug":"dy-plambeck-for-mig-er-kulturmoedet-ogsaa-en-lovestory","status":"publish","type":"post","link":"https:\/\/kunmedierne.dk\/mors\/dy-plambeck-for-mig-er-kulturmoedet-ogsaa-en-lovestory\/","title":{"rendered":"Dy Plambeck &#8220;For mig er Kulturm\u00f8det ogs\u00e5 en lovestory&#8221;"},"content":{"rendered":"<p><strong>KULTURM\u00d8DET:<\/strong> Forfatteren Dy Plambeck er uddannet fra Forfatterskolen i 2004 og har siden skrevet en r\u00e6kke b\u00f8ger, senest &#8216;Mod midnatsolen&#8217;, som er udgivet p\u00e5 Gyldendal i \u00e5r. Til Kulturm\u00f8det kan man blandt andet h\u00f8re hende i samtale med Linn Ullmann under overskriften &#8216;Familien som udspring, traume og dr\u00f8m.&#8217;<\/p>\n<p><em>Hvor mange \u00e5r har du deltaget i Kulturm\u00f8det Mors?<\/em><\/p>\n<p>Det har jeg faktisk ikke helt tal p\u00e5. Men jeg var med fra starten og har set, hvordan det er vokset og blevet til en af de st\u00f8rste kulturelle begivenheder i Danmark.<\/p>\n<a class=\"dvrt-link\" onClick=\"cdmtrack_click(116504,jQuery(this));return false\" href=\"https:\/\/www.nybolig.dk\/ejendomsmaeglere\/nordvestjylland\/nybolig-morsoe-nykoebing-mors\"><img decoding=\"async\" style=\"width:100%;\" src=\"https:\/\/kunmedierne.dk\/mors\/wp-content\/uploads\/2024\/04\/250825Nybolig.jpg\"><\/a><script>cdmtrack_view(116504);<\/script>\n<p>&nbsp;<\/p>\n<p><em>Hvad oplever du, at Kulturm\u00f8det bidrager med?<\/em><\/p>\n<p>Kulturm\u00f8det s\u00e6tter kulturen \u00f8verst p\u00e5 dagsordenen og det synes jeg er v\u00e6ldig tiltr\u00e6ngt i et samfund, hvor kulturen ofte nedprioriteres politisk. P\u00e5 Kulturm\u00f8det bliver det tydeligt, hvorfor kulturen er vigtig for samfundet, og det er et sted, hvor nogle markante og kvalificerede samtaler om kunstens og kulturens rolle kan finde sted.<\/p>\n<p><em>Hvis du skulle n\u00e6vne \u00e9n ting ved Kulturm\u00f8det p\u00e5 Mors, der har gjort s\u00e6rligt indtryk, hvad vil du s\u00e5 n\u00e6vne?<\/em><\/p>\n<p>S\u00e5 m\u00e5 jeg nok n\u00e6vne min k\u00e6reste. For min k\u00e6reste og jeg m\u00f8dte faktisk hinanden f\u00f8rste gang p\u00e5 Kulturm\u00f8det. S\u00e5 for mig er Kulturm\u00f8det ogs\u00e5 en lovestory.<\/p>\n<p>L\u00e6s &#8216;Spot p\u00e5: Aarhus Universitetsforlag&#8217; <a href=\"https:\/\/kunmedierne.dk\/mors\/spot-paa-kulturmoedet-aarhus-universitetsforlag\/\" target=\"_blank\" rel=\"noopener\">her<\/a>.<\/p>\n","protected":false},"excerpt":{"rendered":"<p>KULTURM\u00d8DET: Forfatteren Dy Plambeck er uddannet fra Forfatterskolen i 2004 og har siden skrevet en r\u00e6kke b\u00f8ger, senest &#8216;Mod midnatsolen&#8217;, som er udgivet p\u00e5 Gyldendal i \u00e5r. Til Kulturm\u00f8det kan man blandt andet h\u00f8re hende i samtale med Linn Ullmann under overskriften &#8216;Familien som udspring, traume og dr\u00f8m.&#8217; Hvor mange \u00e5r har du deltaget i [&hellip;]<\/p>\n","protected":false},"author":3973,"featured_media":121628,"comment_status":"closed","ping_status":"open","sticky":false,"template":"","format":"standard","meta":{"_acf_changed":false,"footnotes":""},"categories":[49],"tags":[162,171],"class_list":["post-121621","post","type-post","status-publish","format-standard","has-post-thumbnail","hentry","category-kultur","tag-kulturmoedet","tag-turisme"],"acf":[],"yoast_head":"<!-- This site is optimized with the Yoast SEO plugin v26.8 - https:\/\/yoast.com\/product\/yoast-seo-wordpress\/ -->\n<title>Dy Plambeck &quot;For mig er Kulturm\u00f8det ogs\u00e5 en lovestory&quot; - Mors<\/title>\n<meta name=\"robots\" content=\"index, follow, max-snippet:-1, max-image-preview:large, max-video-preview:-1\" \/>\n<link rel=\"canonical\" href=\"https:\/\/kunmedierne.dk\/mors\/dy-plambeck-for-mig-er-kulturmoedet-ogsaa-en-lovestory\/\" \/>\n<meta property=\"og:locale\" content=\"da_DK\" \/>\n<meta property=\"og:type\" content=\"article\" \/>\n<meta property=\"og:title\" content=\"Dy Plambeck &quot;For mig er Kulturm\u00f8det ogs\u00e5 en lovestory&quot; - Mors\" \/>\n<meta property=\"og:description\" content=\"KULTURM\u00d8DET: Forfatteren Dy Plambeck er uddannet fra Forfatterskolen i 2004 og har siden skrevet en r\u00e6kke b\u00f8ger, senest &#8216;Mod midnatsolen&#8217;, som er udgivet p\u00e5 Gyldendal i \u00e5r. Til Kulturm\u00f8det kan man blandt andet h\u00f8re hende i samtale med Linn Ullmann under overskriften &#8216;Familien som udspring, traume og dr\u00f8m.&#8217; Hvor mange \u00e5r har du deltaget i [&hellip;]\" \/>\n<meta property=\"og:url\" content=\"https:\/\/kunmedierne.dk\/mors\/dy-plambeck-for-mig-er-kulturmoedet-ogsaa-en-lovestory\/\" \/>\n<meta property=\"og:site_name\" content=\"Mors\" \/>\n<meta property=\"article:published_time\" content=\"2024-07-07T08:02:14+00:00\" \/>\n<meta property=\"article:modified_time\" content=\"2024-08-12T11:10:03+00:00\" \/>\n<meta property=\"og:image\" content=\"https:\/\/kunmedierne.dk\/mors\/wp-content\/uploads\/2024\/07\/Jonans-Lemvig-9.png\" \/>\n\t<meta property=\"og:image:width\" content=\"770\" \/>\n\t<meta property=\"og:image:height\" content=\"640\" \/>\n\t<meta property=\"og:image:type\" content=\"image\/png\" \/>\n<meta name=\"author\" content=\"Mai Trosborg Rasmussen\" \/>\n<meta name=\"twitter:card\" content=\"summary_large_image\" \/>\n<meta name=\"twitter:label1\" content=\"Skrevet af\" \/>\n\t<meta name=\"twitter:data1\" content=\"Mai Trosborg Rasmussen\" \/>\n\t<meta name=\"twitter:label2\" content=\"Estimeret l\u00e6setid\" \/>\n\t<meta name=\"twitter:data2\" content=\"2 minutter\" \/>\n<script type=\"application\/ld+json\" class=\"yoast-schema-graph\">{\"@context\":\"https:\/\/schema.org\",\"@graph\":[{\"@type\":\"Article\",\"@id\":\"https:\/\/kunmedierne.dk\/mors\/dy-plambeck-for-mig-er-kulturmoedet-ogsaa-en-lovestory\/#article\",\"isPartOf\":{\"@id\":\"https:\/\/kunmedierne.dk\/mors\/dy-plambeck-for-mig-er-kulturmoedet-ogsaa-en-lovestory\/\"},\"author\":{\"name\":\"Mai Trosborg Rasmussen\",\"@id\":\"https:\/\/kunmedierne.dk\/mors\/#\/schema\/person\/f4ba7f103cc8490962f20b22a3a0fca4\"},\"headline\":\"Dy Plambeck &#8220;For mig er Kulturm\u00f8det ogs\u00e5 en lovestory&#8221;\",\"datePublished\":\"2024-07-07T08:02:14+00:00\",\"dateModified\":\"2024-08-12T11:10:03+00:00\",\"mainEntityOfPage\":{\"@id\":\"https:\/\/kunmedierne.dk\/mors\/dy-plambeck-for-mig-er-kulturmoedet-ogsaa-en-lovestory\/\"},\"wordCount\":238,\"publisher\":{\"@id\":\"https:\/\/kunmedierne.dk\/mors\/#organization\"},\"image\":{\"@id\":\"https:\/\/kunmedierne.dk\/mors\/dy-plambeck-for-mig-er-kulturmoedet-ogsaa-en-lovestory\/#primaryimage\"},\"thumbnailUrl\":\"https:\/\/kunmedierne.dk\/mors\/wp-content\/uploads\/2024\/07\/Jonans-Lemvig-9.png\",\"keywords\":[\"Kulturm\u00f8det\",\"Turisme\"],\"articleSection\":[\"Kultur\"],\"inLanguage\":\"da-DK\"},{\"@type\":\"WebPage\",\"@id\":\"https:\/\/kunmedierne.dk\/mors\/dy-plambeck-for-mig-er-kulturmoedet-ogsaa-en-lovestory\/\",\"url\":\"https:\/\/kunmedierne.dk\/mors\/dy-plambeck-for-mig-er-kulturmoedet-ogsaa-en-lovestory\/\",\"name\":\"Dy Plambeck \\\"For mig er Kulturm\u00f8det ogs\u00e5 en lovestory\\\" - Mors\",\"isPartOf\":{\"@id\":\"https:\/\/kunmedierne.dk\/mors\/#website\"},\"primaryImageOfPage\":{\"@id\":\"https:\/\/kunmedierne.dk\/mors\/dy-plambeck-for-mig-er-kulturmoedet-ogsaa-en-lovestory\/#primaryimage\"},\"image\":{\"@id\":\"https:\/\/kunmedierne.dk\/mors\/dy-plambeck-for-mig-er-kulturmoedet-ogsaa-en-lovestory\/#primaryimage\"},\"thumbnailUrl\":\"https:\/\/kunmedierne.dk\/mors\/wp-content\/uploads\/2024\/07\/Jonans-Lemvig-9.png\",\"datePublished\":\"2024-07-07T08:02:14+00:00\",\"dateModified\":\"2024-08-12T11:10:03+00:00\",\"breadcrumb\":{\"@id\":\"https:\/\/kunmedierne.dk\/mors\/dy-plambeck-for-mig-er-kulturmoedet-ogsaa-en-lovestory\/#breadcrumb\"},\"inLanguage\":\"da-DK\",\"potentialAction\":[{\"@type\":\"ReadAction\",\"target\":[\"https:\/\/kunmedierne.dk\/mors\/dy-plambeck-for-mig-er-kulturmoedet-ogsaa-en-lovestory\/\"]}]},{\"@type\":\"ImageObject\",\"inLanguage\":\"da-DK\",\"@id\":\"https:\/\/kunmedierne.dk\/mors\/dy-plambeck-for-mig-er-kulturmoedet-ogsaa-en-lovestory\/#primaryimage\",\"url\":\"https:\/\/kunmedierne.dk\/mors\/wp-content\/uploads\/2024\/07\/Jonans-Lemvig-9.png\",\"contentUrl\":\"https:\/\/kunmedierne.dk\/mors\/wp-content\/uploads\/2024\/07\/Jonans-Lemvig-9.png\",\"width\":770,\"height\":640,\"caption\":\"Foto: Per Bille for Kulturm\u00f8det Mors.\"},{\"@type\":\"BreadcrumbList\",\"@id\":\"https:\/\/kunmedierne.dk\/mors\/dy-plambeck-for-mig-er-kulturmoedet-ogsaa-en-lovestory\/#breadcrumb\",\"itemListElement\":[{\"@type\":\"ListItem\",\"position\":1,\"name\":\"Hjem\",\"item\":\"https:\/\/kunmedierne.dk\/mors\/\"},{\"@type\":\"ListItem\",\"position\":2,\"name\":\"Dy Plambeck &#8220;For mig er Kulturm\u00f8det ogs\u00e5 en lovestory&#8221;\"}]},{\"@type\":\"WebSite\",\"@id\":\"https:\/\/kunmedierne.dk\/mors\/#website\",\"url\":\"https:\/\/kunmedierne.dk\/mors\/\",\"name\":\"Mors\",\"description\":\"et netmedie med journalistik om livet p\u00e5 Mors\",\"publisher\":{\"@id\":\"https:\/\/kunmedierne.dk\/mors\/#organization\"},\"potentialAction\":[{\"@type\":\"SearchAction\",\"target\":{\"@type\":\"EntryPoint\",\"urlTemplate\":\"https:\/\/kunmedierne.dk\/mors\/?s={search_term_string}\"},\"query-input\":{\"@type\":\"PropertyValueSpecification\",\"valueRequired\":true,\"valueName\":\"search_term_string\"}}],\"inLanguage\":\"da-DK\"},{\"@type\":\"Organization\",\"@id\":\"https:\/\/kunmedierne.dk\/mors\/#organization\",\"name\":\"Mors\",\"url\":\"https:\/\/kunmedierne.dk\/mors\/\",\"logo\":{\"@type\":\"ImageObject\",\"inLanguage\":\"da-DK\",\"@id\":\"https:\/\/kunmedierne.dk\/mors\/#\/schema\/logo\/image\/\",\"url\":\"https:\/\/kunmedierne.dk\/mors\/wp-content\/uploads\/2024\/08\/kunmors-logo.svg\",\"contentUrl\":\"https:\/\/kunmedierne.dk\/mors\/wp-content\/uploads\/2024\/08\/kunmors-logo.svg\",\"caption\":\"Mors\"},\"image\":{\"@id\":\"https:\/\/kunmedierne.dk\/mors\/#\/schema\/logo\/image\/\"}},{\"@type\":\"Person\",\"@id\":\"https:\/\/kunmedierne.dk\/mors\/#\/schema\/person\/f4ba7f103cc8490962f20b22a3a0fca4\",\"name\":\"Mai Trosborg Rasmussen\",\"image\":{\"@type\":\"ImageObject\",\"inLanguage\":\"da-DK\",\"@id\":\"https:\/\/kunmedierne.dk\/mors\/#\/schema\/person\/image\/\",\"url\":\"https:\/\/secure.gravatar.com\/avatar\/dfdff3dd0259aaf932f95cf8329d067fbcdd7ac86e081445c8ec011507f17114?s=96&d=mm&r=g\",\"contentUrl\":\"https:\/\/secure.gravatar.com\/avatar\/dfdff3dd0259aaf932f95cf8329d067fbcdd7ac86e081445c8ec011507f17114?s=96&d=mm&r=g\",\"caption\":\"Mai Trosborg Rasmussen\"},\"url\":\"https:\/\/kunmedierne.dk\/mors\/author\/mai\/\"}]}<\/script>\n<!-- \/ Yoast SEO plugin. -->","yoast_head_json":{"title":"Dy Plambeck \"For mig er Kulturm\u00f8det ogs\u00e5 en lovestory\" - Mors","robots":{"index":"index","follow":"follow","max-snippet":"max-snippet:-1","max-image-preview":"max-image-preview:large","max-video-preview":"max-video-preview:-1"},"canonical":"https:\/\/kunmedierne.dk\/mors\/dy-plambeck-for-mig-er-kulturmoedet-ogsaa-en-lovestory\/","og_locale":"da_DK","og_type":"article","og_title":"Dy Plambeck \"For mig er Kulturm\u00f8det ogs\u00e5 en lovestory\" - Mors","og_description":"KULTURM\u00d8DET: Forfatteren Dy Plambeck er uddannet fra Forfatterskolen i 2004 og har siden skrevet en r\u00e6kke b\u00f8ger, senest &#8216;Mod midnatsolen&#8217;, som er udgivet p\u00e5 Gyldendal i \u00e5r. Til Kulturm\u00f8det kan man blandt andet h\u00f8re hende i samtale med Linn Ullmann under overskriften &#8216;Familien som udspring, traume og dr\u00f8m.&#8217; Hvor mange \u00e5r har du deltaget i [&hellip;]","og_url":"https:\/\/kunmedierne.dk\/mors\/dy-plambeck-for-mig-er-kulturmoedet-ogsaa-en-lovestory\/","og_site_name":"Mors","article_published_time":"2024-07-07T08:02:14+00:00","article_modified_time":"2024-08-12T11:10:03+00:00","og_image":[{"width":770,"height":640,"url":"https:\/\/kunmedierne.dk\/mors\/wp-content\/uploads\/2024\/07\/Jonans-Lemvig-9.png","type":"image\/png"}],"author":"Mai Trosborg Rasmussen","twitter_card":"summary_large_image","twitter_misc":{"Skrevet af":"Mai Trosborg Rasmussen","Estimeret l\u00e6setid":"2 minutter"},"schema":{"@context":"https:\/\/schema.org","@graph":[{"@type":"Article","@id":"https:\/\/kunmedierne.dk\/mors\/dy-plambeck-for-mig-er-kulturmoedet-ogsaa-en-lovestory\/#article","isPartOf":{"@id":"https:\/\/kunmedierne.dk\/mors\/dy-plambeck-for-mig-er-kulturmoedet-ogsaa-en-lovestory\/"},"author":{"name":"Mai Trosborg Rasmussen","@id":"https:\/\/kunmedierne.dk\/mors\/#\/schema\/person\/f4ba7f103cc8490962f20b22a3a0fca4"},"headline":"Dy Plambeck &#8220;For mig er Kulturm\u00f8det ogs\u00e5 en lovestory&#8221;","datePublished":"2024-07-07T08:02:14+00:00","dateModified":"2024-08-12T11:10:03+00:00","mainEntityOfPage":{"@id":"https:\/\/kunmedierne.dk\/mors\/dy-plambeck-for-mig-er-kulturmoedet-ogsaa-en-lovestory\/"},"wordCount":238,"publisher":{"@id":"https:\/\/kunmedierne.dk\/mors\/#organization"},"image":{"@id":"https:\/\/kunmedierne.dk\/mors\/dy-plambeck-for-mig-er-kulturmoedet-ogsaa-en-lovestory\/#primaryimage"},"thumbnailUrl":"https:\/\/kunmedierne.dk\/mors\/wp-content\/uploads\/2024\/07\/Jonans-Lemvig-9.png","keywords":["Kulturm\u00f8det","Turisme"],"articleSection":["Kultur"],"inLanguage":"da-DK"},{"@type":"WebPage","@id":"https:\/\/kunmedierne.dk\/mors\/dy-plambeck-for-mig-er-kulturmoedet-ogsaa-en-lovestory\/","url":"https:\/\/kunmedierne.dk\/mors\/dy-plambeck-for-mig-er-kulturmoedet-ogsaa-en-lovestory\/","name":"Dy Plambeck \"For mig er Kulturm\u00f8det ogs\u00e5 en lovestory\" - Mors","isPartOf":{"@id":"https:\/\/kunmedierne.dk\/mors\/#website"},"primaryImageOfPage":{"@id":"https:\/\/kunmedierne.dk\/mors\/dy-plambeck-for-mig-er-kulturmoedet-ogsaa-en-lovestory\/#primaryimage"},"image":{"@id":"https:\/\/kunmedierne.dk\/mors\/dy-plambeck-for-mig-er-kulturmoedet-ogsaa-en-lovestory\/#primaryimage"},"thumbnailUrl":"https:\/\/kunmedierne.dk\/mors\/wp-content\/uploads\/2024\/07\/Jonans-Lemvig-9.png","datePublished":"2024-07-07T08:02:14+00:00","dateModified":"2024-08-12T11:10:03+00:00","breadcrumb":{"@id":"https:\/\/kunmedierne.dk\/mors\/dy-plambeck-for-mig-er-kulturmoedet-ogsaa-en-lovestory\/#breadcrumb"},"inLanguage":"da-DK","potentialAction":[{"@type":"ReadAction","target":["https:\/\/kunmedierne.dk\/mors\/dy-plambeck-for-mig-er-kulturmoedet-ogsaa-en-lovestory\/"]}]},{"@type":"ImageObject","inLanguage":"da-DK","@id":"https:\/\/kunmedierne.dk\/mors\/dy-plambeck-for-mig-er-kulturmoedet-ogsaa-en-lovestory\/#primaryimage","url":"https:\/\/kunmedierne.dk\/mors\/wp-content\/uploads\/2024\/07\/Jonans-Lemvig-9.png","contentUrl":"https:\/\/kunmedierne.dk\/mors\/wp-content\/uploads\/2024\/07\/Jonans-Lemvig-9.png","width":770,"height":640,"caption":"Foto: Per Bille for Kulturm\u00f8det Mors."},{"@type":"BreadcrumbList","@id":"https:\/\/kunmedierne.dk\/mors\/dy-plambeck-for-mig-er-kulturmoedet-ogsaa-en-lovestory\/#breadcrumb","itemListElement":[{"@type":"ListItem","position":1,"name":"Hjem","item":"https:\/\/kunmedierne.dk\/mors\/"},{"@type":"ListItem","position":2,"name":"Dy Plambeck &#8220;For mig er Kulturm\u00f8det ogs\u00e5 en lovestory&#8221;"}]},{"@type":"WebSite","@id":"https:\/\/kunmedierne.dk\/mors\/#website","url":"https:\/\/kunmedierne.dk\/mors\/","name":"Mors","description":"et netmedie med journalistik om livet p\u00e5 Mors","publisher":{"@id":"https:\/\/kunmedierne.dk\/mors\/#organization"},"potentialAction":[{"@type":"SearchAction","target":{"@type":"EntryPoint","urlTemplate":"https:\/\/kunmedierne.dk\/mors\/?s={search_term_string}"},"query-input":{"@type":"PropertyValueSpecification","valueRequired":true,"valueName":"search_term_string"}}],"inLanguage":"da-DK"},{"@type":"Organization","@id":"https:\/\/kunmedierne.dk\/mors\/#organization","name":"Mors","url":"https:\/\/kunmedierne.dk\/mors\/","logo":{"@type":"ImageObject","inLanguage":"da-DK","@id":"https:\/\/kunmedierne.dk\/mors\/#\/schema\/logo\/image\/","url":"https:\/\/kunmedierne.dk\/mors\/wp-content\/uploads\/2024\/08\/kunmors-logo.svg","contentUrl":"https:\/\/kunmedierne.dk\/mors\/wp-content\/uploads\/2024\/08\/kunmors-logo.svg","caption":"Mors"},"image":{"@id":"https:\/\/kunmedierne.dk\/mors\/#\/schema\/logo\/image\/"}},{"@type":"Person","@id":"https:\/\/kunmedierne.dk\/mors\/#\/schema\/person\/f4ba7f103cc8490962f20b22a3a0fca4","name":"Mai Trosborg Rasmussen","image":{"@type":"ImageObject","inLanguage":"da-DK","@id":"https:\/\/kunmedierne.dk\/mors\/#\/schema\/person\/image\/","url":"https:\/\/secure.gravatar.com\/avatar\/dfdff3dd0259aaf932f95cf8329d067fbcdd7ac86e081445c8ec011507f17114?s=96&d=mm&r=g","contentUrl":"https:\/\/secure.gravatar.com\/avatar\/dfdff3dd0259aaf932f95cf8329d067fbcdd7ac86e081445c8ec011507f17114?s=96&d=mm&r=g","caption":"Mai Trosborg Rasmussen"},"url":"https:\/\/kunmedierne.dk\/mors\/author\/mai\/"}]}},"_links":{"self":[{"href":"https:\/\/kunmedierne.dk\/mors\/wp-json\/wp\/v2\/posts\/121621","targetHints":{"allow":["GET"]}}],"collection":[{"href":"https:\/\/kunmedierne.dk\/mors\/wp-json\/wp\/v2\/posts"}],"about":[{"href":"https:\/\/kunmedierne.dk\/mors\/wp-json\/wp\/v2\/types\/post"}],"author":[{"embeddable":true,"href":"https:\/\/kunmedierne.dk\/mors\/wp-json\/wp\/v2\/users\/3973"}],"replies":[{"embeddable":true,"href":"https:\/\/kunmedierne.dk\/mors\/wp-json\/wp\/v2\/comments?post=121621"}],"version-history":[{"count":5,"href":"https:\/\/kunmedierne.dk\/mors\/wp-json\/wp\/v2\/posts\/121621\/revisions"}],"predecessor-version":[{"id":121693,"href":"https:\/\/kunmedierne.dk\/mors\/wp-json\/wp\/v2\/posts\/121621\/revisions\/121693"}],"wp:featuredmedia":[{"embeddable":true,"href":"https:\/\/kunmedierne.dk\/mors\/wp-json\/wp\/v2\/media\/121628"}],"wp:attachment":[{"href":"https:\/\/kunmedierne.dk\/mors\/wp-json\/wp\/v2\/media?parent=121621"}],"wp:term":[{"taxonomy":"category","embeddable":true,"href":"https:\/\/kunmedierne.dk\/mors\/wp-json\/wp\/v2\/categories?post=121621"},{"taxonomy":"post_tag","embeddable":true,"href":"https:\/\/kunmedierne.dk\/mors\/wp-json\/wp\/v2\/tags?post=121621"}],"curies":[{"name":"wp","href":"https:\/\/api.w.org\/{rel}","templated":true}]}}