{"id":121598,"date":"2024-07-14T10:41:56","date_gmt":"2024-07-14T08:41:56","guid":{"rendered":"https:\/\/kunmedierne.dk\/mors\/?p=121598"},"modified":"2024-08-12T13:10:01","modified_gmt":"2024-08-12T11:10:01","slug":"ung-kult-mors-er-en-ja-hat-oe","status":"publish","type":"post","link":"https:\/\/kunmedierne.dk\/mors\/ung-kult-mors-er-en-ja-hat-oe\/","title":{"rendered":"Ung Kult &#8220;Mors er en ja-hat \u00f8&#8221;"},"content":{"rendered":"<p><strong>UNG KULT:\u00a0<\/strong>Ung Kult er et nationalt f\u00e6llesskab for unge kulturskabere, der opstod lokalt i 2015 p\u00e5 Mors. F\u00e6llesskabet er for unge, af unge (15-30-\u00e5rige). P\u00e5 Kulturm\u00f8det har Ung Kult deres helt egen Ung Kult Camp, hvor de s\u00e6tte fokus p\u00e5 de unge kulturskabere med samtaler, kunst og debatter.<\/p>\n<p><em>Hvor mange \u00e5r har I deltaget i Kulturm\u00f8det Mors?<\/em><\/p>\n<div>\n<p>Ung Kult har afviklet vores ungeomr\u00e5de siden 2020. Det er alts\u00e5 5. \u00e5r, at Ung Kult Camp skabes i samarbejde med Kulturm\u00f8det Mors.<\/p>\n<a class=\"dvrt-link\" onClick=\"cdmtrack_click(104778,jQuery(this));return false\" href=\"https:\/\/vester-begr.dk\/?gclid=CjwKCAjw5Kv7BRBSEiwAXGDElQB6WMfm9CgYVrruty-I1gaOkTkC3mlA4QRDtYNsxYgVC8sNzAJ7WhoCmBsQAvD_BwE\"><img decoding=\"async\" style=\"width:100%;\" src=\"https:\/\/kunmedierne.dk\/mors\/wp-content\/uploads\/2023\/10\/260203VesterHoukaer-02022026.jpg\"><\/a><script>cdmtrack_view(104778);<\/script>\n<p><em>Hvorfor er I en del af Kulturm\u00f8det Mors?<\/em><\/p>\n<p>Ung Kult startede i 2019, da stifter Malte Houe blev inspireret og motiveret til at skabe et ungeinitiativ p\u00e5 Mors, som var skabt for unge, af unge. En del af den vision var at skabe et 100% ungedrevet og uafh\u00e6ngigt omr\u00e5de p\u00e5 Kulturm\u00f8det. Da corona kom susende ind over os i 2020, blev Kulturm\u00f8det afviklet mere eller mindre online. Malte arrangerede et fysisk event oppe i Mors\u00f8 Multipark, og d\u00e9r opstod Ung Kult Camp. \u00c5ret efter styrkede vi samarbejdet med Kulturm\u00f8det, og har siden udviklet os ekstremt. Sidste \u00e5r kunne vi byde 23.000 g\u00e6ster velkommen p\u00e5 vores omr\u00e5de. Det er vi ret stolte af.<\/p>\n<p><em>Hvad oplever I, at Kulturm\u00f8det bidrager med?<\/em><\/p>\n<p>Samarbejdet mellem Ung Kult og Kulturm\u00f8det Mors er ganske unikt. Vi f\u00e5r lov at skabe og styre ungeomr\u00e5det 100% selv og st\u00e5r med Kulturm\u00f8det i ryggen. Det er et trygt sikkerhedsnet, der giver os mulighed for at sparre og erfaringsudveksle, n\u00e5r behovet opst\u00e5r. Derudover er Kulturm\u00f8det en unik mulighed for at skabe debat og derved forandring. Kunsten og kulturen har brug for Kulturm\u00f8det Mors for at sikre udvikling nu og i fremtiden.<\/p>\n<a class=\"dvrt-link\" onClick=\"cdmtrack_click(113414,jQuery(this));return false\" href=\"https:\/\/www.p-soerensen.dk\/\"><img decoding=\"async\" style=\"width:100%;\" src=\"https:\/\/kunmedierne.dk\/mors\/wp-content\/uploads\/2024\/03\/p-soerensen-juni25.jpg\"><\/a><script>cdmtrack_view(113414);<\/script>\n<p><em>Hvis I skulle n\u00e6vne \u00e9n ting ved Mors, der har gjort s\u00e6rligt indtryk, hvad vil I s\u00e5 n\u00e6vne?<\/em><\/p>\n<p>Mors er en ja-hat \u00f8. Her tror vi p\u00e5 nye initiativer, og det har vi vist gang p\u00e5 gang. Vi er en \u00d8, der t\u00f8r g\u00e5 forrest, og det har gjort, at vi har skabt events og projekter der udefra virker helt umulige for en lille kommune som vores. Kulkturm\u00f8det, 100 Miles, Skalddyrsfestiavl, Ung Kult og meget mere.<\/p>\n<p>L\u00e6s &#8216;Spot p\u00e5 Kulturm\u00f8det Mors: Kulturkanten&#8217; <a href=\"https:\/\/kunmedierne.dk\/mors\/spot-paa-kulturmoedet-mors-kulturkanten\/\" target=\"_blank\" rel=\"noopener\">her<\/a>.<\/p>\n<\/div>\n","protected":false},"excerpt":{"rendered":"<p>UNG KULT:\u00a0Ung Kult er et nationalt f\u00e6llesskab for unge kulturskabere, der opstod lokalt i 2015 p\u00e5 Mors. F\u00e6llesskabet er for unge, af unge (15-30-\u00e5rige). P\u00e5 Kulturm\u00f8det har Ung Kult deres helt egen Ung Kult Camp, hvor de s\u00e6tte fokus p\u00e5 de unge kulturskabere med samtaler, kunst og debatter. Hvor mange \u00e5r har I deltaget i [&hellip;]<\/p>\n","protected":false},"author":3973,"featured_media":121601,"comment_status":"closed","ping_status":"open","sticky":false,"template":"","format":"standard","meta":{"_acf_changed":false,"footnotes":""},"categories":[49],"tags":[162,171],"class_list":["post-121598","post","type-post","status-publish","format-standard","has-post-thumbnail","hentry","category-kultur","tag-kulturmoedet","tag-turisme"],"acf":[],"yoast_head":"<!-- This site is optimized with the Yoast SEO plugin v26.8 - https:\/\/yoast.com\/product\/yoast-seo-wordpress\/ -->\n<title>Ung Kult &quot;Mors er en ja-hat \u00f8&quot; - Mors<\/title>\n<meta name=\"robots\" content=\"index, follow, max-snippet:-1, max-image-preview:large, max-video-preview:-1\" \/>\n<link rel=\"canonical\" href=\"https:\/\/kunmedierne.dk\/mors\/ung-kult-mors-er-en-ja-hat-oe\/\" \/>\n<meta property=\"og:locale\" content=\"da_DK\" \/>\n<meta property=\"og:type\" content=\"article\" \/>\n<meta property=\"og:title\" content=\"Ung Kult &quot;Mors er en ja-hat \u00f8&quot; - Mors\" \/>\n<meta property=\"og:description\" content=\"UNG KULT:\u00a0Ung Kult er et nationalt f\u00e6llesskab for unge kulturskabere, der opstod lokalt i 2015 p\u00e5 Mors. F\u00e6llesskabet er for unge, af unge (15-30-\u00e5rige). P\u00e5 Kulturm\u00f8det har Ung Kult deres helt egen Ung Kult Camp, hvor de s\u00e6tte fokus p\u00e5 de unge kulturskabere med samtaler, kunst og debatter. Hvor mange \u00e5r har I deltaget i [&hellip;]\" \/>\n<meta property=\"og:url\" content=\"https:\/\/kunmedierne.dk\/mors\/ung-kult-mors-er-en-ja-hat-oe\/\" \/>\n<meta property=\"og:site_name\" content=\"Mors\" \/>\n<meta property=\"article:published_time\" content=\"2024-07-14T08:41:56+00:00\" \/>\n<meta property=\"article:modified_time\" content=\"2024-08-12T11:10:01+00:00\" \/>\n<meta property=\"og:image\" content=\"https:\/\/kunmedierne.dk\/mors\/wp-content\/uploads\/2024\/07\/Jonans-Lemvig-7.png\" \/>\n\t<meta property=\"og:image:width\" content=\"770\" \/>\n\t<meta property=\"og:image:height\" content=\"640\" \/>\n\t<meta property=\"og:image:type\" content=\"image\/png\" \/>\n<meta name=\"author\" content=\"Mai Trosborg Rasmussen\" \/>\n<meta name=\"twitter:card\" content=\"summary_large_image\" \/>\n<meta name=\"twitter:label1\" content=\"Skrevet af\" \/>\n\t<meta name=\"twitter:data1\" content=\"Mai Trosborg Rasmussen\" \/>\n\t<meta name=\"twitter:label2\" content=\"Estimeret l\u00e6setid\" \/>\n\t<meta name=\"twitter:data2\" content=\"3 minutter\" \/>\n<script type=\"application\/ld+json\" class=\"yoast-schema-graph\">{\"@context\":\"https:\/\/schema.org\",\"@graph\":[{\"@type\":\"Article\",\"@id\":\"https:\/\/kunmedierne.dk\/mors\/ung-kult-mors-er-en-ja-hat-oe\/#article\",\"isPartOf\":{\"@id\":\"https:\/\/kunmedierne.dk\/mors\/ung-kult-mors-er-en-ja-hat-oe\/\"},\"author\":{\"name\":\"Mai Trosborg Rasmussen\",\"@id\":\"https:\/\/kunmedierne.dk\/mors\/#\/schema\/person\/f4ba7f103cc8490962f20b22a3a0fca4\"},\"headline\":\"Ung Kult &#8220;Mors er en ja-hat \u00f8&#8221;\",\"datePublished\":\"2024-07-14T08:41:56+00:00\",\"dateModified\":\"2024-08-12T11:10:01+00:00\",\"mainEntityOfPage\":{\"@id\":\"https:\/\/kunmedierne.dk\/mors\/ung-kult-mors-er-en-ja-hat-oe\/\"},\"wordCount\":389,\"publisher\":{\"@id\":\"https:\/\/kunmedierne.dk\/mors\/#organization\"},\"image\":{\"@id\":\"https:\/\/kunmedierne.dk\/mors\/ung-kult-mors-er-en-ja-hat-oe\/#primaryimage\"},\"thumbnailUrl\":\"https:\/\/kunmedierne.dk\/mors\/wp-content\/uploads\/2024\/07\/Jonans-Lemvig-7.png\",\"keywords\":[\"Kulturm\u00f8det\",\"Turisme\"],\"articleSection\":[\"Kultur\"],\"inLanguage\":\"da-DK\"},{\"@type\":\"WebPage\",\"@id\":\"https:\/\/kunmedierne.dk\/mors\/ung-kult-mors-er-en-ja-hat-oe\/\",\"url\":\"https:\/\/kunmedierne.dk\/mors\/ung-kult-mors-er-en-ja-hat-oe\/\",\"name\":\"Ung Kult \\\"Mors er en ja-hat \u00f8\\\" - Mors\",\"isPartOf\":{\"@id\":\"https:\/\/kunmedierne.dk\/mors\/#website\"},\"primaryImageOfPage\":{\"@id\":\"https:\/\/kunmedierne.dk\/mors\/ung-kult-mors-er-en-ja-hat-oe\/#primaryimage\"},\"image\":{\"@id\":\"https:\/\/kunmedierne.dk\/mors\/ung-kult-mors-er-en-ja-hat-oe\/#primaryimage\"},\"thumbnailUrl\":\"https:\/\/kunmedierne.dk\/mors\/wp-content\/uploads\/2024\/07\/Jonans-Lemvig-7.png\",\"datePublished\":\"2024-07-14T08:41:56+00:00\",\"dateModified\":\"2024-08-12T11:10:01+00:00\",\"breadcrumb\":{\"@id\":\"https:\/\/kunmedierne.dk\/mors\/ung-kult-mors-er-en-ja-hat-oe\/#breadcrumb\"},\"inLanguage\":\"da-DK\",\"potentialAction\":[{\"@type\":\"ReadAction\",\"target\":[\"https:\/\/kunmedierne.dk\/mors\/ung-kult-mors-er-en-ja-hat-oe\/\"]}]},{\"@type\":\"ImageObject\",\"inLanguage\":\"da-DK\",\"@id\":\"https:\/\/kunmedierne.dk\/mors\/ung-kult-mors-er-en-ja-hat-oe\/#primaryimage\",\"url\":\"https:\/\/kunmedierne.dk\/mors\/wp-content\/uploads\/2024\/07\/Jonans-Lemvig-7.png\",\"contentUrl\":\"https:\/\/kunmedierne.dk\/mors\/wp-content\/uploads\/2024\/07\/Jonans-Lemvig-7.png\",\"width\":770,\"height\":640,\"caption\":\"Foto: Per Bille for Kulturm\u00f8det.\"},{\"@type\":\"BreadcrumbList\",\"@id\":\"https:\/\/kunmedierne.dk\/mors\/ung-kult-mors-er-en-ja-hat-oe\/#breadcrumb\",\"itemListElement\":[{\"@type\":\"ListItem\",\"position\":1,\"name\":\"Hjem\",\"item\":\"https:\/\/kunmedierne.dk\/mors\/\"},{\"@type\":\"ListItem\",\"position\":2,\"name\":\"Ung Kult &#8220;Mors er en ja-hat \u00f8&#8221;\"}]},{\"@type\":\"WebSite\",\"@id\":\"https:\/\/kunmedierne.dk\/mors\/#website\",\"url\":\"https:\/\/kunmedierne.dk\/mors\/\",\"name\":\"Mors\",\"description\":\"et netmedie med journalistik om livet p\u00e5 Mors\",\"publisher\":{\"@id\":\"https:\/\/kunmedierne.dk\/mors\/#organization\"},\"potentialAction\":[{\"@type\":\"SearchAction\",\"target\":{\"@type\":\"EntryPoint\",\"urlTemplate\":\"https:\/\/kunmedierne.dk\/mors\/?s={search_term_string}\"},\"query-input\":{\"@type\":\"PropertyValueSpecification\",\"valueRequired\":true,\"valueName\":\"search_term_string\"}}],\"inLanguage\":\"da-DK\"},{\"@type\":\"Organization\",\"@id\":\"https:\/\/kunmedierne.dk\/mors\/#organization\",\"name\":\"Mors\",\"url\":\"https:\/\/kunmedierne.dk\/mors\/\",\"logo\":{\"@type\":\"ImageObject\",\"inLanguage\":\"da-DK\",\"@id\":\"https:\/\/kunmedierne.dk\/mors\/#\/schema\/logo\/image\/\",\"url\":\"https:\/\/kunmedierne.dk\/mors\/wp-content\/uploads\/2024\/08\/kunmors-logo.svg\",\"contentUrl\":\"https:\/\/kunmedierne.dk\/mors\/wp-content\/uploads\/2024\/08\/kunmors-logo.svg\",\"caption\":\"Mors\"},\"image\":{\"@id\":\"https:\/\/kunmedierne.dk\/mors\/#\/schema\/logo\/image\/\"}},{\"@type\":\"Person\",\"@id\":\"https:\/\/kunmedierne.dk\/mors\/#\/schema\/person\/f4ba7f103cc8490962f20b22a3a0fca4\",\"name\":\"Mai Trosborg Rasmussen\",\"image\":{\"@type\":\"ImageObject\",\"inLanguage\":\"da-DK\",\"@id\":\"https:\/\/kunmedierne.dk\/mors\/#\/schema\/person\/image\/\",\"url\":\"https:\/\/secure.gravatar.com\/avatar\/dfdff3dd0259aaf932f95cf8329d067fbcdd7ac86e081445c8ec011507f17114?s=96&d=mm&r=g\",\"contentUrl\":\"https:\/\/secure.gravatar.com\/avatar\/dfdff3dd0259aaf932f95cf8329d067fbcdd7ac86e081445c8ec011507f17114?s=96&d=mm&r=g\",\"caption\":\"Mai Trosborg Rasmussen\"},\"url\":\"https:\/\/kunmedierne.dk\/mors\/author\/mai\/\"}]}<\/script>\n<!-- \/ Yoast SEO plugin. -->","yoast_head_json":{"title":"Ung Kult \"Mors er en ja-hat \u00f8\" - Mors","robots":{"index":"index","follow":"follow","max-snippet":"max-snippet:-1","max-image-preview":"max-image-preview:large","max-video-preview":"max-video-preview:-1"},"canonical":"https:\/\/kunmedierne.dk\/mors\/ung-kult-mors-er-en-ja-hat-oe\/","og_locale":"da_DK","og_type":"article","og_title":"Ung Kult \"Mors er en ja-hat \u00f8\" - Mors","og_description":"UNG KULT:\u00a0Ung Kult er et nationalt f\u00e6llesskab for unge kulturskabere, der opstod lokalt i 2015 p\u00e5 Mors. F\u00e6llesskabet er for unge, af unge (15-30-\u00e5rige). P\u00e5 Kulturm\u00f8det har Ung Kult deres helt egen Ung Kult Camp, hvor de s\u00e6tte fokus p\u00e5 de unge kulturskabere med samtaler, kunst og debatter. Hvor mange \u00e5r har I deltaget i [&hellip;]","og_url":"https:\/\/kunmedierne.dk\/mors\/ung-kult-mors-er-en-ja-hat-oe\/","og_site_name":"Mors","article_published_time":"2024-07-14T08:41:56+00:00","article_modified_time":"2024-08-12T11:10:01+00:00","og_image":[{"width":770,"height":640,"url":"https:\/\/kunmedierne.dk\/mors\/wp-content\/uploads\/2024\/07\/Jonans-Lemvig-7.png","type":"image\/png"}],"author":"Mai Trosborg Rasmussen","twitter_card":"summary_large_image","twitter_misc":{"Skrevet af":"Mai Trosborg Rasmussen","Estimeret l\u00e6setid":"3 minutter"},"schema":{"@context":"https:\/\/schema.org","@graph":[{"@type":"Article","@id":"https:\/\/kunmedierne.dk\/mors\/ung-kult-mors-er-en-ja-hat-oe\/#article","isPartOf":{"@id":"https:\/\/kunmedierne.dk\/mors\/ung-kult-mors-er-en-ja-hat-oe\/"},"author":{"name":"Mai Trosborg Rasmussen","@id":"https:\/\/kunmedierne.dk\/mors\/#\/schema\/person\/f4ba7f103cc8490962f20b22a3a0fca4"},"headline":"Ung Kult &#8220;Mors er en ja-hat \u00f8&#8221;","datePublished":"2024-07-14T08:41:56+00:00","dateModified":"2024-08-12T11:10:01+00:00","mainEntityOfPage":{"@id":"https:\/\/kunmedierne.dk\/mors\/ung-kult-mors-er-en-ja-hat-oe\/"},"wordCount":389,"publisher":{"@id":"https:\/\/kunmedierne.dk\/mors\/#organization"},"image":{"@id":"https:\/\/kunmedierne.dk\/mors\/ung-kult-mors-er-en-ja-hat-oe\/#primaryimage"},"thumbnailUrl":"https:\/\/kunmedierne.dk\/mors\/wp-content\/uploads\/2024\/07\/Jonans-Lemvig-7.png","keywords":["Kulturm\u00f8det","Turisme"],"articleSection":["Kultur"],"inLanguage":"da-DK"},{"@type":"WebPage","@id":"https:\/\/kunmedierne.dk\/mors\/ung-kult-mors-er-en-ja-hat-oe\/","url":"https:\/\/kunmedierne.dk\/mors\/ung-kult-mors-er-en-ja-hat-oe\/","name":"Ung Kult \"Mors er en ja-hat \u00f8\" - Mors","isPartOf":{"@id":"https:\/\/kunmedierne.dk\/mors\/#website"},"primaryImageOfPage":{"@id":"https:\/\/kunmedierne.dk\/mors\/ung-kult-mors-er-en-ja-hat-oe\/#primaryimage"},"image":{"@id":"https:\/\/kunmedierne.dk\/mors\/ung-kult-mors-er-en-ja-hat-oe\/#primaryimage"},"thumbnailUrl":"https:\/\/kunmedierne.dk\/mors\/wp-content\/uploads\/2024\/07\/Jonans-Lemvig-7.png","datePublished":"2024-07-14T08:41:56+00:00","dateModified":"2024-08-12T11:10:01+00:00","breadcrumb":{"@id":"https:\/\/kunmedierne.dk\/mors\/ung-kult-mors-er-en-ja-hat-oe\/#breadcrumb"},"inLanguage":"da-DK","potentialAction":[{"@type":"ReadAction","target":["https:\/\/kunmedierne.dk\/mors\/ung-kult-mors-er-en-ja-hat-oe\/"]}]},{"@type":"ImageObject","inLanguage":"da-DK","@id":"https:\/\/kunmedierne.dk\/mors\/ung-kult-mors-er-en-ja-hat-oe\/#primaryimage","url":"https:\/\/kunmedierne.dk\/mors\/wp-content\/uploads\/2024\/07\/Jonans-Lemvig-7.png","contentUrl":"https:\/\/kunmedierne.dk\/mors\/wp-content\/uploads\/2024\/07\/Jonans-Lemvig-7.png","width":770,"height":640,"caption":"Foto: Per Bille for Kulturm\u00f8det."},{"@type":"BreadcrumbList","@id":"https:\/\/kunmedierne.dk\/mors\/ung-kult-mors-er-en-ja-hat-oe\/#breadcrumb","itemListElement":[{"@type":"ListItem","position":1,"name":"Hjem","item":"https:\/\/kunmedierne.dk\/mors\/"},{"@type":"ListItem","position":2,"name":"Ung Kult &#8220;Mors er en ja-hat \u00f8&#8221;"}]},{"@type":"WebSite","@id":"https:\/\/kunmedierne.dk\/mors\/#website","url":"https:\/\/kunmedierne.dk\/mors\/","name":"Mors","description":"et netmedie med journalistik om livet p\u00e5 Mors","publisher":{"@id":"https:\/\/kunmedierne.dk\/mors\/#organization"},"potentialAction":[{"@type":"SearchAction","target":{"@type":"EntryPoint","urlTemplate":"https:\/\/kunmedierne.dk\/mors\/?s={search_term_string}"},"query-input":{"@type":"PropertyValueSpecification","valueRequired":true,"valueName":"search_term_string"}}],"inLanguage":"da-DK"},{"@type":"Organization","@id":"https:\/\/kunmedierne.dk\/mors\/#organization","name":"Mors","url":"https:\/\/kunmedierne.dk\/mors\/","logo":{"@type":"ImageObject","inLanguage":"da-DK","@id":"https:\/\/kunmedierne.dk\/mors\/#\/schema\/logo\/image\/","url":"https:\/\/kunmedierne.dk\/mors\/wp-content\/uploads\/2024\/08\/kunmors-logo.svg","contentUrl":"https:\/\/kunmedierne.dk\/mors\/wp-content\/uploads\/2024\/08\/kunmors-logo.svg","caption":"Mors"},"image":{"@id":"https:\/\/kunmedierne.dk\/mors\/#\/schema\/logo\/image\/"}},{"@type":"Person","@id":"https:\/\/kunmedierne.dk\/mors\/#\/schema\/person\/f4ba7f103cc8490962f20b22a3a0fca4","name":"Mai Trosborg Rasmussen","image":{"@type":"ImageObject","inLanguage":"da-DK","@id":"https:\/\/kunmedierne.dk\/mors\/#\/schema\/person\/image\/","url":"https:\/\/secure.gravatar.com\/avatar\/dfdff3dd0259aaf932f95cf8329d067fbcdd7ac86e081445c8ec011507f17114?s=96&d=mm&r=g","contentUrl":"https:\/\/secure.gravatar.com\/avatar\/dfdff3dd0259aaf932f95cf8329d067fbcdd7ac86e081445c8ec011507f17114?s=96&d=mm&r=g","caption":"Mai Trosborg Rasmussen"},"url":"https:\/\/kunmedierne.dk\/mors\/author\/mai\/"}]}},"_links":{"self":[{"href":"https:\/\/kunmedierne.dk\/mors\/wp-json\/wp\/v2\/posts\/121598","targetHints":{"allow":["GET"]}}],"collection":[{"href":"https:\/\/kunmedierne.dk\/mors\/wp-json\/wp\/v2\/posts"}],"about":[{"href":"https:\/\/kunmedierne.dk\/mors\/wp-json\/wp\/v2\/types\/post"}],"author":[{"embeddable":true,"href":"https:\/\/kunmedierne.dk\/mors\/wp-json\/wp\/v2\/users\/3973"}],"replies":[{"embeddable":true,"href":"https:\/\/kunmedierne.dk\/mors\/wp-json\/wp\/v2\/comments?post=121598"}],"version-history":[{"count":10,"href":"https:\/\/kunmedierne.dk\/mors\/wp-json\/wp\/v2\/posts\/121598\/revisions"}],"predecessor-version":[{"id":122216,"href":"https:\/\/kunmedierne.dk\/mors\/wp-json\/wp\/v2\/posts\/121598\/revisions\/122216"}],"wp:featuredmedia":[{"embeddable":true,"href":"https:\/\/kunmedierne.dk\/mors\/wp-json\/wp\/v2\/media\/121601"}],"wp:attachment":[{"href":"https:\/\/kunmedierne.dk\/mors\/wp-json\/wp\/v2\/media?parent=121598"}],"wp:term":[{"taxonomy":"category","embeddable":true,"href":"https:\/\/kunmedierne.dk\/mors\/wp-json\/wp\/v2\/categories?post=121598"},{"taxonomy":"post_tag","embeddable":true,"href":"https:\/\/kunmedierne.dk\/mors\/wp-json\/wp\/v2\/tags?post=121598"}],"curies":[{"name":"wp","href":"https:\/\/api.w.org\/{rel}","templated":true}]}}