{"id":121266,"date":"2024-07-06T17:30:44","date_gmt":"2024-07-06T15:30:44","guid":{"rendered":"https:\/\/kunmedierne.dk\/mors\/?p=121266"},"modified":"2024-08-12T13:10:03","modified_gmt":"2024-08-12T11:10:03","slug":"spot-paa-kulturmoedet-bkf-billedkunstnernes-forbund","status":"publish","type":"post","link":"https:\/\/kunmedierne.dk\/mors\/spot-paa-kulturmoedet-bkf-billedkunstnernes-forbund\/","title":{"rendered":"Spot p\u00e5 Kulturm\u00f8det: BKF (Billedkunstnernes Forbund)"},"content":{"rendered":"<p><strong>KULTURM\u00d8DET:\u00a0<\/strong>BKF (Billedkunstnernes Forbund) har deltaget i Kulturm\u00f8det siden 2015 og har gennemg\u00e5et en udvikling, hvor de startede med at deltage lokalt med deres Nordjyllandsafdeling til at deltage nationalt med hele bestyrelsen og sekretariatet. I \u00e5r pr\u00e6senterer BFK blandt andet v\u00e6rket &#8216;En \u00e5ndedr\u00e6tsmaskine&#8217;, som er skabt af kunstnerne Ida Retz-Wessberg og Myne S\u00f8e-Pedersen. Har man lyst til at h\u00f8re kunstnerne fort\u00e6lle om v\u00e6rket, mens man spiser invasive stillehavs\u00f8sters og smager p\u00e5 naturvin fra lokalomr\u00e5det, er der ogs\u00e5 mulighed for det.<\/p>\n<a class=\"dvrt-link\" onClick=\"cdmtrack_click(104780,jQuery(this));return false\" href=\"https:\/\/www.spard.dk\/\"><img decoding=\"async\" style=\"width:100%;\" src=\"https:\/\/kunmedierne.dk\/mors\/wp-content\/uploads\/2023\/12\/sparekassen-dk-maj25.gif\"><\/a><script>cdmtrack_view(104780);<\/script>\n<p><em>Hvor mange \u00e5r har I deltaget i Kulturm\u00f8det Mors?<\/em><\/p>\n<p>Vi har vist deltaget, lige s\u00e5 l\u00e6nge som Kulturm\u00f8det har eksisteret. Til at starte med var det Billedkunstnernes Forbunds region Nordjyllandsafdeling, der stod for vores deltagelse. Det var fantastisk, at de havde fingeren p\u00e5 pulsen og tidligt forstod, hvorfor det var vigtigt at deltage i netop dette m\u00f8de. I takt med at m\u00f8det er vokset i l\u00f8bet af \u00e5rene, \u00f8nskede vi at deltage med et endnu st\u00f8rre program, og det blev s\u00e5 hele BKF-bestyrelsen og sekretariatet, der deltager hvert \u00e5r. S\u00e5 det har v\u00e6ret en fantastisk rejse at f\u00f8lge m\u00f8dets udvikling og ikke mindst at m\u00e6rke det st\u00e6rke og gode samarbejde, som vi har f\u00e5et til Kulturm\u00f8dets seje team, og det gode forhold, vi har f\u00e5et til byen og for eksempel VisitMors. Der er virkelig gode kr\u00e6fter p\u00e5 Mors, som arbejder benh\u00e5rdt, for at m\u00f8det bliver s\u00e5 godt som det g\u00f8r \u2013 lige fra Birgitte (og tidligere Bodil) hos VisitMors til Helge fra Freds\u00f8 teltudlejning. Det s\u00e6tter vi stor pris p\u00e5 at opleve, hver gang vi kommer.<\/p>\n<p><em>Hvorfor er I en del af Kulturm\u00f8det Mors?<\/em><\/p>\n<p><span class=\"v1normaltextrun\">Debatten om kunstens rammer, betydning, udvikling og vilk\u00e5r er ofte frav\u00e6rende i den offentlige debat &#8211; til trods for, at kultur og kunst v\u00e6kker stadig stigende interesse hos borgerne. <\/span>Vi er p\u00e5 Kulturm\u00f8det, fordi vi oplever, at det er den eneste \u00e5rlige begivenhed, hvor Kulturen er sat i absolut h\u00f8js\u00e6det. <span class=\"v1normaltextrun\">Det er her fagfolk, politikere og borgere m\u00f8des i 48 timer for kun at tale om og opleve kultur. Det er da helt fantastisk. <\/span>Modsat for eksempel folkem\u00f8det, hvor kunsten og kulturen desv\u00e6rre har det med at drukne i virvaret af andre dagsordener.<\/p>\n<p>Vi har hvert \u00e5r nye professionelle billedkunstnere til at udsmykke standen for at understrege, at kunsten og kulturen er af en helt afg\u00f8rende betydning for det at v\u00e6re menneske og at eksistere i verden. I \u00e5r har kunstnerne Ida Retz-Wessberg og Myne S\u00f8e-Pedersen skabt et kropsligt og skulpturelt landskab <span class=\"v1normaltextrun\">af r\u00f8r, slanger, vandkar samt \u00f8sters- og organlignende dele som slynger sig om vores stand &#8216;Kunstens Camp&#8217;. Helt kort fortalt udg\u00f8r det en samlet overdimensioneret organisk skulptur: En \u00e5ndedr\u00e6tsmaskine, der visualiserer vores forbundethed med hinanden, naturen og atmosf\u00e6ren. <\/span>S\u00e5 hvilken sk\u00f8nnere m\u00e5de at deltage p\u00e5 m\u00f8det end i en s\u00e5dan kunstnerisk rammes\u00e6tning! Vi gl\u00e6der os derfor til at m\u00f8des med en masse forskellige mennesker, netv\u00e6rke og udveksle viden og synspunkter og selvf\u00f8lgelig synligg\u00f8re billedkunstnernes vilk\u00e5r og vise den professionelle billedkunsts betydning i samfundet.<\/p>\n<a class=\"dvrt-link\" onClick=\"cdmtrack_click(104783,jQuery(this));return false\" href=\"https:\/\/konpap.dk\/\"><img decoding=\"async\" style=\"width:100%;\" src=\"https:\/\/kunmedierne.dk\/mors\/wp-content\/uploads\/2023\/10\/Kun-Mors-banner.jpg\"><\/a><script>cdmtrack_view(104783);<\/script>\n<p><em>Hvad oplever I, at Kulturm\u00f8det bidrager med?<\/em><\/p>\n<p>Vi oplever, at Kulturm\u00f8det bidrager positivt til en mere udvidet og mere nuanceret forst\u00e5else af og samtale om Kulturen og kunstens rolle og potentialer i samfundet. Og vi oplever, at for de bes\u00f8gende bidrager det \u00e5rligt med en hel unik f\u00e6llesskabsf\u00f8lelse. Kulturm\u00f8det har skabt en tilpas \u00e5ben platform, hvor b\u00e5de interessenter, akt\u00f8rer i de faglige milj\u00f8er, politikere og helt almindelig interesserede kan m\u00f8des p\u00e5 tv\u00e6rs om et f\u00e6lles anliggende, som er en lyst til og interesse i kulturen. For os at se l\u00e6gger platformen ikke op til det klassiske sp\u00f8rgsm\u00e5l om &#8216;enten eller&#8217;-retorik eller at kulturen kun er &#8216;nice-to-have&#8217;, men p\u00e5 m\u00f8det, har man mere en lyst til at vise alt det, kulturen kan, og samtidig sp\u00f8rge nysgerrigt ind til hvordan. Det er en helt anden pr\u00e6mis at deltage p\u00e5 og v\u00e6re en del af, som vi kun oplever, er med til at skabe rum og mulighed for rigtig mange konstruktive samtaler, der skaber en bedre forst\u00e5else for kunstens betydning for alle i hele samfundet. Engagerede og vedkommende samtaler om kunsten og kulturens rammer styrker den politiske og faglige udvikling, og der er Kulturm\u00f8det helt afg\u00f8rende for at forbedre billedkunsten og hele kulturens vilk\u00e5r.<\/p>\n<a class=\"dvrt-link\" onClick=\"cdmtrack_click(169437,jQuery(this));return false\" href=\"https:\/\/thymors.dk\/sponsorater\/15-til-faellesskabet?utm_source=kunmors&amp;utm_medium=annonce&amp;utm_campaign=sponsorater\"><img decoding=\"async\" style=\"width:100%;\" src=\"https:\/\/kunmedierne.dk\/mors\/wp-content\/uploads\/2026\/03\/260407ThyMors-energi_faellesskab_generel-1.jpg\"><\/a><script>cdmtrack_view(169437);<\/script>\n<p><em>Hvis I skulle n\u00e6vne \u00e9n ting ved Mors, der har gjort s\u00e6rligt indtryk, hvad vil I s\u00e5 n\u00e6vne?<\/em><\/p>\n<p>De helt utroligt s\u00f8de mennesker, der bor i Nyk\u00f8bing Mors og omegn &#8211; og det lokale engagement, som vi oplever hvert \u00e5r. Vi gl\u00e6der os allerede til et herligt gensyn til august.<\/p>\n","protected":false},"excerpt":{"rendered":"<p>KULTURM\u00d8DET:\u00a0BKF (Billedkunstnernes Forbund) har deltaget i Kulturm\u00f8det siden 2015 og har gennemg\u00e5et en udvikling, hvor de startede med at deltage lokalt med deres Nordjyllandsafdeling til at deltage nationalt med hele bestyrelsen og sekretariatet. I \u00e5r pr\u00e6senterer BFK blandt andet v\u00e6rket &#8216;En \u00e5ndedr\u00e6tsmaskine&#8217;, som er skabt af kunstnerne Ida Retz-Wessberg og Myne S\u00f8e-Pedersen. Har man lyst [&hellip;]<\/p>\n","protected":false},"author":3973,"featured_media":120938,"comment_status":"closed","ping_status":"open","sticky":false,"template":"","format":"standard","meta":{"_acf_changed":false,"footnotes":""},"categories":[49],"tags":[162,171],"class_list":["post-121266","post","type-post","status-publish","format-standard","has-post-thumbnail","hentry","category-kultur","tag-kulturmoedet","tag-turisme"],"acf":[],"yoast_head":"<!-- This site is optimized with the Yoast SEO plugin v26.8 - https:\/\/yoast.com\/product\/yoast-seo-wordpress\/ -->\n<title>Spot p\u00e5 Kulturm\u00f8det: BKF (Billedkunstnernes Forbund) - Mors<\/title>\n<meta name=\"robots\" content=\"index, follow, max-snippet:-1, max-image-preview:large, max-video-preview:-1\" \/>\n<link rel=\"canonical\" href=\"https:\/\/kunmedierne.dk\/mors\/spot-paa-kulturmoedet-bkf-billedkunstnernes-forbund\/\" \/>\n<meta property=\"og:locale\" content=\"da_DK\" \/>\n<meta property=\"og:type\" content=\"article\" \/>\n<meta property=\"og:title\" content=\"Spot p\u00e5 Kulturm\u00f8det: BKF (Billedkunstnernes Forbund) - Mors\" \/>\n<meta property=\"og:description\" content=\"KULTURM\u00d8DET:\u00a0BKF (Billedkunstnernes Forbund) har deltaget i Kulturm\u00f8det siden 2015 og har gennemg\u00e5et en udvikling, hvor de startede med at deltage lokalt med deres Nordjyllandsafdeling til at deltage nationalt med hele bestyrelsen og sekretariatet. I \u00e5r pr\u00e6senterer BFK blandt andet v\u00e6rket &#8216;En \u00e5ndedr\u00e6tsmaskine&#8217;, som er skabt af kunstnerne Ida Retz-Wessberg og Myne S\u00f8e-Pedersen. Har man lyst [&hellip;]\" \/>\n<meta property=\"og:url\" content=\"https:\/\/kunmedierne.dk\/mors\/spot-paa-kulturmoedet-bkf-billedkunstnernes-forbund\/\" \/>\n<meta property=\"og:site_name\" content=\"Mors\" \/>\n<meta property=\"article:published_time\" content=\"2024-07-06T15:30:44+00:00\" \/>\n<meta property=\"article:modified_time\" content=\"2024-08-12T11:10:03+00:00\" \/>\n<meta property=\"og:image\" content=\"https:\/\/kunmedierne.dk\/mors\/wp-content\/uploads\/2024\/06\/Spot-paa-Kulturmoedet.png\" \/>\n\t<meta property=\"og:image:width\" content=\"770\" \/>\n\t<meta property=\"og:image:height\" content=\"640\" \/>\n\t<meta property=\"og:image:type\" content=\"image\/png\" \/>\n<meta name=\"author\" content=\"Mai Trosborg Rasmussen\" \/>\n<meta name=\"twitter:card\" content=\"summary_large_image\" \/>\n<meta name=\"twitter:label1\" content=\"Skrevet af\" \/>\n\t<meta name=\"twitter:data1\" content=\"Mai Trosborg Rasmussen\" \/>\n\t<meta name=\"twitter:label2\" content=\"Estimeret l\u00e6setid\" \/>\n\t<meta name=\"twitter:data2\" content=\"5 minutter\" \/>\n<script type=\"application\/ld+json\" class=\"yoast-schema-graph\">{\"@context\":\"https:\/\/schema.org\",\"@graph\":[{\"@type\":\"Article\",\"@id\":\"https:\/\/kunmedierne.dk\/mors\/spot-paa-kulturmoedet-bkf-billedkunstnernes-forbund\/#article\",\"isPartOf\":{\"@id\":\"https:\/\/kunmedierne.dk\/mors\/spot-paa-kulturmoedet-bkf-billedkunstnernes-forbund\/\"},\"author\":{\"name\":\"Mai Trosborg Rasmussen\",\"@id\":\"https:\/\/kunmedierne.dk\/mors\/#\/schema\/person\/f4ba7f103cc8490962f20b22a3a0fca4\"},\"headline\":\"Spot p\u00e5 Kulturm\u00f8det: BKF (Billedkunstnernes Forbund)\",\"datePublished\":\"2024-07-06T15:30:44+00:00\",\"dateModified\":\"2024-08-12T11:10:03+00:00\",\"mainEntityOfPage\":{\"@id\":\"https:\/\/kunmedierne.dk\/mors\/spot-paa-kulturmoedet-bkf-billedkunstnernes-forbund\/\"},\"wordCount\":841,\"publisher\":{\"@id\":\"https:\/\/kunmedierne.dk\/mors\/#organization\"},\"image\":{\"@id\":\"https:\/\/kunmedierne.dk\/mors\/spot-paa-kulturmoedet-bkf-billedkunstnernes-forbund\/#primaryimage\"},\"thumbnailUrl\":\"https:\/\/kunmedierne.dk\/mors\/wp-content\/uploads\/2024\/06\/Spot-paa-Kulturmoedet.png\",\"keywords\":[\"Kulturm\u00f8det\",\"Turisme\"],\"articleSection\":[\"Kultur\"],\"inLanguage\":\"da-DK\"},{\"@type\":\"WebPage\",\"@id\":\"https:\/\/kunmedierne.dk\/mors\/spot-paa-kulturmoedet-bkf-billedkunstnernes-forbund\/\",\"url\":\"https:\/\/kunmedierne.dk\/mors\/spot-paa-kulturmoedet-bkf-billedkunstnernes-forbund\/\",\"name\":\"Spot p\u00e5 Kulturm\u00f8det: BKF (Billedkunstnernes Forbund) - Mors\",\"isPartOf\":{\"@id\":\"https:\/\/kunmedierne.dk\/mors\/#website\"},\"primaryImageOfPage\":{\"@id\":\"https:\/\/kunmedierne.dk\/mors\/spot-paa-kulturmoedet-bkf-billedkunstnernes-forbund\/#primaryimage\"},\"image\":{\"@id\":\"https:\/\/kunmedierne.dk\/mors\/spot-paa-kulturmoedet-bkf-billedkunstnernes-forbund\/#primaryimage\"},\"thumbnailUrl\":\"https:\/\/kunmedierne.dk\/mors\/wp-content\/uploads\/2024\/06\/Spot-paa-Kulturmoedet.png\",\"datePublished\":\"2024-07-06T15:30:44+00:00\",\"dateModified\":\"2024-08-12T11:10:03+00:00\",\"breadcrumb\":{\"@id\":\"https:\/\/kunmedierne.dk\/mors\/spot-paa-kulturmoedet-bkf-billedkunstnernes-forbund\/#breadcrumb\"},\"inLanguage\":\"da-DK\",\"potentialAction\":[{\"@type\":\"ReadAction\",\"target\":[\"https:\/\/kunmedierne.dk\/mors\/spot-paa-kulturmoedet-bkf-billedkunstnernes-forbund\/\"]}]},{\"@type\":\"ImageObject\",\"inLanguage\":\"da-DK\",\"@id\":\"https:\/\/kunmedierne.dk\/mors\/spot-paa-kulturmoedet-bkf-billedkunstnernes-forbund\/#primaryimage\",\"url\":\"https:\/\/kunmedierne.dk\/mors\/wp-content\/uploads\/2024\/06\/Spot-paa-Kulturmoedet.png\",\"contentUrl\":\"https:\/\/kunmedierne.dk\/mors\/wp-content\/uploads\/2024\/06\/Spot-paa-Kulturmoedet.png\",\"width\":770,\"height\":640,\"caption\":\"Fotokredit: Kulturm\u00f8det Mors\"},{\"@type\":\"BreadcrumbList\",\"@id\":\"https:\/\/kunmedierne.dk\/mors\/spot-paa-kulturmoedet-bkf-billedkunstnernes-forbund\/#breadcrumb\",\"itemListElement\":[{\"@type\":\"ListItem\",\"position\":1,\"name\":\"Hjem\",\"item\":\"https:\/\/kunmedierne.dk\/mors\/\"},{\"@type\":\"ListItem\",\"position\":2,\"name\":\"Spot p\u00e5 Kulturm\u00f8det: BKF (Billedkunstnernes Forbund)\"}]},{\"@type\":\"WebSite\",\"@id\":\"https:\/\/kunmedierne.dk\/mors\/#website\",\"url\":\"https:\/\/kunmedierne.dk\/mors\/\",\"name\":\"Mors\",\"description\":\"et netmedie med journalistik om livet p\u00e5 Mors\",\"publisher\":{\"@id\":\"https:\/\/kunmedierne.dk\/mors\/#organization\"},\"potentialAction\":[{\"@type\":\"SearchAction\",\"target\":{\"@type\":\"EntryPoint\",\"urlTemplate\":\"https:\/\/kunmedierne.dk\/mors\/?s={search_term_string}\"},\"query-input\":{\"@type\":\"PropertyValueSpecification\",\"valueRequired\":true,\"valueName\":\"search_term_string\"}}],\"inLanguage\":\"da-DK\"},{\"@type\":\"Organization\",\"@id\":\"https:\/\/kunmedierne.dk\/mors\/#organization\",\"name\":\"Mors\",\"url\":\"https:\/\/kunmedierne.dk\/mors\/\",\"logo\":{\"@type\":\"ImageObject\",\"inLanguage\":\"da-DK\",\"@id\":\"https:\/\/kunmedierne.dk\/mors\/#\/schema\/logo\/image\/\",\"url\":\"https:\/\/kunmedierne.dk\/mors\/wp-content\/uploads\/2024\/08\/kunmors-logo.svg\",\"contentUrl\":\"https:\/\/kunmedierne.dk\/mors\/wp-content\/uploads\/2024\/08\/kunmors-logo.svg\",\"caption\":\"Mors\"},\"image\":{\"@id\":\"https:\/\/kunmedierne.dk\/mors\/#\/schema\/logo\/image\/\"}},{\"@type\":\"Person\",\"@id\":\"https:\/\/kunmedierne.dk\/mors\/#\/schema\/person\/f4ba7f103cc8490962f20b22a3a0fca4\",\"name\":\"Mai Trosborg Rasmussen\",\"image\":{\"@type\":\"ImageObject\",\"inLanguage\":\"da-DK\",\"@id\":\"https:\/\/kunmedierne.dk\/mors\/#\/schema\/person\/image\/\",\"url\":\"https:\/\/secure.gravatar.com\/avatar\/dfdff3dd0259aaf932f95cf8329d067fbcdd7ac86e081445c8ec011507f17114?s=96&d=mm&r=g\",\"contentUrl\":\"https:\/\/secure.gravatar.com\/avatar\/dfdff3dd0259aaf932f95cf8329d067fbcdd7ac86e081445c8ec011507f17114?s=96&d=mm&r=g\",\"caption\":\"Mai Trosborg Rasmussen\"},\"url\":\"https:\/\/kunmedierne.dk\/mors\/author\/mai\/\"}]}<\/script>\n<!-- \/ Yoast SEO plugin. -->","yoast_head_json":{"title":"Spot p\u00e5 Kulturm\u00f8det: BKF (Billedkunstnernes Forbund) - Mors","robots":{"index":"index","follow":"follow","max-snippet":"max-snippet:-1","max-image-preview":"max-image-preview:large","max-video-preview":"max-video-preview:-1"},"canonical":"https:\/\/kunmedierne.dk\/mors\/spot-paa-kulturmoedet-bkf-billedkunstnernes-forbund\/","og_locale":"da_DK","og_type":"article","og_title":"Spot p\u00e5 Kulturm\u00f8det: BKF (Billedkunstnernes Forbund) - Mors","og_description":"KULTURM\u00d8DET:\u00a0BKF (Billedkunstnernes Forbund) har deltaget i Kulturm\u00f8det siden 2015 og har gennemg\u00e5et en udvikling, hvor de startede med at deltage lokalt med deres Nordjyllandsafdeling til at deltage nationalt med hele bestyrelsen og sekretariatet. I \u00e5r pr\u00e6senterer BFK blandt andet v\u00e6rket &#8216;En \u00e5ndedr\u00e6tsmaskine&#8217;, som er skabt af kunstnerne Ida Retz-Wessberg og Myne S\u00f8e-Pedersen. Har man lyst [&hellip;]","og_url":"https:\/\/kunmedierne.dk\/mors\/spot-paa-kulturmoedet-bkf-billedkunstnernes-forbund\/","og_site_name":"Mors","article_published_time":"2024-07-06T15:30:44+00:00","article_modified_time":"2024-08-12T11:10:03+00:00","og_image":[{"width":770,"height":640,"url":"https:\/\/kunmedierne.dk\/mors\/wp-content\/uploads\/2024\/06\/Spot-paa-Kulturmoedet.png","type":"image\/png"}],"author":"Mai Trosborg Rasmussen","twitter_card":"summary_large_image","twitter_misc":{"Skrevet af":"Mai Trosborg Rasmussen","Estimeret l\u00e6setid":"5 minutter"},"schema":{"@context":"https:\/\/schema.org","@graph":[{"@type":"Article","@id":"https:\/\/kunmedierne.dk\/mors\/spot-paa-kulturmoedet-bkf-billedkunstnernes-forbund\/#article","isPartOf":{"@id":"https:\/\/kunmedierne.dk\/mors\/spot-paa-kulturmoedet-bkf-billedkunstnernes-forbund\/"},"author":{"name":"Mai Trosborg Rasmussen","@id":"https:\/\/kunmedierne.dk\/mors\/#\/schema\/person\/f4ba7f103cc8490962f20b22a3a0fca4"},"headline":"Spot p\u00e5 Kulturm\u00f8det: BKF (Billedkunstnernes Forbund)","datePublished":"2024-07-06T15:30:44+00:00","dateModified":"2024-08-12T11:10:03+00:00","mainEntityOfPage":{"@id":"https:\/\/kunmedierne.dk\/mors\/spot-paa-kulturmoedet-bkf-billedkunstnernes-forbund\/"},"wordCount":841,"publisher":{"@id":"https:\/\/kunmedierne.dk\/mors\/#organization"},"image":{"@id":"https:\/\/kunmedierne.dk\/mors\/spot-paa-kulturmoedet-bkf-billedkunstnernes-forbund\/#primaryimage"},"thumbnailUrl":"https:\/\/kunmedierne.dk\/mors\/wp-content\/uploads\/2024\/06\/Spot-paa-Kulturmoedet.png","keywords":["Kulturm\u00f8det","Turisme"],"articleSection":["Kultur"],"inLanguage":"da-DK"},{"@type":"WebPage","@id":"https:\/\/kunmedierne.dk\/mors\/spot-paa-kulturmoedet-bkf-billedkunstnernes-forbund\/","url":"https:\/\/kunmedierne.dk\/mors\/spot-paa-kulturmoedet-bkf-billedkunstnernes-forbund\/","name":"Spot p\u00e5 Kulturm\u00f8det: BKF (Billedkunstnernes Forbund) - Mors","isPartOf":{"@id":"https:\/\/kunmedierne.dk\/mors\/#website"},"primaryImageOfPage":{"@id":"https:\/\/kunmedierne.dk\/mors\/spot-paa-kulturmoedet-bkf-billedkunstnernes-forbund\/#primaryimage"},"image":{"@id":"https:\/\/kunmedierne.dk\/mors\/spot-paa-kulturmoedet-bkf-billedkunstnernes-forbund\/#primaryimage"},"thumbnailUrl":"https:\/\/kunmedierne.dk\/mors\/wp-content\/uploads\/2024\/06\/Spot-paa-Kulturmoedet.png","datePublished":"2024-07-06T15:30:44+00:00","dateModified":"2024-08-12T11:10:03+00:00","breadcrumb":{"@id":"https:\/\/kunmedierne.dk\/mors\/spot-paa-kulturmoedet-bkf-billedkunstnernes-forbund\/#breadcrumb"},"inLanguage":"da-DK","potentialAction":[{"@type":"ReadAction","target":["https:\/\/kunmedierne.dk\/mors\/spot-paa-kulturmoedet-bkf-billedkunstnernes-forbund\/"]}]},{"@type":"ImageObject","inLanguage":"da-DK","@id":"https:\/\/kunmedierne.dk\/mors\/spot-paa-kulturmoedet-bkf-billedkunstnernes-forbund\/#primaryimage","url":"https:\/\/kunmedierne.dk\/mors\/wp-content\/uploads\/2024\/06\/Spot-paa-Kulturmoedet.png","contentUrl":"https:\/\/kunmedierne.dk\/mors\/wp-content\/uploads\/2024\/06\/Spot-paa-Kulturmoedet.png","width":770,"height":640,"caption":"Fotokredit: Kulturm\u00f8det Mors"},{"@type":"BreadcrumbList","@id":"https:\/\/kunmedierne.dk\/mors\/spot-paa-kulturmoedet-bkf-billedkunstnernes-forbund\/#breadcrumb","itemListElement":[{"@type":"ListItem","position":1,"name":"Hjem","item":"https:\/\/kunmedierne.dk\/mors\/"},{"@type":"ListItem","position":2,"name":"Spot p\u00e5 Kulturm\u00f8det: BKF (Billedkunstnernes Forbund)"}]},{"@type":"WebSite","@id":"https:\/\/kunmedierne.dk\/mors\/#website","url":"https:\/\/kunmedierne.dk\/mors\/","name":"Mors","description":"et netmedie med journalistik om livet p\u00e5 Mors","publisher":{"@id":"https:\/\/kunmedierne.dk\/mors\/#organization"},"potentialAction":[{"@type":"SearchAction","target":{"@type":"EntryPoint","urlTemplate":"https:\/\/kunmedierne.dk\/mors\/?s={search_term_string}"},"query-input":{"@type":"PropertyValueSpecification","valueRequired":true,"valueName":"search_term_string"}}],"inLanguage":"da-DK"},{"@type":"Organization","@id":"https:\/\/kunmedierne.dk\/mors\/#organization","name":"Mors","url":"https:\/\/kunmedierne.dk\/mors\/","logo":{"@type":"ImageObject","inLanguage":"da-DK","@id":"https:\/\/kunmedierne.dk\/mors\/#\/schema\/logo\/image\/","url":"https:\/\/kunmedierne.dk\/mors\/wp-content\/uploads\/2024\/08\/kunmors-logo.svg","contentUrl":"https:\/\/kunmedierne.dk\/mors\/wp-content\/uploads\/2024\/08\/kunmors-logo.svg","caption":"Mors"},"image":{"@id":"https:\/\/kunmedierne.dk\/mors\/#\/schema\/logo\/image\/"}},{"@type":"Person","@id":"https:\/\/kunmedierne.dk\/mors\/#\/schema\/person\/f4ba7f103cc8490962f20b22a3a0fca4","name":"Mai Trosborg Rasmussen","image":{"@type":"ImageObject","inLanguage":"da-DK","@id":"https:\/\/kunmedierne.dk\/mors\/#\/schema\/person\/image\/","url":"https:\/\/secure.gravatar.com\/avatar\/dfdff3dd0259aaf932f95cf8329d067fbcdd7ac86e081445c8ec011507f17114?s=96&d=mm&r=g","contentUrl":"https:\/\/secure.gravatar.com\/avatar\/dfdff3dd0259aaf932f95cf8329d067fbcdd7ac86e081445c8ec011507f17114?s=96&d=mm&r=g","caption":"Mai Trosborg Rasmussen"},"url":"https:\/\/kunmedierne.dk\/mors\/author\/mai\/"}]}},"_links":{"self":[{"href":"https:\/\/kunmedierne.dk\/mors\/wp-json\/wp\/v2\/posts\/121266","targetHints":{"allow":["GET"]}}],"collection":[{"href":"https:\/\/kunmedierne.dk\/mors\/wp-json\/wp\/v2\/posts"}],"about":[{"href":"https:\/\/kunmedierne.dk\/mors\/wp-json\/wp\/v2\/types\/post"}],"author":[{"embeddable":true,"href":"https:\/\/kunmedierne.dk\/mors\/wp-json\/wp\/v2\/users\/3973"}],"replies":[{"embeddable":true,"href":"https:\/\/kunmedierne.dk\/mors\/wp-json\/wp\/v2\/comments?post=121266"}],"version-history":[{"count":12,"href":"https:\/\/kunmedierne.dk\/mors\/wp-json\/wp\/v2\/posts\/121266\/revisions"}],"predecessor-version":[{"id":121474,"href":"https:\/\/kunmedierne.dk\/mors\/wp-json\/wp\/v2\/posts\/121266\/revisions\/121474"}],"wp:featuredmedia":[{"embeddable":true,"href":"https:\/\/kunmedierne.dk\/mors\/wp-json\/wp\/v2\/media\/120938"}],"wp:attachment":[{"href":"https:\/\/kunmedierne.dk\/mors\/wp-json\/wp\/v2\/media?parent=121266"}],"wp:term":[{"taxonomy":"category","embeddable":true,"href":"https:\/\/kunmedierne.dk\/mors\/wp-json\/wp\/v2\/categories?post=121266"},{"taxonomy":"post_tag","embeddable":true,"href":"https:\/\/kunmedierne.dk\/mors\/wp-json\/wp\/v2\/tags?post=121266"}],"curies":[{"name":"wp","href":"https:\/\/api.w.org\/{rel}","templated":true}]}}