{"id":119022,"date":"2024-05-30T12:48:03","date_gmt":"2024-05-30T10:48:03","guid":{"rendered":"https:\/\/kunmedierne.dk\/mors\/?p=119022"},"modified":"2024-08-12T13:10:15","modified_gmt":"2024-08-12T11:10:15","slug":"enorm-interesse-for-skaldyrsfestivalen","status":"publish","type":"post","link":"https:\/\/kunmedierne.dk\/mors\/enorm-interesse-for-skaldyrsfestivalen\/","title":{"rendered":"Enorm interesse for Skaldyrsfestivalen"},"content":{"rendered":"<p><strong>SKALDYRSFESTIVAL<\/strong>: Der er lokal og national &#8211; ja, n\u00e6sten global &#8211; interesse for det, der sker p\u00e5 Mors de n\u00e6ste dage.<\/p>\n<p>Det kan Lars Tang, formand for Foreningen Skaldyrsfestivalen konstatere dagen f\u00f8r den \u00e5rlige event, der ventes at tr\u00e6kke omkring 20.000 til Nyk\u00f8bing.<\/p>\n<p>Her vil havneomr\u00e5det str\u00e5le af de skaldyr, de mange g\u00e6ster kommer for at smage p\u00e5.<\/p>\n<p>&#8211; Der kommer mange fra Sj\u00e6lland &#8211; rigtig mange. Og der kommer nogle fra Mallorca, Schweiz og Algarve.\u00a0Folk kommer virkelig langvejsfra. Det er meget, meget blandet, siger han.<\/p>\n<a class=\"dvrt-link\" onClick=\"cdmtrack_click(104781,jQuery(this));return false\" href=\"https:\/\/www.fmspks.dk\/\"><img decoding=\"async\" style=\"width:100%;\" src=\"https:\/\/kunmedierne.dk\/mors\/wp-content\/uploads\/2022\/02\/vip-froeslev-mollerup-sparekasse.jpg\"><\/a><script>cdmtrack_view(104781);<\/script>\n<p>Dem, der krydser gr\u00e6nser for at v\u00e6re med, er danskere bosat i udlandet, har arrang\u00f8rerne bem\u00e6rket p\u00e5 opslag p\u00e5 festivalens Facebook-side. Og fornemmelsen af den store interesse bliver bekr\u00e6ftet i konkret form p\u00e5 \u00f8nsket om at tage for sig af retterne under Skaldyrsfestivalen.<\/p>\n<p>&#8211; Vi har aldrig solgt s\u00e5 mange billetter til buffeterne. Vi er helt oppe p\u00e5 1400, s\u00e5 det bliver megagodt, siger Lars Tang om de to buffeter fredag og l\u00f8rdag.<\/p>\n<p>&#8211; Der er lukket ned for billetsalget. Der er en enkelt eller to spredte pladser ved nogle af bordene, men s\u00e5 skal man henvende sig direkte p\u00e5 turistkontoret. Og det er nogle helt spredte pladser, s\u00e5 man kan ikke komme i grupper, siger han og tilf\u00f8jer om interessen, der langt overstiger de 1000, man tidligere har v\u00e6ret p\u00e5.<\/p>\n<a class=\"dvrt-link\" onClick=\"cdmtrack_click(104786,jQuery(this));return false\" href=\"https:\/\/limfjordsteatret.dk\/events\/tobias-dybvad-mit-bedste-onemanshow\/\"><img decoding=\"async\" style=\"width:100%;\" src=\"https:\/\/kunmedierne.dk\/mors\/wp-content\/uploads\/2023\/10\/aarskortLim_KunMors_1100x125.jpg\"><\/a><script>cdmtrack_view(104786);<\/script>\n<p>&#8211; Det er fuldst\u00e6ndig perfekt og overv\u00e6ldende. Vi havde slet ikke troet, at vi kunne komme helt derop.<\/p>\n<p>L\u00f8rdagens buffet har v\u00e6ret udsolgt i et stykke tid, mens ogs\u00e5 interessen for fredag har v\u00e6ret stor. Samtidig forventer arrang\u00f8rerne, at ogs\u00e5 grillfesten kommer t\u00e6t p\u00e5 r\u00f8de lamper.<\/p>\n<p>&#8211; Forsalget er helt vildt, s\u00e5 der tror vi p\u00e5, at vi n\u00e5r t\u00e6t p\u00e5 udsolgt &#8211; hvis ikke udsolgt, siger Lars Tang.<\/p>\n<p>&nbsp;<\/p>\n<p><strong>Vejret tegner perfekt<\/strong><\/p>\n<p>Skaldyrsfestivalen 2024 \u00e5bner fredag klokken 16, og fra klokken 18 er der musik p\u00e5 udend\u00f8rs scene ved Trio 413. B\u00e5de musikere, publikum og arrang\u00f8rer kan ogs\u00e5 i den forbindelse gl\u00e6de sig over den aktuelle vejrudsigt.<\/p>\n<p>&#8211; Hvis vejret holder t\u00f8rt, og det er rimelig temperatur og ikke s\u00e6rlig meget vind, s\u00e5 bliver det fuldst\u00e6ndig perfekt, siger Lars Tang, som med stor tilfredshed noterer sig meteorologernes melding om, at regnvejret fredag stopper inden \u00e5bningen af festivalen.<\/p>\n<a class=\"dvrt-link\" onClick=\"cdmtrack_click(114591,jQuery(this));return false\" href=\"https:\/\/www.facebook.com\/kopogkandemors\"><img decoding=\"async\" style=\"width:100%;\" src=\"https:\/\/kunmedierne.dk\/mors\/wp-content\/uploads\/2024\/03\/kop-og-kande-ja-tak-tilbud.jpg\"><\/a><script>cdmtrack_view(114591);<\/script>\n<p>Den er endnu et d\u00f8gn ude i fremtiden, og Skaldyrsfestivalens mange frivillige er i fuld gang med at g\u00f8re alt klart. Travlheden er, som den plejer at v\u00e6re p\u00e5 dette tidspunkt inden en af \u00e5rets helt store begivenheder p\u00e5 Mors.<\/p>\n<p>&#8211; Vi bliver f\u00e6rdige langt f\u00f8r tid. Jeg vil n\u00e6sten vove og p\u00e5st\u00e5, at vi er foran det, vi plejer, siger Lars Tang.<\/p>\n","protected":false},"excerpt":{"rendered":"<p>SKALDYRSFESTIVAL: Der er lokal og national &#8211; ja, n\u00e6sten global &#8211; interesse for det, der sker p\u00e5 Mors de n\u00e6ste dage. Det kan Lars Tang, formand for Foreningen Skaldyrsfestivalen konstatere dagen f\u00f8r den \u00e5rlige event, der ventes at tr\u00e6kke omkring 20.000 til Nyk\u00f8bing. Her vil havneomr\u00e5det str\u00e5le af de skaldyr, de mange g\u00e6ster kommer for [&hellip;]<\/p>\n","protected":false},"author":8,"featured_media":96398,"comment_status":"closed","ping_status":"open","sticky":false,"template":"","format":"standard","meta":{"_acf_changed":false,"footnotes":""},"categories":[51],"tags":[169,171],"class_list":["post-119022","post","type-post","status-publish","format-standard","has-post-thumbnail","hentry","category-lokalt","tag-skaldyr","tag-turisme"],"acf":[],"yoast_head":"<!-- This site is optimized with the Yoast SEO plugin v26.8 - https:\/\/yoast.com\/product\/yoast-seo-wordpress\/ -->\n<title>Enorm interesse for Skaldyrsfestivalen - Mors<\/title>\n<meta name=\"robots\" content=\"index, follow, max-snippet:-1, max-image-preview:large, max-video-preview:-1\" \/>\n<link rel=\"canonical\" href=\"https:\/\/kunmedierne.dk\/mors\/enorm-interesse-for-skaldyrsfestivalen\/\" \/>\n<meta property=\"og:locale\" content=\"da_DK\" \/>\n<meta property=\"og:type\" content=\"article\" \/>\n<meta property=\"og:title\" content=\"Enorm interesse for Skaldyrsfestivalen - Mors\" \/>\n<meta property=\"og:description\" content=\"SKALDYRSFESTIVAL: Der er lokal og national &#8211; ja, n\u00e6sten global &#8211; interesse for det, der sker p\u00e5 Mors de n\u00e6ste dage. Det kan Lars Tang, formand for Foreningen Skaldyrsfestivalen konstatere dagen f\u00f8r den \u00e5rlige event, der ventes at tr\u00e6kke omkring 20.000 til Nyk\u00f8bing. Her vil havneomr\u00e5det str\u00e5le af de skaldyr, de mange g\u00e6ster kommer for [&hellip;]\" \/>\n<meta property=\"og:url\" content=\"https:\/\/kunmedierne.dk\/mors\/enorm-interesse-for-skaldyrsfestivalen\/\" \/>\n<meta property=\"og:site_name\" content=\"Mors\" \/>\n<meta property=\"article:published_time\" content=\"2024-05-30T10:48:03+00:00\" \/>\n<meta property=\"article:modified_time\" content=\"2024-08-12T11:10:15+00:00\" \/>\n<meta property=\"og:image\" content=\"https:\/\/kunmedierne.dk\/mors\/wp-content\/uploads\/2023\/06\/skaldyrsfestival-2023-7.jpg\" \/>\n\t<meta property=\"og:image:width\" content=\"770\" \/>\n\t<meta property=\"og:image:height\" content=\"513\" \/>\n\t<meta property=\"og:image:type\" content=\"image\/jpeg\" \/>\n<meta name=\"author\" content=\"David H\u00f8jmark\" \/>\n<meta name=\"twitter:card\" content=\"summary_large_image\" \/>\n<meta name=\"twitter:label1\" content=\"Skrevet af\" \/>\n\t<meta name=\"twitter:data1\" content=\"David H\u00f8jmark\" \/>\n\t<meta name=\"twitter:label2\" content=\"Estimeret l\u00e6setid\" \/>\n\t<meta name=\"twitter:data2\" content=\"3 minutter\" \/>\n<script type=\"application\/ld+json\" class=\"yoast-schema-graph\">{\"@context\":\"https:\/\/schema.org\",\"@graph\":[{\"@type\":\"Article\",\"@id\":\"https:\/\/kunmedierne.dk\/mors\/enorm-interesse-for-skaldyrsfestivalen\/#article\",\"isPartOf\":{\"@id\":\"https:\/\/kunmedierne.dk\/mors\/enorm-interesse-for-skaldyrsfestivalen\/\"},\"author\":{\"name\":\"David H\u00f8jmark\",\"@id\":\"https:\/\/kunmedierne.dk\/mors\/#\/schema\/person\/5fe23251bf1d0abbcdc6f7896579d548\"},\"headline\":\"Enorm interesse for Skaldyrsfestivalen\",\"datePublished\":\"2024-05-30T10:48:03+00:00\",\"dateModified\":\"2024-08-12T11:10:15+00:00\",\"mainEntityOfPage\":{\"@id\":\"https:\/\/kunmedierne.dk\/mors\/enorm-interesse-for-skaldyrsfestivalen\/\"},\"wordCount\":473,\"publisher\":{\"@id\":\"https:\/\/kunmedierne.dk\/mors\/#organization\"},\"image\":{\"@id\":\"https:\/\/kunmedierne.dk\/mors\/enorm-interesse-for-skaldyrsfestivalen\/#primaryimage\"},\"thumbnailUrl\":\"https:\/\/kunmedierne.dk\/mors\/wp-content\/uploads\/2023\/06\/skaldyrsfestival-2023-7.jpg\",\"keywords\":[\"Skaldyr\",\"Turisme\"],\"articleSection\":[\"Lokalt\"],\"inLanguage\":\"da-DK\"},{\"@type\":\"WebPage\",\"@id\":\"https:\/\/kunmedierne.dk\/mors\/enorm-interesse-for-skaldyrsfestivalen\/\",\"url\":\"https:\/\/kunmedierne.dk\/mors\/enorm-interesse-for-skaldyrsfestivalen\/\",\"name\":\"Enorm interesse for Skaldyrsfestivalen - Mors\",\"isPartOf\":{\"@id\":\"https:\/\/kunmedierne.dk\/mors\/#website\"},\"primaryImageOfPage\":{\"@id\":\"https:\/\/kunmedierne.dk\/mors\/enorm-interesse-for-skaldyrsfestivalen\/#primaryimage\"},\"image\":{\"@id\":\"https:\/\/kunmedierne.dk\/mors\/enorm-interesse-for-skaldyrsfestivalen\/#primaryimage\"},\"thumbnailUrl\":\"https:\/\/kunmedierne.dk\/mors\/wp-content\/uploads\/2023\/06\/skaldyrsfestival-2023-7.jpg\",\"datePublished\":\"2024-05-30T10:48:03+00:00\",\"dateModified\":\"2024-08-12T11:10:15+00:00\",\"breadcrumb\":{\"@id\":\"https:\/\/kunmedierne.dk\/mors\/enorm-interesse-for-skaldyrsfestivalen\/#breadcrumb\"},\"inLanguage\":\"da-DK\",\"potentialAction\":[{\"@type\":\"ReadAction\",\"target\":[\"https:\/\/kunmedierne.dk\/mors\/enorm-interesse-for-skaldyrsfestivalen\/\"]}]},{\"@type\":\"ImageObject\",\"inLanguage\":\"da-DK\",\"@id\":\"https:\/\/kunmedierne.dk\/mors\/enorm-interesse-for-skaldyrsfestivalen\/#primaryimage\",\"url\":\"https:\/\/kunmedierne.dk\/mors\/wp-content\/uploads\/2023\/06\/skaldyrsfestival-2023-7.jpg\",\"contentUrl\":\"https:\/\/kunmedierne.dk\/mors\/wp-content\/uploads\/2023\/06\/skaldyrsfestival-2023-7.jpg\",\"width\":770,\"height\":513,\"caption\":\"Tusindvis af mennesker s\u00f8gte mod havneomr\u00e5det i Nyk\u00f8bing til Skaldyrsfestivalen 2023. Foto: Skaldyrsfestivalen\"},{\"@type\":\"BreadcrumbList\",\"@id\":\"https:\/\/kunmedierne.dk\/mors\/enorm-interesse-for-skaldyrsfestivalen\/#breadcrumb\",\"itemListElement\":[{\"@type\":\"ListItem\",\"position\":1,\"name\":\"Hjem\",\"item\":\"https:\/\/kunmedierne.dk\/mors\/\"},{\"@type\":\"ListItem\",\"position\":2,\"name\":\"Enorm interesse for Skaldyrsfestivalen\"}]},{\"@type\":\"WebSite\",\"@id\":\"https:\/\/kunmedierne.dk\/mors\/#website\",\"url\":\"https:\/\/kunmedierne.dk\/mors\/\",\"name\":\"Mors\",\"description\":\"et netmedie med journalistik om livet p\u00e5 Mors\",\"publisher\":{\"@id\":\"https:\/\/kunmedierne.dk\/mors\/#organization\"},\"potentialAction\":[{\"@type\":\"SearchAction\",\"target\":{\"@type\":\"EntryPoint\",\"urlTemplate\":\"https:\/\/kunmedierne.dk\/mors\/?s={search_term_string}\"},\"query-input\":{\"@type\":\"PropertyValueSpecification\",\"valueRequired\":true,\"valueName\":\"search_term_string\"}}],\"inLanguage\":\"da-DK\"},{\"@type\":\"Organization\",\"@id\":\"https:\/\/kunmedierne.dk\/mors\/#organization\",\"name\":\"Mors\",\"url\":\"https:\/\/kunmedierne.dk\/mors\/\",\"logo\":{\"@type\":\"ImageObject\",\"inLanguage\":\"da-DK\",\"@id\":\"https:\/\/kunmedierne.dk\/mors\/#\/schema\/logo\/image\/\",\"url\":\"https:\/\/kunmedierne.dk\/mors\/wp-content\/uploads\/2024\/08\/kunmors-logo.svg\",\"contentUrl\":\"https:\/\/kunmedierne.dk\/mors\/wp-content\/uploads\/2024\/08\/kunmors-logo.svg\",\"caption\":\"Mors\"},\"image\":{\"@id\":\"https:\/\/kunmedierne.dk\/mors\/#\/schema\/logo\/image\/\"}},{\"@type\":\"Person\",\"@id\":\"https:\/\/kunmedierne.dk\/mors\/#\/schema\/person\/5fe23251bf1d0abbcdc6f7896579d548\",\"name\":\"David H\u00f8jmark\",\"image\":{\"@type\":\"ImageObject\",\"inLanguage\":\"da-DK\",\"@id\":\"https:\/\/kunmedierne.dk\/mors\/#\/schema\/person\/image\/\",\"url\":\"https:\/\/secure.gravatar.com\/avatar\/4315d6fb9ef244d729989f5f90268eb08d5bf8a3d84402f595fa194bb35784fd?s=96&d=mm&r=g\",\"contentUrl\":\"https:\/\/secure.gravatar.com\/avatar\/4315d6fb9ef244d729989f5f90268eb08d5bf8a3d84402f595fa194bb35784fd?s=96&d=mm&r=g\",\"caption\":\"David H\u00f8jmark\"},\"sameAs\":[\"https:\/\/www.kunmedierne.dk\"],\"url\":\"https:\/\/kunmedierne.dk\/mors\/author\/david\/\"}]}<\/script>\n<!-- \/ Yoast SEO plugin. -->","yoast_head_json":{"title":"Enorm interesse for Skaldyrsfestivalen - Mors","robots":{"index":"index","follow":"follow","max-snippet":"max-snippet:-1","max-image-preview":"max-image-preview:large","max-video-preview":"max-video-preview:-1"},"canonical":"https:\/\/kunmedierne.dk\/mors\/enorm-interesse-for-skaldyrsfestivalen\/","og_locale":"da_DK","og_type":"article","og_title":"Enorm interesse for Skaldyrsfestivalen - Mors","og_description":"SKALDYRSFESTIVAL: Der er lokal og national &#8211; ja, n\u00e6sten global &#8211; interesse for det, der sker p\u00e5 Mors de n\u00e6ste dage. Det kan Lars Tang, formand for Foreningen Skaldyrsfestivalen konstatere dagen f\u00f8r den \u00e5rlige event, der ventes at tr\u00e6kke omkring 20.000 til Nyk\u00f8bing. Her vil havneomr\u00e5det str\u00e5le af de skaldyr, de mange g\u00e6ster kommer for [&hellip;]","og_url":"https:\/\/kunmedierne.dk\/mors\/enorm-interesse-for-skaldyrsfestivalen\/","og_site_name":"Mors","article_published_time":"2024-05-30T10:48:03+00:00","article_modified_time":"2024-08-12T11:10:15+00:00","og_image":[{"width":770,"height":513,"url":"https:\/\/kunmedierne.dk\/mors\/wp-content\/uploads\/2023\/06\/skaldyrsfestival-2023-7.jpg","type":"image\/jpeg"}],"author":"David H\u00f8jmark","twitter_card":"summary_large_image","twitter_misc":{"Skrevet af":"David H\u00f8jmark","Estimeret l\u00e6setid":"3 minutter"},"schema":{"@context":"https:\/\/schema.org","@graph":[{"@type":"Article","@id":"https:\/\/kunmedierne.dk\/mors\/enorm-interesse-for-skaldyrsfestivalen\/#article","isPartOf":{"@id":"https:\/\/kunmedierne.dk\/mors\/enorm-interesse-for-skaldyrsfestivalen\/"},"author":{"name":"David H\u00f8jmark","@id":"https:\/\/kunmedierne.dk\/mors\/#\/schema\/person\/5fe23251bf1d0abbcdc6f7896579d548"},"headline":"Enorm interesse for Skaldyrsfestivalen","datePublished":"2024-05-30T10:48:03+00:00","dateModified":"2024-08-12T11:10:15+00:00","mainEntityOfPage":{"@id":"https:\/\/kunmedierne.dk\/mors\/enorm-interesse-for-skaldyrsfestivalen\/"},"wordCount":473,"publisher":{"@id":"https:\/\/kunmedierne.dk\/mors\/#organization"},"image":{"@id":"https:\/\/kunmedierne.dk\/mors\/enorm-interesse-for-skaldyrsfestivalen\/#primaryimage"},"thumbnailUrl":"https:\/\/kunmedierne.dk\/mors\/wp-content\/uploads\/2023\/06\/skaldyrsfestival-2023-7.jpg","keywords":["Skaldyr","Turisme"],"articleSection":["Lokalt"],"inLanguage":"da-DK"},{"@type":"WebPage","@id":"https:\/\/kunmedierne.dk\/mors\/enorm-interesse-for-skaldyrsfestivalen\/","url":"https:\/\/kunmedierne.dk\/mors\/enorm-interesse-for-skaldyrsfestivalen\/","name":"Enorm interesse for Skaldyrsfestivalen - Mors","isPartOf":{"@id":"https:\/\/kunmedierne.dk\/mors\/#website"},"primaryImageOfPage":{"@id":"https:\/\/kunmedierne.dk\/mors\/enorm-interesse-for-skaldyrsfestivalen\/#primaryimage"},"image":{"@id":"https:\/\/kunmedierne.dk\/mors\/enorm-interesse-for-skaldyrsfestivalen\/#primaryimage"},"thumbnailUrl":"https:\/\/kunmedierne.dk\/mors\/wp-content\/uploads\/2023\/06\/skaldyrsfestival-2023-7.jpg","datePublished":"2024-05-30T10:48:03+00:00","dateModified":"2024-08-12T11:10:15+00:00","breadcrumb":{"@id":"https:\/\/kunmedierne.dk\/mors\/enorm-interesse-for-skaldyrsfestivalen\/#breadcrumb"},"inLanguage":"da-DK","potentialAction":[{"@type":"ReadAction","target":["https:\/\/kunmedierne.dk\/mors\/enorm-interesse-for-skaldyrsfestivalen\/"]}]},{"@type":"ImageObject","inLanguage":"da-DK","@id":"https:\/\/kunmedierne.dk\/mors\/enorm-interesse-for-skaldyrsfestivalen\/#primaryimage","url":"https:\/\/kunmedierne.dk\/mors\/wp-content\/uploads\/2023\/06\/skaldyrsfestival-2023-7.jpg","contentUrl":"https:\/\/kunmedierne.dk\/mors\/wp-content\/uploads\/2023\/06\/skaldyrsfestival-2023-7.jpg","width":770,"height":513,"caption":"Tusindvis af mennesker s\u00f8gte mod havneomr\u00e5det i Nyk\u00f8bing til Skaldyrsfestivalen 2023. Foto: Skaldyrsfestivalen"},{"@type":"BreadcrumbList","@id":"https:\/\/kunmedierne.dk\/mors\/enorm-interesse-for-skaldyrsfestivalen\/#breadcrumb","itemListElement":[{"@type":"ListItem","position":1,"name":"Hjem","item":"https:\/\/kunmedierne.dk\/mors\/"},{"@type":"ListItem","position":2,"name":"Enorm interesse for Skaldyrsfestivalen"}]},{"@type":"WebSite","@id":"https:\/\/kunmedierne.dk\/mors\/#website","url":"https:\/\/kunmedierne.dk\/mors\/","name":"Mors","description":"et netmedie med journalistik om livet p\u00e5 Mors","publisher":{"@id":"https:\/\/kunmedierne.dk\/mors\/#organization"},"potentialAction":[{"@type":"SearchAction","target":{"@type":"EntryPoint","urlTemplate":"https:\/\/kunmedierne.dk\/mors\/?s={search_term_string}"},"query-input":{"@type":"PropertyValueSpecification","valueRequired":true,"valueName":"search_term_string"}}],"inLanguage":"da-DK"},{"@type":"Organization","@id":"https:\/\/kunmedierne.dk\/mors\/#organization","name":"Mors","url":"https:\/\/kunmedierne.dk\/mors\/","logo":{"@type":"ImageObject","inLanguage":"da-DK","@id":"https:\/\/kunmedierne.dk\/mors\/#\/schema\/logo\/image\/","url":"https:\/\/kunmedierne.dk\/mors\/wp-content\/uploads\/2024\/08\/kunmors-logo.svg","contentUrl":"https:\/\/kunmedierne.dk\/mors\/wp-content\/uploads\/2024\/08\/kunmors-logo.svg","caption":"Mors"},"image":{"@id":"https:\/\/kunmedierne.dk\/mors\/#\/schema\/logo\/image\/"}},{"@type":"Person","@id":"https:\/\/kunmedierne.dk\/mors\/#\/schema\/person\/5fe23251bf1d0abbcdc6f7896579d548","name":"David H\u00f8jmark","image":{"@type":"ImageObject","inLanguage":"da-DK","@id":"https:\/\/kunmedierne.dk\/mors\/#\/schema\/person\/image\/","url":"https:\/\/secure.gravatar.com\/avatar\/4315d6fb9ef244d729989f5f90268eb08d5bf8a3d84402f595fa194bb35784fd?s=96&d=mm&r=g","contentUrl":"https:\/\/secure.gravatar.com\/avatar\/4315d6fb9ef244d729989f5f90268eb08d5bf8a3d84402f595fa194bb35784fd?s=96&d=mm&r=g","caption":"David H\u00f8jmark"},"sameAs":["https:\/\/www.kunmedierne.dk"],"url":"https:\/\/kunmedierne.dk\/mors\/author\/david\/"}]}},"_links":{"self":[{"href":"https:\/\/kunmedierne.dk\/mors\/wp-json\/wp\/v2\/posts\/119022","targetHints":{"allow":["GET"]}}],"collection":[{"href":"https:\/\/kunmedierne.dk\/mors\/wp-json\/wp\/v2\/posts"}],"about":[{"href":"https:\/\/kunmedierne.dk\/mors\/wp-json\/wp\/v2\/types\/post"}],"author":[{"embeddable":true,"href":"https:\/\/kunmedierne.dk\/mors\/wp-json\/wp\/v2\/users\/8"}],"replies":[{"embeddable":true,"href":"https:\/\/kunmedierne.dk\/mors\/wp-json\/wp\/v2\/comments?post=119022"}],"version-history":[{"count":2,"href":"https:\/\/kunmedierne.dk\/mors\/wp-json\/wp\/v2\/posts\/119022\/revisions"}],"predecessor-version":[{"id":119024,"href":"https:\/\/kunmedierne.dk\/mors\/wp-json\/wp\/v2\/posts\/119022\/revisions\/119024"}],"wp:featuredmedia":[{"embeddable":true,"href":"https:\/\/kunmedierne.dk\/mors\/wp-json\/wp\/v2\/media\/96398"}],"wp:attachment":[{"href":"https:\/\/kunmedierne.dk\/mors\/wp-json\/wp\/v2\/media?parent=119022"}],"wp:term":[{"taxonomy":"category","embeddable":true,"href":"https:\/\/kunmedierne.dk\/mors\/wp-json\/wp\/v2\/categories?post=119022"},{"taxonomy":"post_tag","embeddable":true,"href":"https:\/\/kunmedierne.dk\/mors\/wp-json\/wp\/v2\/tags?post=119022"}],"curies":[{"name":"wp","href":"https:\/\/api.w.org\/{rel}","templated":true}]}}