{"id":118601,"date":"2024-05-24T05:59:38","date_gmt":"2024-05-24T03:59:38","guid":{"rendered":"https:\/\/kunmedierne.dk\/mors\/?p=118601"},"modified":"2024-08-12T13:10:18","modified_gmt":"2024-08-12T11:10:18","slug":"kulturmoedet-kalder-paa-jeres-gamle-kopper-og-service-genbrug-er-guld-for-miljoeet-og-moedet","status":"publish","type":"post","link":"https:\/\/kunmedierne.dk\/mors\/kulturmoedet-kalder-paa-jeres-gamle-kopper-og-service-genbrug-er-guld-for-miljoeet-og-moedet\/","title":{"rendered":"Kulturm\u00f8det kalder p\u00e5 jeres gamle kopper og service \u2013 genbrug er guld for milj\u00f8et og m\u00f8det"},"content":{"rendered":"<p class=\"v1elementToProof\"><strong>KULTURM\u00d8DET<\/strong>: &#8220;Sk\u00e6nk dine gamle store te-og kaffekrus, dybe tallerkener, kagegafler eller desserttallerkener til Kulturm\u00f8det Mors.&#8221;<\/p>\n<p class=\"v1elementToProof\">S\u00e5dan lyder det fra den store lokale kulturevent, som f\u00e5 m\u00e5neder f\u00f8r 2024-udgaven beder om hj\u00e6lp i kampen for at bruge mindre plastik, g\u00f8re noget godt for milj\u00f8et og give g\u00e6sterne p\u00e5 kulturm\u00f8det en ekstra god oplevelse p\u00e5 Mors.<\/p>\n<p>I 2019 indsamlede Kulturm\u00f8det Mors, som den m\u00e5ske f\u00f8rste festival i Danmark, genbrugsservice fra lokale for at komme brugen af engangsplastik til livs. Det genbrugte service har siden gjort stor gavn p\u00e5 mange m\u00e5der og har ogs\u00e5 givet g\u00e6sterne noget ekstra at m\u00f8des omkring.<\/p>\n<a class=\"dvrt-link\" onClick=\"cdmtrack_click(147315,jQuery(this));return false\" href=\"https:\/\/sdrhaa.dk\/\"><img decoding=\"async\" style=\"width:100%;\" src=\"https:\/\/kunmedierne.dk\/mors\/wp-content\/uploads\/2025\/05\/260302Sdr-HaaDin-gebyrvenlige-sparekasse_mors-002.gif\"><\/a><script>cdmtrack_view(147315);<\/script>\n<p>Nu tr\u00e6nger samlingen efterh\u00e5nden til udskiftninger og tilf\u00f8jelser i takt med, at antallet af g\u00e6ster er vokset \u00e5r for \u00e5r. Kulturm\u00f8det h\u00e5ber derfor, at morsingboer og ogs\u00e5 gerne folk udenfor \u00f8en igen har lyst til at bidrage med deres genbrugsservice.<\/p>\n<p>&#8220;S\u00e5 har du store te-og kaffekrus, dybe tallerkener, kagegafler eller desserttallerkener, som ikke l\u00e6ngere bliver brugt, vil kulturm\u00f8det meget gerne modtage dem,&#8221; lyder det i en pressemeddelelse.<\/p>\n<p>&nbsp;<\/p>\n<blockquote>\n<h3>INFO<\/h3>\n<h5>Her kan du aflevere:<\/h5>\n<h5>Genbrugsservice kan afleveres p\u00e5 Mors\u00f8 Kommunes Genbrugsplads p\u00e5 N\u00f8rrebro 196 i Nyk\u00f8bing \u2013 i et metalbur til h\u00f8jre for indgangen, hvor der st\u00e5r et skilt med Kulturm\u00f8det.<\/h5>\n<\/blockquote>\n","protected":false},"excerpt":{"rendered":"<p>KULTURM\u00d8DET: &#8220;Sk\u00e6nk dine gamle store te-og kaffekrus, dybe tallerkener, kagegafler eller desserttallerkener til Kulturm\u00f8det Mors.&#8221; S\u00e5dan lyder det fra den store lokale kulturevent, som f\u00e5 m\u00e5neder f\u00f8r 2024-udgaven beder om hj\u00e6lp i kampen for at bruge mindre plastik, g\u00f8re noget godt for milj\u00f8et og give g\u00e6sterne p\u00e5 kulturm\u00f8det en ekstra god oplevelse p\u00e5 Mors. I [&hellip;]<\/p>\n","protected":false},"author":8,"featured_media":118603,"comment_status":"closed","ping_status":"open","sticky":false,"template":"","format":"standard","meta":{"_acf_changed":false,"footnotes":""},"categories":[49],"tags":[162],"class_list":["post-118601","post","type-post","status-publish","format-standard","has-post-thumbnail","hentry","category-kultur","tag-kulturmoedet"],"acf":[],"yoast_head":"<!-- This site is optimized with the Yoast SEO plugin v26.8 - https:\/\/yoast.com\/product\/yoast-seo-wordpress\/ -->\n<title>Kulturm\u00f8det kalder p\u00e5 jeres gamle kopper og service \u2013 genbrug er guld for milj\u00f8et og m\u00f8det - Mors<\/title>\n<meta name=\"robots\" content=\"index, follow, max-snippet:-1, max-image-preview:large, max-video-preview:-1\" \/>\n<link rel=\"canonical\" href=\"https:\/\/kunmedierne.dk\/mors\/kulturmoedet-kalder-paa-jeres-gamle-kopper-og-service-genbrug-er-guld-for-miljoeet-og-moedet\/\" \/>\n<meta property=\"og:locale\" content=\"da_DK\" \/>\n<meta property=\"og:type\" content=\"article\" \/>\n<meta property=\"og:title\" content=\"Kulturm\u00f8det kalder p\u00e5 jeres gamle kopper og service \u2013 genbrug er guld for milj\u00f8et og m\u00f8det - Mors\" \/>\n<meta property=\"og:description\" content=\"KULTURM\u00d8DET: &#8220;Sk\u00e6nk dine gamle store te-og kaffekrus, dybe tallerkener, kagegafler eller desserttallerkener til Kulturm\u00f8det Mors.&#8221; S\u00e5dan lyder det fra den store lokale kulturevent, som f\u00e5 m\u00e5neder f\u00f8r 2024-udgaven beder om hj\u00e6lp i kampen for at bruge mindre plastik, g\u00f8re noget godt for milj\u00f8et og give g\u00e6sterne p\u00e5 kulturm\u00f8det en ekstra god oplevelse p\u00e5 Mors. I [&hellip;]\" \/>\n<meta property=\"og:url\" content=\"https:\/\/kunmedierne.dk\/mors\/kulturmoedet-kalder-paa-jeres-gamle-kopper-og-service-genbrug-er-guld-for-miljoeet-og-moedet\/\" \/>\n<meta property=\"og:site_name\" content=\"Mors\" \/>\n<meta property=\"article:published_time\" content=\"2024-05-24T03:59:38+00:00\" \/>\n<meta property=\"article:modified_time\" content=\"2024-08-12T11:10:18+00:00\" \/>\n<meta property=\"og:image\" content=\"https:\/\/kunmedierne.dk\/mors\/wp-content\/uploads\/2024\/05\/Frivillig-web-Opvaskestation-Fotograf-Per-Bille.jpg\" \/>\n\t<meta property=\"og:image:width\" content=\"770\" \/>\n\t<meta property=\"og:image:height\" content=\"513\" \/>\n\t<meta property=\"og:image:type\" content=\"image\/jpeg\" \/>\n<meta name=\"author\" content=\"David H\u00f8jmark\" \/>\n<meta name=\"twitter:card\" content=\"summary_large_image\" \/>\n<meta name=\"twitter:label1\" content=\"Skrevet af\" \/>\n\t<meta name=\"twitter:data1\" content=\"David H\u00f8jmark\" \/>\n\t<meta name=\"twitter:label2\" content=\"Estimeret l\u00e6setid\" \/>\n\t<meta name=\"twitter:data2\" content=\"2 minutter\" \/>\n<script type=\"application\/ld+json\" class=\"yoast-schema-graph\">{\"@context\":\"https:\/\/schema.org\",\"@graph\":[{\"@type\":\"Article\",\"@id\":\"https:\/\/kunmedierne.dk\/mors\/kulturmoedet-kalder-paa-jeres-gamle-kopper-og-service-genbrug-er-guld-for-miljoeet-og-moedet\/#article\",\"isPartOf\":{\"@id\":\"https:\/\/kunmedierne.dk\/mors\/kulturmoedet-kalder-paa-jeres-gamle-kopper-og-service-genbrug-er-guld-for-miljoeet-og-moedet\/\"},\"author\":{\"name\":\"David H\u00f8jmark\",\"@id\":\"https:\/\/kunmedierne.dk\/mors\/#\/schema\/person\/5fe23251bf1d0abbcdc6f7896579d548\"},\"headline\":\"Kulturm\u00f8det kalder p\u00e5 jeres gamle kopper og service \u2013 genbrug er guld for milj\u00f8et og m\u00f8det\",\"datePublished\":\"2024-05-24T03:59:38+00:00\",\"dateModified\":\"2024-08-12T11:10:18+00:00\",\"mainEntityOfPage\":{\"@id\":\"https:\/\/kunmedierne.dk\/mors\/kulturmoedet-kalder-paa-jeres-gamle-kopper-og-service-genbrug-er-guld-for-miljoeet-og-moedet\/\"},\"wordCount\":245,\"publisher\":{\"@id\":\"https:\/\/kunmedierne.dk\/mors\/#organization\"},\"image\":{\"@id\":\"https:\/\/kunmedierne.dk\/mors\/kulturmoedet-kalder-paa-jeres-gamle-kopper-og-service-genbrug-er-guld-for-miljoeet-og-moedet\/#primaryimage\"},\"thumbnailUrl\":\"https:\/\/kunmedierne.dk\/mors\/wp-content\/uploads\/2024\/05\/Frivillig-web-Opvaskestation-Fotograf-Per-Bille.jpg\",\"keywords\":[\"Kulturm\u00f8det\"],\"articleSection\":[\"Kultur\"],\"inLanguage\":\"da-DK\"},{\"@type\":\"WebPage\",\"@id\":\"https:\/\/kunmedierne.dk\/mors\/kulturmoedet-kalder-paa-jeres-gamle-kopper-og-service-genbrug-er-guld-for-miljoeet-og-moedet\/\",\"url\":\"https:\/\/kunmedierne.dk\/mors\/kulturmoedet-kalder-paa-jeres-gamle-kopper-og-service-genbrug-er-guld-for-miljoeet-og-moedet\/\",\"name\":\"Kulturm\u00f8det kalder p\u00e5 jeres gamle kopper og service \u2013 genbrug er guld for milj\u00f8et og m\u00f8det - Mors\",\"isPartOf\":{\"@id\":\"https:\/\/kunmedierne.dk\/mors\/#website\"},\"primaryImageOfPage\":{\"@id\":\"https:\/\/kunmedierne.dk\/mors\/kulturmoedet-kalder-paa-jeres-gamle-kopper-og-service-genbrug-er-guld-for-miljoeet-og-moedet\/#primaryimage\"},\"image\":{\"@id\":\"https:\/\/kunmedierne.dk\/mors\/kulturmoedet-kalder-paa-jeres-gamle-kopper-og-service-genbrug-er-guld-for-miljoeet-og-moedet\/#primaryimage\"},\"thumbnailUrl\":\"https:\/\/kunmedierne.dk\/mors\/wp-content\/uploads\/2024\/05\/Frivillig-web-Opvaskestation-Fotograf-Per-Bille.jpg\",\"datePublished\":\"2024-05-24T03:59:38+00:00\",\"dateModified\":\"2024-08-12T11:10:18+00:00\",\"breadcrumb\":{\"@id\":\"https:\/\/kunmedierne.dk\/mors\/kulturmoedet-kalder-paa-jeres-gamle-kopper-og-service-genbrug-er-guld-for-miljoeet-og-moedet\/#breadcrumb\"},\"inLanguage\":\"da-DK\",\"potentialAction\":[{\"@type\":\"ReadAction\",\"target\":[\"https:\/\/kunmedierne.dk\/mors\/kulturmoedet-kalder-paa-jeres-gamle-kopper-og-service-genbrug-er-guld-for-miljoeet-og-moedet\/\"]}]},{\"@type\":\"ImageObject\",\"inLanguage\":\"da-DK\",\"@id\":\"https:\/\/kunmedierne.dk\/mors\/kulturmoedet-kalder-paa-jeres-gamle-kopper-og-service-genbrug-er-guld-for-miljoeet-og-moedet\/#primaryimage\",\"url\":\"https:\/\/kunmedierne.dk\/mors\/wp-content\/uploads\/2024\/05\/Frivillig-web-Opvaskestation-Fotograf-Per-Bille.jpg\",\"contentUrl\":\"https:\/\/kunmedierne.dk\/mors\/wp-content\/uploads\/2024\/05\/Frivillig-web-Opvaskestation-Fotograf-Per-Bille.jpg\",\"width\":770,\"height\":513,\"caption\":\"Frivillige er klar til at g\u00f8re Kulturm\u00f8det mere fri for plastik. Foto: Per Bille.\"},{\"@type\":\"BreadcrumbList\",\"@id\":\"https:\/\/kunmedierne.dk\/mors\/kulturmoedet-kalder-paa-jeres-gamle-kopper-og-service-genbrug-er-guld-for-miljoeet-og-moedet\/#breadcrumb\",\"itemListElement\":[{\"@type\":\"ListItem\",\"position\":1,\"name\":\"Hjem\",\"item\":\"https:\/\/kunmedierne.dk\/mors\/\"},{\"@type\":\"ListItem\",\"position\":2,\"name\":\"Kulturm\u00f8det kalder p\u00e5 jeres gamle kopper og service \u2013 genbrug er guld for milj\u00f8et og m\u00f8det\"}]},{\"@type\":\"WebSite\",\"@id\":\"https:\/\/kunmedierne.dk\/mors\/#website\",\"url\":\"https:\/\/kunmedierne.dk\/mors\/\",\"name\":\"Mors\",\"description\":\"et netmedie med journalistik om livet p\u00e5 Mors\",\"publisher\":{\"@id\":\"https:\/\/kunmedierne.dk\/mors\/#organization\"},\"potentialAction\":[{\"@type\":\"SearchAction\",\"target\":{\"@type\":\"EntryPoint\",\"urlTemplate\":\"https:\/\/kunmedierne.dk\/mors\/?s={search_term_string}\"},\"query-input\":{\"@type\":\"PropertyValueSpecification\",\"valueRequired\":true,\"valueName\":\"search_term_string\"}}],\"inLanguage\":\"da-DK\"},{\"@type\":\"Organization\",\"@id\":\"https:\/\/kunmedierne.dk\/mors\/#organization\",\"name\":\"Mors\",\"url\":\"https:\/\/kunmedierne.dk\/mors\/\",\"logo\":{\"@type\":\"ImageObject\",\"inLanguage\":\"da-DK\",\"@id\":\"https:\/\/kunmedierne.dk\/mors\/#\/schema\/logo\/image\/\",\"url\":\"https:\/\/kunmedierne.dk\/mors\/wp-content\/uploads\/2024\/08\/kunmors-logo.svg\",\"contentUrl\":\"https:\/\/kunmedierne.dk\/mors\/wp-content\/uploads\/2024\/08\/kunmors-logo.svg\",\"caption\":\"Mors\"},\"image\":{\"@id\":\"https:\/\/kunmedierne.dk\/mors\/#\/schema\/logo\/image\/\"}},{\"@type\":\"Person\",\"@id\":\"https:\/\/kunmedierne.dk\/mors\/#\/schema\/person\/5fe23251bf1d0abbcdc6f7896579d548\",\"name\":\"David H\u00f8jmark\",\"image\":{\"@type\":\"ImageObject\",\"inLanguage\":\"da-DK\",\"@id\":\"https:\/\/kunmedierne.dk\/mors\/#\/schema\/person\/image\/\",\"url\":\"https:\/\/secure.gravatar.com\/avatar\/4315d6fb9ef244d729989f5f90268eb08d5bf8a3d84402f595fa194bb35784fd?s=96&d=mm&r=g\",\"contentUrl\":\"https:\/\/secure.gravatar.com\/avatar\/4315d6fb9ef244d729989f5f90268eb08d5bf8a3d84402f595fa194bb35784fd?s=96&d=mm&r=g\",\"caption\":\"David H\u00f8jmark\"},\"sameAs\":[\"https:\/\/www.kunmedierne.dk\"],\"url\":\"https:\/\/kunmedierne.dk\/mors\/author\/david\/\"}]}<\/script>\n<!-- \/ Yoast SEO plugin. -->","yoast_head_json":{"title":"Kulturm\u00f8det kalder p\u00e5 jeres gamle kopper og service \u2013 genbrug er guld for milj\u00f8et og m\u00f8det - Mors","robots":{"index":"index","follow":"follow","max-snippet":"max-snippet:-1","max-image-preview":"max-image-preview:large","max-video-preview":"max-video-preview:-1"},"canonical":"https:\/\/kunmedierne.dk\/mors\/kulturmoedet-kalder-paa-jeres-gamle-kopper-og-service-genbrug-er-guld-for-miljoeet-og-moedet\/","og_locale":"da_DK","og_type":"article","og_title":"Kulturm\u00f8det kalder p\u00e5 jeres gamle kopper og service \u2013 genbrug er guld for milj\u00f8et og m\u00f8det - Mors","og_description":"KULTURM\u00d8DET: &#8220;Sk\u00e6nk dine gamle store te-og kaffekrus, dybe tallerkener, kagegafler eller desserttallerkener til Kulturm\u00f8det Mors.&#8221; S\u00e5dan lyder det fra den store lokale kulturevent, som f\u00e5 m\u00e5neder f\u00f8r 2024-udgaven beder om hj\u00e6lp i kampen for at bruge mindre plastik, g\u00f8re noget godt for milj\u00f8et og give g\u00e6sterne p\u00e5 kulturm\u00f8det en ekstra god oplevelse p\u00e5 Mors. I [&hellip;]","og_url":"https:\/\/kunmedierne.dk\/mors\/kulturmoedet-kalder-paa-jeres-gamle-kopper-og-service-genbrug-er-guld-for-miljoeet-og-moedet\/","og_site_name":"Mors","article_published_time":"2024-05-24T03:59:38+00:00","article_modified_time":"2024-08-12T11:10:18+00:00","og_image":[{"width":770,"height":513,"url":"https:\/\/kunmedierne.dk\/mors\/wp-content\/uploads\/2024\/05\/Frivillig-web-Opvaskestation-Fotograf-Per-Bille.jpg","type":"image\/jpeg"}],"author":"David H\u00f8jmark","twitter_card":"summary_large_image","twitter_misc":{"Skrevet af":"David H\u00f8jmark","Estimeret l\u00e6setid":"2 minutter"},"schema":{"@context":"https:\/\/schema.org","@graph":[{"@type":"Article","@id":"https:\/\/kunmedierne.dk\/mors\/kulturmoedet-kalder-paa-jeres-gamle-kopper-og-service-genbrug-er-guld-for-miljoeet-og-moedet\/#article","isPartOf":{"@id":"https:\/\/kunmedierne.dk\/mors\/kulturmoedet-kalder-paa-jeres-gamle-kopper-og-service-genbrug-er-guld-for-miljoeet-og-moedet\/"},"author":{"name":"David H\u00f8jmark","@id":"https:\/\/kunmedierne.dk\/mors\/#\/schema\/person\/5fe23251bf1d0abbcdc6f7896579d548"},"headline":"Kulturm\u00f8det kalder p\u00e5 jeres gamle kopper og service \u2013 genbrug er guld for milj\u00f8et og m\u00f8det","datePublished":"2024-05-24T03:59:38+00:00","dateModified":"2024-08-12T11:10:18+00:00","mainEntityOfPage":{"@id":"https:\/\/kunmedierne.dk\/mors\/kulturmoedet-kalder-paa-jeres-gamle-kopper-og-service-genbrug-er-guld-for-miljoeet-og-moedet\/"},"wordCount":245,"publisher":{"@id":"https:\/\/kunmedierne.dk\/mors\/#organization"},"image":{"@id":"https:\/\/kunmedierne.dk\/mors\/kulturmoedet-kalder-paa-jeres-gamle-kopper-og-service-genbrug-er-guld-for-miljoeet-og-moedet\/#primaryimage"},"thumbnailUrl":"https:\/\/kunmedierne.dk\/mors\/wp-content\/uploads\/2024\/05\/Frivillig-web-Opvaskestation-Fotograf-Per-Bille.jpg","keywords":["Kulturm\u00f8det"],"articleSection":["Kultur"],"inLanguage":"da-DK"},{"@type":"WebPage","@id":"https:\/\/kunmedierne.dk\/mors\/kulturmoedet-kalder-paa-jeres-gamle-kopper-og-service-genbrug-er-guld-for-miljoeet-og-moedet\/","url":"https:\/\/kunmedierne.dk\/mors\/kulturmoedet-kalder-paa-jeres-gamle-kopper-og-service-genbrug-er-guld-for-miljoeet-og-moedet\/","name":"Kulturm\u00f8det kalder p\u00e5 jeres gamle kopper og service \u2013 genbrug er guld for milj\u00f8et og m\u00f8det - Mors","isPartOf":{"@id":"https:\/\/kunmedierne.dk\/mors\/#website"},"primaryImageOfPage":{"@id":"https:\/\/kunmedierne.dk\/mors\/kulturmoedet-kalder-paa-jeres-gamle-kopper-og-service-genbrug-er-guld-for-miljoeet-og-moedet\/#primaryimage"},"image":{"@id":"https:\/\/kunmedierne.dk\/mors\/kulturmoedet-kalder-paa-jeres-gamle-kopper-og-service-genbrug-er-guld-for-miljoeet-og-moedet\/#primaryimage"},"thumbnailUrl":"https:\/\/kunmedierne.dk\/mors\/wp-content\/uploads\/2024\/05\/Frivillig-web-Opvaskestation-Fotograf-Per-Bille.jpg","datePublished":"2024-05-24T03:59:38+00:00","dateModified":"2024-08-12T11:10:18+00:00","breadcrumb":{"@id":"https:\/\/kunmedierne.dk\/mors\/kulturmoedet-kalder-paa-jeres-gamle-kopper-og-service-genbrug-er-guld-for-miljoeet-og-moedet\/#breadcrumb"},"inLanguage":"da-DK","potentialAction":[{"@type":"ReadAction","target":["https:\/\/kunmedierne.dk\/mors\/kulturmoedet-kalder-paa-jeres-gamle-kopper-og-service-genbrug-er-guld-for-miljoeet-og-moedet\/"]}]},{"@type":"ImageObject","inLanguage":"da-DK","@id":"https:\/\/kunmedierne.dk\/mors\/kulturmoedet-kalder-paa-jeres-gamle-kopper-og-service-genbrug-er-guld-for-miljoeet-og-moedet\/#primaryimage","url":"https:\/\/kunmedierne.dk\/mors\/wp-content\/uploads\/2024\/05\/Frivillig-web-Opvaskestation-Fotograf-Per-Bille.jpg","contentUrl":"https:\/\/kunmedierne.dk\/mors\/wp-content\/uploads\/2024\/05\/Frivillig-web-Opvaskestation-Fotograf-Per-Bille.jpg","width":770,"height":513,"caption":"Frivillige er klar til at g\u00f8re Kulturm\u00f8det mere fri for plastik. Foto: Per Bille."},{"@type":"BreadcrumbList","@id":"https:\/\/kunmedierne.dk\/mors\/kulturmoedet-kalder-paa-jeres-gamle-kopper-og-service-genbrug-er-guld-for-miljoeet-og-moedet\/#breadcrumb","itemListElement":[{"@type":"ListItem","position":1,"name":"Hjem","item":"https:\/\/kunmedierne.dk\/mors\/"},{"@type":"ListItem","position":2,"name":"Kulturm\u00f8det kalder p\u00e5 jeres gamle kopper og service \u2013 genbrug er guld for milj\u00f8et og m\u00f8det"}]},{"@type":"WebSite","@id":"https:\/\/kunmedierne.dk\/mors\/#website","url":"https:\/\/kunmedierne.dk\/mors\/","name":"Mors","description":"et netmedie med journalistik om livet p\u00e5 Mors","publisher":{"@id":"https:\/\/kunmedierne.dk\/mors\/#organization"},"potentialAction":[{"@type":"SearchAction","target":{"@type":"EntryPoint","urlTemplate":"https:\/\/kunmedierne.dk\/mors\/?s={search_term_string}"},"query-input":{"@type":"PropertyValueSpecification","valueRequired":true,"valueName":"search_term_string"}}],"inLanguage":"da-DK"},{"@type":"Organization","@id":"https:\/\/kunmedierne.dk\/mors\/#organization","name":"Mors","url":"https:\/\/kunmedierne.dk\/mors\/","logo":{"@type":"ImageObject","inLanguage":"da-DK","@id":"https:\/\/kunmedierne.dk\/mors\/#\/schema\/logo\/image\/","url":"https:\/\/kunmedierne.dk\/mors\/wp-content\/uploads\/2024\/08\/kunmors-logo.svg","contentUrl":"https:\/\/kunmedierne.dk\/mors\/wp-content\/uploads\/2024\/08\/kunmors-logo.svg","caption":"Mors"},"image":{"@id":"https:\/\/kunmedierne.dk\/mors\/#\/schema\/logo\/image\/"}},{"@type":"Person","@id":"https:\/\/kunmedierne.dk\/mors\/#\/schema\/person\/5fe23251bf1d0abbcdc6f7896579d548","name":"David H\u00f8jmark","image":{"@type":"ImageObject","inLanguage":"da-DK","@id":"https:\/\/kunmedierne.dk\/mors\/#\/schema\/person\/image\/","url":"https:\/\/secure.gravatar.com\/avatar\/4315d6fb9ef244d729989f5f90268eb08d5bf8a3d84402f595fa194bb35784fd?s=96&d=mm&r=g","contentUrl":"https:\/\/secure.gravatar.com\/avatar\/4315d6fb9ef244d729989f5f90268eb08d5bf8a3d84402f595fa194bb35784fd?s=96&d=mm&r=g","caption":"David H\u00f8jmark"},"sameAs":["https:\/\/www.kunmedierne.dk"],"url":"https:\/\/kunmedierne.dk\/mors\/author\/david\/"}]}},"_links":{"self":[{"href":"https:\/\/kunmedierne.dk\/mors\/wp-json\/wp\/v2\/posts\/118601","targetHints":{"allow":["GET"]}}],"collection":[{"href":"https:\/\/kunmedierne.dk\/mors\/wp-json\/wp\/v2\/posts"}],"about":[{"href":"https:\/\/kunmedierne.dk\/mors\/wp-json\/wp\/v2\/types\/post"}],"author":[{"embeddable":true,"href":"https:\/\/kunmedierne.dk\/mors\/wp-json\/wp\/v2\/users\/8"}],"replies":[{"embeddable":true,"href":"https:\/\/kunmedierne.dk\/mors\/wp-json\/wp\/v2\/comments?post=118601"}],"version-history":[{"count":2,"href":"https:\/\/kunmedierne.dk\/mors\/wp-json\/wp\/v2\/posts\/118601\/revisions"}],"predecessor-version":[{"id":118604,"href":"https:\/\/kunmedierne.dk\/mors\/wp-json\/wp\/v2\/posts\/118601\/revisions\/118604"}],"wp:featuredmedia":[{"embeddable":true,"href":"https:\/\/kunmedierne.dk\/mors\/wp-json\/wp\/v2\/media\/118603"}],"wp:attachment":[{"href":"https:\/\/kunmedierne.dk\/mors\/wp-json\/wp\/v2\/media?parent=118601"}],"wp:term":[{"taxonomy":"category","embeddable":true,"href":"https:\/\/kunmedierne.dk\/mors\/wp-json\/wp\/v2\/categories?post=118601"},{"taxonomy":"post_tag","embeddable":true,"href":"https:\/\/kunmedierne.dk\/mors\/wp-json\/wp\/v2\/tags?post=118601"}],"curies":[{"name":"wp","href":"https:\/\/api.w.org\/{rel}","templated":true}]}}