{"id":11816,"date":"2020-03-07T12:11:24","date_gmt":"2020-03-07T11:11:24","guid":{"rendered":"https:\/\/kunmedierne.dk\/mors\/?p=11816"},"modified":"2024-08-12T14:06:23","modified_gmt":"2024-08-12T12:06:23","slug":"morsoe-kommune-holder-fast-i-frivilligfesten-indtil-videre","status":"publish","type":"post","link":"https:\/\/kunmedierne.dk\/mors\/morsoe-kommune-holder-fast-i-frivilligfesten-indtil-videre\/","title":{"rendered":"Mors\u00f8 Kommune holder fast i frivilligfesten &#8211; indtil videre"},"content":{"rendered":"<p><strong>NYK\u00d8BING<\/strong>: En af \u00e5rets store, lokale begivenheder, festen for de frivillige i Mors\u00f8 Kommune, st\u00e5r til at blive gennemf\u00f8rt &#8211; som situationen er nu.<\/p>\n<p>Det meddeler borgmester Hans Ejner Bertelsen (V), som oplyser, at kommunen allerede har dr\u00f8ftet situationen oven p\u00e5 fredagens dramatiske udvikling med myndighedernes anbefaling om aflysning af arrangementer med flere end 1000 mennesker.<\/p>\n<p>&#8220;Vi f\u00f8lger fuldst\u00e6ndig Sundhedsstyrelsen anbefalinger. Der er mellem 500 og 600 spisende g\u00e6ster til Frivilligfesten, og s\u00e5 er der nogle deltagere, s\u00e5 vi holder os under de 1000,&#8221; siger han og tilf\u00f8jer, at Mors\u00f8 Kommune indtil videre holder fast i at gennemf\u00f8re arrangementet.<\/p>\n<p>Det kan dog \u00e6ndre sig, hvis situationen ogs\u00e5 g\u00f8r det til det v\u00e6rre.<\/p>\n<p>&#8220;Vi bliver n\u00e6sten orienteret time for time fra Sundhedsstyrelsen og Kommunernes Landsforening, og vi f\u00f8lger de anvisninger, vi f\u00e5r. Men indtil videre er der ikke taget nogen beslutning om at aflyse,&#8221; siger Hans Ejner Bertelsen.<\/p>\n","protected":false},"excerpt":{"rendered":"<p>NYK\u00d8BING: En af \u00e5rets store, lokale begivenheder, festen for de frivillige i Mors\u00f8 Kommune, st\u00e5r til at blive gennemf\u00f8rt &#8211; som situationen er nu. Det meddeler borgmester Hans Ejner Bertelsen (V), som oplyser, at kommunen allerede har dr\u00f8ftet situationen oven p\u00e5 fredagens dramatiske udvikling med myndighedernes anbefaling om aflysning af arrangementer med flere end 1000 [&hellip;]<\/p>\n","protected":false},"author":8,"featured_media":3541,"comment_status":"open","ping_status":"open","sticky":false,"template":"","format":"standard","meta":{"_acf_changed":false,"footnotes":""},"categories":[51],"tags":[],"class_list":["post-11816","post","type-post","status-publish","format-standard","has-post-thumbnail","hentry","category-lokalt"],"acf":[],"yoast_head":"<!-- This site is optimized with the Yoast SEO plugin v26.8 - https:\/\/yoast.com\/product\/yoast-seo-wordpress\/ -->\n<title>Mors\u00f8 Kommune holder fast i frivilligfesten - indtil videre - Mors<\/title>\n<meta name=\"robots\" content=\"index, follow, max-snippet:-1, max-image-preview:large, max-video-preview:-1\" \/>\n<link rel=\"canonical\" href=\"https:\/\/kunmedierne.dk\/mors\/morsoe-kommune-holder-fast-i-frivilligfesten-indtil-videre\/\" \/>\n<meta property=\"og:locale\" content=\"da_DK\" \/>\n<meta property=\"og:type\" content=\"article\" \/>\n<meta property=\"og:title\" content=\"Mors\u00f8 Kommune holder fast i frivilligfesten - indtil videre - Mors\" \/>\n<meta property=\"og:description\" content=\"NYK\u00d8BING: En af \u00e5rets store, lokale begivenheder, festen for de frivillige i Mors\u00f8 Kommune, st\u00e5r til at blive gennemf\u00f8rt &#8211; som situationen er nu. Det meddeler borgmester Hans Ejner Bertelsen (V), som oplyser, at kommunen allerede har dr\u00f8ftet situationen oven p\u00e5 fredagens dramatiske udvikling med myndighedernes anbefaling om aflysning af arrangementer med flere end 1000 [&hellip;]\" \/>\n<meta property=\"og:url\" content=\"https:\/\/kunmedierne.dk\/mors\/morsoe-kommune-holder-fast-i-frivilligfesten-indtil-videre\/\" \/>\n<meta property=\"og:site_name\" content=\"Mors\" \/>\n<meta property=\"article:published_time\" content=\"2020-03-07T11:11:24+00:00\" \/>\n<meta property=\"article:modified_time\" content=\"2024-08-12T12:06:23+00:00\" \/>\n<meta property=\"og:image\" content=\"https:\/\/kunmedierne.dk\/mors\/wp-content\/uploads\/2020\/01\/200129-frivilligfest-19.jpg\" \/>\n\t<meta property=\"og:image:width\" content=\"770\" \/>\n\t<meta property=\"og:image:height\" content=\"513\" \/>\n\t<meta property=\"og:image:type\" content=\"image\/jpeg\" \/>\n<meta name=\"author\" content=\"David H\u00f8jmark\" \/>\n<meta name=\"twitter:card\" content=\"summary_large_image\" \/>\n<meta name=\"twitter:label1\" content=\"Skrevet af\" \/>\n\t<meta name=\"twitter:data1\" content=\"David H\u00f8jmark\" \/>\n\t<meta name=\"twitter:label2\" content=\"Estimeret l\u00e6setid\" \/>\n\t<meta name=\"twitter:data2\" content=\"1 minut\" \/>\n<script type=\"application\/ld+json\" class=\"yoast-schema-graph\">{\"@context\":\"https:\/\/schema.org\",\"@graph\":[{\"@type\":\"Article\",\"@id\":\"https:\/\/kunmedierne.dk\/mors\/morsoe-kommune-holder-fast-i-frivilligfesten-indtil-videre\/#article\",\"isPartOf\":{\"@id\":\"https:\/\/kunmedierne.dk\/mors\/morsoe-kommune-holder-fast-i-frivilligfesten-indtil-videre\/\"},\"author\":{\"name\":\"David H\u00f8jmark\",\"@id\":\"https:\/\/kunmedierne.dk\/mors\/#\/schema\/person\/5fe23251bf1d0abbcdc6f7896579d548\"},\"headline\":\"Mors\u00f8 Kommune holder fast i frivilligfesten &#8211; indtil videre\",\"datePublished\":\"2020-03-07T11:11:24+00:00\",\"dateModified\":\"2024-08-12T12:06:23+00:00\",\"mainEntityOfPage\":{\"@id\":\"https:\/\/kunmedierne.dk\/mors\/morsoe-kommune-holder-fast-i-frivilligfesten-indtil-videre\/\"},\"wordCount\":166,\"commentCount\":0,\"publisher\":{\"@id\":\"https:\/\/kunmedierne.dk\/mors\/#organization\"},\"image\":{\"@id\":\"https:\/\/kunmedierne.dk\/mors\/morsoe-kommune-holder-fast-i-frivilligfesten-indtil-videre\/#primaryimage\"},\"thumbnailUrl\":\"https:\/\/kunmedierne.dk\/mors\/wp-content\/uploads\/2020\/01\/200129-frivilligfest-19.jpg\",\"articleSection\":[\"Lokalt\"],\"inLanguage\":\"da-DK\",\"potentialAction\":[{\"@type\":\"CommentAction\",\"name\":\"Comment\",\"target\":[\"https:\/\/kunmedierne.dk\/mors\/morsoe-kommune-holder-fast-i-frivilligfesten-indtil-videre\/#respond\"]}]},{\"@type\":\"WebPage\",\"@id\":\"https:\/\/kunmedierne.dk\/mors\/morsoe-kommune-holder-fast-i-frivilligfesten-indtil-videre\/\",\"url\":\"https:\/\/kunmedierne.dk\/mors\/morsoe-kommune-holder-fast-i-frivilligfesten-indtil-videre\/\",\"name\":\"Mors\u00f8 Kommune holder fast i frivilligfesten - indtil videre - Mors\",\"isPartOf\":{\"@id\":\"https:\/\/kunmedierne.dk\/mors\/#website\"},\"primaryImageOfPage\":{\"@id\":\"https:\/\/kunmedierne.dk\/mors\/morsoe-kommune-holder-fast-i-frivilligfesten-indtil-videre\/#primaryimage\"},\"image\":{\"@id\":\"https:\/\/kunmedierne.dk\/mors\/morsoe-kommune-holder-fast-i-frivilligfesten-indtil-videre\/#primaryimage\"},\"thumbnailUrl\":\"https:\/\/kunmedierne.dk\/mors\/wp-content\/uploads\/2020\/01\/200129-frivilligfest-19.jpg\",\"datePublished\":\"2020-03-07T11:11:24+00:00\",\"dateModified\":\"2024-08-12T12:06:23+00:00\",\"breadcrumb\":{\"@id\":\"https:\/\/kunmedierne.dk\/mors\/morsoe-kommune-holder-fast-i-frivilligfesten-indtil-videre\/#breadcrumb\"},\"inLanguage\":\"da-DK\",\"potentialAction\":[{\"@type\":\"ReadAction\",\"target\":[\"https:\/\/kunmedierne.dk\/mors\/morsoe-kommune-holder-fast-i-frivilligfesten-indtil-videre\/\"]}]},{\"@type\":\"ImageObject\",\"inLanguage\":\"da-DK\",\"@id\":\"https:\/\/kunmedierne.dk\/mors\/morsoe-kommune-holder-fast-i-frivilligfesten-indtil-videre\/#primaryimage\",\"url\":\"https:\/\/kunmedierne.dk\/mors\/wp-content\/uploads\/2020\/01\/200129-frivilligfest-19.jpg\",\"contentUrl\":\"https:\/\/kunmedierne.dk\/mors\/wp-content\/uploads\/2020\/01\/200129-frivilligfest-19.jpg\",\"width\":770,\"height\":513,\"caption\":\"Fra Frivilligfesten i 2019. Foto: Mors\u00f8 Kommune\"},{\"@type\":\"BreadcrumbList\",\"@id\":\"https:\/\/kunmedierne.dk\/mors\/morsoe-kommune-holder-fast-i-frivilligfesten-indtil-videre\/#breadcrumb\",\"itemListElement\":[{\"@type\":\"ListItem\",\"position\":1,\"name\":\"Hjem\",\"item\":\"https:\/\/kunmedierne.dk\/mors\/\"},{\"@type\":\"ListItem\",\"position\":2,\"name\":\"Mors\u00f8 Kommune holder fast i frivilligfesten &#8211; indtil videre\"}]},{\"@type\":\"WebSite\",\"@id\":\"https:\/\/kunmedierne.dk\/mors\/#website\",\"url\":\"https:\/\/kunmedierne.dk\/mors\/\",\"name\":\"Mors\",\"description\":\"et netmedie med journalistik om livet p\u00e5 Mors\",\"publisher\":{\"@id\":\"https:\/\/kunmedierne.dk\/mors\/#organization\"},\"potentialAction\":[{\"@type\":\"SearchAction\",\"target\":{\"@type\":\"EntryPoint\",\"urlTemplate\":\"https:\/\/kunmedierne.dk\/mors\/?s={search_term_string}\"},\"query-input\":{\"@type\":\"PropertyValueSpecification\",\"valueRequired\":true,\"valueName\":\"search_term_string\"}}],\"inLanguage\":\"da-DK\"},{\"@type\":\"Organization\",\"@id\":\"https:\/\/kunmedierne.dk\/mors\/#organization\",\"name\":\"Mors\",\"url\":\"https:\/\/kunmedierne.dk\/mors\/\",\"logo\":{\"@type\":\"ImageObject\",\"inLanguage\":\"da-DK\",\"@id\":\"https:\/\/kunmedierne.dk\/mors\/#\/schema\/logo\/image\/\",\"url\":\"https:\/\/kunmedierne.dk\/mors\/wp-content\/uploads\/2024\/08\/kunmors-logo.svg\",\"contentUrl\":\"https:\/\/kunmedierne.dk\/mors\/wp-content\/uploads\/2024\/08\/kunmors-logo.svg\",\"caption\":\"Mors\"},\"image\":{\"@id\":\"https:\/\/kunmedierne.dk\/mors\/#\/schema\/logo\/image\/\"}},{\"@type\":\"Person\",\"@id\":\"https:\/\/kunmedierne.dk\/mors\/#\/schema\/person\/5fe23251bf1d0abbcdc6f7896579d548\",\"name\":\"David H\u00f8jmark\",\"image\":{\"@type\":\"ImageObject\",\"inLanguage\":\"da-DK\",\"@id\":\"https:\/\/kunmedierne.dk\/mors\/#\/schema\/person\/image\/\",\"url\":\"https:\/\/secure.gravatar.com\/avatar\/4315d6fb9ef244d729989f5f90268eb08d5bf8a3d84402f595fa194bb35784fd?s=96&d=mm&r=g\",\"contentUrl\":\"https:\/\/secure.gravatar.com\/avatar\/4315d6fb9ef244d729989f5f90268eb08d5bf8a3d84402f595fa194bb35784fd?s=96&d=mm&r=g\",\"caption\":\"David H\u00f8jmark\"},\"sameAs\":[\"https:\/\/www.kunmedierne.dk\"],\"url\":\"https:\/\/kunmedierne.dk\/mors\/author\/david\/\"}]}<\/script>\n<!-- \/ Yoast SEO plugin. -->","yoast_head_json":{"title":"Mors\u00f8 Kommune holder fast i frivilligfesten - indtil videre - Mors","robots":{"index":"index","follow":"follow","max-snippet":"max-snippet:-1","max-image-preview":"max-image-preview:large","max-video-preview":"max-video-preview:-1"},"canonical":"https:\/\/kunmedierne.dk\/mors\/morsoe-kommune-holder-fast-i-frivilligfesten-indtil-videre\/","og_locale":"da_DK","og_type":"article","og_title":"Mors\u00f8 Kommune holder fast i frivilligfesten - indtil videre - Mors","og_description":"NYK\u00d8BING: En af \u00e5rets store, lokale begivenheder, festen for de frivillige i Mors\u00f8 Kommune, st\u00e5r til at blive gennemf\u00f8rt &#8211; som situationen er nu. Det meddeler borgmester Hans Ejner Bertelsen (V), som oplyser, at kommunen allerede har dr\u00f8ftet situationen oven p\u00e5 fredagens dramatiske udvikling med myndighedernes anbefaling om aflysning af arrangementer med flere end 1000 [&hellip;]","og_url":"https:\/\/kunmedierne.dk\/mors\/morsoe-kommune-holder-fast-i-frivilligfesten-indtil-videre\/","og_site_name":"Mors","article_published_time":"2020-03-07T11:11:24+00:00","article_modified_time":"2024-08-12T12:06:23+00:00","og_image":[{"width":770,"height":513,"url":"https:\/\/kunmedierne.dk\/mors\/wp-content\/uploads\/2020\/01\/200129-frivilligfest-19.jpg","type":"image\/jpeg"}],"author":"David H\u00f8jmark","twitter_card":"summary_large_image","twitter_misc":{"Skrevet af":"David H\u00f8jmark","Estimeret l\u00e6setid":"1 minut"},"schema":{"@context":"https:\/\/schema.org","@graph":[{"@type":"Article","@id":"https:\/\/kunmedierne.dk\/mors\/morsoe-kommune-holder-fast-i-frivilligfesten-indtil-videre\/#article","isPartOf":{"@id":"https:\/\/kunmedierne.dk\/mors\/morsoe-kommune-holder-fast-i-frivilligfesten-indtil-videre\/"},"author":{"name":"David H\u00f8jmark","@id":"https:\/\/kunmedierne.dk\/mors\/#\/schema\/person\/5fe23251bf1d0abbcdc6f7896579d548"},"headline":"Mors\u00f8 Kommune holder fast i frivilligfesten &#8211; indtil videre","datePublished":"2020-03-07T11:11:24+00:00","dateModified":"2024-08-12T12:06:23+00:00","mainEntityOfPage":{"@id":"https:\/\/kunmedierne.dk\/mors\/morsoe-kommune-holder-fast-i-frivilligfesten-indtil-videre\/"},"wordCount":166,"commentCount":0,"publisher":{"@id":"https:\/\/kunmedierne.dk\/mors\/#organization"},"image":{"@id":"https:\/\/kunmedierne.dk\/mors\/morsoe-kommune-holder-fast-i-frivilligfesten-indtil-videre\/#primaryimage"},"thumbnailUrl":"https:\/\/kunmedierne.dk\/mors\/wp-content\/uploads\/2020\/01\/200129-frivilligfest-19.jpg","articleSection":["Lokalt"],"inLanguage":"da-DK","potentialAction":[{"@type":"CommentAction","name":"Comment","target":["https:\/\/kunmedierne.dk\/mors\/morsoe-kommune-holder-fast-i-frivilligfesten-indtil-videre\/#respond"]}]},{"@type":"WebPage","@id":"https:\/\/kunmedierne.dk\/mors\/morsoe-kommune-holder-fast-i-frivilligfesten-indtil-videre\/","url":"https:\/\/kunmedierne.dk\/mors\/morsoe-kommune-holder-fast-i-frivilligfesten-indtil-videre\/","name":"Mors\u00f8 Kommune holder fast i frivilligfesten - indtil videre - Mors","isPartOf":{"@id":"https:\/\/kunmedierne.dk\/mors\/#website"},"primaryImageOfPage":{"@id":"https:\/\/kunmedierne.dk\/mors\/morsoe-kommune-holder-fast-i-frivilligfesten-indtil-videre\/#primaryimage"},"image":{"@id":"https:\/\/kunmedierne.dk\/mors\/morsoe-kommune-holder-fast-i-frivilligfesten-indtil-videre\/#primaryimage"},"thumbnailUrl":"https:\/\/kunmedierne.dk\/mors\/wp-content\/uploads\/2020\/01\/200129-frivilligfest-19.jpg","datePublished":"2020-03-07T11:11:24+00:00","dateModified":"2024-08-12T12:06:23+00:00","breadcrumb":{"@id":"https:\/\/kunmedierne.dk\/mors\/morsoe-kommune-holder-fast-i-frivilligfesten-indtil-videre\/#breadcrumb"},"inLanguage":"da-DK","potentialAction":[{"@type":"ReadAction","target":["https:\/\/kunmedierne.dk\/mors\/morsoe-kommune-holder-fast-i-frivilligfesten-indtil-videre\/"]}]},{"@type":"ImageObject","inLanguage":"da-DK","@id":"https:\/\/kunmedierne.dk\/mors\/morsoe-kommune-holder-fast-i-frivilligfesten-indtil-videre\/#primaryimage","url":"https:\/\/kunmedierne.dk\/mors\/wp-content\/uploads\/2020\/01\/200129-frivilligfest-19.jpg","contentUrl":"https:\/\/kunmedierne.dk\/mors\/wp-content\/uploads\/2020\/01\/200129-frivilligfest-19.jpg","width":770,"height":513,"caption":"Fra Frivilligfesten i 2019. Foto: Mors\u00f8 Kommune"},{"@type":"BreadcrumbList","@id":"https:\/\/kunmedierne.dk\/mors\/morsoe-kommune-holder-fast-i-frivilligfesten-indtil-videre\/#breadcrumb","itemListElement":[{"@type":"ListItem","position":1,"name":"Hjem","item":"https:\/\/kunmedierne.dk\/mors\/"},{"@type":"ListItem","position":2,"name":"Mors\u00f8 Kommune holder fast i frivilligfesten &#8211; indtil videre"}]},{"@type":"WebSite","@id":"https:\/\/kunmedierne.dk\/mors\/#website","url":"https:\/\/kunmedierne.dk\/mors\/","name":"Mors","description":"et netmedie med journalistik om livet p\u00e5 Mors","publisher":{"@id":"https:\/\/kunmedierne.dk\/mors\/#organization"},"potentialAction":[{"@type":"SearchAction","target":{"@type":"EntryPoint","urlTemplate":"https:\/\/kunmedierne.dk\/mors\/?s={search_term_string}"},"query-input":{"@type":"PropertyValueSpecification","valueRequired":true,"valueName":"search_term_string"}}],"inLanguage":"da-DK"},{"@type":"Organization","@id":"https:\/\/kunmedierne.dk\/mors\/#organization","name":"Mors","url":"https:\/\/kunmedierne.dk\/mors\/","logo":{"@type":"ImageObject","inLanguage":"da-DK","@id":"https:\/\/kunmedierne.dk\/mors\/#\/schema\/logo\/image\/","url":"https:\/\/kunmedierne.dk\/mors\/wp-content\/uploads\/2024\/08\/kunmors-logo.svg","contentUrl":"https:\/\/kunmedierne.dk\/mors\/wp-content\/uploads\/2024\/08\/kunmors-logo.svg","caption":"Mors"},"image":{"@id":"https:\/\/kunmedierne.dk\/mors\/#\/schema\/logo\/image\/"}},{"@type":"Person","@id":"https:\/\/kunmedierne.dk\/mors\/#\/schema\/person\/5fe23251bf1d0abbcdc6f7896579d548","name":"David H\u00f8jmark","image":{"@type":"ImageObject","inLanguage":"da-DK","@id":"https:\/\/kunmedierne.dk\/mors\/#\/schema\/person\/image\/","url":"https:\/\/secure.gravatar.com\/avatar\/4315d6fb9ef244d729989f5f90268eb08d5bf8a3d84402f595fa194bb35784fd?s=96&d=mm&r=g","contentUrl":"https:\/\/secure.gravatar.com\/avatar\/4315d6fb9ef244d729989f5f90268eb08d5bf8a3d84402f595fa194bb35784fd?s=96&d=mm&r=g","caption":"David H\u00f8jmark"},"sameAs":["https:\/\/www.kunmedierne.dk"],"url":"https:\/\/kunmedierne.dk\/mors\/author\/david\/"}]}},"_links":{"self":[{"href":"https:\/\/kunmedierne.dk\/mors\/wp-json\/wp\/v2\/posts\/11816","targetHints":{"allow":["GET"]}}],"collection":[{"href":"https:\/\/kunmedierne.dk\/mors\/wp-json\/wp\/v2\/posts"}],"about":[{"href":"https:\/\/kunmedierne.dk\/mors\/wp-json\/wp\/v2\/types\/post"}],"author":[{"embeddable":true,"href":"https:\/\/kunmedierne.dk\/mors\/wp-json\/wp\/v2\/users\/8"}],"replies":[{"embeddable":true,"href":"https:\/\/kunmedierne.dk\/mors\/wp-json\/wp\/v2\/comments?post=11816"}],"version-history":[{"count":1,"href":"https:\/\/kunmedierne.dk\/mors\/wp-json\/wp\/v2\/posts\/11816\/revisions"}],"predecessor-version":[{"id":11826,"href":"https:\/\/kunmedierne.dk\/mors\/wp-json\/wp\/v2\/posts\/11816\/revisions\/11826"}],"wp:featuredmedia":[{"embeddable":true,"href":"https:\/\/kunmedierne.dk\/mors\/wp-json\/wp\/v2\/media\/3541"}],"wp:attachment":[{"href":"https:\/\/kunmedierne.dk\/mors\/wp-json\/wp\/v2\/media?parent=11816"}],"wp:term":[{"taxonomy":"category","embeddable":true,"href":"https:\/\/kunmedierne.dk\/mors\/wp-json\/wp\/v2\/categories?post=11816"},{"taxonomy":"post_tag","embeddable":true,"href":"https:\/\/kunmedierne.dk\/mors\/wp-json\/wp\/v2\/tags?post=11816"}],"curies":[{"name":"wp","href":"https:\/\/api.w.org\/{rel}","templated":true}]}}