{"id":118039,"date":"2024-05-14T17:56:30","date_gmt":"2024-05-14T15:56:30","guid":{"rendered":"https:\/\/kunmedierne.dk\/mors\/?p=118039"},"modified":"2024-08-12T13:10:20","modified_gmt":"2024-08-12T11:10:20","slug":"faellesskab-bevaegelse-og-fest-for-oeens-aeldste-skoleboern","status":"publish","type":"post","link":"https:\/\/kunmedierne.dk\/mors\/faellesskab-bevaegelse-og-fest-for-oeens-aeldste-skoleboern\/","title":{"rendered":"F\u00e6llesskab, bev\u00e6gelse og fest for \u00f8ens \u00e6ldste skoleb\u00f8rn"},"content":{"rendered":"<p><strong>F\u00c6LLESSKAB<\/strong>: Selv om man st\u00e5r hver side af nettet p\u00e5 en volleyballbane, kan man godt r\u00e6kke ud efter hinandens venskab.<\/p>\n<p>Det har en gruppe skolelever fra Sydvestmors Friskole sat sig for at udnytte. Som en del af VIF Junior inviterer de til volleyballst\u00e6vne med efterfest fredag den 24. maj.<\/p>\n<p>Tilmeldingsfristen er p\u00e5 fredag, og h\u00e5bet er, at endnu flere end dem, der indtil nu har sluttet sig til, vil g\u00f8re det i denne uge.<\/p>\n<a class=\"dvrt-link\" onClick=\"cdmtrack_click(104780,jQuery(this));return false\" href=\"https:\/\/www.spard.dk\/\"><img decoding=\"async\" style=\"width:100%;\" src=\"https:\/\/kunmedierne.dk\/mors\/wp-content\/uploads\/2023\/12\/sparekassen-dk-maj25.gif\"><\/a><script>cdmtrack_view(104780);<\/script>\n<p>&#8211; Vi h\u00e5ber, at der kommer mange flere med til turneringen og ikke mindst til efterfesten. Vi vil rigtig gerne hygge os med unge fra hele \u00f8en, siger Marie Balle Josefsen fra VIF Mors.<i><\/i><\/p>\n<p>I et opslag p\u00e5 Instagram beskriver VIF Junior dagen som &#8220;mega hyggelig sammen med dine venner&#8221;. Og sikkert er det, at hallerne i Sydvestmors Kultur- og Fritidscenter bliver med b\u00e5de boldspil, mad og musik.<\/p>\n<p>Og man kan selvf\u00f8lgelig sagtens v\u00e6re med, selv om man ikke har dyrket den sjove holdsport f\u00f8r.<\/p>\n<p>&nbsp;<\/p>\n<p><strong>H\u00e5ber p\u00e5 gentagelse<\/strong><\/p>\n<p>VIF Junior er et nyoprettet udvalg i VIF Mors. Det best\u00e5r af unge frivillige, der med hj\u00e6lp fra Frivilligcenter Mors ogs\u00e5 er uddannet som bev\u00e6gelsesvenner, og deres mission er at arrangere f\u00e6llesskabstiltag med fokus p\u00e5 bev\u00e6gelse for unge i 6.-9. klasse.<\/p>\n<a class=\"dvrt-link\" onClick=\"cdmtrack_click(104785,jQuery(this));return false\" href=\"https:\/\/www.facebook.com\/lyndrups\"><img decoding=\"async\" style=\"width:100%;\" src=\"https:\/\/kunmedierne.dk\/mors\/wp-content\/uploads\/2022\/02\/vip-lyndrups-rengoering.jpg\"><\/a><script>cdmtrack_view(104785);<\/script>\n<p>Medlemmerne i VIF Junior g\u00e5r alle selv i 7. klasse p\u00e5 Sydvestmors Friskole. De har tidligere afholdt filmaften, men fors\u00f8ger nu at aktivere unge fra hele \u00f8en.<\/p>\n<p>De h\u00e5ber derfor p\u00e5 at g\u00f8re turneringen til en \u00e5rlig event, men m\u00e5ske med forskellige sportsgrene.<\/p>\n<p class=\"v1MsoNormal\"><i>&#8211; <\/i>Alts\u00e5, i \u00e5r er det volley, men n\u00e6ste \u00e5r kan det v\u00e6re hockey eller basketball, siger Marie Balle Josefsen.<\/p>\n<blockquote>\n<h3>INFO<\/h3>\n<h5>Volleyst\u00e6vnet og den f\u00f8lgende fest finder sted fredag den 24. maj fra klokken 15 til 23. Om aftenen vil der v\u00e6re med og musik fra Thunder-Power.<\/h5>\n<h5>Det er\u00a0gratis at deltage i arrangementet, og alle deltagere f\u00e5r en gratis t-shirt og drikkedunk.<\/h5>\n<h5>Tilmeldingsfristen er p\u00e5 fredag den 17. maj.<\/h5>\n<\/blockquote>\n","protected":false},"excerpt":{"rendered":"<p>F\u00c6LLESSKAB: Selv om man st\u00e5r hver side af nettet p\u00e5 en volleyballbane, kan man godt r\u00e6kke ud efter hinandens venskab. Det har en gruppe skolelever fra Sydvestmors Friskole sat sig for at udnytte. Som en del af VIF Junior inviterer de til volleyballst\u00e6vne med efterfest fredag den 24. maj. Tilmeldingsfristen er p\u00e5 fredag, og h\u00e5bet [&hellip;]<\/p>\n","protected":false},"author":8,"featured_media":118042,"comment_status":"closed","ping_status":"open","sticky":false,"template":"","format":"standard","meta":{"_acf_changed":false,"footnotes":""},"categories":[51],"tags":[196],"class_list":["post-118039","post","type-post","status-publish","format-standard","has-post-thumbnail","hentry","category-lokalt","tag-foreningsliv"],"acf":[],"yoast_head":"<!-- This site is optimized with the Yoast SEO plugin v26.8 - https:\/\/yoast.com\/product\/yoast-seo-wordpress\/ -->\n<title>F\u00e6llesskab, bev\u00e6gelse og fest for \u00f8ens \u00e6ldste skoleb\u00f8rn - Mors<\/title>\n<meta name=\"robots\" content=\"index, follow, max-snippet:-1, max-image-preview:large, max-video-preview:-1\" \/>\n<link rel=\"canonical\" href=\"https:\/\/kunmedierne.dk\/mors\/faellesskab-bevaegelse-og-fest-for-oeens-aeldste-skoleboern\/\" \/>\n<meta property=\"og:locale\" content=\"da_DK\" \/>\n<meta property=\"og:type\" content=\"article\" \/>\n<meta property=\"og:title\" content=\"F\u00e6llesskab, bev\u00e6gelse og fest for \u00f8ens \u00e6ldste skoleb\u00f8rn - Mors\" \/>\n<meta property=\"og:description\" content=\"F\u00c6LLESSKAB: Selv om man st\u00e5r hver side af nettet p\u00e5 en volleyballbane, kan man godt r\u00e6kke ud efter hinandens venskab. Det har en gruppe skolelever fra Sydvestmors Friskole sat sig for at udnytte. Som en del af VIF Junior inviterer de til volleyballst\u00e6vne med efterfest fredag den 24. maj. Tilmeldingsfristen er p\u00e5 fredag, og h\u00e5bet [&hellip;]\" \/>\n<meta property=\"og:url\" content=\"https:\/\/kunmedierne.dk\/mors\/faellesskab-bevaegelse-og-fest-for-oeens-aeldste-skoleboern\/\" \/>\n<meta property=\"og:site_name\" content=\"Mors\" \/>\n<meta property=\"article:published_time\" content=\"2024-05-14T15:56:30+00:00\" \/>\n<meta property=\"article:modified_time\" content=\"2024-08-12T11:10:20+00:00\" \/>\n<meta property=\"og:image\" content=\"https:\/\/kunmedierne.dk\/mors\/wp-content\/uploads\/2024\/05\/434158532_122137892624138926_2104261303563174024_n.jpg\" \/>\n\t<meta property=\"og:image:width\" content=\"770\" \/>\n\t<meta property=\"og:image:height\" content=\"513\" \/>\n\t<meta property=\"og:image:type\" content=\"image\/jpeg\" \/>\n<meta name=\"author\" content=\"David H\u00f8jmark\" \/>\n<meta name=\"twitter:card\" content=\"summary_large_image\" \/>\n<meta name=\"twitter:label1\" content=\"Skrevet af\" \/>\n\t<meta name=\"twitter:data1\" content=\"David H\u00f8jmark\" \/>\n\t<meta name=\"twitter:label2\" content=\"Estimeret l\u00e6setid\" \/>\n\t<meta name=\"twitter:data2\" content=\"2 minutter\" \/>\n<script type=\"application\/ld+json\" class=\"yoast-schema-graph\">{\"@context\":\"https:\/\/schema.org\",\"@graph\":[{\"@type\":\"Article\",\"@id\":\"https:\/\/kunmedierne.dk\/mors\/faellesskab-bevaegelse-og-fest-for-oeens-aeldste-skoleboern\/#article\",\"isPartOf\":{\"@id\":\"https:\/\/kunmedierne.dk\/mors\/faellesskab-bevaegelse-og-fest-for-oeens-aeldste-skoleboern\/\"},\"author\":{\"name\":\"David H\u00f8jmark\",\"@id\":\"https:\/\/kunmedierne.dk\/mors\/#\/schema\/person\/5fe23251bf1d0abbcdc6f7896579d548\"},\"headline\":\"F\u00e6llesskab, bev\u00e6gelse og fest for \u00f8ens \u00e6ldste skoleb\u00f8rn\",\"datePublished\":\"2024-05-14T15:56:30+00:00\",\"dateModified\":\"2024-08-12T11:10:20+00:00\",\"mainEntityOfPage\":{\"@id\":\"https:\/\/kunmedierne.dk\/mors\/faellesskab-bevaegelse-og-fest-for-oeens-aeldste-skoleboern\/\"},\"wordCount\":354,\"publisher\":{\"@id\":\"https:\/\/kunmedierne.dk\/mors\/#organization\"},\"image\":{\"@id\":\"https:\/\/kunmedierne.dk\/mors\/faellesskab-bevaegelse-og-fest-for-oeens-aeldste-skoleboern\/#primaryimage\"},\"thumbnailUrl\":\"https:\/\/kunmedierne.dk\/mors\/wp-content\/uploads\/2024\/05\/434158532_122137892624138926_2104261303563174024_n.jpg\",\"keywords\":[\"Foreningsliv\"],\"articleSection\":[\"Lokalt\"],\"inLanguage\":\"da-DK\"},{\"@type\":\"WebPage\",\"@id\":\"https:\/\/kunmedierne.dk\/mors\/faellesskab-bevaegelse-og-fest-for-oeens-aeldste-skoleboern\/\",\"url\":\"https:\/\/kunmedierne.dk\/mors\/faellesskab-bevaegelse-og-fest-for-oeens-aeldste-skoleboern\/\",\"name\":\"F\u00e6llesskab, bev\u00e6gelse og fest for \u00f8ens \u00e6ldste skoleb\u00f8rn - Mors\",\"isPartOf\":{\"@id\":\"https:\/\/kunmedierne.dk\/mors\/#website\"},\"primaryImageOfPage\":{\"@id\":\"https:\/\/kunmedierne.dk\/mors\/faellesskab-bevaegelse-og-fest-for-oeens-aeldste-skoleboern\/#primaryimage\"},\"image\":{\"@id\":\"https:\/\/kunmedierne.dk\/mors\/faellesskab-bevaegelse-og-fest-for-oeens-aeldste-skoleboern\/#primaryimage\"},\"thumbnailUrl\":\"https:\/\/kunmedierne.dk\/mors\/wp-content\/uploads\/2024\/05\/434158532_122137892624138926_2104261303563174024_n.jpg\",\"datePublished\":\"2024-05-14T15:56:30+00:00\",\"dateModified\":\"2024-08-12T11:10:20+00:00\",\"breadcrumb\":{\"@id\":\"https:\/\/kunmedierne.dk\/mors\/faellesskab-bevaegelse-og-fest-for-oeens-aeldste-skoleboern\/#breadcrumb\"},\"inLanguage\":\"da-DK\",\"potentialAction\":[{\"@type\":\"ReadAction\",\"target\":[\"https:\/\/kunmedierne.dk\/mors\/faellesskab-bevaegelse-og-fest-for-oeens-aeldste-skoleboern\/\"]}]},{\"@type\":\"ImageObject\",\"inLanguage\":\"da-DK\",\"@id\":\"https:\/\/kunmedierne.dk\/mors\/faellesskab-bevaegelse-og-fest-for-oeens-aeldste-skoleboern\/#primaryimage\",\"url\":\"https:\/\/kunmedierne.dk\/mors\/wp-content\/uploads\/2024\/05\/434158532_122137892624138926_2104261303563174024_n.jpg\",\"contentUrl\":\"https:\/\/kunmedierne.dk\/mors\/wp-content\/uploads\/2024\/05\/434158532_122137892624138926_2104261303563174024_n.jpg\",\"width\":770,\"height\":513,\"caption\":\"VIF Junior vil styrke f\u00e6llesskabet blandt \u00f8ens unge. Foto: VIF Mors.\"},{\"@type\":\"BreadcrumbList\",\"@id\":\"https:\/\/kunmedierne.dk\/mors\/faellesskab-bevaegelse-og-fest-for-oeens-aeldste-skoleboern\/#breadcrumb\",\"itemListElement\":[{\"@type\":\"ListItem\",\"position\":1,\"name\":\"Hjem\",\"item\":\"https:\/\/kunmedierne.dk\/mors\/\"},{\"@type\":\"ListItem\",\"position\":2,\"name\":\"F\u00e6llesskab, bev\u00e6gelse og fest for \u00f8ens \u00e6ldste skoleb\u00f8rn\"}]},{\"@type\":\"WebSite\",\"@id\":\"https:\/\/kunmedierne.dk\/mors\/#website\",\"url\":\"https:\/\/kunmedierne.dk\/mors\/\",\"name\":\"Mors\",\"description\":\"et netmedie med journalistik om livet p\u00e5 Mors\",\"publisher\":{\"@id\":\"https:\/\/kunmedierne.dk\/mors\/#organization\"},\"potentialAction\":[{\"@type\":\"SearchAction\",\"target\":{\"@type\":\"EntryPoint\",\"urlTemplate\":\"https:\/\/kunmedierne.dk\/mors\/?s={search_term_string}\"},\"query-input\":{\"@type\":\"PropertyValueSpecification\",\"valueRequired\":true,\"valueName\":\"search_term_string\"}}],\"inLanguage\":\"da-DK\"},{\"@type\":\"Organization\",\"@id\":\"https:\/\/kunmedierne.dk\/mors\/#organization\",\"name\":\"Mors\",\"url\":\"https:\/\/kunmedierne.dk\/mors\/\",\"logo\":{\"@type\":\"ImageObject\",\"inLanguage\":\"da-DK\",\"@id\":\"https:\/\/kunmedierne.dk\/mors\/#\/schema\/logo\/image\/\",\"url\":\"https:\/\/kunmedierne.dk\/mors\/wp-content\/uploads\/2024\/08\/kunmors-logo.svg\",\"contentUrl\":\"https:\/\/kunmedierne.dk\/mors\/wp-content\/uploads\/2024\/08\/kunmors-logo.svg\",\"caption\":\"Mors\"},\"image\":{\"@id\":\"https:\/\/kunmedierne.dk\/mors\/#\/schema\/logo\/image\/\"}},{\"@type\":\"Person\",\"@id\":\"https:\/\/kunmedierne.dk\/mors\/#\/schema\/person\/5fe23251bf1d0abbcdc6f7896579d548\",\"name\":\"David H\u00f8jmark\",\"image\":{\"@type\":\"ImageObject\",\"inLanguage\":\"da-DK\",\"@id\":\"https:\/\/kunmedierne.dk\/mors\/#\/schema\/person\/image\/\",\"url\":\"https:\/\/secure.gravatar.com\/avatar\/4315d6fb9ef244d729989f5f90268eb08d5bf8a3d84402f595fa194bb35784fd?s=96&d=mm&r=g\",\"contentUrl\":\"https:\/\/secure.gravatar.com\/avatar\/4315d6fb9ef244d729989f5f90268eb08d5bf8a3d84402f595fa194bb35784fd?s=96&d=mm&r=g\",\"caption\":\"David H\u00f8jmark\"},\"sameAs\":[\"https:\/\/www.kunmedierne.dk\"],\"url\":\"https:\/\/kunmedierne.dk\/mors\/author\/david\/\"}]}<\/script>\n<!-- \/ Yoast SEO plugin. -->","yoast_head_json":{"title":"F\u00e6llesskab, bev\u00e6gelse og fest for \u00f8ens \u00e6ldste skoleb\u00f8rn - Mors","robots":{"index":"index","follow":"follow","max-snippet":"max-snippet:-1","max-image-preview":"max-image-preview:large","max-video-preview":"max-video-preview:-1"},"canonical":"https:\/\/kunmedierne.dk\/mors\/faellesskab-bevaegelse-og-fest-for-oeens-aeldste-skoleboern\/","og_locale":"da_DK","og_type":"article","og_title":"F\u00e6llesskab, bev\u00e6gelse og fest for \u00f8ens \u00e6ldste skoleb\u00f8rn - Mors","og_description":"F\u00c6LLESSKAB: Selv om man st\u00e5r hver side af nettet p\u00e5 en volleyballbane, kan man godt r\u00e6kke ud efter hinandens venskab. Det har en gruppe skolelever fra Sydvestmors Friskole sat sig for at udnytte. Som en del af VIF Junior inviterer de til volleyballst\u00e6vne med efterfest fredag den 24. maj. Tilmeldingsfristen er p\u00e5 fredag, og h\u00e5bet [&hellip;]","og_url":"https:\/\/kunmedierne.dk\/mors\/faellesskab-bevaegelse-og-fest-for-oeens-aeldste-skoleboern\/","og_site_name":"Mors","article_published_time":"2024-05-14T15:56:30+00:00","article_modified_time":"2024-08-12T11:10:20+00:00","og_image":[{"width":770,"height":513,"url":"https:\/\/kunmedierne.dk\/mors\/wp-content\/uploads\/2024\/05\/434158532_122137892624138926_2104261303563174024_n.jpg","type":"image\/jpeg"}],"author":"David H\u00f8jmark","twitter_card":"summary_large_image","twitter_misc":{"Skrevet af":"David H\u00f8jmark","Estimeret l\u00e6setid":"2 minutter"},"schema":{"@context":"https:\/\/schema.org","@graph":[{"@type":"Article","@id":"https:\/\/kunmedierne.dk\/mors\/faellesskab-bevaegelse-og-fest-for-oeens-aeldste-skoleboern\/#article","isPartOf":{"@id":"https:\/\/kunmedierne.dk\/mors\/faellesskab-bevaegelse-og-fest-for-oeens-aeldste-skoleboern\/"},"author":{"name":"David H\u00f8jmark","@id":"https:\/\/kunmedierne.dk\/mors\/#\/schema\/person\/5fe23251bf1d0abbcdc6f7896579d548"},"headline":"F\u00e6llesskab, bev\u00e6gelse og fest for \u00f8ens \u00e6ldste skoleb\u00f8rn","datePublished":"2024-05-14T15:56:30+00:00","dateModified":"2024-08-12T11:10:20+00:00","mainEntityOfPage":{"@id":"https:\/\/kunmedierne.dk\/mors\/faellesskab-bevaegelse-og-fest-for-oeens-aeldste-skoleboern\/"},"wordCount":354,"publisher":{"@id":"https:\/\/kunmedierne.dk\/mors\/#organization"},"image":{"@id":"https:\/\/kunmedierne.dk\/mors\/faellesskab-bevaegelse-og-fest-for-oeens-aeldste-skoleboern\/#primaryimage"},"thumbnailUrl":"https:\/\/kunmedierne.dk\/mors\/wp-content\/uploads\/2024\/05\/434158532_122137892624138926_2104261303563174024_n.jpg","keywords":["Foreningsliv"],"articleSection":["Lokalt"],"inLanguage":"da-DK"},{"@type":"WebPage","@id":"https:\/\/kunmedierne.dk\/mors\/faellesskab-bevaegelse-og-fest-for-oeens-aeldste-skoleboern\/","url":"https:\/\/kunmedierne.dk\/mors\/faellesskab-bevaegelse-og-fest-for-oeens-aeldste-skoleboern\/","name":"F\u00e6llesskab, bev\u00e6gelse og fest for \u00f8ens \u00e6ldste skoleb\u00f8rn - Mors","isPartOf":{"@id":"https:\/\/kunmedierne.dk\/mors\/#website"},"primaryImageOfPage":{"@id":"https:\/\/kunmedierne.dk\/mors\/faellesskab-bevaegelse-og-fest-for-oeens-aeldste-skoleboern\/#primaryimage"},"image":{"@id":"https:\/\/kunmedierne.dk\/mors\/faellesskab-bevaegelse-og-fest-for-oeens-aeldste-skoleboern\/#primaryimage"},"thumbnailUrl":"https:\/\/kunmedierne.dk\/mors\/wp-content\/uploads\/2024\/05\/434158532_122137892624138926_2104261303563174024_n.jpg","datePublished":"2024-05-14T15:56:30+00:00","dateModified":"2024-08-12T11:10:20+00:00","breadcrumb":{"@id":"https:\/\/kunmedierne.dk\/mors\/faellesskab-bevaegelse-og-fest-for-oeens-aeldste-skoleboern\/#breadcrumb"},"inLanguage":"da-DK","potentialAction":[{"@type":"ReadAction","target":["https:\/\/kunmedierne.dk\/mors\/faellesskab-bevaegelse-og-fest-for-oeens-aeldste-skoleboern\/"]}]},{"@type":"ImageObject","inLanguage":"da-DK","@id":"https:\/\/kunmedierne.dk\/mors\/faellesskab-bevaegelse-og-fest-for-oeens-aeldste-skoleboern\/#primaryimage","url":"https:\/\/kunmedierne.dk\/mors\/wp-content\/uploads\/2024\/05\/434158532_122137892624138926_2104261303563174024_n.jpg","contentUrl":"https:\/\/kunmedierne.dk\/mors\/wp-content\/uploads\/2024\/05\/434158532_122137892624138926_2104261303563174024_n.jpg","width":770,"height":513,"caption":"VIF Junior vil styrke f\u00e6llesskabet blandt \u00f8ens unge. Foto: VIF Mors."},{"@type":"BreadcrumbList","@id":"https:\/\/kunmedierne.dk\/mors\/faellesskab-bevaegelse-og-fest-for-oeens-aeldste-skoleboern\/#breadcrumb","itemListElement":[{"@type":"ListItem","position":1,"name":"Hjem","item":"https:\/\/kunmedierne.dk\/mors\/"},{"@type":"ListItem","position":2,"name":"F\u00e6llesskab, bev\u00e6gelse og fest for \u00f8ens \u00e6ldste skoleb\u00f8rn"}]},{"@type":"WebSite","@id":"https:\/\/kunmedierne.dk\/mors\/#website","url":"https:\/\/kunmedierne.dk\/mors\/","name":"Mors","description":"et netmedie med journalistik om livet p\u00e5 Mors","publisher":{"@id":"https:\/\/kunmedierne.dk\/mors\/#organization"},"potentialAction":[{"@type":"SearchAction","target":{"@type":"EntryPoint","urlTemplate":"https:\/\/kunmedierne.dk\/mors\/?s={search_term_string}"},"query-input":{"@type":"PropertyValueSpecification","valueRequired":true,"valueName":"search_term_string"}}],"inLanguage":"da-DK"},{"@type":"Organization","@id":"https:\/\/kunmedierne.dk\/mors\/#organization","name":"Mors","url":"https:\/\/kunmedierne.dk\/mors\/","logo":{"@type":"ImageObject","inLanguage":"da-DK","@id":"https:\/\/kunmedierne.dk\/mors\/#\/schema\/logo\/image\/","url":"https:\/\/kunmedierne.dk\/mors\/wp-content\/uploads\/2024\/08\/kunmors-logo.svg","contentUrl":"https:\/\/kunmedierne.dk\/mors\/wp-content\/uploads\/2024\/08\/kunmors-logo.svg","caption":"Mors"},"image":{"@id":"https:\/\/kunmedierne.dk\/mors\/#\/schema\/logo\/image\/"}},{"@type":"Person","@id":"https:\/\/kunmedierne.dk\/mors\/#\/schema\/person\/5fe23251bf1d0abbcdc6f7896579d548","name":"David H\u00f8jmark","image":{"@type":"ImageObject","inLanguage":"da-DK","@id":"https:\/\/kunmedierne.dk\/mors\/#\/schema\/person\/image\/","url":"https:\/\/secure.gravatar.com\/avatar\/4315d6fb9ef244d729989f5f90268eb08d5bf8a3d84402f595fa194bb35784fd?s=96&d=mm&r=g","contentUrl":"https:\/\/secure.gravatar.com\/avatar\/4315d6fb9ef244d729989f5f90268eb08d5bf8a3d84402f595fa194bb35784fd?s=96&d=mm&r=g","caption":"David H\u00f8jmark"},"sameAs":["https:\/\/www.kunmedierne.dk"],"url":"https:\/\/kunmedierne.dk\/mors\/author\/david\/"}]}},"_links":{"self":[{"href":"https:\/\/kunmedierne.dk\/mors\/wp-json\/wp\/v2\/posts\/118039","targetHints":{"allow":["GET"]}}],"collection":[{"href":"https:\/\/kunmedierne.dk\/mors\/wp-json\/wp\/v2\/posts"}],"about":[{"href":"https:\/\/kunmedierne.dk\/mors\/wp-json\/wp\/v2\/types\/post"}],"author":[{"embeddable":true,"href":"https:\/\/kunmedierne.dk\/mors\/wp-json\/wp\/v2\/users\/8"}],"replies":[{"embeddable":true,"href":"https:\/\/kunmedierne.dk\/mors\/wp-json\/wp\/v2\/comments?post=118039"}],"version-history":[{"count":4,"href":"https:\/\/kunmedierne.dk\/mors\/wp-json\/wp\/v2\/posts\/118039\/revisions"}],"predecessor-version":[{"id":118044,"href":"https:\/\/kunmedierne.dk\/mors\/wp-json\/wp\/v2\/posts\/118039\/revisions\/118044"}],"wp:featuredmedia":[{"embeddable":true,"href":"https:\/\/kunmedierne.dk\/mors\/wp-json\/wp\/v2\/media\/118042"}],"wp:attachment":[{"href":"https:\/\/kunmedierne.dk\/mors\/wp-json\/wp\/v2\/media?parent=118039"}],"wp:term":[{"taxonomy":"category","embeddable":true,"href":"https:\/\/kunmedierne.dk\/mors\/wp-json\/wp\/v2\/categories?post=118039"},{"taxonomy":"post_tag","embeddable":true,"href":"https:\/\/kunmedierne.dk\/mors\/wp-json\/wp\/v2\/tags?post=118039"}],"curies":[{"name":"wp","href":"https:\/\/api.w.org\/{rel}","templated":true}]}}