{"id":117839,"date":"2024-05-11T10:47:15","date_gmt":"2024-05-11T08:47:15","guid":{"rendered":"https:\/\/kunmedierne.dk\/mors\/?p=117839"},"modified":"2024-08-12T13:10:21","modified_gmt":"2024-08-12T11:10:21","slug":"voxpop-er-du-medlem-af-en-forening","status":"publish","type":"post","link":"https:\/\/kunmedierne.dk\/mors\/voxpop-er-du-medlem-af-en-forening\/","title":{"rendered":"VOXPOP: Er du medlem af en forening?"},"content":{"rendered":"<h4>Fredag var der Foreningernes Dag i Nyk\u00f8bing. Nogle af \u00f8ens mange frivillige var p\u00e5 gaden for at vise deres tilbud frem. KunMors gik en tur for at sp\u00f8rge tilf\u00e6ldige mennesker om deres forhold til foreningslivet.<\/h4>\n<p>&nbsp;<\/p>\n<p><strong>Anni, Nyk\u00f8bing:<\/strong><\/p>\n<p><em>Hvorfor er du til foreningernes dag?<\/em><\/p>\n<p>&#8211; Fordi jeg synes, det er noget, man skal bakke op om. Og komme ned i vores sk\u00f8nne g\u00e5gade.<\/p>\n<p><em>Er du medlem af nogle foreninger?<\/em><\/p>\n<p>&#8211; Ja, det er jeg. Senioridr\u00e6t, sv\u00f8mmeklub og KunMors.<\/p>\n<p><em>Hvorfor er det vigtigt at v\u00e6re medlem af en forening?<\/em><\/p>\n<p>&#8211; Det er jo b\u00e5de noget med f\u00e6llesskab, det sociale. Og generelt er det godt, fordi man kommer ud i stedet for bare at mure sig inde.<\/p>\n<p><em>Synes du, det er vigtigt, vi har mange foreninger p\u00e5 Mors?<\/em><\/p>\n<p>&#8211; Ja, det synes jeg. S\u00e5 hele \u00f8en ligesom kan blive repr\u00e6senteret.<\/p>\n<p><em>Tror du, det g\u00f8r noget for vores lokalsamfund, at vi har et rigt foreningsliv?<\/em><\/p>\n<p>&#8211; Ja, det tror jeg i h\u00f8j grad. Alts\u00e5, det er jo ogs\u00e5 det der med kommunikationen imellem menneskerne og foreningen. S\u00e5 kan de fort\u00e6lle, at nu sker der noget der, og nu sker der noget her. S\u00e5 kan man blive klogere p\u00e5 de forskellige arrangementer, der er.<\/p>\n<p><em>Er du blevet klogere efter at have bes\u00f8gt foreningernes dag?<\/em><\/p>\n<p>&#8211; Nej ikke som s\u00e5dan, men det er fantastisk det der med at komme ned i byen og m\u00f8de en masse dejlige mennesker.<\/p>\n<a class=\"dvrt-link\" onClick=\"cdmtrack_click(104778,jQuery(this));return false\" href=\"https:\/\/vester-begr.dk\/?gclid=CjwKCAjw5Kv7BRBSEiwAXGDElQB6WMfm9CgYVrruty-I1gaOkTkC3mlA4QRDtYNsxYgVC8sNzAJ7WhoCmBsQAvD_BwE\"><img decoding=\"async\" style=\"width:100%;\" src=\"https:\/\/kunmedierne.dk\/mors\/wp-content\/uploads\/2023\/10\/260203VesterHoukaer-02022026.jpg\"><\/a><script>cdmtrack_view(104778);<\/script>\n<p>&nbsp;<\/p>\n<p><strong>Jette, Nyk\u00f8bing:<\/strong><\/p>\n<p><em>Hvorfor er du til foreningernes dag? <\/em><\/p>\n<p>&#8211; Jeg er nede at g\u00e5 i g\u00e5gaden. Jeg bor i den ene ende og er p\u00e5 camping i den anden, s\u00e5 jeg er her stort set hver dag.<\/p>\n<p><em>Er du medlem af nogle foreninger?<\/em><\/p>\n<p>&#8211; Nej, det er ikke n\u00f8dvendigt i min alder, men jeg har v\u00e6ret medlem af FLUIF i mange \u00e5r.<\/p>\n<p><em>Hvorfor er det vigtigt at v\u00e6re medlem af en forening?<\/em><\/p>\n<p>&#8211; Det er, fordi sammenholdet styrker ens sind. Det g\u00f8r det ved at man er sammen med nogen, at man har nogle, man kan g\u00e5 til, og man f\u00e5r venner.<\/p>\n<p><em>Synes du, det er vigtigt, vi har mange foreninger p\u00e5 Mors?<\/em><\/p>\n<p>&#8211; Ja. For min skyld m\u00e5 de gerne sl\u00e5 sig sammen, men hvis de ikke kan blive sammen, skal de lade v\u00e6re. Det er det, der g\u00e5r galt nogle gange.<\/p>\n<p><em>Hvad giver det til lokalsamfundet, at vi har et rigt foreningsliv?<\/em><\/p>\n<p>&#8211; At folk vender tilbage og husker den tid, de har v\u00e6ret her, fordi det er s\u00e5 godt at v\u00e6re i en forening. Det er n\u00e6sten en n\u00f8dvendighed i dag.<\/p>\n<p><em>Er du blevet klogere efter at have bes\u00f8gt foreningernes dag?<\/em><\/p>\n<p>&#8211; Nej, for jeg er her hver dag. Men jeg synes, der er m\u00f8dt mange mennesker op.<\/p>\n<p><strong> <a class=\"dvrt-link\" onClick=\"cdmtrack_click(104780,jQuery(this));return false\" href=\"https:\/\/www.spard.dk\/\"><img decoding=\"async\" style=\"width:100%;\" src=\"https:\/\/kunmedierne.dk\/mors\/wp-content\/uploads\/2023\/12\/sparekassen-dk-maj25.gif\"><\/a><script>cdmtrack_view(104780);<\/script><\/strong><\/p>\n<p><strong>\u00a0<\/strong><\/p>\n<p><strong>Netti, Roslev:<\/strong><\/p>\n<p><em>Hvorfor er du til foreningernes dag?<\/em><\/p>\n<p>&#8211; Det var tilf\u00e6ldigt. Jeg skulle bare hente en pakke.<\/p>\n<p><em>Er du medlem af nogle foreninger?<\/em><\/p>\n<p>&#8211; Nej, det har jeg ikke tid til. Jeg har v\u00e6ret medlem af fodboldforeninger for mange \u00e5r siden.<\/p>\n<p><em>Synes du, det er vigtigt, vi har mange foreninger p\u00e5 Mors?<\/em><\/p>\n<p>&#8211; Ja, fordi der skal v\u00e6re noget for alle. Alle har brug for at koble af.<\/p>\n<p><em>Hvad giver det til lokalsamfundet, at vi har et rigt foreningsliv?<\/em><\/p>\n<p>&#8211; Det kan jo tiltr\u00e6kke mange mennesker og g\u00f8re, at is\u00e6r b\u00f8rnene har noget at v\u00e6re sociale om, s\u00e5 de ikke bare sidder og spiller computer.<\/p>\n<p><strong> <a class=\"dvrt-link\" onClick=\"cdmtrack_click(104781,jQuery(this));return false\" href=\"https:\/\/www.fmspks.dk\/\"><img decoding=\"async\" style=\"width:100%;\" src=\"https:\/\/kunmedierne.dk\/mors\/wp-content\/uploads\/2022\/02\/vip-froeslev-mollerup-sparekasse.jpg\"><\/a><script>cdmtrack_view(104781);<\/script><\/strong><\/p>\n<p><strong>\u00a0<\/strong><\/p>\n<p><strong>Lise Kragh M\u00f8ller, Lemvig:<\/strong><\/p>\n<p><em>Hvorfor er du til foreningernes dag?<\/em><\/p>\n<p>&#8211; Jeg er leder af frivilligcenteret.<\/p>\n<p><em>Er du medlem af nogle foreninger?<\/em><\/p>\n<p>&#8211; Jeg er medlem af dem, der arrangerer foreningernes dag. Jeg er ogs\u00e5 medlem af en museumsforening, en tennisforening, en gymnastikforening og en byggelsebevaringsforening.<\/p>\n<p><em>Hvorfor er det vigtigt at v\u00e6re medlem af en forening?<\/em><\/p>\n<p>&#8211; Det er f\u00e6llesskabet. Det der med at g\u00f8re noget for andre og i h\u00f8j grad lave noget sammen med nogle andre. Og s\u00e5 en interesse ogs\u00e5.<\/p>\n<p><em>Synes du, det er vigtigt, vi har mange foreninger p\u00e5 Mors?<\/em><\/p>\n<p>&#8211; Absolut. Fordi foreningerne kan det der med at styrke f\u00e6llesskabet. Foreningerne er ogs\u00e5 med til at holde liv i de sm\u00e5 lokalsamfund rundt omkring. Der er nogle steder, man kan m\u00f8des. Der er ingen k\u00f8bmand, der er ingen skole, man kan m\u00f8des i, men foreningerne de er der. Man kan m\u00f8des i foreningslivet. S\u00e5 mener jeg ogs\u00e5, foreningerne er nogle af dem, der er med til dels at tr\u00e6kke folk ind, s\u00e5 ingen sidder alene og er ensomme, men ogs\u00e5 at lukke op for nogle af de ting, man opdager: For eksempel at man kan f\u00e5 ro og alt muligt andet. Det giver absolut noget til lokalsamfundet.<\/p>\n<p><em>Er du blevet klogere efter at have bes\u00f8gt foreningernes dag?<\/em><\/p>\n<p>&#8211; Jeg er blevet meget klogere. Jeg er rundt at snakke med hver eneste forening, og hvert \u00e5r l\u00e6rer jeg noget nyt om dem. Jeg f\u00e5r ogs\u00e5 snakket med en masse s\u00f8de mennesker og l\u00e6rt dem at kende.<\/p>\n<p><strong> <a class=\"dvrt-link\" onClick=\"cdmtrack_click(114591,jQuery(this));return false\" href=\"https:\/\/www.facebook.com\/kopogkandemors\"><img decoding=\"async\" style=\"width:100%;\" src=\"https:\/\/kunmedierne.dk\/mors\/wp-content\/uploads\/2024\/03\/kop-og-kande-ja-tak-tilbud.jpg\"><\/a><script>cdmtrack_view(114591);<\/script><\/strong><\/p>\n<p><strong>\u00a0<\/strong><\/p>\n<p><strong>Freya og Mathilde, Nyk\u00f8bing:<\/strong><\/p>\n<p><em>Hvorfor er I til foreningernes dag?<\/em><\/p>\n<p>&#8211; Vi viser Mors\u00f8 FC frem ved at spille noget fodbold.<\/p>\n<p><em>Er I medlemmer af nogle foreninger?<\/em><\/p>\n<p>&#8211; Ja, vi er medlemmer af Mors\u00f8 FC og NIF.<\/p>\n<p><em>Hvorfor er det vigtigt at v\u00e6re medlem af en forening?<\/em><\/p>\n<p>&#8211; Der er et godt f\u00e6llesskab, og man f\u00e5r nye venner.<\/p>\n<p><em>Synes I, det er vigtigt, vi har mange foreninger p\u00e5 Mors?<\/em><\/p>\n<p>&#8211; Ja, fordi der skal v\u00e6re noget. Der er mange muligheder som fodbold, h\u00e5ndbold og gymnastik.<\/p>\n","protected":false},"excerpt":{"rendered":"<p>Fredag var der Foreningernes Dag i Nyk\u00f8bing. Nogle af \u00f8ens mange frivillige var p\u00e5 gaden for at vise deres tilbud frem. KunMors gik en tur for at sp\u00f8rge tilf\u00e6ldige mennesker om deres forhold til foreningslivet. &nbsp; Anni, Nyk\u00f8bing: Hvorfor er du til foreningernes dag? &#8211; Fordi jeg synes, det er noget, man skal bakke op [&hellip;]<\/p>\n","protected":false},"author":2752,"featured_media":117840,"comment_status":"closed","ping_status":"open","sticky":false,"template":"","format":"standard","meta":{"_acf_changed":false,"footnotes":""},"categories":[51],"tags":[196],"class_list":["post-117839","post","type-post","status-publish","format-standard","has-post-thumbnail","hentry","category-lokalt","tag-foreningsliv"],"acf":[],"yoast_head":"<!-- This site is optimized with the Yoast SEO plugin v26.8 - https:\/\/yoast.com\/product\/yoast-seo-wordpress\/ -->\n<title>VOXPOP: Er du medlem af en forening? - Mors<\/title>\n<meta name=\"robots\" content=\"index, follow, max-snippet:-1, max-image-preview:large, max-video-preview:-1\" \/>\n<link rel=\"canonical\" href=\"https:\/\/kunmedierne.dk\/mors\/voxpop-er-du-medlem-af-en-forening\/\" \/>\n<meta property=\"og:locale\" content=\"da_DK\" \/>\n<meta property=\"og:type\" content=\"article\" \/>\n<meta property=\"og:title\" content=\"VOXPOP: Er du medlem af en forening? - Mors\" \/>\n<meta property=\"og:description\" content=\"Fredag var der Foreningernes Dag i Nyk\u00f8bing. Nogle af \u00f8ens mange frivillige var p\u00e5 gaden for at vise deres tilbud frem. KunMors gik en tur for at sp\u00f8rge tilf\u00e6ldige mennesker om deres forhold til foreningslivet. &nbsp; Anni, Nyk\u00f8bing: Hvorfor er du til foreningernes dag? &#8211; Fordi jeg synes, det er noget, man skal bakke op [&hellip;]\" \/>\n<meta property=\"og:url\" content=\"https:\/\/kunmedierne.dk\/mors\/voxpop-er-du-medlem-af-en-forening\/\" \/>\n<meta property=\"og:site_name\" content=\"Mors\" \/>\n<meta property=\"article:published_time\" content=\"2024-05-11T08:47:15+00:00\" \/>\n<meta property=\"article:modified_time\" content=\"2024-08-12T11:10:21+00:00\" \/>\n<meta property=\"og:image\" content=\"https:\/\/kunmedierne.dk\/mors\/wp-content\/uploads\/2024\/05\/IMG_3210.jpg\" \/>\n\t<meta property=\"og:image:width\" content=\"770\" \/>\n\t<meta property=\"og:image:height\" content=\"513\" \/>\n\t<meta property=\"og:image:type\" content=\"image\/jpeg\" \/>\n<meta name=\"author\" content=\"Studentermedhj\u00e6lper Sille Kokkedal\" \/>\n<meta name=\"twitter:card\" content=\"summary_large_image\" \/>\n<meta name=\"twitter:label1\" content=\"Skrevet af\" \/>\n\t<meta name=\"twitter:data1\" content=\"Studentermedhj\u00e6lper Sille Kokkedal\" \/>\n\t<meta name=\"twitter:label2\" content=\"Estimeret l\u00e6setid\" \/>\n\t<meta name=\"twitter:data2\" content=\"5 minutter\" \/>\n<script type=\"application\/ld+json\" class=\"yoast-schema-graph\">{\"@context\":\"https:\/\/schema.org\",\"@graph\":[{\"@type\":\"Article\",\"@id\":\"https:\/\/kunmedierne.dk\/mors\/voxpop-er-du-medlem-af-en-forening\/#article\",\"isPartOf\":{\"@id\":\"https:\/\/kunmedierne.dk\/mors\/voxpop-er-du-medlem-af-en-forening\/\"},\"author\":{\"name\":\"Studentermedhj\u00e6lper Sille Kokkedal\",\"@id\":\"https:\/\/kunmedierne.dk\/mors\/#\/schema\/person\/c7b5451a5c4542d37d04c0a7b1bca8f9\"},\"headline\":\"VOXPOP: Er du medlem af en forening?\",\"datePublished\":\"2024-05-11T08:47:15+00:00\",\"dateModified\":\"2024-08-12T11:10:21+00:00\",\"mainEntityOfPage\":{\"@id\":\"https:\/\/kunmedierne.dk\/mors\/voxpop-er-du-medlem-af-en-forening\/\"},\"wordCount\":964,\"publisher\":{\"@id\":\"https:\/\/kunmedierne.dk\/mors\/#organization\"},\"image\":{\"@id\":\"https:\/\/kunmedierne.dk\/mors\/voxpop-er-du-medlem-af-en-forening\/#primaryimage\"},\"thumbnailUrl\":\"https:\/\/kunmedierne.dk\/mors\/wp-content\/uploads\/2024\/05\/IMG_3210.jpg\",\"keywords\":[\"Foreningsliv\"],\"articleSection\":[\"Lokalt\"],\"inLanguage\":\"da-DK\"},{\"@type\":\"WebPage\",\"@id\":\"https:\/\/kunmedierne.dk\/mors\/voxpop-er-du-medlem-af-en-forening\/\",\"url\":\"https:\/\/kunmedierne.dk\/mors\/voxpop-er-du-medlem-af-en-forening\/\",\"name\":\"VOXPOP: Er du medlem af en forening? - Mors\",\"isPartOf\":{\"@id\":\"https:\/\/kunmedierne.dk\/mors\/#website\"},\"primaryImageOfPage\":{\"@id\":\"https:\/\/kunmedierne.dk\/mors\/voxpop-er-du-medlem-af-en-forening\/#primaryimage\"},\"image\":{\"@id\":\"https:\/\/kunmedierne.dk\/mors\/voxpop-er-du-medlem-af-en-forening\/#primaryimage\"},\"thumbnailUrl\":\"https:\/\/kunmedierne.dk\/mors\/wp-content\/uploads\/2024\/05\/IMG_3210.jpg\",\"datePublished\":\"2024-05-11T08:47:15+00:00\",\"dateModified\":\"2024-08-12T11:10:21+00:00\",\"breadcrumb\":{\"@id\":\"https:\/\/kunmedierne.dk\/mors\/voxpop-er-du-medlem-af-en-forening\/#breadcrumb\"},\"inLanguage\":\"da-DK\",\"potentialAction\":[{\"@type\":\"ReadAction\",\"target\":[\"https:\/\/kunmedierne.dk\/mors\/voxpop-er-du-medlem-af-en-forening\/\"]}]},{\"@type\":\"ImageObject\",\"inLanguage\":\"da-DK\",\"@id\":\"https:\/\/kunmedierne.dk\/mors\/voxpop-er-du-medlem-af-en-forening\/#primaryimage\",\"url\":\"https:\/\/kunmedierne.dk\/mors\/wp-content\/uploads\/2024\/05\/IMG_3210.jpg\",\"contentUrl\":\"https:\/\/kunmedierne.dk\/mors\/wp-content\/uploads\/2024\/05\/IMG_3210.jpg\",\"width\":770,\"height\":513,\"caption\":\"Anni fra Nyk\u00f8bing er medlem af to foreninger - og l\u00e6ser KunMors.\"},{\"@type\":\"BreadcrumbList\",\"@id\":\"https:\/\/kunmedierne.dk\/mors\/voxpop-er-du-medlem-af-en-forening\/#breadcrumb\",\"itemListElement\":[{\"@type\":\"ListItem\",\"position\":1,\"name\":\"Hjem\",\"item\":\"https:\/\/kunmedierne.dk\/mors\/\"},{\"@type\":\"ListItem\",\"position\":2,\"name\":\"VOXPOP: Er du medlem af en forening?\"}]},{\"@type\":\"WebSite\",\"@id\":\"https:\/\/kunmedierne.dk\/mors\/#website\",\"url\":\"https:\/\/kunmedierne.dk\/mors\/\",\"name\":\"Mors\",\"description\":\"et netmedie med journalistik om livet p\u00e5 Mors\",\"publisher\":{\"@id\":\"https:\/\/kunmedierne.dk\/mors\/#organization\"},\"potentialAction\":[{\"@type\":\"SearchAction\",\"target\":{\"@type\":\"EntryPoint\",\"urlTemplate\":\"https:\/\/kunmedierne.dk\/mors\/?s={search_term_string}\"},\"query-input\":{\"@type\":\"PropertyValueSpecification\",\"valueRequired\":true,\"valueName\":\"search_term_string\"}}],\"inLanguage\":\"da-DK\"},{\"@type\":\"Organization\",\"@id\":\"https:\/\/kunmedierne.dk\/mors\/#organization\",\"name\":\"Mors\",\"url\":\"https:\/\/kunmedierne.dk\/mors\/\",\"logo\":{\"@type\":\"ImageObject\",\"inLanguage\":\"da-DK\",\"@id\":\"https:\/\/kunmedierne.dk\/mors\/#\/schema\/logo\/image\/\",\"url\":\"https:\/\/kunmedierne.dk\/mors\/wp-content\/uploads\/2024\/08\/kunmors-logo.svg\",\"contentUrl\":\"https:\/\/kunmedierne.dk\/mors\/wp-content\/uploads\/2024\/08\/kunmors-logo.svg\",\"caption\":\"Mors\"},\"image\":{\"@id\":\"https:\/\/kunmedierne.dk\/mors\/#\/schema\/logo\/image\/\"}},{\"@type\":\"Person\",\"@id\":\"https:\/\/kunmedierne.dk\/mors\/#\/schema\/person\/c7b5451a5c4542d37d04c0a7b1bca8f9\",\"name\":\"Studentermedhj\u00e6lper Sille Kokkedal\",\"image\":{\"@type\":\"ImageObject\",\"inLanguage\":\"da-DK\",\"@id\":\"https:\/\/kunmedierne.dk\/mors\/#\/schema\/person\/image\/\",\"url\":\"https:\/\/secure.gravatar.com\/avatar\/9f6fc239ad5be390f25aa8be9aab768df1152519c10f94036c87b7dcc49fc375?s=96&d=mm&r=g\",\"contentUrl\":\"https:\/\/secure.gravatar.com\/avatar\/9f6fc239ad5be390f25aa8be9aab768df1152519c10f94036c87b7dcc49fc375?s=96&d=mm&r=g\",\"caption\":\"Studentermedhj\u00e6lper Sille Kokkedal\"},\"url\":\"https:\/\/kunmedierne.dk\/mors\/author\/sk\/\"}]}<\/script>\n<!-- \/ Yoast SEO plugin. -->","yoast_head_json":{"title":"VOXPOP: Er du medlem af en forening? - Mors","robots":{"index":"index","follow":"follow","max-snippet":"max-snippet:-1","max-image-preview":"max-image-preview:large","max-video-preview":"max-video-preview:-1"},"canonical":"https:\/\/kunmedierne.dk\/mors\/voxpop-er-du-medlem-af-en-forening\/","og_locale":"da_DK","og_type":"article","og_title":"VOXPOP: Er du medlem af en forening? - Mors","og_description":"Fredag var der Foreningernes Dag i Nyk\u00f8bing. Nogle af \u00f8ens mange frivillige var p\u00e5 gaden for at vise deres tilbud frem. KunMors gik en tur for at sp\u00f8rge tilf\u00e6ldige mennesker om deres forhold til foreningslivet. &nbsp; Anni, Nyk\u00f8bing: Hvorfor er du til foreningernes dag? &#8211; Fordi jeg synes, det er noget, man skal bakke op [&hellip;]","og_url":"https:\/\/kunmedierne.dk\/mors\/voxpop-er-du-medlem-af-en-forening\/","og_site_name":"Mors","article_published_time":"2024-05-11T08:47:15+00:00","article_modified_time":"2024-08-12T11:10:21+00:00","og_image":[{"width":770,"height":513,"url":"https:\/\/kunmedierne.dk\/mors\/wp-content\/uploads\/2024\/05\/IMG_3210.jpg","type":"image\/jpeg"}],"author":"Studentermedhj\u00e6lper Sille Kokkedal","twitter_card":"summary_large_image","twitter_misc":{"Skrevet af":"Studentermedhj\u00e6lper Sille Kokkedal","Estimeret l\u00e6setid":"5 minutter"},"schema":{"@context":"https:\/\/schema.org","@graph":[{"@type":"Article","@id":"https:\/\/kunmedierne.dk\/mors\/voxpop-er-du-medlem-af-en-forening\/#article","isPartOf":{"@id":"https:\/\/kunmedierne.dk\/mors\/voxpop-er-du-medlem-af-en-forening\/"},"author":{"name":"Studentermedhj\u00e6lper Sille Kokkedal","@id":"https:\/\/kunmedierne.dk\/mors\/#\/schema\/person\/c7b5451a5c4542d37d04c0a7b1bca8f9"},"headline":"VOXPOP: Er du medlem af en forening?","datePublished":"2024-05-11T08:47:15+00:00","dateModified":"2024-08-12T11:10:21+00:00","mainEntityOfPage":{"@id":"https:\/\/kunmedierne.dk\/mors\/voxpop-er-du-medlem-af-en-forening\/"},"wordCount":964,"publisher":{"@id":"https:\/\/kunmedierne.dk\/mors\/#organization"},"image":{"@id":"https:\/\/kunmedierne.dk\/mors\/voxpop-er-du-medlem-af-en-forening\/#primaryimage"},"thumbnailUrl":"https:\/\/kunmedierne.dk\/mors\/wp-content\/uploads\/2024\/05\/IMG_3210.jpg","keywords":["Foreningsliv"],"articleSection":["Lokalt"],"inLanguage":"da-DK"},{"@type":"WebPage","@id":"https:\/\/kunmedierne.dk\/mors\/voxpop-er-du-medlem-af-en-forening\/","url":"https:\/\/kunmedierne.dk\/mors\/voxpop-er-du-medlem-af-en-forening\/","name":"VOXPOP: Er du medlem af en forening? - Mors","isPartOf":{"@id":"https:\/\/kunmedierne.dk\/mors\/#website"},"primaryImageOfPage":{"@id":"https:\/\/kunmedierne.dk\/mors\/voxpop-er-du-medlem-af-en-forening\/#primaryimage"},"image":{"@id":"https:\/\/kunmedierne.dk\/mors\/voxpop-er-du-medlem-af-en-forening\/#primaryimage"},"thumbnailUrl":"https:\/\/kunmedierne.dk\/mors\/wp-content\/uploads\/2024\/05\/IMG_3210.jpg","datePublished":"2024-05-11T08:47:15+00:00","dateModified":"2024-08-12T11:10:21+00:00","breadcrumb":{"@id":"https:\/\/kunmedierne.dk\/mors\/voxpop-er-du-medlem-af-en-forening\/#breadcrumb"},"inLanguage":"da-DK","potentialAction":[{"@type":"ReadAction","target":["https:\/\/kunmedierne.dk\/mors\/voxpop-er-du-medlem-af-en-forening\/"]}]},{"@type":"ImageObject","inLanguage":"da-DK","@id":"https:\/\/kunmedierne.dk\/mors\/voxpop-er-du-medlem-af-en-forening\/#primaryimage","url":"https:\/\/kunmedierne.dk\/mors\/wp-content\/uploads\/2024\/05\/IMG_3210.jpg","contentUrl":"https:\/\/kunmedierne.dk\/mors\/wp-content\/uploads\/2024\/05\/IMG_3210.jpg","width":770,"height":513,"caption":"Anni fra Nyk\u00f8bing er medlem af to foreninger - og l\u00e6ser KunMors."},{"@type":"BreadcrumbList","@id":"https:\/\/kunmedierne.dk\/mors\/voxpop-er-du-medlem-af-en-forening\/#breadcrumb","itemListElement":[{"@type":"ListItem","position":1,"name":"Hjem","item":"https:\/\/kunmedierne.dk\/mors\/"},{"@type":"ListItem","position":2,"name":"VOXPOP: Er du medlem af en forening?"}]},{"@type":"WebSite","@id":"https:\/\/kunmedierne.dk\/mors\/#website","url":"https:\/\/kunmedierne.dk\/mors\/","name":"Mors","description":"et netmedie med journalistik om livet p\u00e5 Mors","publisher":{"@id":"https:\/\/kunmedierne.dk\/mors\/#organization"},"potentialAction":[{"@type":"SearchAction","target":{"@type":"EntryPoint","urlTemplate":"https:\/\/kunmedierne.dk\/mors\/?s={search_term_string}"},"query-input":{"@type":"PropertyValueSpecification","valueRequired":true,"valueName":"search_term_string"}}],"inLanguage":"da-DK"},{"@type":"Organization","@id":"https:\/\/kunmedierne.dk\/mors\/#organization","name":"Mors","url":"https:\/\/kunmedierne.dk\/mors\/","logo":{"@type":"ImageObject","inLanguage":"da-DK","@id":"https:\/\/kunmedierne.dk\/mors\/#\/schema\/logo\/image\/","url":"https:\/\/kunmedierne.dk\/mors\/wp-content\/uploads\/2024\/08\/kunmors-logo.svg","contentUrl":"https:\/\/kunmedierne.dk\/mors\/wp-content\/uploads\/2024\/08\/kunmors-logo.svg","caption":"Mors"},"image":{"@id":"https:\/\/kunmedierne.dk\/mors\/#\/schema\/logo\/image\/"}},{"@type":"Person","@id":"https:\/\/kunmedierne.dk\/mors\/#\/schema\/person\/c7b5451a5c4542d37d04c0a7b1bca8f9","name":"Studentermedhj\u00e6lper Sille Kokkedal","image":{"@type":"ImageObject","inLanguage":"da-DK","@id":"https:\/\/kunmedierne.dk\/mors\/#\/schema\/person\/image\/","url":"https:\/\/secure.gravatar.com\/avatar\/9f6fc239ad5be390f25aa8be9aab768df1152519c10f94036c87b7dcc49fc375?s=96&d=mm&r=g","contentUrl":"https:\/\/secure.gravatar.com\/avatar\/9f6fc239ad5be390f25aa8be9aab768df1152519c10f94036c87b7dcc49fc375?s=96&d=mm&r=g","caption":"Studentermedhj\u00e6lper Sille Kokkedal"},"url":"https:\/\/kunmedierne.dk\/mors\/author\/sk\/"}]}},"_links":{"self":[{"href":"https:\/\/kunmedierne.dk\/mors\/wp-json\/wp\/v2\/posts\/117839","targetHints":{"allow":["GET"]}}],"collection":[{"href":"https:\/\/kunmedierne.dk\/mors\/wp-json\/wp\/v2\/posts"}],"about":[{"href":"https:\/\/kunmedierne.dk\/mors\/wp-json\/wp\/v2\/types\/post"}],"author":[{"embeddable":true,"href":"https:\/\/kunmedierne.dk\/mors\/wp-json\/wp\/v2\/users\/2752"}],"replies":[{"embeddable":true,"href":"https:\/\/kunmedierne.dk\/mors\/wp-json\/wp\/v2\/comments?post=117839"}],"version-history":[{"count":3,"href":"https:\/\/kunmedierne.dk\/mors\/wp-json\/wp\/v2\/posts\/117839\/revisions"}],"predecessor-version":[{"id":122759,"href":"https:\/\/kunmedierne.dk\/mors\/wp-json\/wp\/v2\/posts\/117839\/revisions\/122759"}],"wp:featuredmedia":[{"embeddable":true,"href":"https:\/\/kunmedierne.dk\/mors\/wp-json\/wp\/v2\/media\/117840"}],"wp:attachment":[{"href":"https:\/\/kunmedierne.dk\/mors\/wp-json\/wp\/v2\/media?parent=117839"}],"wp:term":[{"taxonomy":"category","embeddable":true,"href":"https:\/\/kunmedierne.dk\/mors\/wp-json\/wp\/v2\/categories?post=117839"},{"taxonomy":"post_tag","embeddable":true,"href":"https:\/\/kunmedierne.dk\/mors\/wp-json\/wp\/v2\/tags?post=117839"}],"curies":[{"name":"wp","href":"https:\/\/api.w.org\/{rel}","templated":true}]}}