{"id":11740,"date":"2020-03-07T08:10:26","date_gmt":"2020-03-07T07:10:26","guid":{"rendered":"https:\/\/kunmedierne.dk\/mors\/?p=11740"},"modified":"2024-08-12T14:06:23","modified_gmt":"2024-08-12T12:06:23","slug":"se-tv-midtvest-indslaget-om-kunmors-her","status":"publish","type":"post","link":"https:\/\/kunmedierne.dk\/mors\/se-tv-midtvest-indslaget-om-kunmors-her\/","title":{"rendered":"Se TV Midtvest-indslaget om KunMors her"},"content":{"rendered":"<p><strong>MORS<\/strong>: Tirsdag var en journalist og en fotograf fra TV Midtvest p\u00e5 Mors for at kunne fort\u00e6lle seerne om \u00f8ens nye medie. Det kom der et fint indslag ud af, som n\u00e5r vidt omkring med interviews med centerleder i Sydvestmors Kultur- og Fritidscenter Rasmus Christensen, Hanne Noppenau S\u00f8rensen, Grethe Andersen og Henrik &#8220;Sivert&#8221; Kristensen.<\/p>\n<p>Sammen med d\u00e6kningen af lokale aflysninger som f\u00f8lge af corona-virus var tv-indslaget med til at sikre ny rekord for klik p\u00e5 KunMors-artikler. I alt n\u00e5ede mediet fredag op p\u00e5 7675 sidevisninger i l\u00f8bet af d\u00f8gnet. Den tidligere rekord l\u00f8d p\u00e5 6785 visninger af en side p\u00e5 KunMors inden for 24 timer.<\/p>\n<p>Du kan se TV Midtvest-indslaget med KunMors <a href=\"https:\/\/www.tvmidtvest.dk\/morsoe\/400-abonnenter-paa-en-maaned-morsingbo-spytter-ultralokale-nyheder-ud\" target=\"_blank\" rel=\"noopener noreferrer\">her<\/a>.<\/p>\n<p>&nbsp;<\/p>\n<p>&nbsp;<\/p>\n","protected":false},"excerpt":{"rendered":"<p>MORS: Tirsdag var en journalist og en fotograf fra TV Midtvest p\u00e5 Mors for at kunne fort\u00e6lle seerne om \u00f8ens nye medie. Det kom der et fint indslag ud af, som n\u00e5r vidt omkring med interviews med centerleder i Sydvestmors Kultur- og Fritidscenter Rasmus Christensen, Hanne Noppenau S\u00f8rensen, Grethe Andersen og Henrik &#8220;Sivert&#8221; Kristensen. Sammen [&hellip;]<\/p>\n","protected":false},"author":8,"featured_media":11135,"comment_status":"open","ping_status":"open","sticky":false,"template":"","format":"standard","meta":{"_acf_changed":false,"footnotes":""},"categories":[51],"tags":[],"class_list":["post-11740","post","type-post","status-publish","format-standard","has-post-thumbnail","hentry","category-lokalt"],"acf":[],"yoast_head":"<!-- This site is optimized with the Yoast SEO plugin v26.8 - https:\/\/yoast.com\/product\/yoast-seo-wordpress\/ -->\n<title>Se TV Midtvest-indslaget om KunMors her - Mors<\/title>\n<meta name=\"robots\" content=\"index, follow, max-snippet:-1, max-image-preview:large, max-video-preview:-1\" \/>\n<link rel=\"canonical\" href=\"https:\/\/kunmedierne.dk\/mors\/se-tv-midtvest-indslaget-om-kunmors-her\/\" \/>\n<meta property=\"og:locale\" content=\"da_DK\" \/>\n<meta property=\"og:type\" content=\"article\" \/>\n<meta property=\"og:title\" content=\"Se TV Midtvest-indslaget om KunMors her - Mors\" \/>\n<meta property=\"og:description\" content=\"MORS: Tirsdag var en journalist og en fotograf fra TV Midtvest p\u00e5 Mors for at kunne fort\u00e6lle seerne om \u00f8ens nye medie. Det kom der et fint indslag ud af, som n\u00e5r vidt omkring med interviews med centerleder i Sydvestmors Kultur- og Fritidscenter Rasmus Christensen, Hanne Noppenau S\u00f8rensen, Grethe Andersen og Henrik &#8220;Sivert&#8221; Kristensen. Sammen [&hellip;]\" \/>\n<meta property=\"og:url\" content=\"https:\/\/kunmedierne.dk\/mors\/se-tv-midtvest-indslaget-om-kunmors-her\/\" \/>\n<meta property=\"og:site_name\" content=\"Mors\" \/>\n<meta property=\"article:published_time\" content=\"2020-03-07T07:10:26+00:00\" \/>\n<meta property=\"article:modified_time\" content=\"2024-08-12T12:06:23+00:00\" \/>\n<meta property=\"og:image\" content=\"https:\/\/kunmedierne.dk\/mors\/wp-content\/uploads\/2020\/03\/Logo-KunMors-BL\u00c5-med-underlinje.jpg\" \/>\n\t<meta property=\"og:image:width\" content=\"1181\" \/>\n\t<meta property=\"og:image:height\" content=\"650\" \/>\n\t<meta property=\"og:image:type\" content=\"image\/jpeg\" \/>\n<meta name=\"author\" content=\"David H\u00f8jmark\" \/>\n<meta name=\"twitter:card\" content=\"summary_large_image\" \/>\n<meta name=\"twitter:label1\" content=\"Skrevet af\" \/>\n\t<meta name=\"twitter:data1\" content=\"David H\u00f8jmark\" \/>\n\t<meta name=\"twitter:label2\" content=\"Estimeret l\u00e6setid\" \/>\n\t<meta name=\"twitter:data2\" content=\"1 minut\" \/>\n<script type=\"application\/ld+json\" class=\"yoast-schema-graph\">{\"@context\":\"https:\/\/schema.org\",\"@graph\":[{\"@type\":\"Article\",\"@id\":\"https:\/\/kunmedierne.dk\/mors\/se-tv-midtvest-indslaget-om-kunmors-her\/#article\",\"isPartOf\":{\"@id\":\"https:\/\/kunmedierne.dk\/mors\/se-tv-midtvest-indslaget-om-kunmors-her\/\"},\"author\":{\"name\":\"David H\u00f8jmark\",\"@id\":\"https:\/\/kunmedierne.dk\/mors\/#\/schema\/person\/5fe23251bf1d0abbcdc6f7896579d548\"},\"headline\":\"Se TV Midtvest-indslaget om KunMors her\",\"datePublished\":\"2020-03-07T07:10:26+00:00\",\"dateModified\":\"2024-08-12T12:06:23+00:00\",\"mainEntityOfPage\":{\"@id\":\"https:\/\/kunmedierne.dk\/mors\/se-tv-midtvest-indslaget-om-kunmors-her\/\"},\"wordCount\":127,\"commentCount\":0,\"publisher\":{\"@id\":\"https:\/\/kunmedierne.dk\/mors\/#organization\"},\"image\":{\"@id\":\"https:\/\/kunmedierne.dk\/mors\/se-tv-midtvest-indslaget-om-kunmors-her\/#primaryimage\"},\"thumbnailUrl\":\"https:\/\/kunmedierne.dk\/mors\/wp-content\/uploads\/2020\/03\/Logo-KunMors-BL\u00c5-med-underlinje.jpg\",\"articleSection\":[\"Lokalt\"],\"inLanguage\":\"da-DK\",\"potentialAction\":[{\"@type\":\"CommentAction\",\"name\":\"Comment\",\"target\":[\"https:\/\/kunmedierne.dk\/mors\/se-tv-midtvest-indslaget-om-kunmors-her\/#respond\"]}]},{\"@type\":\"WebPage\",\"@id\":\"https:\/\/kunmedierne.dk\/mors\/se-tv-midtvest-indslaget-om-kunmors-her\/\",\"url\":\"https:\/\/kunmedierne.dk\/mors\/se-tv-midtvest-indslaget-om-kunmors-her\/\",\"name\":\"Se TV Midtvest-indslaget om KunMors her - Mors\",\"isPartOf\":{\"@id\":\"https:\/\/kunmedierne.dk\/mors\/#website\"},\"primaryImageOfPage\":{\"@id\":\"https:\/\/kunmedierne.dk\/mors\/se-tv-midtvest-indslaget-om-kunmors-her\/#primaryimage\"},\"image\":{\"@id\":\"https:\/\/kunmedierne.dk\/mors\/se-tv-midtvest-indslaget-om-kunmors-her\/#primaryimage\"},\"thumbnailUrl\":\"https:\/\/kunmedierne.dk\/mors\/wp-content\/uploads\/2020\/03\/Logo-KunMors-BL\u00c5-med-underlinje.jpg\",\"datePublished\":\"2020-03-07T07:10:26+00:00\",\"dateModified\":\"2024-08-12T12:06:23+00:00\",\"breadcrumb\":{\"@id\":\"https:\/\/kunmedierne.dk\/mors\/se-tv-midtvest-indslaget-om-kunmors-her\/#breadcrumb\"},\"inLanguage\":\"da-DK\",\"potentialAction\":[{\"@type\":\"ReadAction\",\"target\":[\"https:\/\/kunmedierne.dk\/mors\/se-tv-midtvest-indslaget-om-kunmors-her\/\"]}]},{\"@type\":\"ImageObject\",\"inLanguage\":\"da-DK\",\"@id\":\"https:\/\/kunmedierne.dk\/mors\/se-tv-midtvest-indslaget-om-kunmors-her\/#primaryimage\",\"url\":\"https:\/\/kunmedierne.dk\/mors\/wp-content\/uploads\/2020\/03\/Logo-KunMors-BL\u00c5-med-underlinje.jpg\",\"contentUrl\":\"https:\/\/kunmedierne.dk\/mors\/wp-content\/uploads\/2020\/03\/Logo-KunMors-BL\u00c5-med-underlinje.jpg\",\"width\":1181,\"height\":650},{\"@type\":\"BreadcrumbList\",\"@id\":\"https:\/\/kunmedierne.dk\/mors\/se-tv-midtvest-indslaget-om-kunmors-her\/#breadcrumb\",\"itemListElement\":[{\"@type\":\"ListItem\",\"position\":1,\"name\":\"Hjem\",\"item\":\"https:\/\/kunmedierne.dk\/mors\/\"},{\"@type\":\"ListItem\",\"position\":2,\"name\":\"Se TV Midtvest-indslaget om KunMors her\"}]},{\"@type\":\"WebSite\",\"@id\":\"https:\/\/kunmedierne.dk\/mors\/#website\",\"url\":\"https:\/\/kunmedierne.dk\/mors\/\",\"name\":\"Mors\",\"description\":\"et netmedie med journalistik om livet p\u00e5 Mors\",\"publisher\":{\"@id\":\"https:\/\/kunmedierne.dk\/mors\/#organization\"},\"potentialAction\":[{\"@type\":\"SearchAction\",\"target\":{\"@type\":\"EntryPoint\",\"urlTemplate\":\"https:\/\/kunmedierne.dk\/mors\/?s={search_term_string}\"},\"query-input\":{\"@type\":\"PropertyValueSpecification\",\"valueRequired\":true,\"valueName\":\"search_term_string\"}}],\"inLanguage\":\"da-DK\"},{\"@type\":\"Organization\",\"@id\":\"https:\/\/kunmedierne.dk\/mors\/#organization\",\"name\":\"Mors\",\"url\":\"https:\/\/kunmedierne.dk\/mors\/\",\"logo\":{\"@type\":\"ImageObject\",\"inLanguage\":\"da-DK\",\"@id\":\"https:\/\/kunmedierne.dk\/mors\/#\/schema\/logo\/image\/\",\"url\":\"https:\/\/kunmedierne.dk\/mors\/wp-content\/uploads\/2024\/08\/kunmors-logo.svg\",\"contentUrl\":\"https:\/\/kunmedierne.dk\/mors\/wp-content\/uploads\/2024\/08\/kunmors-logo.svg\",\"caption\":\"Mors\"},\"image\":{\"@id\":\"https:\/\/kunmedierne.dk\/mors\/#\/schema\/logo\/image\/\"}},{\"@type\":\"Person\",\"@id\":\"https:\/\/kunmedierne.dk\/mors\/#\/schema\/person\/5fe23251bf1d0abbcdc6f7896579d548\",\"name\":\"David H\u00f8jmark\",\"image\":{\"@type\":\"ImageObject\",\"inLanguage\":\"da-DK\",\"@id\":\"https:\/\/kunmedierne.dk\/mors\/#\/schema\/person\/image\/\",\"url\":\"https:\/\/secure.gravatar.com\/avatar\/4315d6fb9ef244d729989f5f90268eb08d5bf8a3d84402f595fa194bb35784fd?s=96&d=mm&r=g\",\"contentUrl\":\"https:\/\/secure.gravatar.com\/avatar\/4315d6fb9ef244d729989f5f90268eb08d5bf8a3d84402f595fa194bb35784fd?s=96&d=mm&r=g\",\"caption\":\"David H\u00f8jmark\"},\"sameAs\":[\"https:\/\/www.kunmedierne.dk\"],\"url\":\"https:\/\/kunmedierne.dk\/mors\/author\/david\/\"}]}<\/script>\n<!-- \/ Yoast SEO plugin. -->","yoast_head_json":{"title":"Se TV Midtvest-indslaget om KunMors her - Mors","robots":{"index":"index","follow":"follow","max-snippet":"max-snippet:-1","max-image-preview":"max-image-preview:large","max-video-preview":"max-video-preview:-1"},"canonical":"https:\/\/kunmedierne.dk\/mors\/se-tv-midtvest-indslaget-om-kunmors-her\/","og_locale":"da_DK","og_type":"article","og_title":"Se TV Midtvest-indslaget om KunMors her - Mors","og_description":"MORS: Tirsdag var en journalist og en fotograf fra TV Midtvest p\u00e5 Mors for at kunne fort\u00e6lle seerne om \u00f8ens nye medie. Det kom der et fint indslag ud af, som n\u00e5r vidt omkring med interviews med centerleder i Sydvestmors Kultur- og Fritidscenter Rasmus Christensen, Hanne Noppenau S\u00f8rensen, Grethe Andersen og Henrik &#8220;Sivert&#8221; Kristensen. Sammen [&hellip;]","og_url":"https:\/\/kunmedierne.dk\/mors\/se-tv-midtvest-indslaget-om-kunmors-her\/","og_site_name":"Mors","article_published_time":"2020-03-07T07:10:26+00:00","article_modified_time":"2024-08-12T12:06:23+00:00","og_image":[{"width":1181,"height":650,"url":"https:\/\/kunmedierne.dk\/mors\/wp-content\/uploads\/2020\/03\/Logo-KunMors-BL\u00c5-med-underlinje.jpg","type":"image\/jpeg"}],"author":"David H\u00f8jmark","twitter_card":"summary_large_image","twitter_misc":{"Skrevet af":"David H\u00f8jmark","Estimeret l\u00e6setid":"1 minut"},"schema":{"@context":"https:\/\/schema.org","@graph":[{"@type":"Article","@id":"https:\/\/kunmedierne.dk\/mors\/se-tv-midtvest-indslaget-om-kunmors-her\/#article","isPartOf":{"@id":"https:\/\/kunmedierne.dk\/mors\/se-tv-midtvest-indslaget-om-kunmors-her\/"},"author":{"name":"David H\u00f8jmark","@id":"https:\/\/kunmedierne.dk\/mors\/#\/schema\/person\/5fe23251bf1d0abbcdc6f7896579d548"},"headline":"Se TV Midtvest-indslaget om KunMors her","datePublished":"2020-03-07T07:10:26+00:00","dateModified":"2024-08-12T12:06:23+00:00","mainEntityOfPage":{"@id":"https:\/\/kunmedierne.dk\/mors\/se-tv-midtvest-indslaget-om-kunmors-her\/"},"wordCount":127,"commentCount":0,"publisher":{"@id":"https:\/\/kunmedierne.dk\/mors\/#organization"},"image":{"@id":"https:\/\/kunmedierne.dk\/mors\/se-tv-midtvest-indslaget-om-kunmors-her\/#primaryimage"},"thumbnailUrl":"https:\/\/kunmedierne.dk\/mors\/wp-content\/uploads\/2020\/03\/Logo-KunMors-BL\u00c5-med-underlinje.jpg","articleSection":["Lokalt"],"inLanguage":"da-DK","potentialAction":[{"@type":"CommentAction","name":"Comment","target":["https:\/\/kunmedierne.dk\/mors\/se-tv-midtvest-indslaget-om-kunmors-her\/#respond"]}]},{"@type":"WebPage","@id":"https:\/\/kunmedierne.dk\/mors\/se-tv-midtvest-indslaget-om-kunmors-her\/","url":"https:\/\/kunmedierne.dk\/mors\/se-tv-midtvest-indslaget-om-kunmors-her\/","name":"Se TV Midtvest-indslaget om KunMors her - Mors","isPartOf":{"@id":"https:\/\/kunmedierne.dk\/mors\/#website"},"primaryImageOfPage":{"@id":"https:\/\/kunmedierne.dk\/mors\/se-tv-midtvest-indslaget-om-kunmors-her\/#primaryimage"},"image":{"@id":"https:\/\/kunmedierne.dk\/mors\/se-tv-midtvest-indslaget-om-kunmors-her\/#primaryimage"},"thumbnailUrl":"https:\/\/kunmedierne.dk\/mors\/wp-content\/uploads\/2020\/03\/Logo-KunMors-BL\u00c5-med-underlinje.jpg","datePublished":"2020-03-07T07:10:26+00:00","dateModified":"2024-08-12T12:06:23+00:00","breadcrumb":{"@id":"https:\/\/kunmedierne.dk\/mors\/se-tv-midtvest-indslaget-om-kunmors-her\/#breadcrumb"},"inLanguage":"da-DK","potentialAction":[{"@type":"ReadAction","target":["https:\/\/kunmedierne.dk\/mors\/se-tv-midtvest-indslaget-om-kunmors-her\/"]}]},{"@type":"ImageObject","inLanguage":"da-DK","@id":"https:\/\/kunmedierne.dk\/mors\/se-tv-midtvest-indslaget-om-kunmors-her\/#primaryimage","url":"https:\/\/kunmedierne.dk\/mors\/wp-content\/uploads\/2020\/03\/Logo-KunMors-BL\u00c5-med-underlinje.jpg","contentUrl":"https:\/\/kunmedierne.dk\/mors\/wp-content\/uploads\/2020\/03\/Logo-KunMors-BL\u00c5-med-underlinje.jpg","width":1181,"height":650},{"@type":"BreadcrumbList","@id":"https:\/\/kunmedierne.dk\/mors\/se-tv-midtvest-indslaget-om-kunmors-her\/#breadcrumb","itemListElement":[{"@type":"ListItem","position":1,"name":"Hjem","item":"https:\/\/kunmedierne.dk\/mors\/"},{"@type":"ListItem","position":2,"name":"Se TV Midtvest-indslaget om KunMors her"}]},{"@type":"WebSite","@id":"https:\/\/kunmedierne.dk\/mors\/#website","url":"https:\/\/kunmedierne.dk\/mors\/","name":"Mors","description":"et netmedie med journalistik om livet p\u00e5 Mors","publisher":{"@id":"https:\/\/kunmedierne.dk\/mors\/#organization"},"potentialAction":[{"@type":"SearchAction","target":{"@type":"EntryPoint","urlTemplate":"https:\/\/kunmedierne.dk\/mors\/?s={search_term_string}"},"query-input":{"@type":"PropertyValueSpecification","valueRequired":true,"valueName":"search_term_string"}}],"inLanguage":"da-DK"},{"@type":"Organization","@id":"https:\/\/kunmedierne.dk\/mors\/#organization","name":"Mors","url":"https:\/\/kunmedierne.dk\/mors\/","logo":{"@type":"ImageObject","inLanguage":"da-DK","@id":"https:\/\/kunmedierne.dk\/mors\/#\/schema\/logo\/image\/","url":"https:\/\/kunmedierne.dk\/mors\/wp-content\/uploads\/2024\/08\/kunmors-logo.svg","contentUrl":"https:\/\/kunmedierne.dk\/mors\/wp-content\/uploads\/2024\/08\/kunmors-logo.svg","caption":"Mors"},"image":{"@id":"https:\/\/kunmedierne.dk\/mors\/#\/schema\/logo\/image\/"}},{"@type":"Person","@id":"https:\/\/kunmedierne.dk\/mors\/#\/schema\/person\/5fe23251bf1d0abbcdc6f7896579d548","name":"David H\u00f8jmark","image":{"@type":"ImageObject","inLanguage":"da-DK","@id":"https:\/\/kunmedierne.dk\/mors\/#\/schema\/person\/image\/","url":"https:\/\/secure.gravatar.com\/avatar\/4315d6fb9ef244d729989f5f90268eb08d5bf8a3d84402f595fa194bb35784fd?s=96&d=mm&r=g","contentUrl":"https:\/\/secure.gravatar.com\/avatar\/4315d6fb9ef244d729989f5f90268eb08d5bf8a3d84402f595fa194bb35784fd?s=96&d=mm&r=g","caption":"David H\u00f8jmark"},"sameAs":["https:\/\/www.kunmedierne.dk"],"url":"https:\/\/kunmedierne.dk\/mors\/author\/david\/"}]}},"_links":{"self":[{"href":"https:\/\/kunmedierne.dk\/mors\/wp-json\/wp\/v2\/posts\/11740","targetHints":{"allow":["GET"]}}],"collection":[{"href":"https:\/\/kunmedierne.dk\/mors\/wp-json\/wp\/v2\/posts"}],"about":[{"href":"https:\/\/kunmedierne.dk\/mors\/wp-json\/wp\/v2\/types\/post"}],"author":[{"embeddable":true,"href":"https:\/\/kunmedierne.dk\/mors\/wp-json\/wp\/v2\/users\/8"}],"replies":[{"embeddable":true,"href":"https:\/\/kunmedierne.dk\/mors\/wp-json\/wp\/v2\/comments?post=11740"}],"version-history":[{"count":2,"href":"https:\/\/kunmedierne.dk\/mors\/wp-json\/wp\/v2\/posts\/11740\/revisions"}],"predecessor-version":[{"id":11742,"href":"https:\/\/kunmedierne.dk\/mors\/wp-json\/wp\/v2\/posts\/11740\/revisions\/11742"}],"wp:featuredmedia":[{"embeddable":true,"href":"https:\/\/kunmedierne.dk\/mors\/wp-json\/wp\/v2\/media\/11135"}],"wp:attachment":[{"href":"https:\/\/kunmedierne.dk\/mors\/wp-json\/wp\/v2\/media?parent=11740"}],"wp:term":[{"taxonomy":"category","embeddable":true,"href":"https:\/\/kunmedierne.dk\/mors\/wp-json\/wp\/v2\/categories?post=11740"},{"taxonomy":"post_tag","embeddable":true,"href":"https:\/\/kunmedierne.dk\/mors\/wp-json\/wp\/v2\/tags?post=11740"}],"curies":[{"name":"wp","href":"https:\/\/api.w.org\/{rel}","templated":true}]}}