{"id":115877,"date":"2024-04-13T11:38:42","date_gmt":"2024-04-13T09:38:42","guid":{"rendered":"https:\/\/kunmedierne.dk\/mors\/?p=115877"},"modified":"2024-08-12T13:10:29","modified_gmt":"2024-08-12T11:10:29","slug":"hele-landet-er-med-i-morsoe-fodslaws-jubilaeumstur","status":"publish","type":"post","link":"https:\/\/kunmedierne.dk\/mors\/hele-landet-er-med-i-morsoe-fodslaws-jubilaeumstur\/","title":{"rendered":"Hele landet er med i Mors\u00f8 Fodslaws jubil\u00e6umstur"},"content":{"rendered":"<p><strong>G\u00c5TUR<\/strong>: Weekenden giver gode muligheder for at hilse p\u00e5 g\u00e6ster udefra.<\/p>\n<p>Det har Mors\u00f8 Fodslaw s\u00f8rget for. L\u00f8rdag og s\u00f8ndag er foreningen nemlig v\u00e6rt for den 40. internationale Mors Rundt. Efter en opvarmningstur p\u00e5 fem eller 10 kilometer fredag aften foreg\u00e5r det p\u00e5 ruter op til 50 kilometer &#8211; alle sammen med start og m\u00e5l ved \u00d8ster J\u00f8lby Skole.<\/p>\n<p>&#8211; Der er allerede en del interesse for vores jubil\u00e6umstur, da der er tilmeldt fem hold. Et hold fra Gribskovens H\u00e5rde Kerne i Hiller\u00f8d, et hold fra Fodslaw Frederikshavn, et hold fra Fodslaw Nyborg, et hold fra Fredericia og et fra Oksb\u00f8l. S\u00e5 det tyder p\u00e5, at der i \u00e5r kommer en del deltagere, lyder det fra Lisbeth Nielsen, koordinator i Mors\u00f8 Fodslaw.<\/p>\n<a class=\"dvrt-link\" onClick=\"cdmtrack_click(104783,jQuery(this));return false\" href=\"https:\/\/konpap.dk\/\"><img decoding=\"async\" style=\"width:100%;\" src=\"https:\/\/kunmedierne.dk\/mors\/wp-content\/uploads\/2023\/10\/Kun-Mors-banner.jpg\"><\/a><script>cdmtrack_view(104783);<\/script>\n<p>Foreningen kan se tilbage p\u00e5 mere end fire \u00e5rtier, siden f\u00f8rste udgave af den lange vandring fandt sted i 1982 &#8211; som en af de f\u00f8rste vandringer, hvor man kunne g\u00e5 i to dage og tilmed 50 kilometer pr dag.<\/p>\n<p>Og det var en stor succes med cirka 600 deltagere, beretter Lisbeth Nielsen.<\/p>\n<p class=\"v1MsoNormal\">&#8211; Da der kom s\u00e5 mange deltagere, var det sv\u00e6rt at f\u00f8lge med p\u00e5 rastepladserne, og da der pludselig ikke var mere franskbr\u00f8d tilbage, blev der solgt rugbr\u00f8dsmadder. Det var deltagerne glade for, og dermed startede vi op med rugbr\u00f8dsmadder p\u00e5 rastepladsen s\u00e5dan helt tilf\u00e6ldigt, siger hun.<\/p>\n<p>&nbsp;<\/p>\n<p><strong>G\u00f8r sig fortjent til kagebordet<\/strong><\/p>\n<p>De mange deltagere udefra ankom til Mors i g\u00e5r og overnattede for at v\u00e6re klar l\u00f8rdag morgen. Klokken seks gik starten for dem, der skal g\u00e5 50 kilomter, men der er ogs\u00e5 deltagere p\u00e5 kortere ruter fra seks til 42 kilometer.<\/p>\n<p class=\"v1MsoNormal\">Og alle kan se frem til en hyggelig l\u00f8rdag aften.<\/p>\n<p class=\"v1MsoNormal\">&#8211; Vi fejrer jubil\u00e6et l\u00f8rdag aften, hvor vi efter vores varme aftensmad d\u00e6kker op med stort kagebord fra Sejerslev, og efter nogle kilometer i benene er det helt legalt at g\u00e5 ombord i et kagebord, siger Lisbeth Nielsen.<\/p>\n<a class=\"dvrt-link\" onClick=\"cdmtrack_click(104778,jQuery(this));return false\" href=\"https:\/\/vester-begr.dk\/?gclid=CjwKCAjw5Kv7BRBSEiwAXGDElQB6WMfm9CgYVrruty-I1gaOkTkC3mlA4QRDtYNsxYgVC8sNzAJ7WhoCmBsQAvD_BwE\"><img decoding=\"async\" style=\"width:100%;\" src=\"https:\/\/kunmedierne.dk\/mors\/wp-content\/uploads\/2023\/10\/260203VesterHoukaer-02022026.jpg\"><\/a><script>cdmtrack_view(104778);<\/script>\n<p class=\"v1MsoNormal\">Ruterne g\u00e5r fra \u00d8ster J\u00f8lby Skole til Bjergby og Gullerup-omr\u00e5det, og om s\u00f8ndagen er det Dragstrup, som er omdrejningspunktet.<\/p>\n<p class=\"v1MsoNormal\">&#8211; Alle vores ture l\u00f8rdag og s\u00f8ndag er afm\u00e6rket, s\u00e5 alle kan g\u00e5 i eget tempo, siger Lisbeth Nielsen, som tilf\u00f8jer, at der undervejs p\u00e5 ruterne er rastepladser, hvor man kan k\u00f8be mad og drikke.<\/p>\n<p>Hun ser\u00a0ogs\u00e5 gerne morsingboer slutte sig til f\u00f8lget af vandrere.<\/p>\n<p>&#8211;\u00a0Vi h\u00e5ber at ogs\u00e5 rigtig mange lokale har lyst til at deltage, vi har bestilt det gode vejr, siger hun.<\/p>\n<p>Du kan l\u00e6se mere om Mors\u00f8 Fodslaw og 40. internationale Mors Rundt <a href=\"http:\/\/www.morsfodslaw.dk\/forside\">her<\/a>.<\/p>\n","protected":false},"excerpt":{"rendered":"<p>G\u00c5TUR: Weekenden giver gode muligheder for at hilse p\u00e5 g\u00e6ster udefra. Det har Mors\u00f8 Fodslaw s\u00f8rget for. L\u00f8rdag og s\u00f8ndag er foreningen nemlig v\u00e6rt for den 40. internationale Mors Rundt. Efter en opvarmningstur p\u00e5 fem eller 10 kilometer fredag aften foreg\u00e5r det p\u00e5 ruter op til 50 kilometer &#8211; alle sammen med start og m\u00e5l [&hellip;]<\/p>\n","protected":false},"author":8,"featured_media":115879,"comment_status":"closed","ping_status":"open","sticky":false,"template":"","format":"standard","meta":{"_acf_changed":false,"footnotes":""},"categories":[51],"tags":[196],"class_list":["post-115877","post","type-post","status-publish","format-standard","has-post-thumbnail","hentry","category-lokalt","tag-foreningsliv"],"acf":[],"yoast_head":"<!-- This site is optimized with the Yoast SEO plugin v26.8 - https:\/\/yoast.com\/product\/yoast-seo-wordpress\/ -->\n<title>Hele landet er med i Mors\u00f8 Fodslaws jubil\u00e6umstur - Mors<\/title>\n<meta name=\"robots\" content=\"index, follow, max-snippet:-1, max-image-preview:large, max-video-preview:-1\" \/>\n<link rel=\"canonical\" href=\"https:\/\/kunmedierne.dk\/mors\/hele-landet-er-med-i-morsoe-fodslaws-jubilaeumstur\/\" \/>\n<meta property=\"og:locale\" content=\"da_DK\" \/>\n<meta property=\"og:type\" content=\"article\" \/>\n<meta property=\"og:title\" content=\"Hele landet er med i Mors\u00f8 Fodslaws jubil\u00e6umstur - Mors\" \/>\n<meta property=\"og:description\" content=\"G\u00c5TUR: Weekenden giver gode muligheder for at hilse p\u00e5 g\u00e6ster udefra. Det har Mors\u00f8 Fodslaw s\u00f8rget for. L\u00f8rdag og s\u00f8ndag er foreningen nemlig v\u00e6rt for den 40. internationale Mors Rundt. Efter en opvarmningstur p\u00e5 fem eller 10 kilometer fredag aften foreg\u00e5r det p\u00e5 ruter op til 50 kilometer &#8211; alle sammen med start og m\u00e5l [&hellip;]\" \/>\n<meta property=\"og:url\" content=\"https:\/\/kunmedierne.dk\/mors\/hele-landet-er-med-i-morsoe-fodslaws-jubilaeumstur\/\" \/>\n<meta property=\"og:site_name\" content=\"Mors\" \/>\n<meta property=\"article:published_time\" content=\"2024-04-13T09:38:42+00:00\" \/>\n<meta property=\"article:modified_time\" content=\"2024-08-12T11:10:29+00:00\" \/>\n<meta property=\"og:image\" content=\"https:\/\/kunmedierne.dk\/mors\/wp-content\/uploads\/2024\/04\/DSC_6730.jpg\" \/>\n\t<meta property=\"og:image:width\" content=\"770\" \/>\n\t<meta property=\"og:image:height\" content=\"514\" \/>\n\t<meta property=\"og:image:type\" content=\"image\/jpeg\" \/>\n<meta name=\"author\" content=\"David H\u00f8jmark\" \/>\n<meta name=\"twitter:card\" content=\"summary_large_image\" \/>\n<meta name=\"twitter:label1\" content=\"Skrevet af\" \/>\n\t<meta name=\"twitter:data1\" content=\"David H\u00f8jmark\" \/>\n\t<meta name=\"twitter:label2\" content=\"Estimeret l\u00e6setid\" \/>\n\t<meta name=\"twitter:data2\" content=\"3 minutter\" \/>\n<script type=\"application\/ld+json\" class=\"yoast-schema-graph\">{\"@context\":\"https:\/\/schema.org\",\"@graph\":[{\"@type\":\"Article\",\"@id\":\"https:\/\/kunmedierne.dk\/mors\/hele-landet-er-med-i-morsoe-fodslaws-jubilaeumstur\/#article\",\"isPartOf\":{\"@id\":\"https:\/\/kunmedierne.dk\/mors\/hele-landet-er-med-i-morsoe-fodslaws-jubilaeumstur\/\"},\"author\":{\"name\":\"David H\u00f8jmark\",\"@id\":\"https:\/\/kunmedierne.dk\/mors\/#\/schema\/person\/5fe23251bf1d0abbcdc6f7896579d548\"},\"headline\":\"Hele landet er med i Mors\u00f8 Fodslaws jubil\u00e6umstur\",\"datePublished\":\"2024-04-13T09:38:42+00:00\",\"dateModified\":\"2024-08-12T11:10:29+00:00\",\"mainEntityOfPage\":{\"@id\":\"https:\/\/kunmedierne.dk\/mors\/hele-landet-er-med-i-morsoe-fodslaws-jubilaeumstur\/\"},\"wordCount\":462,\"publisher\":{\"@id\":\"https:\/\/kunmedierne.dk\/mors\/#organization\"},\"image\":{\"@id\":\"https:\/\/kunmedierne.dk\/mors\/hele-landet-er-med-i-morsoe-fodslaws-jubilaeumstur\/#primaryimage\"},\"thumbnailUrl\":\"https:\/\/kunmedierne.dk\/mors\/wp-content\/uploads\/2024\/04\/DSC_6730.jpg\",\"keywords\":[\"Foreningsliv\"],\"articleSection\":[\"Lokalt\"],\"inLanguage\":\"da-DK\"},{\"@type\":\"WebPage\",\"@id\":\"https:\/\/kunmedierne.dk\/mors\/hele-landet-er-med-i-morsoe-fodslaws-jubilaeumstur\/\",\"url\":\"https:\/\/kunmedierne.dk\/mors\/hele-landet-er-med-i-morsoe-fodslaws-jubilaeumstur\/\",\"name\":\"Hele landet er med i Mors\u00f8 Fodslaws jubil\u00e6umstur - Mors\",\"isPartOf\":{\"@id\":\"https:\/\/kunmedierne.dk\/mors\/#website\"},\"primaryImageOfPage\":{\"@id\":\"https:\/\/kunmedierne.dk\/mors\/hele-landet-er-med-i-morsoe-fodslaws-jubilaeumstur\/#primaryimage\"},\"image\":{\"@id\":\"https:\/\/kunmedierne.dk\/mors\/hele-landet-er-med-i-morsoe-fodslaws-jubilaeumstur\/#primaryimage\"},\"thumbnailUrl\":\"https:\/\/kunmedierne.dk\/mors\/wp-content\/uploads\/2024\/04\/DSC_6730.jpg\",\"datePublished\":\"2024-04-13T09:38:42+00:00\",\"dateModified\":\"2024-08-12T11:10:29+00:00\",\"breadcrumb\":{\"@id\":\"https:\/\/kunmedierne.dk\/mors\/hele-landet-er-med-i-morsoe-fodslaws-jubilaeumstur\/#breadcrumb\"},\"inLanguage\":\"da-DK\",\"potentialAction\":[{\"@type\":\"ReadAction\",\"target\":[\"https:\/\/kunmedierne.dk\/mors\/hele-landet-er-med-i-morsoe-fodslaws-jubilaeumstur\/\"]}]},{\"@type\":\"ImageObject\",\"inLanguage\":\"da-DK\",\"@id\":\"https:\/\/kunmedierne.dk\/mors\/hele-landet-er-med-i-morsoe-fodslaws-jubilaeumstur\/#primaryimage\",\"url\":\"https:\/\/kunmedierne.dk\/mors\/wp-content\/uploads\/2024\/04\/DSC_6730.jpg\",\"contentUrl\":\"https:\/\/kunmedierne.dk\/mors\/wp-content\/uploads\/2024\/04\/DSC_6730.jpg\",\"width\":770,\"height\":514,\"caption\":\"\u00d8en har mange vandrere p\u00e5 bes\u00f8g i denne weekend. Foto: Mors\u00f8 Fodslaw.\"},{\"@type\":\"BreadcrumbList\",\"@id\":\"https:\/\/kunmedierne.dk\/mors\/hele-landet-er-med-i-morsoe-fodslaws-jubilaeumstur\/#breadcrumb\",\"itemListElement\":[{\"@type\":\"ListItem\",\"position\":1,\"name\":\"Hjem\",\"item\":\"https:\/\/kunmedierne.dk\/mors\/\"},{\"@type\":\"ListItem\",\"position\":2,\"name\":\"Hele landet er med i Mors\u00f8 Fodslaws jubil\u00e6umstur\"}]},{\"@type\":\"WebSite\",\"@id\":\"https:\/\/kunmedierne.dk\/mors\/#website\",\"url\":\"https:\/\/kunmedierne.dk\/mors\/\",\"name\":\"Mors\",\"description\":\"et netmedie med journalistik om livet p\u00e5 Mors\",\"publisher\":{\"@id\":\"https:\/\/kunmedierne.dk\/mors\/#organization\"},\"potentialAction\":[{\"@type\":\"SearchAction\",\"target\":{\"@type\":\"EntryPoint\",\"urlTemplate\":\"https:\/\/kunmedierne.dk\/mors\/?s={search_term_string}\"},\"query-input\":{\"@type\":\"PropertyValueSpecification\",\"valueRequired\":true,\"valueName\":\"search_term_string\"}}],\"inLanguage\":\"da-DK\"},{\"@type\":\"Organization\",\"@id\":\"https:\/\/kunmedierne.dk\/mors\/#organization\",\"name\":\"Mors\",\"url\":\"https:\/\/kunmedierne.dk\/mors\/\",\"logo\":{\"@type\":\"ImageObject\",\"inLanguage\":\"da-DK\",\"@id\":\"https:\/\/kunmedierne.dk\/mors\/#\/schema\/logo\/image\/\",\"url\":\"https:\/\/kunmedierne.dk\/mors\/wp-content\/uploads\/2024\/08\/kunmors-logo.svg\",\"contentUrl\":\"https:\/\/kunmedierne.dk\/mors\/wp-content\/uploads\/2024\/08\/kunmors-logo.svg\",\"caption\":\"Mors\"},\"image\":{\"@id\":\"https:\/\/kunmedierne.dk\/mors\/#\/schema\/logo\/image\/\"}},{\"@type\":\"Person\",\"@id\":\"https:\/\/kunmedierne.dk\/mors\/#\/schema\/person\/5fe23251bf1d0abbcdc6f7896579d548\",\"name\":\"David H\u00f8jmark\",\"image\":{\"@type\":\"ImageObject\",\"inLanguage\":\"da-DK\",\"@id\":\"https:\/\/kunmedierne.dk\/mors\/#\/schema\/person\/image\/\",\"url\":\"https:\/\/secure.gravatar.com\/avatar\/4315d6fb9ef244d729989f5f90268eb08d5bf8a3d84402f595fa194bb35784fd?s=96&d=mm&r=g\",\"contentUrl\":\"https:\/\/secure.gravatar.com\/avatar\/4315d6fb9ef244d729989f5f90268eb08d5bf8a3d84402f595fa194bb35784fd?s=96&d=mm&r=g\",\"caption\":\"David H\u00f8jmark\"},\"sameAs\":[\"https:\/\/www.kunmedierne.dk\"],\"url\":\"https:\/\/kunmedierne.dk\/mors\/author\/david\/\"}]}<\/script>\n<!-- \/ Yoast SEO plugin. -->","yoast_head_json":{"title":"Hele landet er med i Mors\u00f8 Fodslaws jubil\u00e6umstur - Mors","robots":{"index":"index","follow":"follow","max-snippet":"max-snippet:-1","max-image-preview":"max-image-preview:large","max-video-preview":"max-video-preview:-1"},"canonical":"https:\/\/kunmedierne.dk\/mors\/hele-landet-er-med-i-morsoe-fodslaws-jubilaeumstur\/","og_locale":"da_DK","og_type":"article","og_title":"Hele landet er med i Mors\u00f8 Fodslaws jubil\u00e6umstur - Mors","og_description":"G\u00c5TUR: Weekenden giver gode muligheder for at hilse p\u00e5 g\u00e6ster udefra. Det har Mors\u00f8 Fodslaw s\u00f8rget for. L\u00f8rdag og s\u00f8ndag er foreningen nemlig v\u00e6rt for den 40. internationale Mors Rundt. Efter en opvarmningstur p\u00e5 fem eller 10 kilometer fredag aften foreg\u00e5r det p\u00e5 ruter op til 50 kilometer &#8211; alle sammen med start og m\u00e5l [&hellip;]","og_url":"https:\/\/kunmedierne.dk\/mors\/hele-landet-er-med-i-morsoe-fodslaws-jubilaeumstur\/","og_site_name":"Mors","article_published_time":"2024-04-13T09:38:42+00:00","article_modified_time":"2024-08-12T11:10:29+00:00","og_image":[{"width":770,"height":514,"url":"https:\/\/kunmedierne.dk\/mors\/wp-content\/uploads\/2024\/04\/DSC_6730.jpg","type":"image\/jpeg"}],"author":"David H\u00f8jmark","twitter_card":"summary_large_image","twitter_misc":{"Skrevet af":"David H\u00f8jmark","Estimeret l\u00e6setid":"3 minutter"},"schema":{"@context":"https:\/\/schema.org","@graph":[{"@type":"Article","@id":"https:\/\/kunmedierne.dk\/mors\/hele-landet-er-med-i-morsoe-fodslaws-jubilaeumstur\/#article","isPartOf":{"@id":"https:\/\/kunmedierne.dk\/mors\/hele-landet-er-med-i-morsoe-fodslaws-jubilaeumstur\/"},"author":{"name":"David H\u00f8jmark","@id":"https:\/\/kunmedierne.dk\/mors\/#\/schema\/person\/5fe23251bf1d0abbcdc6f7896579d548"},"headline":"Hele landet er med i Mors\u00f8 Fodslaws jubil\u00e6umstur","datePublished":"2024-04-13T09:38:42+00:00","dateModified":"2024-08-12T11:10:29+00:00","mainEntityOfPage":{"@id":"https:\/\/kunmedierne.dk\/mors\/hele-landet-er-med-i-morsoe-fodslaws-jubilaeumstur\/"},"wordCount":462,"publisher":{"@id":"https:\/\/kunmedierne.dk\/mors\/#organization"},"image":{"@id":"https:\/\/kunmedierne.dk\/mors\/hele-landet-er-med-i-morsoe-fodslaws-jubilaeumstur\/#primaryimage"},"thumbnailUrl":"https:\/\/kunmedierne.dk\/mors\/wp-content\/uploads\/2024\/04\/DSC_6730.jpg","keywords":["Foreningsliv"],"articleSection":["Lokalt"],"inLanguage":"da-DK"},{"@type":"WebPage","@id":"https:\/\/kunmedierne.dk\/mors\/hele-landet-er-med-i-morsoe-fodslaws-jubilaeumstur\/","url":"https:\/\/kunmedierne.dk\/mors\/hele-landet-er-med-i-morsoe-fodslaws-jubilaeumstur\/","name":"Hele landet er med i Mors\u00f8 Fodslaws jubil\u00e6umstur - Mors","isPartOf":{"@id":"https:\/\/kunmedierne.dk\/mors\/#website"},"primaryImageOfPage":{"@id":"https:\/\/kunmedierne.dk\/mors\/hele-landet-er-med-i-morsoe-fodslaws-jubilaeumstur\/#primaryimage"},"image":{"@id":"https:\/\/kunmedierne.dk\/mors\/hele-landet-er-med-i-morsoe-fodslaws-jubilaeumstur\/#primaryimage"},"thumbnailUrl":"https:\/\/kunmedierne.dk\/mors\/wp-content\/uploads\/2024\/04\/DSC_6730.jpg","datePublished":"2024-04-13T09:38:42+00:00","dateModified":"2024-08-12T11:10:29+00:00","breadcrumb":{"@id":"https:\/\/kunmedierne.dk\/mors\/hele-landet-er-med-i-morsoe-fodslaws-jubilaeumstur\/#breadcrumb"},"inLanguage":"da-DK","potentialAction":[{"@type":"ReadAction","target":["https:\/\/kunmedierne.dk\/mors\/hele-landet-er-med-i-morsoe-fodslaws-jubilaeumstur\/"]}]},{"@type":"ImageObject","inLanguage":"da-DK","@id":"https:\/\/kunmedierne.dk\/mors\/hele-landet-er-med-i-morsoe-fodslaws-jubilaeumstur\/#primaryimage","url":"https:\/\/kunmedierne.dk\/mors\/wp-content\/uploads\/2024\/04\/DSC_6730.jpg","contentUrl":"https:\/\/kunmedierne.dk\/mors\/wp-content\/uploads\/2024\/04\/DSC_6730.jpg","width":770,"height":514,"caption":"\u00d8en har mange vandrere p\u00e5 bes\u00f8g i denne weekend. Foto: Mors\u00f8 Fodslaw."},{"@type":"BreadcrumbList","@id":"https:\/\/kunmedierne.dk\/mors\/hele-landet-er-med-i-morsoe-fodslaws-jubilaeumstur\/#breadcrumb","itemListElement":[{"@type":"ListItem","position":1,"name":"Hjem","item":"https:\/\/kunmedierne.dk\/mors\/"},{"@type":"ListItem","position":2,"name":"Hele landet er med i Mors\u00f8 Fodslaws jubil\u00e6umstur"}]},{"@type":"WebSite","@id":"https:\/\/kunmedierne.dk\/mors\/#website","url":"https:\/\/kunmedierne.dk\/mors\/","name":"Mors","description":"et netmedie med journalistik om livet p\u00e5 Mors","publisher":{"@id":"https:\/\/kunmedierne.dk\/mors\/#organization"},"potentialAction":[{"@type":"SearchAction","target":{"@type":"EntryPoint","urlTemplate":"https:\/\/kunmedierne.dk\/mors\/?s={search_term_string}"},"query-input":{"@type":"PropertyValueSpecification","valueRequired":true,"valueName":"search_term_string"}}],"inLanguage":"da-DK"},{"@type":"Organization","@id":"https:\/\/kunmedierne.dk\/mors\/#organization","name":"Mors","url":"https:\/\/kunmedierne.dk\/mors\/","logo":{"@type":"ImageObject","inLanguage":"da-DK","@id":"https:\/\/kunmedierne.dk\/mors\/#\/schema\/logo\/image\/","url":"https:\/\/kunmedierne.dk\/mors\/wp-content\/uploads\/2024\/08\/kunmors-logo.svg","contentUrl":"https:\/\/kunmedierne.dk\/mors\/wp-content\/uploads\/2024\/08\/kunmors-logo.svg","caption":"Mors"},"image":{"@id":"https:\/\/kunmedierne.dk\/mors\/#\/schema\/logo\/image\/"}},{"@type":"Person","@id":"https:\/\/kunmedierne.dk\/mors\/#\/schema\/person\/5fe23251bf1d0abbcdc6f7896579d548","name":"David H\u00f8jmark","image":{"@type":"ImageObject","inLanguage":"da-DK","@id":"https:\/\/kunmedierne.dk\/mors\/#\/schema\/person\/image\/","url":"https:\/\/secure.gravatar.com\/avatar\/4315d6fb9ef244d729989f5f90268eb08d5bf8a3d84402f595fa194bb35784fd?s=96&d=mm&r=g","contentUrl":"https:\/\/secure.gravatar.com\/avatar\/4315d6fb9ef244d729989f5f90268eb08d5bf8a3d84402f595fa194bb35784fd?s=96&d=mm&r=g","caption":"David H\u00f8jmark"},"sameAs":["https:\/\/www.kunmedierne.dk"],"url":"https:\/\/kunmedierne.dk\/mors\/author\/david\/"}]}},"_links":{"self":[{"href":"https:\/\/kunmedierne.dk\/mors\/wp-json\/wp\/v2\/posts\/115877","targetHints":{"allow":["GET"]}}],"collection":[{"href":"https:\/\/kunmedierne.dk\/mors\/wp-json\/wp\/v2\/posts"}],"about":[{"href":"https:\/\/kunmedierne.dk\/mors\/wp-json\/wp\/v2\/types\/post"}],"author":[{"embeddable":true,"href":"https:\/\/kunmedierne.dk\/mors\/wp-json\/wp\/v2\/users\/8"}],"replies":[{"embeddable":true,"href":"https:\/\/kunmedierne.dk\/mors\/wp-json\/wp\/v2\/comments?post=115877"}],"version-history":[{"count":2,"href":"https:\/\/kunmedierne.dk\/mors\/wp-json\/wp\/v2\/posts\/115877\/revisions"}],"predecessor-version":[{"id":115880,"href":"https:\/\/kunmedierne.dk\/mors\/wp-json\/wp\/v2\/posts\/115877\/revisions\/115880"}],"wp:featuredmedia":[{"embeddable":true,"href":"https:\/\/kunmedierne.dk\/mors\/wp-json\/wp\/v2\/media\/115879"}],"wp:attachment":[{"href":"https:\/\/kunmedierne.dk\/mors\/wp-json\/wp\/v2\/media?parent=115877"}],"wp:term":[{"taxonomy":"category","embeddable":true,"href":"https:\/\/kunmedierne.dk\/mors\/wp-json\/wp\/v2\/categories?post=115877"},{"taxonomy":"post_tag","embeddable":true,"href":"https:\/\/kunmedierne.dk\/mors\/wp-json\/wp\/v2\/tags?post=115877"}],"curies":[{"name":"wp","href":"https:\/\/api.w.org\/{rel}","templated":true}]}}