{"id":115795,"date":"2024-04-11T14:53:22","date_gmt":"2024-04-11T12:53:22","guid":{"rendered":"https:\/\/kunmedierne.dk\/mors\/?p=115795"},"modified":"2024-08-12T13:10:30","modified_gmt":"2024-08-12T11:10:30","slug":"formandsskifte-hos-thisted-forsikring","status":"publish","type":"post","link":"https:\/\/kunmedierne.dk\/mors\/formandsskifte-hos-thisted-forsikring\/","title":{"rendered":"Formandsskifte hos Thisted Forsikring"},"content":{"rendered":"<p><strong>GENERALFORSAMLING<\/strong>: Thisted Forsikring har sagt farvel til en markant profil.<\/p>\n<p>Det lokale forsikringsselskab tog p\u00e5 \u00e5rets generalforsamling afsked med Ivan Christensen, mange\u00e5rigt bestyrelsesmedlem og formand igennem de seneste fem \u00e5r. Han udtr\u00e6der p\u00e5 grund af aldersbestemmelserne i selskabets vedt\u00e6gter.<\/p>\n<a class=\"dvrt-link\" onClick=\"cdmtrack_click(111725,jQuery(this));return false\" href=\"https:\/\/www.thistedforsikring.dk\/?utm_source=partnerskaber&amp;utm_campaign=kun_mors\"><img decoding=\"async\" style=\"width:100%;\" src=\"https:\/\/kunmedierne.dk\/mors\/wp-content\/uploads\/2024\/02\/269409KunMors-ThistedFor-1.png\"><\/a><script>cdmtrack_view(111725);<\/script>\n<p>Ivan Christensen, der igennem mere end 20 \u00e5r tidligere har v\u00e6ret administrerende direkt\u00f8r i Sparekassen Thy, bliver afl\u00f8st p\u00e5 formandsposten af tidligere n\u00e6stformand Rasmus Brix Kronborg.<\/p>\n<p>Han siger om forg\u00e6ngeren:<\/p>\n<p>&#8211; Ivan Christiansen har l\u00f8ftet hvervet som bestyrelsesformand ih\u00e6rdigt og med utrolig sikker h\u00e5nd. Han har s\u00e5ledes stor andel i, at Thisted Forsikring st\u00e5r bundsolidt rustet til fremtiden. Den nye bestyrelse f\u00f8ler sig klar til at varetage en fortsat positiv udvikling af selskabet.<\/p>\n<a class=\"dvrt-link\" onClick=\"cdmtrack_click(104778,jQuery(this));return false\" href=\"https:\/\/vester-begr.dk\/?gclid=CjwKCAjw5Kv7BRBSEiwAXGDElQB6WMfm9CgYVrruty-I1gaOkTkC3mlA4QRDtYNsxYgVC8sNzAJ7WhoCmBsQAvD_BwE\"><img decoding=\"async\" style=\"width:100%;\" src=\"https:\/\/kunmedierne.dk\/mors\/wp-content\/uploads\/2023\/10\/260203VesterHoukaer-02022026.jpg\"><\/a><script>cdmtrack_view(104778);<\/script>\n<p>Henrik Dam Jespersen overtager posten som n\u00e6stformand fra den nye formand. Der var genvalg i bestyrelsen til Peter Homann og Henrik Dam Jespersen, mens Carsten Beith indtr\u00e6der p\u00e5 den plads, som stod \u00e5ben med afgangen af Ivan Christiansen.<\/p>\n<p>Thisted Forsikring oplyser, at\u00a0direktionen ved Henrik Lavesen og Brian Nielsen p\u00e5 generalforsamlingen pr\u00e6senterede et solidt og tilfredsstillende resultat for regnskabs\u00e5ret 2023. Og at bestyrelsen og den delegerede forsamling, som repr\u00e6senterer kundernes interesser i selskabet, godkendte regnskabet.<\/p>\n<blockquote>\n<h3>FAKTA<\/h3>\n<h5>Bestyrelsen i Thisted Forsikring: Rasmus B. Kronborg (bestyrelsesformand), Henrik Dam Jespersen (n\u00e6stformand), Annie Galsgaard, Poul Erik Handberg, Peter Homann, Carsten Beith, Michael Jensen (medarbejdervalgt), Bente Petersen (medarbejdervalgt), Ninna Jeppesen (medarbejdervalgt).<\/h5>\n<\/blockquote>\n<div id=\"attachment_115797\" style=\"width: 780px\" class=\"wp-caption alignleft\"><img loading=\"lazy\" decoding=\"async\" aria-describedby=\"caption-attachment-115797\" class=\"size-full wp-image-115797\" src=\"https:\/\/kunmedierne.dk\/mors\/wp-content\/uploads\/2024\/04\/Rasmus-Brix-Kronborg.jpg\" alt=\"\" width=\"770\" height=\"513\" srcset=\"https:\/\/kunmedierne.dk\/mors\/wp-content\/uploads\/2024\/04\/Rasmus-Brix-Kronborg.jpg 770w, https:\/\/kunmedierne.dk\/mors\/wp-content\/uploads\/2024\/04\/Rasmus-Brix-Kronborg-300x200.jpg 300w, https:\/\/kunmedierne.dk\/mors\/wp-content\/uploads\/2024\/04\/Rasmus-Brix-Kronborg-768x512.jpg 768w, https:\/\/kunmedierne.dk\/mors\/wp-content\/uploads\/2024\/04\/Rasmus-Brix-Kronborg-360x240.jpg 360w, https:\/\/kunmedierne.dk\/mors\/wp-content\/uploads\/2024\/04\/Rasmus-Brix-Kronborg-600x400.jpg 600w\" sizes=\"auto, (max-width: 770px) 100vw, 770px\" \/><p id=\"caption-attachment-115797\" class=\"wp-caption-text\">Rasmus Brix Kronborg, formand for Thisted Forsikring. Foto: Bertel Bolt.<\/p><\/div>\n","protected":false},"excerpt":{"rendered":"<p>GENERALFORSAMLING: Thisted Forsikring har sagt farvel til en markant profil. Det lokale forsikringsselskab tog p\u00e5 \u00e5rets generalforsamling afsked med Ivan Christensen, mange\u00e5rigt bestyrelsesmedlem og formand igennem de seneste fem \u00e5r. Han udtr\u00e6der p\u00e5 grund af aldersbestemmelserne i selskabets vedt\u00e6gter. Ivan Christensen, der igennem mere end 20 \u00e5r tidligere har v\u00e6ret administrerende direkt\u00f8r i Sparekassen Thy, [&hellip;]<\/p>\n","protected":false},"author":8,"featured_media":115796,"comment_status":"closed","ping_status":"open","sticky":false,"template":"","format":"standard","meta":{"_acf_changed":false,"footnotes":""},"categories":[51,52],"tags":[159],"class_list":["post-115795","post","type-post","status-publish","format-standard","has-post-thumbnail","hentry","category-lokalt","category-navne","tag-erhverv"],"acf":[],"yoast_head":"<!-- This site is optimized with the Yoast SEO plugin v26.8 - https:\/\/yoast.com\/product\/yoast-seo-wordpress\/ -->\n<title>Formandsskifte hos Thisted Forsikring - Mors<\/title>\n<meta name=\"robots\" content=\"index, follow, max-snippet:-1, max-image-preview:large, max-video-preview:-1\" \/>\n<link rel=\"canonical\" href=\"https:\/\/kunmedierne.dk\/mors\/formandsskifte-hos-thisted-forsikring\/\" \/>\n<meta property=\"og:locale\" content=\"da_DK\" \/>\n<meta property=\"og:type\" content=\"article\" \/>\n<meta property=\"og:title\" content=\"Formandsskifte hos Thisted Forsikring - Mors\" \/>\n<meta property=\"og:description\" content=\"GENERALFORSAMLING: Thisted Forsikring har sagt farvel til en markant profil. Det lokale forsikringsselskab tog p\u00e5 \u00e5rets generalforsamling afsked med Ivan Christensen, mange\u00e5rigt bestyrelsesmedlem og formand igennem de seneste fem \u00e5r. Han udtr\u00e6der p\u00e5 grund af aldersbestemmelserne i selskabets vedt\u00e6gter. Ivan Christensen, der igennem mere end 20 \u00e5r tidligere har v\u00e6ret administrerende direkt\u00f8r i Sparekassen Thy, [&hellip;]\" \/>\n<meta property=\"og:url\" content=\"https:\/\/kunmedierne.dk\/mors\/formandsskifte-hos-thisted-forsikring\/\" \/>\n<meta property=\"og:site_name\" content=\"Mors\" \/>\n<meta property=\"article:published_time\" content=\"2024-04-11T12:53:22+00:00\" \/>\n<meta property=\"article:modified_time\" content=\"2024-08-12T11:10:30+00:00\" \/>\n<meta property=\"og:image\" content=\"https:\/\/kunmedierne.dk\/mors\/wp-content\/uploads\/2024\/04\/Ivan-Christiansen.jpg\" \/>\n\t<meta property=\"og:image:width\" content=\"770\" \/>\n\t<meta property=\"og:image:height\" content=\"513\" \/>\n\t<meta property=\"og:image:type\" content=\"image\/jpeg\" \/>\n<meta name=\"author\" content=\"David H\u00f8jmark\" \/>\n<meta name=\"twitter:card\" content=\"summary_large_image\" \/>\n<meta name=\"twitter:label1\" content=\"Skrevet af\" \/>\n\t<meta name=\"twitter:data1\" content=\"David H\u00f8jmark\" \/>\n\t<meta name=\"twitter:label2\" content=\"Estimeret l\u00e6setid\" \/>\n\t<meta name=\"twitter:data2\" content=\"2 minutter\" \/>\n<script type=\"application\/ld+json\" class=\"yoast-schema-graph\">{\"@context\":\"https:\/\/schema.org\",\"@graph\":[{\"@type\":\"Article\",\"@id\":\"https:\/\/kunmedierne.dk\/mors\/formandsskifte-hos-thisted-forsikring\/#article\",\"isPartOf\":{\"@id\":\"https:\/\/kunmedierne.dk\/mors\/formandsskifte-hos-thisted-forsikring\/\"},\"author\":{\"name\":\"David H\u00f8jmark\",\"@id\":\"https:\/\/kunmedierne.dk\/mors\/#\/schema\/person\/5fe23251bf1d0abbcdc6f7896579d548\"},\"headline\":\"Formandsskifte hos Thisted Forsikring\",\"datePublished\":\"2024-04-11T12:53:22+00:00\",\"dateModified\":\"2024-08-12T11:10:30+00:00\",\"mainEntityOfPage\":{\"@id\":\"https:\/\/kunmedierne.dk\/mors\/formandsskifte-hos-thisted-forsikring\/\"},\"wordCount\":261,\"publisher\":{\"@id\":\"https:\/\/kunmedierne.dk\/mors\/#organization\"},\"image\":{\"@id\":\"https:\/\/kunmedierne.dk\/mors\/formandsskifte-hos-thisted-forsikring\/#primaryimage\"},\"thumbnailUrl\":\"https:\/\/kunmedierne.dk\/mors\/wp-content\/uploads\/2024\/04\/Ivan-Christiansen.jpg\",\"keywords\":[\"Erhverv\"],\"articleSection\":[\"Lokalt\",\"Navne\"],\"inLanguage\":\"da-DK\"},{\"@type\":\"WebPage\",\"@id\":\"https:\/\/kunmedierne.dk\/mors\/formandsskifte-hos-thisted-forsikring\/\",\"url\":\"https:\/\/kunmedierne.dk\/mors\/formandsskifte-hos-thisted-forsikring\/\",\"name\":\"Formandsskifte hos Thisted Forsikring - Mors\",\"isPartOf\":{\"@id\":\"https:\/\/kunmedierne.dk\/mors\/#website\"},\"primaryImageOfPage\":{\"@id\":\"https:\/\/kunmedierne.dk\/mors\/formandsskifte-hos-thisted-forsikring\/#primaryimage\"},\"image\":{\"@id\":\"https:\/\/kunmedierne.dk\/mors\/formandsskifte-hos-thisted-forsikring\/#primaryimage\"},\"thumbnailUrl\":\"https:\/\/kunmedierne.dk\/mors\/wp-content\/uploads\/2024\/04\/Ivan-Christiansen.jpg\",\"datePublished\":\"2024-04-11T12:53:22+00:00\",\"dateModified\":\"2024-08-12T11:10:30+00:00\",\"breadcrumb\":{\"@id\":\"https:\/\/kunmedierne.dk\/mors\/formandsskifte-hos-thisted-forsikring\/#breadcrumb\"},\"inLanguage\":\"da-DK\",\"potentialAction\":[{\"@type\":\"ReadAction\",\"target\":[\"https:\/\/kunmedierne.dk\/mors\/formandsskifte-hos-thisted-forsikring\/\"]}]},{\"@type\":\"ImageObject\",\"inLanguage\":\"da-DK\",\"@id\":\"https:\/\/kunmedierne.dk\/mors\/formandsskifte-hos-thisted-forsikring\/#primaryimage\",\"url\":\"https:\/\/kunmedierne.dk\/mors\/wp-content\/uploads\/2024\/04\/Ivan-Christiansen.jpg\",\"contentUrl\":\"https:\/\/kunmedierne.dk\/mors\/wp-content\/uploads\/2024\/04\/Ivan-Christiansen.jpg\",\"width\":770,\"height\":513,\"caption\":\"Ivan Christiansen, afg\u00e5ende formand for Thisted Forsikring. Foto: Bertel Bolt.\"},{\"@type\":\"BreadcrumbList\",\"@id\":\"https:\/\/kunmedierne.dk\/mors\/formandsskifte-hos-thisted-forsikring\/#breadcrumb\",\"itemListElement\":[{\"@type\":\"ListItem\",\"position\":1,\"name\":\"Hjem\",\"item\":\"https:\/\/kunmedierne.dk\/mors\/\"},{\"@type\":\"ListItem\",\"position\":2,\"name\":\"Formandsskifte hos Thisted Forsikring\"}]},{\"@type\":\"WebSite\",\"@id\":\"https:\/\/kunmedierne.dk\/mors\/#website\",\"url\":\"https:\/\/kunmedierne.dk\/mors\/\",\"name\":\"Mors\",\"description\":\"et netmedie med journalistik om livet p\u00e5 Mors\",\"publisher\":{\"@id\":\"https:\/\/kunmedierne.dk\/mors\/#organization\"},\"potentialAction\":[{\"@type\":\"SearchAction\",\"target\":{\"@type\":\"EntryPoint\",\"urlTemplate\":\"https:\/\/kunmedierne.dk\/mors\/?s={search_term_string}\"},\"query-input\":{\"@type\":\"PropertyValueSpecification\",\"valueRequired\":true,\"valueName\":\"search_term_string\"}}],\"inLanguage\":\"da-DK\"},{\"@type\":\"Organization\",\"@id\":\"https:\/\/kunmedierne.dk\/mors\/#organization\",\"name\":\"Mors\",\"url\":\"https:\/\/kunmedierne.dk\/mors\/\",\"logo\":{\"@type\":\"ImageObject\",\"inLanguage\":\"da-DK\",\"@id\":\"https:\/\/kunmedierne.dk\/mors\/#\/schema\/logo\/image\/\",\"url\":\"https:\/\/kunmedierne.dk\/mors\/wp-content\/uploads\/2024\/08\/kunmors-logo.svg\",\"contentUrl\":\"https:\/\/kunmedierne.dk\/mors\/wp-content\/uploads\/2024\/08\/kunmors-logo.svg\",\"caption\":\"Mors\"},\"image\":{\"@id\":\"https:\/\/kunmedierne.dk\/mors\/#\/schema\/logo\/image\/\"}},{\"@type\":\"Person\",\"@id\":\"https:\/\/kunmedierne.dk\/mors\/#\/schema\/person\/5fe23251bf1d0abbcdc6f7896579d548\",\"name\":\"David H\u00f8jmark\",\"image\":{\"@type\":\"ImageObject\",\"inLanguage\":\"da-DK\",\"@id\":\"https:\/\/kunmedierne.dk\/mors\/#\/schema\/person\/image\/\",\"url\":\"https:\/\/secure.gravatar.com\/avatar\/4315d6fb9ef244d729989f5f90268eb08d5bf8a3d84402f595fa194bb35784fd?s=96&d=mm&r=g\",\"contentUrl\":\"https:\/\/secure.gravatar.com\/avatar\/4315d6fb9ef244d729989f5f90268eb08d5bf8a3d84402f595fa194bb35784fd?s=96&d=mm&r=g\",\"caption\":\"David H\u00f8jmark\"},\"sameAs\":[\"https:\/\/www.kunmedierne.dk\"],\"url\":\"https:\/\/kunmedierne.dk\/mors\/author\/david\/\"}]}<\/script>\n<!-- \/ Yoast SEO plugin. -->","yoast_head_json":{"title":"Formandsskifte hos Thisted Forsikring - Mors","robots":{"index":"index","follow":"follow","max-snippet":"max-snippet:-1","max-image-preview":"max-image-preview:large","max-video-preview":"max-video-preview:-1"},"canonical":"https:\/\/kunmedierne.dk\/mors\/formandsskifte-hos-thisted-forsikring\/","og_locale":"da_DK","og_type":"article","og_title":"Formandsskifte hos Thisted Forsikring - Mors","og_description":"GENERALFORSAMLING: Thisted Forsikring har sagt farvel til en markant profil. Det lokale forsikringsselskab tog p\u00e5 \u00e5rets generalforsamling afsked med Ivan Christensen, mange\u00e5rigt bestyrelsesmedlem og formand igennem de seneste fem \u00e5r. Han udtr\u00e6der p\u00e5 grund af aldersbestemmelserne i selskabets vedt\u00e6gter. Ivan Christensen, der igennem mere end 20 \u00e5r tidligere har v\u00e6ret administrerende direkt\u00f8r i Sparekassen Thy, [&hellip;]","og_url":"https:\/\/kunmedierne.dk\/mors\/formandsskifte-hos-thisted-forsikring\/","og_site_name":"Mors","article_published_time":"2024-04-11T12:53:22+00:00","article_modified_time":"2024-08-12T11:10:30+00:00","og_image":[{"width":770,"height":513,"url":"https:\/\/kunmedierne.dk\/mors\/wp-content\/uploads\/2024\/04\/Ivan-Christiansen.jpg","type":"image\/jpeg"}],"author":"David H\u00f8jmark","twitter_card":"summary_large_image","twitter_misc":{"Skrevet af":"David H\u00f8jmark","Estimeret l\u00e6setid":"2 minutter"},"schema":{"@context":"https:\/\/schema.org","@graph":[{"@type":"Article","@id":"https:\/\/kunmedierne.dk\/mors\/formandsskifte-hos-thisted-forsikring\/#article","isPartOf":{"@id":"https:\/\/kunmedierne.dk\/mors\/formandsskifte-hos-thisted-forsikring\/"},"author":{"name":"David H\u00f8jmark","@id":"https:\/\/kunmedierne.dk\/mors\/#\/schema\/person\/5fe23251bf1d0abbcdc6f7896579d548"},"headline":"Formandsskifte hos Thisted Forsikring","datePublished":"2024-04-11T12:53:22+00:00","dateModified":"2024-08-12T11:10:30+00:00","mainEntityOfPage":{"@id":"https:\/\/kunmedierne.dk\/mors\/formandsskifte-hos-thisted-forsikring\/"},"wordCount":261,"publisher":{"@id":"https:\/\/kunmedierne.dk\/mors\/#organization"},"image":{"@id":"https:\/\/kunmedierne.dk\/mors\/formandsskifte-hos-thisted-forsikring\/#primaryimage"},"thumbnailUrl":"https:\/\/kunmedierne.dk\/mors\/wp-content\/uploads\/2024\/04\/Ivan-Christiansen.jpg","keywords":["Erhverv"],"articleSection":["Lokalt","Navne"],"inLanguage":"da-DK"},{"@type":"WebPage","@id":"https:\/\/kunmedierne.dk\/mors\/formandsskifte-hos-thisted-forsikring\/","url":"https:\/\/kunmedierne.dk\/mors\/formandsskifte-hos-thisted-forsikring\/","name":"Formandsskifte hos Thisted Forsikring - Mors","isPartOf":{"@id":"https:\/\/kunmedierne.dk\/mors\/#website"},"primaryImageOfPage":{"@id":"https:\/\/kunmedierne.dk\/mors\/formandsskifte-hos-thisted-forsikring\/#primaryimage"},"image":{"@id":"https:\/\/kunmedierne.dk\/mors\/formandsskifte-hos-thisted-forsikring\/#primaryimage"},"thumbnailUrl":"https:\/\/kunmedierne.dk\/mors\/wp-content\/uploads\/2024\/04\/Ivan-Christiansen.jpg","datePublished":"2024-04-11T12:53:22+00:00","dateModified":"2024-08-12T11:10:30+00:00","breadcrumb":{"@id":"https:\/\/kunmedierne.dk\/mors\/formandsskifte-hos-thisted-forsikring\/#breadcrumb"},"inLanguage":"da-DK","potentialAction":[{"@type":"ReadAction","target":["https:\/\/kunmedierne.dk\/mors\/formandsskifte-hos-thisted-forsikring\/"]}]},{"@type":"ImageObject","inLanguage":"da-DK","@id":"https:\/\/kunmedierne.dk\/mors\/formandsskifte-hos-thisted-forsikring\/#primaryimage","url":"https:\/\/kunmedierne.dk\/mors\/wp-content\/uploads\/2024\/04\/Ivan-Christiansen.jpg","contentUrl":"https:\/\/kunmedierne.dk\/mors\/wp-content\/uploads\/2024\/04\/Ivan-Christiansen.jpg","width":770,"height":513,"caption":"Ivan Christiansen, afg\u00e5ende formand for Thisted Forsikring. Foto: Bertel Bolt."},{"@type":"BreadcrumbList","@id":"https:\/\/kunmedierne.dk\/mors\/formandsskifte-hos-thisted-forsikring\/#breadcrumb","itemListElement":[{"@type":"ListItem","position":1,"name":"Hjem","item":"https:\/\/kunmedierne.dk\/mors\/"},{"@type":"ListItem","position":2,"name":"Formandsskifte hos Thisted Forsikring"}]},{"@type":"WebSite","@id":"https:\/\/kunmedierne.dk\/mors\/#website","url":"https:\/\/kunmedierne.dk\/mors\/","name":"Mors","description":"et netmedie med journalistik om livet p\u00e5 Mors","publisher":{"@id":"https:\/\/kunmedierne.dk\/mors\/#organization"},"potentialAction":[{"@type":"SearchAction","target":{"@type":"EntryPoint","urlTemplate":"https:\/\/kunmedierne.dk\/mors\/?s={search_term_string}"},"query-input":{"@type":"PropertyValueSpecification","valueRequired":true,"valueName":"search_term_string"}}],"inLanguage":"da-DK"},{"@type":"Organization","@id":"https:\/\/kunmedierne.dk\/mors\/#organization","name":"Mors","url":"https:\/\/kunmedierne.dk\/mors\/","logo":{"@type":"ImageObject","inLanguage":"da-DK","@id":"https:\/\/kunmedierne.dk\/mors\/#\/schema\/logo\/image\/","url":"https:\/\/kunmedierne.dk\/mors\/wp-content\/uploads\/2024\/08\/kunmors-logo.svg","contentUrl":"https:\/\/kunmedierne.dk\/mors\/wp-content\/uploads\/2024\/08\/kunmors-logo.svg","caption":"Mors"},"image":{"@id":"https:\/\/kunmedierne.dk\/mors\/#\/schema\/logo\/image\/"}},{"@type":"Person","@id":"https:\/\/kunmedierne.dk\/mors\/#\/schema\/person\/5fe23251bf1d0abbcdc6f7896579d548","name":"David H\u00f8jmark","image":{"@type":"ImageObject","inLanguage":"da-DK","@id":"https:\/\/kunmedierne.dk\/mors\/#\/schema\/person\/image\/","url":"https:\/\/secure.gravatar.com\/avatar\/4315d6fb9ef244d729989f5f90268eb08d5bf8a3d84402f595fa194bb35784fd?s=96&d=mm&r=g","contentUrl":"https:\/\/secure.gravatar.com\/avatar\/4315d6fb9ef244d729989f5f90268eb08d5bf8a3d84402f595fa194bb35784fd?s=96&d=mm&r=g","caption":"David H\u00f8jmark"},"sameAs":["https:\/\/www.kunmedierne.dk"],"url":"https:\/\/kunmedierne.dk\/mors\/author\/david\/"}]}},"_links":{"self":[{"href":"https:\/\/kunmedierne.dk\/mors\/wp-json\/wp\/v2\/posts\/115795","targetHints":{"allow":["GET"]}}],"collection":[{"href":"https:\/\/kunmedierne.dk\/mors\/wp-json\/wp\/v2\/posts"}],"about":[{"href":"https:\/\/kunmedierne.dk\/mors\/wp-json\/wp\/v2\/types\/post"}],"author":[{"embeddable":true,"href":"https:\/\/kunmedierne.dk\/mors\/wp-json\/wp\/v2\/users\/8"}],"replies":[{"embeddable":true,"href":"https:\/\/kunmedierne.dk\/mors\/wp-json\/wp\/v2\/comments?post=115795"}],"version-history":[{"count":1,"href":"https:\/\/kunmedierne.dk\/mors\/wp-json\/wp\/v2\/posts\/115795\/revisions"}],"predecessor-version":[{"id":115798,"href":"https:\/\/kunmedierne.dk\/mors\/wp-json\/wp\/v2\/posts\/115795\/revisions\/115798"}],"wp:featuredmedia":[{"embeddable":true,"href":"https:\/\/kunmedierne.dk\/mors\/wp-json\/wp\/v2\/media\/115796"}],"wp:attachment":[{"href":"https:\/\/kunmedierne.dk\/mors\/wp-json\/wp\/v2\/media?parent=115795"}],"wp:term":[{"taxonomy":"category","embeddable":true,"href":"https:\/\/kunmedierne.dk\/mors\/wp-json\/wp\/v2\/categories?post=115795"},{"taxonomy":"post_tag","embeddable":true,"href":"https:\/\/kunmedierne.dk\/mors\/wp-json\/wp\/v2\/tags?post=115795"}],"curies":[{"name":"wp","href":"https:\/\/api.w.org\/{rel}","templated":true}]}}