{"id":11523,"date":"2020-03-06T18:34:18","date_gmt":"2020-03-06T17:34:18","guid":{"rendered":"https:\/\/kunmedierne.dk\/mors\/?p=11523"},"modified":"2024-08-12T14:06:23","modified_gmt":"2024-08-12T12:06:23","slug":"kunmors-er-paa-tv-midtvest-fredag-aften","status":"publish","type":"post","link":"https:\/\/kunmedierne.dk\/mors\/kunmors-er-paa-tv-midtvest-fredag-aften\/","title":{"rendered":"KunMors er p\u00e5 TV Midtvest fredag aften"},"content":{"rendered":"<p><strong>MORS<\/strong>: \u00d8ens nye medie havde tirsdag bes\u00f8g af en journalist og en fotograf fra TV Midtvest. Det kom der et indslag ud af, som journalisten bag, Frida Fisker, oplyser bliver vist fredag aften i nyhedsudsendelsen fra klokken 19.30.<\/p>\n<p>Udsendelsen om KunMors byder formentlig ogs\u00e5 p\u00e5 interviews med Rasmus Christensen, centerchef ved Sydvestmors Kultur- og Fritidscenter. Desuden blev tre andre morsingboer interviewet under bes\u00f8get fra tv-stationen: Hanne Noppenau, Grethe Andersen og Henrik &#8220;Sivert&#8221; Kristensen.<\/p>\n<p>Hvad det hele s\u00e5 er blevet til, vil kunne ses p\u00e5 TV Midtvest.<\/p>\n<p>&nbsp;<\/p>\n","protected":false},"excerpt":{"rendered":"<p>MORS: \u00d8ens nye medie havde tirsdag bes\u00f8g af en journalist og en fotograf fra TV Midtvest. Det kom der et indslag ud af, som journalisten bag, Frida Fisker, oplyser bliver vist fredag aften i nyhedsudsendelsen fra klokken 19.30. Udsendelsen om KunMors byder formentlig ogs\u00e5 p\u00e5 interviews med Rasmus Christensen, centerchef ved Sydvestmors Kultur- og Fritidscenter. [&hellip;]<\/p>\n","protected":false},"author":8,"featured_media":11135,"comment_status":"open","ping_status":"open","sticky":false,"template":"","format":"standard","meta":{"_acf_changed":false,"footnotes":""},"categories":[51],"tags":[],"class_list":["post-11523","post","type-post","status-publish","format-standard","has-post-thumbnail","hentry","category-lokalt"],"acf":[],"yoast_head":"<!-- This site is optimized with the Yoast SEO plugin v26.8 - https:\/\/yoast.com\/product\/yoast-seo-wordpress\/ -->\n<title>KunMors er p\u00e5 TV Midtvest fredag aften - Mors<\/title>\n<meta name=\"robots\" content=\"index, follow, max-snippet:-1, max-image-preview:large, max-video-preview:-1\" \/>\n<link rel=\"canonical\" href=\"https:\/\/kunmedierne.dk\/mors\/kunmors-er-paa-tv-midtvest-fredag-aften\/\" \/>\n<meta property=\"og:locale\" content=\"da_DK\" \/>\n<meta property=\"og:type\" content=\"article\" \/>\n<meta property=\"og:title\" content=\"KunMors er p\u00e5 TV Midtvest fredag aften - Mors\" \/>\n<meta property=\"og:description\" content=\"MORS: \u00d8ens nye medie havde tirsdag bes\u00f8g af en journalist og en fotograf fra TV Midtvest. Det kom der et indslag ud af, som journalisten bag, Frida Fisker, oplyser bliver vist fredag aften i nyhedsudsendelsen fra klokken 19.30. Udsendelsen om KunMors byder formentlig ogs\u00e5 p\u00e5 interviews med Rasmus Christensen, centerchef ved Sydvestmors Kultur- og Fritidscenter. [&hellip;]\" \/>\n<meta property=\"og:url\" content=\"https:\/\/kunmedierne.dk\/mors\/kunmors-er-paa-tv-midtvest-fredag-aften\/\" \/>\n<meta property=\"og:site_name\" content=\"Mors\" \/>\n<meta property=\"article:published_time\" content=\"2020-03-06T17:34:18+00:00\" \/>\n<meta property=\"article:modified_time\" content=\"2024-08-12T12:06:23+00:00\" \/>\n<meta property=\"og:image\" content=\"https:\/\/kunmedierne.dk\/mors\/wp-content\/uploads\/2020\/03\/Logo-KunMors-BL\u00c5-med-underlinje.jpg\" \/>\n\t<meta property=\"og:image:width\" content=\"1181\" \/>\n\t<meta property=\"og:image:height\" content=\"650\" \/>\n\t<meta property=\"og:image:type\" content=\"image\/jpeg\" \/>\n<meta name=\"author\" content=\"David H\u00f8jmark\" \/>\n<meta name=\"twitter:card\" content=\"summary_large_image\" \/>\n<meta name=\"twitter:label1\" content=\"Skrevet af\" \/>\n\t<meta name=\"twitter:data1\" content=\"David H\u00f8jmark\" \/>\n<script type=\"application\/ld+json\" class=\"yoast-schema-graph\">{\"@context\":\"https:\/\/schema.org\",\"@graph\":[{\"@type\":\"Article\",\"@id\":\"https:\/\/kunmedierne.dk\/mors\/kunmors-er-paa-tv-midtvest-fredag-aften\/#article\",\"isPartOf\":{\"@id\":\"https:\/\/kunmedierne.dk\/mors\/kunmors-er-paa-tv-midtvest-fredag-aften\/\"},\"author\":{\"name\":\"David H\u00f8jmark\",\"@id\":\"https:\/\/kunmedierne.dk\/mors\/#\/schema\/person\/5fe23251bf1d0abbcdc6f7896579d548\"},\"headline\":\"KunMors er p\u00e5 TV Midtvest fredag aften\",\"datePublished\":\"2020-03-06T17:34:18+00:00\",\"dateModified\":\"2024-08-12T12:06:23+00:00\",\"mainEntityOfPage\":{\"@id\":\"https:\/\/kunmedierne.dk\/mors\/kunmors-er-paa-tv-midtvest-fredag-aften\/\"},\"wordCount\":95,\"commentCount\":0,\"publisher\":{\"@id\":\"https:\/\/kunmedierne.dk\/mors\/#organization\"},\"image\":{\"@id\":\"https:\/\/kunmedierne.dk\/mors\/kunmors-er-paa-tv-midtvest-fredag-aften\/#primaryimage\"},\"thumbnailUrl\":\"https:\/\/kunmedierne.dk\/mors\/wp-content\/uploads\/2020\/03\/Logo-KunMors-BL\u00c5-med-underlinje.jpg\",\"articleSection\":[\"Lokalt\"],\"inLanguage\":\"da-DK\",\"potentialAction\":[{\"@type\":\"CommentAction\",\"name\":\"Comment\",\"target\":[\"https:\/\/kunmedierne.dk\/mors\/kunmors-er-paa-tv-midtvest-fredag-aften\/#respond\"]}]},{\"@type\":\"WebPage\",\"@id\":\"https:\/\/kunmedierne.dk\/mors\/kunmors-er-paa-tv-midtvest-fredag-aften\/\",\"url\":\"https:\/\/kunmedierne.dk\/mors\/kunmors-er-paa-tv-midtvest-fredag-aften\/\",\"name\":\"KunMors er p\u00e5 TV Midtvest fredag aften - Mors\",\"isPartOf\":{\"@id\":\"https:\/\/kunmedierne.dk\/mors\/#website\"},\"primaryImageOfPage\":{\"@id\":\"https:\/\/kunmedierne.dk\/mors\/kunmors-er-paa-tv-midtvest-fredag-aften\/#primaryimage\"},\"image\":{\"@id\":\"https:\/\/kunmedierne.dk\/mors\/kunmors-er-paa-tv-midtvest-fredag-aften\/#primaryimage\"},\"thumbnailUrl\":\"https:\/\/kunmedierne.dk\/mors\/wp-content\/uploads\/2020\/03\/Logo-KunMors-BL\u00c5-med-underlinje.jpg\",\"datePublished\":\"2020-03-06T17:34:18+00:00\",\"dateModified\":\"2024-08-12T12:06:23+00:00\",\"breadcrumb\":{\"@id\":\"https:\/\/kunmedierne.dk\/mors\/kunmors-er-paa-tv-midtvest-fredag-aften\/#breadcrumb\"},\"inLanguage\":\"da-DK\",\"potentialAction\":[{\"@type\":\"ReadAction\",\"target\":[\"https:\/\/kunmedierne.dk\/mors\/kunmors-er-paa-tv-midtvest-fredag-aften\/\"]}]},{\"@type\":\"ImageObject\",\"inLanguage\":\"da-DK\",\"@id\":\"https:\/\/kunmedierne.dk\/mors\/kunmors-er-paa-tv-midtvest-fredag-aften\/#primaryimage\",\"url\":\"https:\/\/kunmedierne.dk\/mors\/wp-content\/uploads\/2020\/03\/Logo-KunMors-BL\u00c5-med-underlinje.jpg\",\"contentUrl\":\"https:\/\/kunmedierne.dk\/mors\/wp-content\/uploads\/2020\/03\/Logo-KunMors-BL\u00c5-med-underlinje.jpg\",\"width\":1181,\"height\":650},{\"@type\":\"BreadcrumbList\",\"@id\":\"https:\/\/kunmedierne.dk\/mors\/kunmors-er-paa-tv-midtvest-fredag-aften\/#breadcrumb\",\"itemListElement\":[{\"@type\":\"ListItem\",\"position\":1,\"name\":\"Hjem\",\"item\":\"https:\/\/kunmedierne.dk\/mors\/\"},{\"@type\":\"ListItem\",\"position\":2,\"name\":\"KunMors er p\u00e5 TV Midtvest fredag aften\"}]},{\"@type\":\"WebSite\",\"@id\":\"https:\/\/kunmedierne.dk\/mors\/#website\",\"url\":\"https:\/\/kunmedierne.dk\/mors\/\",\"name\":\"Mors\",\"description\":\"et netmedie med journalistik om livet p\u00e5 Mors\",\"publisher\":{\"@id\":\"https:\/\/kunmedierne.dk\/mors\/#organization\"},\"potentialAction\":[{\"@type\":\"SearchAction\",\"target\":{\"@type\":\"EntryPoint\",\"urlTemplate\":\"https:\/\/kunmedierne.dk\/mors\/?s={search_term_string}\"},\"query-input\":{\"@type\":\"PropertyValueSpecification\",\"valueRequired\":true,\"valueName\":\"search_term_string\"}}],\"inLanguage\":\"da-DK\"},{\"@type\":\"Organization\",\"@id\":\"https:\/\/kunmedierne.dk\/mors\/#organization\",\"name\":\"Mors\",\"url\":\"https:\/\/kunmedierne.dk\/mors\/\",\"logo\":{\"@type\":\"ImageObject\",\"inLanguage\":\"da-DK\",\"@id\":\"https:\/\/kunmedierne.dk\/mors\/#\/schema\/logo\/image\/\",\"url\":\"https:\/\/kunmedierne.dk\/mors\/wp-content\/uploads\/2024\/08\/kunmors-logo.svg\",\"contentUrl\":\"https:\/\/kunmedierne.dk\/mors\/wp-content\/uploads\/2024\/08\/kunmors-logo.svg\",\"caption\":\"Mors\"},\"image\":{\"@id\":\"https:\/\/kunmedierne.dk\/mors\/#\/schema\/logo\/image\/\"}},{\"@type\":\"Person\",\"@id\":\"https:\/\/kunmedierne.dk\/mors\/#\/schema\/person\/5fe23251bf1d0abbcdc6f7896579d548\",\"name\":\"David H\u00f8jmark\",\"image\":{\"@type\":\"ImageObject\",\"inLanguage\":\"da-DK\",\"@id\":\"https:\/\/kunmedierne.dk\/mors\/#\/schema\/person\/image\/\",\"url\":\"https:\/\/secure.gravatar.com\/avatar\/4315d6fb9ef244d729989f5f90268eb08d5bf8a3d84402f595fa194bb35784fd?s=96&d=mm&r=g\",\"contentUrl\":\"https:\/\/secure.gravatar.com\/avatar\/4315d6fb9ef244d729989f5f90268eb08d5bf8a3d84402f595fa194bb35784fd?s=96&d=mm&r=g\",\"caption\":\"David H\u00f8jmark\"},\"sameAs\":[\"https:\/\/www.kunmedierne.dk\"],\"url\":\"https:\/\/kunmedierne.dk\/mors\/author\/david\/\"}]}<\/script>\n<!-- \/ Yoast SEO plugin. -->","yoast_head_json":{"title":"KunMors er p\u00e5 TV Midtvest fredag aften - Mors","robots":{"index":"index","follow":"follow","max-snippet":"max-snippet:-1","max-image-preview":"max-image-preview:large","max-video-preview":"max-video-preview:-1"},"canonical":"https:\/\/kunmedierne.dk\/mors\/kunmors-er-paa-tv-midtvest-fredag-aften\/","og_locale":"da_DK","og_type":"article","og_title":"KunMors er p\u00e5 TV Midtvest fredag aften - Mors","og_description":"MORS: \u00d8ens nye medie havde tirsdag bes\u00f8g af en journalist og en fotograf fra TV Midtvest. Det kom der et indslag ud af, som journalisten bag, Frida Fisker, oplyser bliver vist fredag aften i nyhedsudsendelsen fra klokken 19.30. Udsendelsen om KunMors byder formentlig ogs\u00e5 p\u00e5 interviews med Rasmus Christensen, centerchef ved Sydvestmors Kultur- og Fritidscenter. [&hellip;]","og_url":"https:\/\/kunmedierne.dk\/mors\/kunmors-er-paa-tv-midtvest-fredag-aften\/","og_site_name":"Mors","article_published_time":"2020-03-06T17:34:18+00:00","article_modified_time":"2024-08-12T12:06:23+00:00","og_image":[{"width":1181,"height":650,"url":"https:\/\/kunmedierne.dk\/mors\/wp-content\/uploads\/2020\/03\/Logo-KunMors-BL\u00c5-med-underlinje.jpg","type":"image\/jpeg"}],"author":"David H\u00f8jmark","twitter_card":"summary_large_image","twitter_misc":{"Skrevet af":"David H\u00f8jmark"},"schema":{"@context":"https:\/\/schema.org","@graph":[{"@type":"Article","@id":"https:\/\/kunmedierne.dk\/mors\/kunmors-er-paa-tv-midtvest-fredag-aften\/#article","isPartOf":{"@id":"https:\/\/kunmedierne.dk\/mors\/kunmors-er-paa-tv-midtvest-fredag-aften\/"},"author":{"name":"David H\u00f8jmark","@id":"https:\/\/kunmedierne.dk\/mors\/#\/schema\/person\/5fe23251bf1d0abbcdc6f7896579d548"},"headline":"KunMors er p\u00e5 TV Midtvest fredag aften","datePublished":"2020-03-06T17:34:18+00:00","dateModified":"2024-08-12T12:06:23+00:00","mainEntityOfPage":{"@id":"https:\/\/kunmedierne.dk\/mors\/kunmors-er-paa-tv-midtvest-fredag-aften\/"},"wordCount":95,"commentCount":0,"publisher":{"@id":"https:\/\/kunmedierne.dk\/mors\/#organization"},"image":{"@id":"https:\/\/kunmedierne.dk\/mors\/kunmors-er-paa-tv-midtvest-fredag-aften\/#primaryimage"},"thumbnailUrl":"https:\/\/kunmedierne.dk\/mors\/wp-content\/uploads\/2020\/03\/Logo-KunMors-BL\u00c5-med-underlinje.jpg","articleSection":["Lokalt"],"inLanguage":"da-DK","potentialAction":[{"@type":"CommentAction","name":"Comment","target":["https:\/\/kunmedierne.dk\/mors\/kunmors-er-paa-tv-midtvest-fredag-aften\/#respond"]}]},{"@type":"WebPage","@id":"https:\/\/kunmedierne.dk\/mors\/kunmors-er-paa-tv-midtvest-fredag-aften\/","url":"https:\/\/kunmedierne.dk\/mors\/kunmors-er-paa-tv-midtvest-fredag-aften\/","name":"KunMors er p\u00e5 TV Midtvest fredag aften - Mors","isPartOf":{"@id":"https:\/\/kunmedierne.dk\/mors\/#website"},"primaryImageOfPage":{"@id":"https:\/\/kunmedierne.dk\/mors\/kunmors-er-paa-tv-midtvest-fredag-aften\/#primaryimage"},"image":{"@id":"https:\/\/kunmedierne.dk\/mors\/kunmors-er-paa-tv-midtvest-fredag-aften\/#primaryimage"},"thumbnailUrl":"https:\/\/kunmedierne.dk\/mors\/wp-content\/uploads\/2020\/03\/Logo-KunMors-BL\u00c5-med-underlinje.jpg","datePublished":"2020-03-06T17:34:18+00:00","dateModified":"2024-08-12T12:06:23+00:00","breadcrumb":{"@id":"https:\/\/kunmedierne.dk\/mors\/kunmors-er-paa-tv-midtvest-fredag-aften\/#breadcrumb"},"inLanguage":"da-DK","potentialAction":[{"@type":"ReadAction","target":["https:\/\/kunmedierne.dk\/mors\/kunmors-er-paa-tv-midtvest-fredag-aften\/"]}]},{"@type":"ImageObject","inLanguage":"da-DK","@id":"https:\/\/kunmedierne.dk\/mors\/kunmors-er-paa-tv-midtvest-fredag-aften\/#primaryimage","url":"https:\/\/kunmedierne.dk\/mors\/wp-content\/uploads\/2020\/03\/Logo-KunMors-BL\u00c5-med-underlinje.jpg","contentUrl":"https:\/\/kunmedierne.dk\/mors\/wp-content\/uploads\/2020\/03\/Logo-KunMors-BL\u00c5-med-underlinje.jpg","width":1181,"height":650},{"@type":"BreadcrumbList","@id":"https:\/\/kunmedierne.dk\/mors\/kunmors-er-paa-tv-midtvest-fredag-aften\/#breadcrumb","itemListElement":[{"@type":"ListItem","position":1,"name":"Hjem","item":"https:\/\/kunmedierne.dk\/mors\/"},{"@type":"ListItem","position":2,"name":"KunMors er p\u00e5 TV Midtvest fredag aften"}]},{"@type":"WebSite","@id":"https:\/\/kunmedierne.dk\/mors\/#website","url":"https:\/\/kunmedierne.dk\/mors\/","name":"Mors","description":"et netmedie med journalistik om livet p\u00e5 Mors","publisher":{"@id":"https:\/\/kunmedierne.dk\/mors\/#organization"},"potentialAction":[{"@type":"SearchAction","target":{"@type":"EntryPoint","urlTemplate":"https:\/\/kunmedierne.dk\/mors\/?s={search_term_string}"},"query-input":{"@type":"PropertyValueSpecification","valueRequired":true,"valueName":"search_term_string"}}],"inLanguage":"da-DK"},{"@type":"Organization","@id":"https:\/\/kunmedierne.dk\/mors\/#organization","name":"Mors","url":"https:\/\/kunmedierne.dk\/mors\/","logo":{"@type":"ImageObject","inLanguage":"da-DK","@id":"https:\/\/kunmedierne.dk\/mors\/#\/schema\/logo\/image\/","url":"https:\/\/kunmedierne.dk\/mors\/wp-content\/uploads\/2024\/08\/kunmors-logo.svg","contentUrl":"https:\/\/kunmedierne.dk\/mors\/wp-content\/uploads\/2024\/08\/kunmors-logo.svg","caption":"Mors"},"image":{"@id":"https:\/\/kunmedierne.dk\/mors\/#\/schema\/logo\/image\/"}},{"@type":"Person","@id":"https:\/\/kunmedierne.dk\/mors\/#\/schema\/person\/5fe23251bf1d0abbcdc6f7896579d548","name":"David H\u00f8jmark","image":{"@type":"ImageObject","inLanguage":"da-DK","@id":"https:\/\/kunmedierne.dk\/mors\/#\/schema\/person\/image\/","url":"https:\/\/secure.gravatar.com\/avatar\/4315d6fb9ef244d729989f5f90268eb08d5bf8a3d84402f595fa194bb35784fd?s=96&d=mm&r=g","contentUrl":"https:\/\/secure.gravatar.com\/avatar\/4315d6fb9ef244d729989f5f90268eb08d5bf8a3d84402f595fa194bb35784fd?s=96&d=mm&r=g","caption":"David H\u00f8jmark"},"sameAs":["https:\/\/www.kunmedierne.dk"],"url":"https:\/\/kunmedierne.dk\/mors\/author\/david\/"}]}},"_links":{"self":[{"href":"https:\/\/kunmedierne.dk\/mors\/wp-json\/wp\/v2\/posts\/11523","targetHints":{"allow":["GET"]}}],"collection":[{"href":"https:\/\/kunmedierne.dk\/mors\/wp-json\/wp\/v2\/posts"}],"about":[{"href":"https:\/\/kunmedierne.dk\/mors\/wp-json\/wp\/v2\/types\/post"}],"author":[{"embeddable":true,"href":"https:\/\/kunmedierne.dk\/mors\/wp-json\/wp\/v2\/users\/8"}],"replies":[{"embeddable":true,"href":"https:\/\/kunmedierne.dk\/mors\/wp-json\/wp\/v2\/comments?post=11523"}],"version-history":[{"count":2,"href":"https:\/\/kunmedierne.dk\/mors\/wp-json\/wp\/v2\/posts\/11523\/revisions"}],"predecessor-version":[{"id":11806,"href":"https:\/\/kunmedierne.dk\/mors\/wp-json\/wp\/v2\/posts\/11523\/revisions\/11806"}],"wp:featuredmedia":[{"embeddable":true,"href":"https:\/\/kunmedierne.dk\/mors\/wp-json\/wp\/v2\/media\/11135"}],"wp:attachment":[{"href":"https:\/\/kunmedierne.dk\/mors\/wp-json\/wp\/v2\/media?parent=11523"}],"wp:term":[{"taxonomy":"category","embeddable":true,"href":"https:\/\/kunmedierne.dk\/mors\/wp-json\/wp\/v2\/categories?post=11523"},{"taxonomy":"post_tag","embeddable":true,"href":"https:\/\/kunmedierne.dk\/mors\/wp-json\/wp\/v2\/tags?post=11523"}],"curies":[{"name":"wp","href":"https:\/\/api.w.org\/{rel}","templated":true}]}}