{"id":114384,"date":"2024-03-20T17:14:42","date_gmt":"2024-03-20T16:14:42","guid":{"rendered":"https:\/\/kunmedierne.dk\/mors\/?p=114384"},"modified":"2024-08-12T13:10:35","modified_gmt":"2024-08-12T11:10:35","slug":"anke-af-dom-for-vold-paa-vaertshus","status":"publish","type":"post","link":"https:\/\/kunmedierne.dk\/mors\/anke-af-dom-for-vold-paa-vaertshus\/","title":{"rendered":"Anke af dom for vold p\u00e5 v\u00e6rtshus"},"content":{"rendered":"<p><strong>MORS\/THY\/SALLING:<\/strong> En episode fra en aften i november sidste \u00e5r, hvor et v\u00e6rtshusbes\u00f8g i Thisted eskalerede til vold mod en anden g\u00e6st, f\u00f8rer nu til en ankesag. If\u00f8lge de vidneudsagn, der blev fremlagt under retssagen ved Retten i Holstebro i januar, husker den 41-\u00e5rige tiltalte ikke meget fra h\u00e6ndelsen, men understreger, at han ikke \u00f8nskede at deltage i nogen form for slagsm\u00e5l.<\/p>\n<a class=\"dvrt-link\" onClick=\"cdmtrack_click(111725,jQuery(this));return false\" href=\"https:\/\/www.thistedforsikring.dk\/?utm_source=partnerskaber&amp;utm_campaign=kun_mors\"><img decoding=\"async\" style=\"width:100%;\" src=\"https:\/\/kunmedierne.dk\/mors\/wp-content\/uploads\/2024\/02\/269409KunMors-ThistedFor-1.png\"><\/a><script>cdmtrack_view(111725);<\/script>\n<p>Den forurettede, som ogs\u00e5 befandt sig p\u00e5 v\u00e6rtshuset, havde ingen intention om at indg\u00e5 i konflikt og var ikke bekendt med den tiltalte forud for episoden. Ikke desto mindre modtog han et slag i hovedet. Overv\u00e5gningsvideo fra stedet viser tydeligt, at den 41-\u00e5rige udf\u00f8rte slaget med sin n\u00e6ve, og en ansat p\u00e5 v\u00e6rtshuset bekr\u00e6ftede, at den tiltalte uforvarende slog, selvom hun fors\u00f8gte at intervenere.<\/p>\n<p>Under hensyntagen til tiltaltes tidligere domme, inden for lignende overtr\u00e6delser, besluttede retten at id\u00f8mme ham en straf p\u00e5 fire m\u00e5neders ubetinget f\u00e6ngsel. Denne straf inkluderer desuden en reststraf p\u00e5 41 dage fra en forudg\u00e5ende dom.<\/p>\n<p>Efter en periode med overvejelse, og inden for den lovm\u00e6ssige frist p\u00e5 to uger, valgte manden at anke byrettens dom til landsretten.<\/p>\n","protected":false},"excerpt":{"rendered":"<p>MORS\/THY\/SALLING: En episode fra en aften i november sidste \u00e5r, hvor et v\u00e6rtshusbes\u00f8g i Thisted eskalerede til vold mod en anden g\u00e6st, f\u00f8rer nu til en ankesag. If\u00f8lge de vidneudsagn, der blev fremlagt under retssagen ved Retten i Holstebro i januar, husker den 41-\u00e5rige tiltalte ikke meget fra h\u00e6ndelsen, men understreger, at han ikke \u00f8nskede [&hellip;]<\/p>\n","protected":false},"author":176,"featured_media":31365,"comment_status":"closed","ping_status":"open","sticky":false,"template":"","format":"standard","meta":{"_acf_changed":false,"footnotes":""},"categories":[54,51],"tags":[],"class_list":["post-114384","post","type-post","status-publish","format-standard","has-post-thumbnail","hentry","category-54","category-lokalt"],"acf":[],"yoast_head":"<!-- This site is optimized with the Yoast SEO plugin v26.8 - https:\/\/yoast.com\/product\/yoast-seo-wordpress\/ -->\n<title>Anke af dom for vold p\u00e5 v\u00e6rtshus - Mors<\/title>\n<meta name=\"robots\" content=\"index, follow, max-snippet:-1, max-image-preview:large, max-video-preview:-1\" \/>\n<link rel=\"canonical\" href=\"https:\/\/kunmedierne.dk\/mors\/anke-af-dom-for-vold-paa-vaertshus\/\" \/>\n<meta property=\"og:locale\" content=\"da_DK\" \/>\n<meta property=\"og:type\" content=\"article\" \/>\n<meta property=\"og:title\" content=\"Anke af dom for vold p\u00e5 v\u00e6rtshus - Mors\" \/>\n<meta property=\"og:description\" content=\"MORS\/THY\/SALLING: En episode fra en aften i november sidste \u00e5r, hvor et v\u00e6rtshusbes\u00f8g i Thisted eskalerede til vold mod en anden g\u00e6st, f\u00f8rer nu til en ankesag. If\u00f8lge de vidneudsagn, der blev fremlagt under retssagen ved Retten i Holstebro i januar, husker den 41-\u00e5rige tiltalte ikke meget fra h\u00e6ndelsen, men understreger, at han ikke \u00f8nskede [&hellip;]\" \/>\n<meta property=\"og:url\" content=\"https:\/\/kunmedierne.dk\/mors\/anke-af-dom-for-vold-paa-vaertshus\/\" \/>\n<meta property=\"og:site_name\" content=\"Mors\" \/>\n<meta property=\"article:published_time\" content=\"2024-03-20T16:14:42+00:00\" \/>\n<meta property=\"article:modified_time\" content=\"2024-08-12T11:10:35+00:00\" \/>\n<meta property=\"og:image\" content=\"https:\/\/kunmedierne.dk\/mors\/wp-content\/uploads\/2020\/09\/retten-i-holstebro2.jpg\" \/>\n\t<meta property=\"og:image:width\" content=\"770\" \/>\n\t<meta property=\"og:image:height\" content=\"513\" \/>\n\t<meta property=\"og:image:type\" content=\"image\/jpeg\" \/>\n<meta name=\"author\" content=\"Niels Hansen\" \/>\n<meta name=\"twitter:card\" content=\"summary_large_image\" \/>\n<meta name=\"twitter:label1\" content=\"Skrevet af\" \/>\n\t<meta name=\"twitter:data1\" content=\"Niels Hansen\" \/>\n\t<meta name=\"twitter:label2\" content=\"Estimeret l\u00e6setid\" \/>\n\t<meta name=\"twitter:data2\" content=\"2 minutter\" \/>\n<script type=\"application\/ld+json\" class=\"yoast-schema-graph\">{\"@context\":\"https:\/\/schema.org\",\"@graph\":[{\"@type\":\"Article\",\"@id\":\"https:\/\/kunmedierne.dk\/mors\/anke-af-dom-for-vold-paa-vaertshus\/#article\",\"isPartOf\":{\"@id\":\"https:\/\/kunmedierne.dk\/mors\/anke-af-dom-for-vold-paa-vaertshus\/\"},\"author\":{\"name\":\"Niels Hansen\",\"@id\":\"https:\/\/kunmedierne.dk\/mors\/#\/schema\/person\/09cc14cd371d523a3528ea9c4fda5254\"},\"headline\":\"Anke af dom for vold p\u00e5 v\u00e6rtshus\",\"datePublished\":\"2024-03-20T16:14:42+00:00\",\"dateModified\":\"2024-08-12T11:10:35+00:00\",\"mainEntityOfPage\":{\"@id\":\"https:\/\/kunmedierne.dk\/mors\/anke-af-dom-for-vold-paa-vaertshus\/\"},\"wordCount\":216,\"publisher\":{\"@id\":\"https:\/\/kunmedierne.dk\/mors\/#organization\"},\"image\":{\"@id\":\"https:\/\/kunmedierne.dk\/mors\/anke-af-dom-for-vold-paa-vaertshus\/#primaryimage\"},\"thumbnailUrl\":\"https:\/\/kunmedierne.dk\/mors\/wp-content\/uploads\/2020\/09\/retten-i-holstebro2.jpg\",\"articleSection\":[\"112\",\"Lokalt\"],\"inLanguage\":\"da-DK\"},{\"@type\":\"WebPage\",\"@id\":\"https:\/\/kunmedierne.dk\/mors\/anke-af-dom-for-vold-paa-vaertshus\/\",\"url\":\"https:\/\/kunmedierne.dk\/mors\/anke-af-dom-for-vold-paa-vaertshus\/\",\"name\":\"Anke af dom for vold p\u00e5 v\u00e6rtshus - Mors\",\"isPartOf\":{\"@id\":\"https:\/\/kunmedierne.dk\/mors\/#website\"},\"primaryImageOfPage\":{\"@id\":\"https:\/\/kunmedierne.dk\/mors\/anke-af-dom-for-vold-paa-vaertshus\/#primaryimage\"},\"image\":{\"@id\":\"https:\/\/kunmedierne.dk\/mors\/anke-af-dom-for-vold-paa-vaertshus\/#primaryimage\"},\"thumbnailUrl\":\"https:\/\/kunmedierne.dk\/mors\/wp-content\/uploads\/2020\/09\/retten-i-holstebro2.jpg\",\"datePublished\":\"2024-03-20T16:14:42+00:00\",\"dateModified\":\"2024-08-12T11:10:35+00:00\",\"breadcrumb\":{\"@id\":\"https:\/\/kunmedierne.dk\/mors\/anke-af-dom-for-vold-paa-vaertshus\/#breadcrumb\"},\"inLanguage\":\"da-DK\",\"potentialAction\":[{\"@type\":\"ReadAction\",\"target\":[\"https:\/\/kunmedierne.dk\/mors\/anke-af-dom-for-vold-paa-vaertshus\/\"]}]},{\"@type\":\"ImageObject\",\"inLanguage\":\"da-DK\",\"@id\":\"https:\/\/kunmedierne.dk\/mors\/anke-af-dom-for-vold-paa-vaertshus\/#primaryimage\",\"url\":\"https:\/\/kunmedierne.dk\/mors\/wp-content\/uploads\/2020\/09\/retten-i-holstebro2.jpg\",\"contentUrl\":\"https:\/\/kunmedierne.dk\/mors\/wp-content\/uploads\/2020\/09\/retten-i-holstebro2.jpg\",\"width\":770,\"height\":513,\"caption\":\"Retten i Holstebro. Foto: Retten i Holstebro\"},{\"@type\":\"BreadcrumbList\",\"@id\":\"https:\/\/kunmedierne.dk\/mors\/anke-af-dom-for-vold-paa-vaertshus\/#breadcrumb\",\"itemListElement\":[{\"@type\":\"ListItem\",\"position\":1,\"name\":\"Hjem\",\"item\":\"https:\/\/kunmedierne.dk\/mors\/\"},{\"@type\":\"ListItem\",\"position\":2,\"name\":\"Anke af dom for vold p\u00e5 v\u00e6rtshus\"}]},{\"@type\":\"WebSite\",\"@id\":\"https:\/\/kunmedierne.dk\/mors\/#website\",\"url\":\"https:\/\/kunmedierne.dk\/mors\/\",\"name\":\"Mors\",\"description\":\"et netmedie med journalistik om livet p\u00e5 Mors\",\"publisher\":{\"@id\":\"https:\/\/kunmedierne.dk\/mors\/#organization\"},\"potentialAction\":[{\"@type\":\"SearchAction\",\"target\":{\"@type\":\"EntryPoint\",\"urlTemplate\":\"https:\/\/kunmedierne.dk\/mors\/?s={search_term_string}\"},\"query-input\":{\"@type\":\"PropertyValueSpecification\",\"valueRequired\":true,\"valueName\":\"search_term_string\"}}],\"inLanguage\":\"da-DK\"},{\"@type\":\"Organization\",\"@id\":\"https:\/\/kunmedierne.dk\/mors\/#organization\",\"name\":\"Mors\",\"url\":\"https:\/\/kunmedierne.dk\/mors\/\",\"logo\":{\"@type\":\"ImageObject\",\"inLanguage\":\"da-DK\",\"@id\":\"https:\/\/kunmedierne.dk\/mors\/#\/schema\/logo\/image\/\",\"url\":\"https:\/\/kunmedierne.dk\/mors\/wp-content\/uploads\/2024\/08\/kunmors-logo.svg\",\"contentUrl\":\"https:\/\/kunmedierne.dk\/mors\/wp-content\/uploads\/2024\/08\/kunmors-logo.svg\",\"caption\":\"Mors\"},\"image\":{\"@id\":\"https:\/\/kunmedierne.dk\/mors\/#\/schema\/logo\/image\/\"}},{\"@type\":\"Person\",\"@id\":\"https:\/\/kunmedierne.dk\/mors\/#\/schema\/person\/09cc14cd371d523a3528ea9c4fda5254\",\"name\":\"Niels Hansen\",\"image\":{\"@type\":\"ImageObject\",\"inLanguage\":\"da-DK\",\"@id\":\"https:\/\/kunmedierne.dk\/mors\/#\/schema\/person\/image\/\",\"url\":\"https:\/\/secure.gravatar.com\/avatar\/568e84d860856800f9f57c56a1d8280df5422f50943b8f79fd25417a3720af53?s=96&d=mm&r=g\",\"contentUrl\":\"https:\/\/secure.gravatar.com\/avatar\/568e84d860856800f9f57c56a1d8280df5422f50943b8f79fd25417a3720af53?s=96&d=mm&r=g\",\"caption\":\"Niels Hansen\"},\"url\":\"https:\/\/kunmedierne.dk\/mors\/author\/niels-hansen\/\"}]}<\/script>\n<!-- \/ Yoast SEO plugin. -->","yoast_head_json":{"title":"Anke af dom for vold p\u00e5 v\u00e6rtshus - Mors","robots":{"index":"index","follow":"follow","max-snippet":"max-snippet:-1","max-image-preview":"max-image-preview:large","max-video-preview":"max-video-preview:-1"},"canonical":"https:\/\/kunmedierne.dk\/mors\/anke-af-dom-for-vold-paa-vaertshus\/","og_locale":"da_DK","og_type":"article","og_title":"Anke af dom for vold p\u00e5 v\u00e6rtshus - Mors","og_description":"MORS\/THY\/SALLING: En episode fra en aften i november sidste \u00e5r, hvor et v\u00e6rtshusbes\u00f8g i Thisted eskalerede til vold mod en anden g\u00e6st, f\u00f8rer nu til en ankesag. If\u00f8lge de vidneudsagn, der blev fremlagt under retssagen ved Retten i Holstebro i januar, husker den 41-\u00e5rige tiltalte ikke meget fra h\u00e6ndelsen, men understreger, at han ikke \u00f8nskede [&hellip;]","og_url":"https:\/\/kunmedierne.dk\/mors\/anke-af-dom-for-vold-paa-vaertshus\/","og_site_name":"Mors","article_published_time":"2024-03-20T16:14:42+00:00","article_modified_time":"2024-08-12T11:10:35+00:00","og_image":[{"width":770,"height":513,"url":"https:\/\/kunmedierne.dk\/mors\/wp-content\/uploads\/2020\/09\/retten-i-holstebro2.jpg","type":"image\/jpeg"}],"author":"Niels Hansen","twitter_card":"summary_large_image","twitter_misc":{"Skrevet af":"Niels Hansen","Estimeret l\u00e6setid":"2 minutter"},"schema":{"@context":"https:\/\/schema.org","@graph":[{"@type":"Article","@id":"https:\/\/kunmedierne.dk\/mors\/anke-af-dom-for-vold-paa-vaertshus\/#article","isPartOf":{"@id":"https:\/\/kunmedierne.dk\/mors\/anke-af-dom-for-vold-paa-vaertshus\/"},"author":{"name":"Niels Hansen","@id":"https:\/\/kunmedierne.dk\/mors\/#\/schema\/person\/09cc14cd371d523a3528ea9c4fda5254"},"headline":"Anke af dom for vold p\u00e5 v\u00e6rtshus","datePublished":"2024-03-20T16:14:42+00:00","dateModified":"2024-08-12T11:10:35+00:00","mainEntityOfPage":{"@id":"https:\/\/kunmedierne.dk\/mors\/anke-af-dom-for-vold-paa-vaertshus\/"},"wordCount":216,"publisher":{"@id":"https:\/\/kunmedierne.dk\/mors\/#organization"},"image":{"@id":"https:\/\/kunmedierne.dk\/mors\/anke-af-dom-for-vold-paa-vaertshus\/#primaryimage"},"thumbnailUrl":"https:\/\/kunmedierne.dk\/mors\/wp-content\/uploads\/2020\/09\/retten-i-holstebro2.jpg","articleSection":["112","Lokalt"],"inLanguage":"da-DK"},{"@type":"WebPage","@id":"https:\/\/kunmedierne.dk\/mors\/anke-af-dom-for-vold-paa-vaertshus\/","url":"https:\/\/kunmedierne.dk\/mors\/anke-af-dom-for-vold-paa-vaertshus\/","name":"Anke af dom for vold p\u00e5 v\u00e6rtshus - Mors","isPartOf":{"@id":"https:\/\/kunmedierne.dk\/mors\/#website"},"primaryImageOfPage":{"@id":"https:\/\/kunmedierne.dk\/mors\/anke-af-dom-for-vold-paa-vaertshus\/#primaryimage"},"image":{"@id":"https:\/\/kunmedierne.dk\/mors\/anke-af-dom-for-vold-paa-vaertshus\/#primaryimage"},"thumbnailUrl":"https:\/\/kunmedierne.dk\/mors\/wp-content\/uploads\/2020\/09\/retten-i-holstebro2.jpg","datePublished":"2024-03-20T16:14:42+00:00","dateModified":"2024-08-12T11:10:35+00:00","breadcrumb":{"@id":"https:\/\/kunmedierne.dk\/mors\/anke-af-dom-for-vold-paa-vaertshus\/#breadcrumb"},"inLanguage":"da-DK","potentialAction":[{"@type":"ReadAction","target":["https:\/\/kunmedierne.dk\/mors\/anke-af-dom-for-vold-paa-vaertshus\/"]}]},{"@type":"ImageObject","inLanguage":"da-DK","@id":"https:\/\/kunmedierne.dk\/mors\/anke-af-dom-for-vold-paa-vaertshus\/#primaryimage","url":"https:\/\/kunmedierne.dk\/mors\/wp-content\/uploads\/2020\/09\/retten-i-holstebro2.jpg","contentUrl":"https:\/\/kunmedierne.dk\/mors\/wp-content\/uploads\/2020\/09\/retten-i-holstebro2.jpg","width":770,"height":513,"caption":"Retten i Holstebro. Foto: Retten i Holstebro"},{"@type":"BreadcrumbList","@id":"https:\/\/kunmedierne.dk\/mors\/anke-af-dom-for-vold-paa-vaertshus\/#breadcrumb","itemListElement":[{"@type":"ListItem","position":1,"name":"Hjem","item":"https:\/\/kunmedierne.dk\/mors\/"},{"@type":"ListItem","position":2,"name":"Anke af dom for vold p\u00e5 v\u00e6rtshus"}]},{"@type":"WebSite","@id":"https:\/\/kunmedierne.dk\/mors\/#website","url":"https:\/\/kunmedierne.dk\/mors\/","name":"Mors","description":"et netmedie med journalistik om livet p\u00e5 Mors","publisher":{"@id":"https:\/\/kunmedierne.dk\/mors\/#organization"},"potentialAction":[{"@type":"SearchAction","target":{"@type":"EntryPoint","urlTemplate":"https:\/\/kunmedierne.dk\/mors\/?s={search_term_string}"},"query-input":{"@type":"PropertyValueSpecification","valueRequired":true,"valueName":"search_term_string"}}],"inLanguage":"da-DK"},{"@type":"Organization","@id":"https:\/\/kunmedierne.dk\/mors\/#organization","name":"Mors","url":"https:\/\/kunmedierne.dk\/mors\/","logo":{"@type":"ImageObject","inLanguage":"da-DK","@id":"https:\/\/kunmedierne.dk\/mors\/#\/schema\/logo\/image\/","url":"https:\/\/kunmedierne.dk\/mors\/wp-content\/uploads\/2024\/08\/kunmors-logo.svg","contentUrl":"https:\/\/kunmedierne.dk\/mors\/wp-content\/uploads\/2024\/08\/kunmors-logo.svg","caption":"Mors"},"image":{"@id":"https:\/\/kunmedierne.dk\/mors\/#\/schema\/logo\/image\/"}},{"@type":"Person","@id":"https:\/\/kunmedierne.dk\/mors\/#\/schema\/person\/09cc14cd371d523a3528ea9c4fda5254","name":"Niels Hansen","image":{"@type":"ImageObject","inLanguage":"da-DK","@id":"https:\/\/kunmedierne.dk\/mors\/#\/schema\/person\/image\/","url":"https:\/\/secure.gravatar.com\/avatar\/568e84d860856800f9f57c56a1d8280df5422f50943b8f79fd25417a3720af53?s=96&d=mm&r=g","contentUrl":"https:\/\/secure.gravatar.com\/avatar\/568e84d860856800f9f57c56a1d8280df5422f50943b8f79fd25417a3720af53?s=96&d=mm&r=g","caption":"Niels Hansen"},"url":"https:\/\/kunmedierne.dk\/mors\/author\/niels-hansen\/"}]}},"_links":{"self":[{"href":"https:\/\/kunmedierne.dk\/mors\/wp-json\/wp\/v2\/posts\/114384","targetHints":{"allow":["GET"]}}],"collection":[{"href":"https:\/\/kunmedierne.dk\/mors\/wp-json\/wp\/v2\/posts"}],"about":[{"href":"https:\/\/kunmedierne.dk\/mors\/wp-json\/wp\/v2\/types\/post"}],"author":[{"embeddable":true,"href":"https:\/\/kunmedierne.dk\/mors\/wp-json\/wp\/v2\/users\/176"}],"replies":[{"embeddable":true,"href":"https:\/\/kunmedierne.dk\/mors\/wp-json\/wp\/v2\/comments?post=114384"}],"version-history":[{"count":3,"href":"https:\/\/kunmedierne.dk\/mors\/wp-json\/wp\/v2\/posts\/114384\/revisions"}],"predecessor-version":[{"id":114607,"href":"https:\/\/kunmedierne.dk\/mors\/wp-json\/wp\/v2\/posts\/114384\/revisions\/114607"}],"wp:featuredmedia":[{"embeddable":true,"href":"https:\/\/kunmedierne.dk\/mors\/wp-json\/wp\/v2\/media\/31365"}],"wp:attachment":[{"href":"https:\/\/kunmedierne.dk\/mors\/wp-json\/wp\/v2\/media?parent=114384"}],"wp:term":[{"taxonomy":"category","embeddable":true,"href":"https:\/\/kunmedierne.dk\/mors\/wp-json\/wp\/v2\/categories?post=114384"},{"taxonomy":"post_tag","embeddable":true,"href":"https:\/\/kunmedierne.dk\/mors\/wp-json\/wp\/v2\/tags?post=114384"}],"curies":[{"name":"wp","href":"https:\/\/api.w.org\/{rel}","templated":true}]}}