{"id":11396,"date":"2020-03-06T09:56:53","date_gmt":"2020-03-06T08:56:53","guid":{"rendered":"https:\/\/kunmedierne.dk\/mors\/?p=11396"},"modified":"2024-08-12T14:06:23","modified_gmt":"2024-08-12T12:06:23","slug":"erling-have-ny-formand-for-morsoe-folkeuniversitet","status":"publish","type":"post","link":"https:\/\/kunmedierne.dk\/mors\/erling-have-ny-formand-for-morsoe-folkeuniversitet\/","title":{"rendered":"Erling Have ny formand for Mors\u00f8 Folkeuniversitet"},"content":{"rendered":"<p><em>Fra <a href=\"https:\/\/www.facebook.com\/fumors\/\" target=\"_blank\" rel=\"noopener noreferrer\">Mors\u00f8 Folkeuniversitet<\/a> har vi modtaget:<\/em><\/p>\n<hr \/>\n<p><strong>NYK\u00d8BING<\/strong>: P\u00e5 seneste generalforsamling for Folkeuniversitet valgtes Erling Have som ny formand for Folkeuniversitet p\u00e5 Mors. P\u00e5 generalforsamlingen indtr\u00e5dte endvidere tre nye medlemmer i bestyrelsen, som nu best\u00e5r af Erling Have, formand, Peder Hald Pedersen, n\u00e6stformand, Ulla Andersen, formand for Historisk Forening p\u00e5 Mors, Niels Otto Degn og Martin Horsted.<\/p>\n<p>Folkeuniversitets form\u00e5l er at tilbyde foredrag, der udbreder kendskabet til forskningens metoder og resultater p\u00e5 en seri\u00f8s og sp\u00e6ndende m\u00e5de.<\/p>\n<p>Folkeuniversitet l\u00e6gger v\u00e6gt p\u00e5 at formidle viden og forskningsresultater og perspektiver p\u00e5 en m\u00e5de som er sp\u00e6ndende for alle, samtidig med at den faglige l\u00f8dighed bevares. Folkeuniversitetet samarbejder her med en r\u00e6kke organisationer og kulturinstitutioner.<\/p>\n<p>I for\u00e5ret 2020 har Folkeuniversitetet f\u00f8lgende arrangementer:<\/p>\n<p>28. marts kl. 14-16 i St\u00f8berisalen: Foredraget &#8220;Livtag med Janteloven&#8221;. Foredragsholder: Erik Linds\u00f8, forfatter og foredragsholder. I samarbejde med Aksel Sandemose Selskabet.<\/p>\n<p>6. maj kl. 19.30 St\u00f8berisalen: Foredraget &#8220;F\u00f8r og efter genforeningen.&#8221; Foredragsholder: Henrik Becker-Christensen, tidligere generalkonsul i Flensburg. I samarbejde med Historisk Forening.<\/p>\n<p>27. maj kl. 19 i m\u00f8delokale 3, Holgersgade 7: Foredraget &#8220;Ejendomshistorie 1844 &#8211; omkr. 1930&#8221;. Foredragsholder: arkitekt Jens Aaberg. I samarbejde med Mors\u00f8 Sl\u00e6gtshistoriske Forening.<\/p>\n<p>I efter\u00e5ret 2020 planl\u00e6gger Folkeuniversitetet p\u00e5 Mors seks nye sp\u00e6ndende tilbud om foredrag.<\/p>\n<p>Sp\u00f8rgsm\u00e5l om Folkeuniversitetet p\u00e5 Mors kan rettes til formand Erling Have, mobilnummer 5151 8774 eller e-mail erlinghave@gmail.com.<\/p>\n<hr \/>\n<p><em>KunMors stiller en hel sektion med titlen Fritid til r\u00e5dighed for \u00f8ens foreninger og haller\/fritidscentre. Alle har mulighed for at f\u00e5 publiceret \u00e9n gratis tekst inden for samme kalenderm\u00e5ned om for eksempel livet i foreningen eller kommende tiltag.<\/em><\/p>\n<p><em>Send indl\u00e6g (max 6000 anslag) til KunMors p\u00e5 e-mail: fritid@kunmedierne.dk\/mors. S\u00e5 bringer vi det en af de f\u00f8lgende dage efter modtagelse. Vi p\u00e5tager os ikke at l\u00e6se korrektur p\u00e5 modtaget materiale, s\u00e5 husk at g\u00f8re det selv eller f\u00e5 andre til det.<\/em><\/p>\n<p><em>NB: Indkaldelse til generalforsamling optages kun som annonce.<\/em><\/p>\n","protected":false},"excerpt":{"rendered":"<p>Fra Mors\u00f8 Folkeuniversitet har vi modtaget: NYK\u00d8BING: P\u00e5 seneste generalforsamling for Folkeuniversitet valgtes Erling Have som ny formand for Folkeuniversitet p\u00e5 Mors. P\u00e5 generalforsamlingen indtr\u00e5dte endvidere tre nye medlemmer i bestyrelsen, som nu best\u00e5r af Erling Have, formand, Peder Hald Pedersen, n\u00e6stformand, Ulla Andersen, formand for Historisk Forening p\u00e5 Mors, Niels Otto Degn og Martin [&hellip;]<\/p>\n","protected":false},"author":747,"featured_media":11399,"comment_status":"open","ping_status":"open","sticky":false,"template":"","format":"standard","meta":{"_acf_changed":false,"footnotes":""},"categories":[51],"tags":[196],"class_list":["post-11396","post","type-post","status-publish","format-standard","has-post-thumbnail","hentry","category-lokalt","tag-foreningsliv"],"acf":[],"yoast_head":"<!-- This site is optimized with the Yoast SEO plugin v26.8 - https:\/\/yoast.com\/product\/yoast-seo-wordpress\/ -->\n<title>Erling Have ny formand for Mors\u00f8 Folkeuniversitet - Mors<\/title>\n<meta name=\"robots\" content=\"index, follow, max-snippet:-1, max-image-preview:large, max-video-preview:-1\" \/>\n<link rel=\"canonical\" href=\"https:\/\/kunmedierne.dk\/mors\/erling-have-ny-formand-for-morsoe-folkeuniversitet\/\" \/>\n<meta property=\"og:locale\" content=\"da_DK\" \/>\n<meta property=\"og:type\" content=\"article\" \/>\n<meta property=\"og:title\" content=\"Erling Have ny formand for Mors\u00f8 Folkeuniversitet - Mors\" \/>\n<meta property=\"og:description\" content=\"Fra Mors\u00f8 Folkeuniversitet har vi modtaget: NYK\u00d8BING: P\u00e5 seneste generalforsamling for Folkeuniversitet valgtes Erling Have som ny formand for Folkeuniversitet p\u00e5 Mors. P\u00e5 generalforsamlingen indtr\u00e5dte endvidere tre nye medlemmer i bestyrelsen, som nu best\u00e5r af Erling Have, formand, Peder Hald Pedersen, n\u00e6stformand, Ulla Andersen, formand for Historisk Forening p\u00e5 Mors, Niels Otto Degn og Martin [&hellip;]\" \/>\n<meta property=\"og:url\" content=\"https:\/\/kunmedierne.dk\/mors\/erling-have-ny-formand-for-morsoe-folkeuniversitet\/\" \/>\n<meta property=\"og:site_name\" content=\"Mors\" \/>\n<meta property=\"article:published_time\" content=\"2020-03-06T08:56:53+00:00\" \/>\n<meta property=\"article:modified_time\" content=\"2024-08-12T12:06:23+00:00\" \/>\n<meta property=\"og:image\" content=\"https:\/\/kunmedierne.dk\/mors\/wp-content\/uploads\/2020\/03\/200306-mors\u00f8-folkeuniversitet.jpg\" \/>\n\t<meta property=\"og:image:width\" content=\"770\" \/>\n\t<meta property=\"og:image:height\" content=\"513\" \/>\n\t<meta property=\"og:image:type\" content=\"image\/jpeg\" \/>\n<meta name=\"author\" content=\"Redaktion\" \/>\n<meta name=\"twitter:card\" content=\"summary_large_image\" \/>\n<meta name=\"twitter:label1\" content=\"Skrevet af\" \/>\n\t<meta name=\"twitter:data1\" content=\"Redaktion\" \/>\n\t<meta name=\"twitter:label2\" content=\"Estimeret l\u00e6setid\" \/>\n\t<meta name=\"twitter:data2\" content=\"2 minutter\" \/>\n<script type=\"application\/ld+json\" class=\"yoast-schema-graph\">{\"@context\":\"https:\/\/schema.org\",\"@graph\":[{\"@type\":\"Article\",\"@id\":\"https:\/\/kunmedierne.dk\/mors\/erling-have-ny-formand-for-morsoe-folkeuniversitet\/#article\",\"isPartOf\":{\"@id\":\"https:\/\/kunmedierne.dk\/mors\/erling-have-ny-formand-for-morsoe-folkeuniversitet\/\"},\"author\":{\"name\":\"Redaktion\",\"@id\":\"https:\/\/kunmedierne.dk\/mors\/#\/schema\/person\/23238f24c03ec888fff51102de5a585f\"},\"headline\":\"Erling Have ny formand for Mors\u00f8 Folkeuniversitet\",\"datePublished\":\"2020-03-06T08:56:53+00:00\",\"dateModified\":\"2024-08-12T12:06:23+00:00\",\"mainEntityOfPage\":{\"@id\":\"https:\/\/kunmedierne.dk\/mors\/erling-have-ny-formand-for-morsoe-folkeuniversitet\/\"},\"wordCount\":337,\"commentCount\":0,\"publisher\":{\"@id\":\"https:\/\/kunmedierne.dk\/mors\/#organization\"},\"image\":{\"@id\":\"https:\/\/kunmedierne.dk\/mors\/erling-have-ny-formand-for-morsoe-folkeuniversitet\/#primaryimage\"},\"thumbnailUrl\":\"https:\/\/kunmedierne.dk\/mors\/wp-content\/uploads\/2020\/03\/200306-mors\u00f8-folkeuniversitet.jpg\",\"keywords\":[\"Foreningsliv\"],\"articleSection\":[\"Lokalt\"],\"inLanguage\":\"da-DK\",\"potentialAction\":[{\"@type\":\"CommentAction\",\"name\":\"Comment\",\"target\":[\"https:\/\/kunmedierne.dk\/mors\/erling-have-ny-formand-for-morsoe-folkeuniversitet\/#respond\"]}]},{\"@type\":\"WebPage\",\"@id\":\"https:\/\/kunmedierne.dk\/mors\/erling-have-ny-formand-for-morsoe-folkeuniversitet\/\",\"url\":\"https:\/\/kunmedierne.dk\/mors\/erling-have-ny-formand-for-morsoe-folkeuniversitet\/\",\"name\":\"Erling Have ny formand for Mors\u00f8 Folkeuniversitet - Mors\",\"isPartOf\":{\"@id\":\"https:\/\/kunmedierne.dk\/mors\/#website\"},\"primaryImageOfPage\":{\"@id\":\"https:\/\/kunmedierne.dk\/mors\/erling-have-ny-formand-for-morsoe-folkeuniversitet\/#primaryimage\"},\"image\":{\"@id\":\"https:\/\/kunmedierne.dk\/mors\/erling-have-ny-formand-for-morsoe-folkeuniversitet\/#primaryimage\"},\"thumbnailUrl\":\"https:\/\/kunmedierne.dk\/mors\/wp-content\/uploads\/2020\/03\/200306-mors\u00f8-folkeuniversitet.jpg\",\"datePublished\":\"2020-03-06T08:56:53+00:00\",\"dateModified\":\"2024-08-12T12:06:23+00:00\",\"breadcrumb\":{\"@id\":\"https:\/\/kunmedierne.dk\/mors\/erling-have-ny-formand-for-morsoe-folkeuniversitet\/#breadcrumb\"},\"inLanguage\":\"da-DK\",\"potentialAction\":[{\"@type\":\"ReadAction\",\"target\":[\"https:\/\/kunmedierne.dk\/mors\/erling-have-ny-formand-for-morsoe-folkeuniversitet\/\"]}]},{\"@type\":\"ImageObject\",\"inLanguage\":\"da-DK\",\"@id\":\"https:\/\/kunmedierne.dk\/mors\/erling-have-ny-formand-for-morsoe-folkeuniversitet\/#primaryimage\",\"url\":\"https:\/\/kunmedierne.dk\/mors\/wp-content\/uploads\/2020\/03\/200306-mors\u00f8-folkeuniversitet.jpg\",\"contentUrl\":\"https:\/\/kunmedierne.dk\/mors\/wp-content\/uploads\/2020\/03\/200306-mors\u00f8-folkeuniversitet.jpg\",\"width\":770,\"height\":513,\"caption\":\"Mors\u00f8 Folkeuniversitet har sp\u00e6ndende foredrag p\u00e5 programmet. Foto: Mors\u00f8 Folkeuniversitet.\"},{\"@type\":\"BreadcrumbList\",\"@id\":\"https:\/\/kunmedierne.dk\/mors\/erling-have-ny-formand-for-morsoe-folkeuniversitet\/#breadcrumb\",\"itemListElement\":[{\"@type\":\"ListItem\",\"position\":1,\"name\":\"Hjem\",\"item\":\"https:\/\/kunmedierne.dk\/mors\/\"},{\"@type\":\"ListItem\",\"position\":2,\"name\":\"Erling Have ny formand for Mors\u00f8 Folkeuniversitet\"}]},{\"@type\":\"WebSite\",\"@id\":\"https:\/\/kunmedierne.dk\/mors\/#website\",\"url\":\"https:\/\/kunmedierne.dk\/mors\/\",\"name\":\"Mors\",\"description\":\"et netmedie med journalistik om livet p\u00e5 Mors\",\"publisher\":{\"@id\":\"https:\/\/kunmedierne.dk\/mors\/#organization\"},\"potentialAction\":[{\"@type\":\"SearchAction\",\"target\":{\"@type\":\"EntryPoint\",\"urlTemplate\":\"https:\/\/kunmedierne.dk\/mors\/?s={search_term_string}\"},\"query-input\":{\"@type\":\"PropertyValueSpecification\",\"valueRequired\":true,\"valueName\":\"search_term_string\"}}],\"inLanguage\":\"da-DK\"},{\"@type\":\"Organization\",\"@id\":\"https:\/\/kunmedierne.dk\/mors\/#organization\",\"name\":\"Mors\",\"url\":\"https:\/\/kunmedierne.dk\/mors\/\",\"logo\":{\"@type\":\"ImageObject\",\"inLanguage\":\"da-DK\",\"@id\":\"https:\/\/kunmedierne.dk\/mors\/#\/schema\/logo\/image\/\",\"url\":\"https:\/\/kunmedierne.dk\/mors\/wp-content\/uploads\/2024\/08\/kunmors-logo.svg\",\"contentUrl\":\"https:\/\/kunmedierne.dk\/mors\/wp-content\/uploads\/2024\/08\/kunmors-logo.svg\",\"caption\":\"Mors\"},\"image\":{\"@id\":\"https:\/\/kunmedierne.dk\/mors\/#\/schema\/logo\/image\/\"}},{\"@type\":\"Person\",\"@id\":\"https:\/\/kunmedierne.dk\/mors\/#\/schema\/person\/23238f24c03ec888fff51102de5a585f\",\"name\":\"Redaktion\",\"image\":{\"@type\":\"ImageObject\",\"inLanguage\":\"da-DK\",\"@id\":\"https:\/\/kunmedierne.dk\/mors\/#\/schema\/person\/image\/\",\"url\":\"https:\/\/secure.gravatar.com\/avatar\/690249c43fd60787b97b93384a212aafd43f4087384fe866ff6bcd15574fdf55?s=96&d=mm&r=g\",\"contentUrl\":\"https:\/\/secure.gravatar.com\/avatar\/690249c43fd60787b97b93384a212aafd43f4087384fe866ff6bcd15574fdf55?s=96&d=mm&r=g\",\"caption\":\"Redaktion\"},\"url\":\"https:\/\/kunmedierne.dk\/mors\/author\/redaktion\/\"}]}<\/script>\n<!-- \/ Yoast SEO plugin. -->","yoast_head_json":{"title":"Erling Have ny formand for Mors\u00f8 Folkeuniversitet - Mors","robots":{"index":"index","follow":"follow","max-snippet":"max-snippet:-1","max-image-preview":"max-image-preview:large","max-video-preview":"max-video-preview:-1"},"canonical":"https:\/\/kunmedierne.dk\/mors\/erling-have-ny-formand-for-morsoe-folkeuniversitet\/","og_locale":"da_DK","og_type":"article","og_title":"Erling Have ny formand for Mors\u00f8 Folkeuniversitet - Mors","og_description":"Fra Mors\u00f8 Folkeuniversitet har vi modtaget: NYK\u00d8BING: P\u00e5 seneste generalforsamling for Folkeuniversitet valgtes Erling Have som ny formand for Folkeuniversitet p\u00e5 Mors. P\u00e5 generalforsamlingen indtr\u00e5dte endvidere tre nye medlemmer i bestyrelsen, som nu best\u00e5r af Erling Have, formand, Peder Hald Pedersen, n\u00e6stformand, Ulla Andersen, formand for Historisk Forening p\u00e5 Mors, Niels Otto Degn og Martin [&hellip;]","og_url":"https:\/\/kunmedierne.dk\/mors\/erling-have-ny-formand-for-morsoe-folkeuniversitet\/","og_site_name":"Mors","article_published_time":"2020-03-06T08:56:53+00:00","article_modified_time":"2024-08-12T12:06:23+00:00","og_image":[{"width":770,"height":513,"url":"https:\/\/kunmedierne.dk\/mors\/wp-content\/uploads\/2020\/03\/200306-mors\u00f8-folkeuniversitet.jpg","type":"image\/jpeg"}],"author":"Redaktion","twitter_card":"summary_large_image","twitter_misc":{"Skrevet af":"Redaktion","Estimeret l\u00e6setid":"2 minutter"},"schema":{"@context":"https:\/\/schema.org","@graph":[{"@type":"Article","@id":"https:\/\/kunmedierne.dk\/mors\/erling-have-ny-formand-for-morsoe-folkeuniversitet\/#article","isPartOf":{"@id":"https:\/\/kunmedierne.dk\/mors\/erling-have-ny-formand-for-morsoe-folkeuniversitet\/"},"author":{"name":"Redaktion","@id":"https:\/\/kunmedierne.dk\/mors\/#\/schema\/person\/23238f24c03ec888fff51102de5a585f"},"headline":"Erling Have ny formand for Mors\u00f8 Folkeuniversitet","datePublished":"2020-03-06T08:56:53+00:00","dateModified":"2024-08-12T12:06:23+00:00","mainEntityOfPage":{"@id":"https:\/\/kunmedierne.dk\/mors\/erling-have-ny-formand-for-morsoe-folkeuniversitet\/"},"wordCount":337,"commentCount":0,"publisher":{"@id":"https:\/\/kunmedierne.dk\/mors\/#organization"},"image":{"@id":"https:\/\/kunmedierne.dk\/mors\/erling-have-ny-formand-for-morsoe-folkeuniversitet\/#primaryimage"},"thumbnailUrl":"https:\/\/kunmedierne.dk\/mors\/wp-content\/uploads\/2020\/03\/200306-mors\u00f8-folkeuniversitet.jpg","keywords":["Foreningsliv"],"articleSection":["Lokalt"],"inLanguage":"da-DK","potentialAction":[{"@type":"CommentAction","name":"Comment","target":["https:\/\/kunmedierne.dk\/mors\/erling-have-ny-formand-for-morsoe-folkeuniversitet\/#respond"]}]},{"@type":"WebPage","@id":"https:\/\/kunmedierne.dk\/mors\/erling-have-ny-formand-for-morsoe-folkeuniversitet\/","url":"https:\/\/kunmedierne.dk\/mors\/erling-have-ny-formand-for-morsoe-folkeuniversitet\/","name":"Erling Have ny formand for Mors\u00f8 Folkeuniversitet - Mors","isPartOf":{"@id":"https:\/\/kunmedierne.dk\/mors\/#website"},"primaryImageOfPage":{"@id":"https:\/\/kunmedierne.dk\/mors\/erling-have-ny-formand-for-morsoe-folkeuniversitet\/#primaryimage"},"image":{"@id":"https:\/\/kunmedierne.dk\/mors\/erling-have-ny-formand-for-morsoe-folkeuniversitet\/#primaryimage"},"thumbnailUrl":"https:\/\/kunmedierne.dk\/mors\/wp-content\/uploads\/2020\/03\/200306-mors\u00f8-folkeuniversitet.jpg","datePublished":"2020-03-06T08:56:53+00:00","dateModified":"2024-08-12T12:06:23+00:00","breadcrumb":{"@id":"https:\/\/kunmedierne.dk\/mors\/erling-have-ny-formand-for-morsoe-folkeuniversitet\/#breadcrumb"},"inLanguage":"da-DK","potentialAction":[{"@type":"ReadAction","target":["https:\/\/kunmedierne.dk\/mors\/erling-have-ny-formand-for-morsoe-folkeuniversitet\/"]}]},{"@type":"ImageObject","inLanguage":"da-DK","@id":"https:\/\/kunmedierne.dk\/mors\/erling-have-ny-formand-for-morsoe-folkeuniversitet\/#primaryimage","url":"https:\/\/kunmedierne.dk\/mors\/wp-content\/uploads\/2020\/03\/200306-mors\u00f8-folkeuniversitet.jpg","contentUrl":"https:\/\/kunmedierne.dk\/mors\/wp-content\/uploads\/2020\/03\/200306-mors\u00f8-folkeuniversitet.jpg","width":770,"height":513,"caption":"Mors\u00f8 Folkeuniversitet har sp\u00e6ndende foredrag p\u00e5 programmet. Foto: Mors\u00f8 Folkeuniversitet."},{"@type":"BreadcrumbList","@id":"https:\/\/kunmedierne.dk\/mors\/erling-have-ny-formand-for-morsoe-folkeuniversitet\/#breadcrumb","itemListElement":[{"@type":"ListItem","position":1,"name":"Hjem","item":"https:\/\/kunmedierne.dk\/mors\/"},{"@type":"ListItem","position":2,"name":"Erling Have ny formand for Mors\u00f8 Folkeuniversitet"}]},{"@type":"WebSite","@id":"https:\/\/kunmedierne.dk\/mors\/#website","url":"https:\/\/kunmedierne.dk\/mors\/","name":"Mors","description":"et netmedie med journalistik om livet p\u00e5 Mors","publisher":{"@id":"https:\/\/kunmedierne.dk\/mors\/#organization"},"potentialAction":[{"@type":"SearchAction","target":{"@type":"EntryPoint","urlTemplate":"https:\/\/kunmedierne.dk\/mors\/?s={search_term_string}"},"query-input":{"@type":"PropertyValueSpecification","valueRequired":true,"valueName":"search_term_string"}}],"inLanguage":"da-DK"},{"@type":"Organization","@id":"https:\/\/kunmedierne.dk\/mors\/#organization","name":"Mors","url":"https:\/\/kunmedierne.dk\/mors\/","logo":{"@type":"ImageObject","inLanguage":"da-DK","@id":"https:\/\/kunmedierne.dk\/mors\/#\/schema\/logo\/image\/","url":"https:\/\/kunmedierne.dk\/mors\/wp-content\/uploads\/2024\/08\/kunmors-logo.svg","contentUrl":"https:\/\/kunmedierne.dk\/mors\/wp-content\/uploads\/2024\/08\/kunmors-logo.svg","caption":"Mors"},"image":{"@id":"https:\/\/kunmedierne.dk\/mors\/#\/schema\/logo\/image\/"}},{"@type":"Person","@id":"https:\/\/kunmedierne.dk\/mors\/#\/schema\/person\/23238f24c03ec888fff51102de5a585f","name":"Redaktion","image":{"@type":"ImageObject","inLanguage":"da-DK","@id":"https:\/\/kunmedierne.dk\/mors\/#\/schema\/person\/image\/","url":"https:\/\/secure.gravatar.com\/avatar\/690249c43fd60787b97b93384a212aafd43f4087384fe866ff6bcd15574fdf55?s=96&d=mm&r=g","contentUrl":"https:\/\/secure.gravatar.com\/avatar\/690249c43fd60787b97b93384a212aafd43f4087384fe866ff6bcd15574fdf55?s=96&d=mm&r=g","caption":"Redaktion"},"url":"https:\/\/kunmedierne.dk\/mors\/author\/redaktion\/"}]}},"_links":{"self":[{"href":"https:\/\/kunmedierne.dk\/mors\/wp-json\/wp\/v2\/posts\/11396","targetHints":{"allow":["GET"]}}],"collection":[{"href":"https:\/\/kunmedierne.dk\/mors\/wp-json\/wp\/v2\/posts"}],"about":[{"href":"https:\/\/kunmedierne.dk\/mors\/wp-json\/wp\/v2\/types\/post"}],"author":[{"embeddable":true,"href":"https:\/\/kunmedierne.dk\/mors\/wp-json\/wp\/v2\/users\/747"}],"replies":[{"embeddable":true,"href":"https:\/\/kunmedierne.dk\/mors\/wp-json\/wp\/v2\/comments?post=11396"}],"version-history":[{"count":4,"href":"https:\/\/kunmedierne.dk\/mors\/wp-json\/wp\/v2\/posts\/11396\/revisions"}],"predecessor-version":[{"id":11411,"href":"https:\/\/kunmedierne.dk\/mors\/wp-json\/wp\/v2\/posts\/11396\/revisions\/11411"}],"wp:featuredmedia":[{"embeddable":true,"href":"https:\/\/kunmedierne.dk\/mors\/wp-json\/wp\/v2\/media\/11399"}],"wp:attachment":[{"href":"https:\/\/kunmedierne.dk\/mors\/wp-json\/wp\/v2\/media?parent=11396"}],"wp:term":[{"taxonomy":"category","embeddable":true,"href":"https:\/\/kunmedierne.dk\/mors\/wp-json\/wp\/v2\/categories?post=11396"},{"taxonomy":"post_tag","embeddable":true,"href":"https:\/\/kunmedierne.dk\/mors\/wp-json\/wp\/v2\/tags?post=11396"}],"curies":[{"name":"wp","href":"https:\/\/api.w.org\/{rel}","templated":true}]}}