{"id":113940,"date":"2024-03-13T13:41:44","date_gmt":"2024-03-13T12:41:44","guid":{"rendered":"https:\/\/kunmedierne.dk\/mors\/?p=113940"},"modified":"2024-08-12T13:10:38","modified_gmt":"2024-08-12T11:10:38","slug":"morsoe-kommune-er-bekymret-over-faerre-speciallaeger-i-thisted","status":"publish","type":"post","link":"https:\/\/kunmedierne.dk\/mors\/morsoe-kommune-er-bekymret-over-faerre-speciallaeger-i-thisted\/","title":{"rendered":"I fremtiden skal du helst br\u00e6kke benet mellem klokken 8.00-18.00"},"content":{"rendered":"<p><b><span data-contrast=\"auto\">SUNDHED:<\/span><\/b><span data-contrast=\"auto\"> Bor du p\u00e5 Mors, s\u00e5 vil det i fremtiden v\u00e6re bedst at br\u00e6kke benet mellem klokken 08.00-18.00. Regionens plan er nemlig, at der fremover ikke l\u00e6ngere skal v\u00e6re speciall\u00e6ger i traumatologi p\u00e5 Thisted Sygehus i tidsrummet 18.00-08.00. Det betyder, at kommer du ind med et br\u00e6kket ben klokken 22.00, vil du skulle fragtes til fx Aalborg. Mors\u00f8 Kommune har nu afgivet deres h\u00f8ringssvar til regionen, hvori kommunens bekymring for reduceringen af speciall\u00e6ger bliver klart formuleret. <\/span><span data-ccp-props=\"{&quot;201341983&quot;:0,&quot;335551550&quot;:0,&quot;335551620&quot;:0,&quot;335559685&quot;:-20,&quot;335559737&quot;:-20,&quot;335559739&quot;:160,&quot;335559740&quot;:259}\">\u00a0<\/span><\/p>\n<a class=\"dvrt-link\" onClick=\"cdmtrack_click(147315,jQuery(this));return false\" href=\"https:\/\/sdrhaa.dk\/\"><img decoding=\"async\" style=\"width:100%;\" src=\"https:\/\/kunmedierne.dk\/mors\/wp-content\/uploads\/2025\/05\/260302Sdr-HaaDin-gebyrvenlige-sparekasse_mors-002.gif\"><\/a><script>cdmtrack_view(147315);<\/script>\n<p><span data-contrast=\"auto\">I f\u00f8lge det indsendte h\u00f8ringssvar \u00f8nsker Mors\u00f8 Kommune at sikre, at der i tidsrummet 8.00-18.00 bliver fuld aktivitet. De \u00f8nsker ikke, at behandlingsmulighederne bliver yderligere udhulet. <\/span><span data-ccp-props=\"{&quot;201341983&quot;:0,&quot;335551550&quot;:0,&quot;335551620&quot;:0,&quot;335559685&quot;:-20,&quot;335559737&quot;:-20,&quot;335559739&quot;:160,&quot;335559740&quot;:259}\">\u00a0<\/span><\/p>\n<p>&nbsp;<\/p>\n<p><strong>Bekymring i kommunen<\/strong><\/p>\n<p><span data-contrast=\"auto\">Mors\u00f8 Kommune er bekymrede for at den d\u00f8gnd\u00e6kkede funktion forsvinder, hvilket vil f\u00e5 konsekvenser for de borgere, der har behov for at blive tilset af en ortop\u00e6dkirurg i tidsrummet mellem kl. 18.00 og kl. 8.00.<\/span><span data-ccp-props=\"{&quot;201341983&quot;:0,&quot;335551550&quot;:0,&quot;335551620&quot;:0,&quot;335559685&quot;:-20,&quot;335559737&quot;:-20,&quot;335559739&quot;:160,&quot;335559740&quot;:259}\">\u00a0<\/span><\/p>\n<p><span data-contrast=\"auto\">&#8211; Jeg kan godt forst\u00e5, n\u00e5r jeg kigger p\u00e5 hvor mange operationer de har haft om natten, s\u00e5 kan jeg godt forst\u00e5, at de m\u00e5 se p\u00e5, hvordan de udnytter de penge de har. N\u00e5r det er sagt, s\u00e5 er jeg bekymret for, om de nu ogs\u00e5 tager de patienter de har lovet, udtaler Henning S\u00f8rensen formand for social, sundhed og besk\u00e6ftigelse.<\/span><span data-ccp-props=\"{&quot;201341983&quot;:0,&quot;335551550&quot;:0,&quot;335551620&quot;:0,&quot;335559685&quot;:-20,&quot;335559737&quot;:-20,&quot;335559739&quot;:160,&quot;335559740&quot;:259}\">\u00a0<\/span><\/p>\n<p><span data-contrast=\"auto\">Traumatologer er speciall\u00e6ger, der har ekspertise i behandling af akutte medicinske tilstande, is\u00e6r dem, der involverer muskler, knogler, led. Det kunne v\u00e6re et br\u00e6kket ben.\u00a0<\/span><span data-ccp-props=\"{&quot;201341983&quot;:0,&quot;335551550&quot;:0,&quot;335551620&quot;:0,&quot;335559685&quot;:-20,&quot;335559737&quot;:-20,&quot;335559739&quot;:160,&quot;335559740&quot;:259}\"><br \/>\n<\/span><\/p>\n<p>&nbsp;<\/p>\n<p><strong>Positive tiltag<\/strong><\/p>\n<p><span data-contrast=\"auto\">Mors\u00f8 Kommunes bekymring for reduceringen af speciall\u00e6ger i Thisted er til at m\u00e6rke, men positiviteten for en anden \u00e6ndring er modsat ogs\u00e5 til at se. <\/span><span data-ccp-props=\"{&quot;201341983&quot;:0,&quot;335551550&quot;:0,&quot;335551620&quot;:0,&quot;335559685&quot;:-20,&quot;335559737&quot;:-20,&quot;335559739&quot;:160,&quot;335559740&quot;:259}\">\u00a0<\/span><\/p>\n<a class=\"dvrt-link\" onClick=\"cdmtrack_click(104785,jQuery(this));return false\" href=\"https:\/\/www.facebook.com\/lyndrups\"><img decoding=\"async\" style=\"width:100%;\" src=\"https:\/\/kunmedierne.dk\/mors\/wp-content\/uploads\/2022\/02\/vip-lyndrups-rengoering.jpg\"><\/a><script>cdmtrack_view(104785);<\/script>\n<p><span data-contrast=\"auto\">Fra og med august 2024 vil de organkirurgiske patienter, der f\u00f8rhen blev transporteret til Viborg, blive behandlet i Thisted, hvilket kommunen ser positivt p\u00e5. I det seneste referat fra udvalget i social, sundhed og besk\u00e6ftigelse st\u00e5r der: <\/span><span data-ccp-props=\"{&quot;201341983&quot;:0,&quot;335551550&quot;:0,&quot;335551620&quot;:0,&quot;335559685&quot;:-20,&quot;335559737&quot;:-20,&quot;335559739&quot;:160,&quot;335559740&quot;:259}\">\u00a0<\/span><\/p>\n<p><span data-contrast=\"auto\">\u201cMors\u00f8 Kommune har v\u00e6ret s\u00e6rdeles tilfredse med s\u00e6rordningen omkring akut organkirurgisk visitation med Regionshospitalet i Viborg, og man hilser med tilfredshed, at tilbuddet fra august 2024 er til stede i Thisted. Mors\u00f8 Kommune vil n\u00f8je f\u00f8lge, om den nye ordning kvalitetsm\u00e6ssigt vil v\u00e6re p\u00e5 samme h\u00f8je niveau som under s\u00e6rordningen.\u201d <\/span><span data-ccp-props=\"{&quot;201341983&quot;:0,&quot;335551550&quot;:0,&quot;335551620&quot;:0,&quot;335559685&quot;:-20,&quot;335559737&quot;:-20,&quot;335559739&quot;:160,&quot;335559740&quot;:259}\">\u00a0<\/span><\/p>\n<p><span data-contrast=\"auto\">Organkirurgiske patienter er kort fortalt, patienter, der oplever\u00a0<\/span><span data-contrast=\"auto\">komplikationer i forbindelse med en operation, de har f\u00e5et.<\/span><span data-ccp-props=\"{&quot;201341983&quot;:0,&quot;335551550&quot;:0,&quot;335551620&quot;:0,&quot;335559685&quot;:-20,&quot;335559737&quot;:-20,&quot;335559739&quot;:160,&quot;335559740&quot;:259}\">\u00a0<\/span><\/p>\n<p><span data-contrast=\"auto\">&#8211; Vi vil v\u00e6re OBS p\u00e5, om de nu ogs\u00e5 lever op til det de siger. De siger, at de fremover vil tage de organkirurgiske patienter i Thisted, dem som vi p\u00e5 nuv\u00e6rende tidspunkt k\u00f8rer til Viborg. Men vi vil f\u00f8lge det t\u00e6t. Det er jo klart, hvis de pludselig siger, at patienterne skal k\u00f8res til Aalborg, s\u00e5 vil det f\u00e5 konsekvenser. I nogle situationer spiller tiden jo ind, men vi er n\u00f8dt til at tro p\u00e5, at de l\u00f8fter opgaven i Thisted. <\/span><span data-ccp-props=\"{&quot;201341983&quot;:0,&quot;335551550&quot;:0,&quot;335551620&quot;:0,&quot;335559685&quot;:-20,&quot;335559737&quot;:-20,&quot;335559739&quot;:160,&quot;335559740&quot;:259}\">\u00a0<\/span><\/p>\n<p><span data-contrast=\"auto\">Et af Mors\u00f8 Kommunes centrale punkter i det h\u00f8ringssvar, de har givet regionen, er desuden den korte tidsfrist p\u00e5 tre uger for at afgive svar, hvilket de mener er problematisk i forhold til den politiske proces. Kommunen \u00f8nsker i fremtiden mere tid til at vurdere konsekvenserne af forslag for dermed at kunne deltage aktivt i den politiske debat omkring \u00e6ndringer.<\/span><\/p>\n<a class=\"dvrt-link\" onClick=\"cdmtrack_click(104779,jQuery(this));return false\" href=\"https:\/\/morsoe-begravelsesforretning.dk\/\"><img decoding=\"async\" style=\"width:100%;\" src=\"https:\/\/kunmedierne.dk\/mors\/wp-content\/uploads\/2023\/11\/251215-morsoe-begravelsesforretning.jpg\"><\/a><script>cdmtrack_view(104779);<\/script>\n<p>Materialet <em>Gennemgang af udvalgte omr\u00e5der i Region Nordjylland 2024<\/em> blev den 13. februar 2024 sendt til h\u00f8ring hos h\u00f8ringspartnere, herunder Mors\u00f8 Kommune med svarfrist den 5. marts 2024. Inden planen tr\u00e6der endeligt i kraft skal den behandles politisk.<\/p>\n","protected":false},"excerpt":{"rendered":"<p>SUNDHED: Bor du p\u00e5 Mors, s\u00e5 vil det i fremtiden v\u00e6re bedst at br\u00e6kke benet mellem klokken 08.00-18.00. Regionens plan er nemlig, at der fremover ikke l\u00e6ngere skal v\u00e6re speciall\u00e6ger i traumatologi p\u00e5 Thisted Sygehus i tidsrummet 18.00-08.00. Det betyder, at kommer du ind med et br\u00e6kket ben klokken 22.00, vil du skulle fragtes til [&hellip;]<\/p>\n","protected":false},"author":2507,"featured_media":34517,"comment_status":"closed","ping_status":"open","sticky":false,"template":"","format":"standard","meta":{"_acf_changed":false,"footnotes":""},"categories":[51],"tags":[],"class_list":["post-113940","post","type-post","status-publish","format-standard","has-post-thumbnail","hentry","category-lokalt"],"acf":[],"yoast_head":"<!-- This site is optimized with the Yoast SEO plugin v26.8 - https:\/\/yoast.com\/product\/yoast-seo-wordpress\/ -->\n<title>I fremtiden skal du helst br\u00e6kke benet mellem klokken 8.00-18.00 - Mors<\/title>\n<meta name=\"robots\" content=\"index, follow, max-snippet:-1, max-image-preview:large, max-video-preview:-1\" \/>\n<link rel=\"canonical\" href=\"https:\/\/kunmedierne.dk\/mors\/morsoe-kommune-er-bekymret-over-faerre-speciallaeger-i-thisted\/\" \/>\n<meta property=\"og:locale\" content=\"da_DK\" \/>\n<meta property=\"og:type\" content=\"article\" \/>\n<meta property=\"og:title\" content=\"I fremtiden skal du helst br\u00e6kke benet mellem klokken 8.00-18.00 - Mors\" \/>\n<meta property=\"og:description\" content=\"SUNDHED: Bor du p\u00e5 Mors, s\u00e5 vil det i fremtiden v\u00e6re bedst at br\u00e6kke benet mellem klokken 08.00-18.00. Regionens plan er nemlig, at der fremover ikke l\u00e6ngere skal v\u00e6re speciall\u00e6ger i traumatologi p\u00e5 Thisted Sygehus i tidsrummet 18.00-08.00. Det betyder, at kommer du ind med et br\u00e6kket ben klokken 22.00, vil du skulle fragtes til [&hellip;]\" \/>\n<meta property=\"og:url\" content=\"https:\/\/kunmedierne.dk\/mors\/morsoe-kommune-er-bekymret-over-faerre-speciallaeger-i-thisted\/\" \/>\n<meta property=\"og:site_name\" content=\"Mors\" \/>\n<meta property=\"article:published_time\" content=\"2024-03-13T12:41:44+00:00\" \/>\n<meta property=\"article:modified_time\" content=\"2024-08-12T11:10:38+00:00\" \/>\n<meta property=\"og:image\" content=\"https:\/\/kunmedierne.dk\/mors\/wp-content\/uploads\/2020\/11\/thisted-sygehus.jpg\" \/>\n\t<meta property=\"og:image:width\" content=\"770\" \/>\n\t<meta property=\"og:image:height\" content=\"513\" \/>\n\t<meta property=\"og:image:type\" content=\"image\/jpeg\" \/>\n<meta name=\"author\" content=\"Katrine Hedegaard\" \/>\n<meta name=\"twitter:card\" content=\"summary_large_image\" \/>\n<meta name=\"twitter:label1\" content=\"Skrevet af\" \/>\n\t<meta name=\"twitter:data1\" content=\"Katrine Hedegaard\" \/>\n\t<meta name=\"twitter:label2\" content=\"Estimeret l\u00e6setid\" \/>\n\t<meta name=\"twitter:data2\" content=\"4 minutter\" \/>\n<script type=\"application\/ld+json\" class=\"yoast-schema-graph\">{\"@context\":\"https:\/\/schema.org\",\"@graph\":[{\"@type\":\"Article\",\"@id\":\"https:\/\/kunmedierne.dk\/mors\/morsoe-kommune-er-bekymret-over-faerre-speciallaeger-i-thisted\/#article\",\"isPartOf\":{\"@id\":\"https:\/\/kunmedierne.dk\/mors\/morsoe-kommune-er-bekymret-over-faerre-speciallaeger-i-thisted\/\"},\"author\":{\"name\":\"Katrine Hedegaard\",\"@id\":\"https:\/\/kunmedierne.dk\/mors\/#\/schema\/person\/b2e62a38069b12365e53e087a8709c64\"},\"headline\":\"I fremtiden skal du helst br\u00e6kke benet mellem klokken 8.00-18.00\",\"datePublished\":\"2024-03-13T12:41:44+00:00\",\"dateModified\":\"2024-08-12T11:10:38+00:00\",\"mainEntityOfPage\":{\"@id\":\"https:\/\/kunmedierne.dk\/mors\/morsoe-kommune-er-bekymret-over-faerre-speciallaeger-i-thisted\/\"},\"wordCount\":597,\"publisher\":{\"@id\":\"https:\/\/kunmedierne.dk\/mors\/#organization\"},\"image\":{\"@id\":\"https:\/\/kunmedierne.dk\/mors\/morsoe-kommune-er-bekymret-over-faerre-speciallaeger-i-thisted\/#primaryimage\"},\"thumbnailUrl\":\"https:\/\/kunmedierne.dk\/mors\/wp-content\/uploads\/2020\/11\/thisted-sygehus.jpg\",\"articleSection\":[\"Lokalt\"],\"inLanguage\":\"da-DK\"},{\"@type\":\"WebPage\",\"@id\":\"https:\/\/kunmedierne.dk\/mors\/morsoe-kommune-er-bekymret-over-faerre-speciallaeger-i-thisted\/\",\"url\":\"https:\/\/kunmedierne.dk\/mors\/morsoe-kommune-er-bekymret-over-faerre-speciallaeger-i-thisted\/\",\"name\":\"I fremtiden skal du helst br\u00e6kke benet mellem klokken 8.00-18.00 - Mors\",\"isPartOf\":{\"@id\":\"https:\/\/kunmedierne.dk\/mors\/#website\"},\"primaryImageOfPage\":{\"@id\":\"https:\/\/kunmedierne.dk\/mors\/morsoe-kommune-er-bekymret-over-faerre-speciallaeger-i-thisted\/#primaryimage\"},\"image\":{\"@id\":\"https:\/\/kunmedierne.dk\/mors\/morsoe-kommune-er-bekymret-over-faerre-speciallaeger-i-thisted\/#primaryimage\"},\"thumbnailUrl\":\"https:\/\/kunmedierne.dk\/mors\/wp-content\/uploads\/2020\/11\/thisted-sygehus.jpg\",\"datePublished\":\"2024-03-13T12:41:44+00:00\",\"dateModified\":\"2024-08-12T11:10:38+00:00\",\"breadcrumb\":{\"@id\":\"https:\/\/kunmedierne.dk\/mors\/morsoe-kommune-er-bekymret-over-faerre-speciallaeger-i-thisted\/#breadcrumb\"},\"inLanguage\":\"da-DK\",\"potentialAction\":[{\"@type\":\"ReadAction\",\"target\":[\"https:\/\/kunmedierne.dk\/mors\/morsoe-kommune-er-bekymret-over-faerre-speciallaeger-i-thisted\/\"]}]},{\"@type\":\"ImageObject\",\"inLanguage\":\"da-DK\",\"@id\":\"https:\/\/kunmedierne.dk\/mors\/morsoe-kommune-er-bekymret-over-faerre-speciallaeger-i-thisted\/#primaryimage\",\"url\":\"https:\/\/kunmedierne.dk\/mors\/wp-content\/uploads\/2020\/11\/thisted-sygehus.jpg\",\"contentUrl\":\"https:\/\/kunmedierne.dk\/mors\/wp-content\/uploads\/2020\/11\/thisted-sygehus.jpg\",\"width\":770,\"height\":513,\"caption\":\"Foto: Lasse H\u00f8j Nielsen\/Region Nordjylland\"},{\"@type\":\"BreadcrumbList\",\"@id\":\"https:\/\/kunmedierne.dk\/mors\/morsoe-kommune-er-bekymret-over-faerre-speciallaeger-i-thisted\/#breadcrumb\",\"itemListElement\":[{\"@type\":\"ListItem\",\"position\":1,\"name\":\"Hjem\",\"item\":\"https:\/\/kunmedierne.dk\/mors\/\"},{\"@type\":\"ListItem\",\"position\":2,\"name\":\"I fremtiden skal du helst br\u00e6kke benet mellem klokken 8.00-18.00\"}]},{\"@type\":\"WebSite\",\"@id\":\"https:\/\/kunmedierne.dk\/mors\/#website\",\"url\":\"https:\/\/kunmedierne.dk\/mors\/\",\"name\":\"Mors\",\"description\":\"et netmedie med journalistik om livet p\u00e5 Mors\",\"publisher\":{\"@id\":\"https:\/\/kunmedierne.dk\/mors\/#organization\"},\"potentialAction\":[{\"@type\":\"SearchAction\",\"target\":{\"@type\":\"EntryPoint\",\"urlTemplate\":\"https:\/\/kunmedierne.dk\/mors\/?s={search_term_string}\"},\"query-input\":{\"@type\":\"PropertyValueSpecification\",\"valueRequired\":true,\"valueName\":\"search_term_string\"}}],\"inLanguage\":\"da-DK\"},{\"@type\":\"Organization\",\"@id\":\"https:\/\/kunmedierne.dk\/mors\/#organization\",\"name\":\"Mors\",\"url\":\"https:\/\/kunmedierne.dk\/mors\/\",\"logo\":{\"@type\":\"ImageObject\",\"inLanguage\":\"da-DK\",\"@id\":\"https:\/\/kunmedierne.dk\/mors\/#\/schema\/logo\/image\/\",\"url\":\"https:\/\/kunmedierne.dk\/mors\/wp-content\/uploads\/2024\/08\/kunmors-logo.svg\",\"contentUrl\":\"https:\/\/kunmedierne.dk\/mors\/wp-content\/uploads\/2024\/08\/kunmors-logo.svg\",\"caption\":\"Mors\"},\"image\":{\"@id\":\"https:\/\/kunmedierne.dk\/mors\/#\/schema\/logo\/image\/\"}},{\"@type\":\"Person\",\"@id\":\"https:\/\/kunmedierne.dk\/mors\/#\/schema\/person\/b2e62a38069b12365e53e087a8709c64\",\"name\":\"Katrine Hedegaard\",\"image\":{\"@type\":\"ImageObject\",\"inLanguage\":\"da-DK\",\"@id\":\"https:\/\/kunmedierne.dk\/mors\/#\/schema\/person\/image\/\",\"url\":\"https:\/\/secure.gravatar.com\/avatar\/18a5c72fa9148052fd3ed5a58b40fc83cfdc9811090e6e6eec9539af058edcc0?s=96&d=mm&r=g\",\"contentUrl\":\"https:\/\/secure.gravatar.com\/avatar\/18a5c72fa9148052fd3ed5a58b40fc83cfdc9811090e6e6eec9539af058edcc0?s=96&d=mm&r=g\",\"caption\":\"Katrine Hedegaard\"},\"url\":\"https:\/\/kunmedierne.dk\/mors\/author\/katrine\/\"}]}<\/script>\n<!-- \/ Yoast SEO plugin. -->","yoast_head_json":{"title":"I fremtiden skal du helst br\u00e6kke benet mellem klokken 8.00-18.00 - Mors","robots":{"index":"index","follow":"follow","max-snippet":"max-snippet:-1","max-image-preview":"max-image-preview:large","max-video-preview":"max-video-preview:-1"},"canonical":"https:\/\/kunmedierne.dk\/mors\/morsoe-kommune-er-bekymret-over-faerre-speciallaeger-i-thisted\/","og_locale":"da_DK","og_type":"article","og_title":"I fremtiden skal du helst br\u00e6kke benet mellem klokken 8.00-18.00 - Mors","og_description":"SUNDHED: Bor du p\u00e5 Mors, s\u00e5 vil det i fremtiden v\u00e6re bedst at br\u00e6kke benet mellem klokken 08.00-18.00. Regionens plan er nemlig, at der fremover ikke l\u00e6ngere skal v\u00e6re speciall\u00e6ger i traumatologi p\u00e5 Thisted Sygehus i tidsrummet 18.00-08.00. Det betyder, at kommer du ind med et br\u00e6kket ben klokken 22.00, vil du skulle fragtes til [&hellip;]","og_url":"https:\/\/kunmedierne.dk\/mors\/morsoe-kommune-er-bekymret-over-faerre-speciallaeger-i-thisted\/","og_site_name":"Mors","article_published_time":"2024-03-13T12:41:44+00:00","article_modified_time":"2024-08-12T11:10:38+00:00","og_image":[{"width":770,"height":513,"url":"https:\/\/kunmedierne.dk\/mors\/wp-content\/uploads\/2020\/11\/thisted-sygehus.jpg","type":"image\/jpeg"}],"author":"Katrine Hedegaard","twitter_card":"summary_large_image","twitter_misc":{"Skrevet af":"Katrine Hedegaard","Estimeret l\u00e6setid":"4 minutter"},"schema":{"@context":"https:\/\/schema.org","@graph":[{"@type":"Article","@id":"https:\/\/kunmedierne.dk\/mors\/morsoe-kommune-er-bekymret-over-faerre-speciallaeger-i-thisted\/#article","isPartOf":{"@id":"https:\/\/kunmedierne.dk\/mors\/morsoe-kommune-er-bekymret-over-faerre-speciallaeger-i-thisted\/"},"author":{"name":"Katrine Hedegaard","@id":"https:\/\/kunmedierne.dk\/mors\/#\/schema\/person\/b2e62a38069b12365e53e087a8709c64"},"headline":"I fremtiden skal du helst br\u00e6kke benet mellem klokken 8.00-18.00","datePublished":"2024-03-13T12:41:44+00:00","dateModified":"2024-08-12T11:10:38+00:00","mainEntityOfPage":{"@id":"https:\/\/kunmedierne.dk\/mors\/morsoe-kommune-er-bekymret-over-faerre-speciallaeger-i-thisted\/"},"wordCount":597,"publisher":{"@id":"https:\/\/kunmedierne.dk\/mors\/#organization"},"image":{"@id":"https:\/\/kunmedierne.dk\/mors\/morsoe-kommune-er-bekymret-over-faerre-speciallaeger-i-thisted\/#primaryimage"},"thumbnailUrl":"https:\/\/kunmedierne.dk\/mors\/wp-content\/uploads\/2020\/11\/thisted-sygehus.jpg","articleSection":["Lokalt"],"inLanguage":"da-DK"},{"@type":"WebPage","@id":"https:\/\/kunmedierne.dk\/mors\/morsoe-kommune-er-bekymret-over-faerre-speciallaeger-i-thisted\/","url":"https:\/\/kunmedierne.dk\/mors\/morsoe-kommune-er-bekymret-over-faerre-speciallaeger-i-thisted\/","name":"I fremtiden skal du helst br\u00e6kke benet mellem klokken 8.00-18.00 - Mors","isPartOf":{"@id":"https:\/\/kunmedierne.dk\/mors\/#website"},"primaryImageOfPage":{"@id":"https:\/\/kunmedierne.dk\/mors\/morsoe-kommune-er-bekymret-over-faerre-speciallaeger-i-thisted\/#primaryimage"},"image":{"@id":"https:\/\/kunmedierne.dk\/mors\/morsoe-kommune-er-bekymret-over-faerre-speciallaeger-i-thisted\/#primaryimage"},"thumbnailUrl":"https:\/\/kunmedierne.dk\/mors\/wp-content\/uploads\/2020\/11\/thisted-sygehus.jpg","datePublished":"2024-03-13T12:41:44+00:00","dateModified":"2024-08-12T11:10:38+00:00","breadcrumb":{"@id":"https:\/\/kunmedierne.dk\/mors\/morsoe-kommune-er-bekymret-over-faerre-speciallaeger-i-thisted\/#breadcrumb"},"inLanguage":"da-DK","potentialAction":[{"@type":"ReadAction","target":["https:\/\/kunmedierne.dk\/mors\/morsoe-kommune-er-bekymret-over-faerre-speciallaeger-i-thisted\/"]}]},{"@type":"ImageObject","inLanguage":"da-DK","@id":"https:\/\/kunmedierne.dk\/mors\/morsoe-kommune-er-bekymret-over-faerre-speciallaeger-i-thisted\/#primaryimage","url":"https:\/\/kunmedierne.dk\/mors\/wp-content\/uploads\/2020\/11\/thisted-sygehus.jpg","contentUrl":"https:\/\/kunmedierne.dk\/mors\/wp-content\/uploads\/2020\/11\/thisted-sygehus.jpg","width":770,"height":513,"caption":"Foto: Lasse H\u00f8j Nielsen\/Region Nordjylland"},{"@type":"BreadcrumbList","@id":"https:\/\/kunmedierne.dk\/mors\/morsoe-kommune-er-bekymret-over-faerre-speciallaeger-i-thisted\/#breadcrumb","itemListElement":[{"@type":"ListItem","position":1,"name":"Hjem","item":"https:\/\/kunmedierne.dk\/mors\/"},{"@type":"ListItem","position":2,"name":"I fremtiden skal du helst br\u00e6kke benet mellem klokken 8.00-18.00"}]},{"@type":"WebSite","@id":"https:\/\/kunmedierne.dk\/mors\/#website","url":"https:\/\/kunmedierne.dk\/mors\/","name":"Mors","description":"et netmedie med journalistik om livet p\u00e5 Mors","publisher":{"@id":"https:\/\/kunmedierne.dk\/mors\/#organization"},"potentialAction":[{"@type":"SearchAction","target":{"@type":"EntryPoint","urlTemplate":"https:\/\/kunmedierne.dk\/mors\/?s={search_term_string}"},"query-input":{"@type":"PropertyValueSpecification","valueRequired":true,"valueName":"search_term_string"}}],"inLanguage":"da-DK"},{"@type":"Organization","@id":"https:\/\/kunmedierne.dk\/mors\/#organization","name":"Mors","url":"https:\/\/kunmedierne.dk\/mors\/","logo":{"@type":"ImageObject","inLanguage":"da-DK","@id":"https:\/\/kunmedierne.dk\/mors\/#\/schema\/logo\/image\/","url":"https:\/\/kunmedierne.dk\/mors\/wp-content\/uploads\/2024\/08\/kunmors-logo.svg","contentUrl":"https:\/\/kunmedierne.dk\/mors\/wp-content\/uploads\/2024\/08\/kunmors-logo.svg","caption":"Mors"},"image":{"@id":"https:\/\/kunmedierne.dk\/mors\/#\/schema\/logo\/image\/"}},{"@type":"Person","@id":"https:\/\/kunmedierne.dk\/mors\/#\/schema\/person\/b2e62a38069b12365e53e087a8709c64","name":"Katrine Hedegaard","image":{"@type":"ImageObject","inLanguage":"da-DK","@id":"https:\/\/kunmedierne.dk\/mors\/#\/schema\/person\/image\/","url":"https:\/\/secure.gravatar.com\/avatar\/18a5c72fa9148052fd3ed5a58b40fc83cfdc9811090e6e6eec9539af058edcc0?s=96&d=mm&r=g","contentUrl":"https:\/\/secure.gravatar.com\/avatar\/18a5c72fa9148052fd3ed5a58b40fc83cfdc9811090e6e6eec9539af058edcc0?s=96&d=mm&r=g","caption":"Katrine Hedegaard"},"url":"https:\/\/kunmedierne.dk\/mors\/author\/katrine\/"}]}},"_links":{"self":[{"href":"https:\/\/kunmedierne.dk\/mors\/wp-json\/wp\/v2\/posts\/113940","targetHints":{"allow":["GET"]}}],"collection":[{"href":"https:\/\/kunmedierne.dk\/mors\/wp-json\/wp\/v2\/posts"}],"about":[{"href":"https:\/\/kunmedierne.dk\/mors\/wp-json\/wp\/v2\/types\/post"}],"author":[{"embeddable":true,"href":"https:\/\/kunmedierne.dk\/mors\/wp-json\/wp\/v2\/users\/2507"}],"replies":[{"embeddable":true,"href":"https:\/\/kunmedierne.dk\/mors\/wp-json\/wp\/v2\/comments?post=113940"}],"version-history":[{"count":16,"href":"https:\/\/kunmedierne.dk\/mors\/wp-json\/wp\/v2\/posts\/113940\/revisions"}],"predecessor-version":[{"id":113959,"href":"https:\/\/kunmedierne.dk\/mors\/wp-json\/wp\/v2\/posts\/113940\/revisions\/113959"}],"wp:featuredmedia":[{"embeddable":true,"href":"https:\/\/kunmedierne.dk\/mors\/wp-json\/wp\/v2\/media\/34517"}],"wp:attachment":[{"href":"https:\/\/kunmedierne.dk\/mors\/wp-json\/wp\/v2\/media?parent=113940"}],"wp:term":[{"taxonomy":"category","embeddable":true,"href":"https:\/\/kunmedierne.dk\/mors\/wp-json\/wp\/v2\/categories?post=113940"},{"taxonomy":"post_tag","embeddable":true,"href":"https:\/\/kunmedierne.dk\/mors\/wp-json\/wp\/v2\/tags?post=113940"}],"curies":[{"name":"wp","href":"https:\/\/api.w.org\/{rel}","templated":true}]}}