{"id":112906,"date":"2024-02-29T15:41:09","date_gmt":"2024-02-29T14:41:09","guid":{"rendered":"https:\/\/kunmedierne.dk\/mors\/?p=112906"},"modified":"2024-08-12T13:10:42","modified_gmt":"2024-08-12T11:10:42","slug":"morsoe-fc-udvider-bestyrelsen-med-to","status":"publish","type":"post","link":"https:\/\/kunmedierne.dk\/mors\/morsoe-fc-udvider-bestyrelsen-med-to\/","title":{"rendered":"Mors\u00f8 FC udvider bestyrelsen med to"},"content":{"rendered":"<p><strong>GENERALFORSAMLING<\/strong>: Fra fem til syv.<\/p>\n<p>Det er efter planen udviklingen i bestyrelsen hos Mors\u00f8 FC, n\u00e5r den 11. marts har holdt sin \u00e5rlige generalforsamling. Her er det, fort\u00e6ller formand Morten Overgaard, planen at l\u00e6gge ungdomsudvalget sammen med bestyrelsen, som dermed bliver udvidet med to personer.<\/p>\n<p>&#8211; Det er for at samle kr\u00e6fterne. Vi har haft et ungdomsudvalg og en bestyrelse, og s\u00e5 kan vi n\u00f8jes med lidt f\u00e6rre m\u00f8der og samle det hele et sted, siger han.<\/p>\n<a class=\"dvrt-link\" onClick=\"cdmtrack_click(104785,jQuery(this));return false\" href=\"https:\/\/www.facebook.com\/lyndrups\"><img decoding=\"async\" style=\"width:100%;\" src=\"https:\/\/kunmedierne.dk\/mors\/wp-content\/uploads\/2022\/02\/vip-lyndrups-rengoering.jpg\"><\/a><script>cdmtrack_view(104785);<\/script>\n<p>&#8211; P\u00e5 ungdomsudvalgsm\u00f8der og bestyrelsesm\u00f8der har det mange gange v\u00e6ret det samme, der har v\u00e6ret snakket om. S\u00e5 det er for at g\u00f8re det lidt nemmere for os alle sammen, tilf\u00f8jer Morten Overgaard.<\/p>\n<p>Han er indstillet p\u00e5 at forts\u00e6tte p\u00e5 formandsposten og melder om en klub i fin form &#8211; is\u00e6r p\u00e5 ungdomsfronten.<\/p>\n<p>&#8211; Vi har mange b\u00f8rnespillere og h\u00e5ber at f\u00e5 endnu flere. Vi har den st\u00f8rste pigeafdeling i omr\u00e5det, og fra U13 til U16 har vi to 11-mandshold i hver \u00e5rgang, og det er vi meget stolte af, siger han.<\/p>\n<a class=\"dvrt-link\" onClick=\"cdmtrack_click(104786,jQuery(this));return false\" href=\"https:\/\/limfjordsteatret.dk\/events\/tobias-dybvad-mit-bedste-onemanshow\/\"><img decoding=\"async\" style=\"width:100%;\" src=\"https:\/\/kunmedierne.dk\/mors\/wp-content\/uploads\/2023\/10\/aarskortLim_KunMors_1100x125.jpg\"><\/a><script>cdmtrack_view(104786);<\/script>\n<p>Ogs\u00e5 p\u00e5 seniorsiden g\u00e5r det den rigtige vej. P\u00e5 herresiden er der h\u00e5b om, at man i for\u00e5ret har spillere nok til to hold.<\/p>\n<p>&#8211; Det h\u00e5ber vi, men der skal ogs\u00e5 v\u00e6re spillere til det. Det var lige knebent nok i efter\u00e5ret, siger Morten Overgaard.<\/p>\n<p>P\u00e5 damesiden har Mors\u00f8 FC indg\u00e5et et samarbejde om klubbens andethold med Nordvestmors og Sydmors, s\u00e5dan at de tre klubber til sammen danner et serie 2-hold med 11 spillere. Her bliver der b\u00e5de tr\u00e6net og spillet kamp p\u00e5 skift hos de tre klubber.<\/p>\n","protected":false},"excerpt":{"rendered":"<p>GENERALFORSAMLING: Fra fem til syv. Det er efter planen udviklingen i bestyrelsen hos Mors\u00f8 FC, n\u00e5r den 11. marts har holdt sin \u00e5rlige generalforsamling. Her er det, fort\u00e6ller formand Morten Overgaard, planen at l\u00e6gge ungdomsudvalget sammen med bestyrelsen, som dermed bliver udvidet med to personer. &#8211; Det er for at samle kr\u00e6fterne. Vi har haft [&hellip;]<\/p>\n","protected":false},"author":8,"featured_media":112907,"comment_status":"closed","ping_status":"open","sticky":false,"template":"","format":"standard","meta":{"_acf_changed":false,"footnotes":""},"categories":[53],"tags":[196],"class_list":["post-112906","post","type-post","status-publish","format-standard","has-post-thumbnail","hentry","category-sport","tag-foreningsliv"],"acf":[],"yoast_head":"<!-- This site is optimized with the Yoast SEO plugin v26.8 - https:\/\/yoast.com\/product\/yoast-seo-wordpress\/ -->\n<title>Mors\u00f8 FC udvider bestyrelsen med to - Mors<\/title>\n<meta name=\"robots\" content=\"index, follow, max-snippet:-1, max-image-preview:large, max-video-preview:-1\" \/>\n<link rel=\"canonical\" href=\"https:\/\/kunmedierne.dk\/mors\/morsoe-fc-udvider-bestyrelsen-med-to\/\" \/>\n<meta property=\"og:locale\" content=\"da_DK\" \/>\n<meta property=\"og:type\" content=\"article\" \/>\n<meta property=\"og:title\" content=\"Mors\u00f8 FC udvider bestyrelsen med to - Mors\" \/>\n<meta property=\"og:description\" content=\"GENERALFORSAMLING: Fra fem til syv. Det er efter planen udviklingen i bestyrelsen hos Mors\u00f8 FC, n\u00e5r den 11. marts har holdt sin \u00e5rlige generalforsamling. Her er det, fort\u00e6ller formand Morten Overgaard, planen at l\u00e6gge ungdomsudvalget sammen med bestyrelsen, som dermed bliver udvidet med to personer. &#8211; Det er for at samle kr\u00e6fterne. Vi har haft [&hellip;]\" \/>\n<meta property=\"og:url\" content=\"https:\/\/kunmedierne.dk\/mors\/morsoe-fc-udvider-bestyrelsen-med-to\/\" \/>\n<meta property=\"og:site_name\" content=\"Mors\" \/>\n<meta property=\"article:published_time\" content=\"2024-02-29T14:41:09+00:00\" \/>\n<meta property=\"article:modified_time\" content=\"2024-08-12T11:10:42+00:00\" \/>\n<meta property=\"og:image\" content=\"https:\/\/kunmedierne.dk\/mors\/wp-content\/uploads\/2024\/02\/morsoe-fc.jpg\" \/>\n\t<meta property=\"og:image:width\" content=\"770\" \/>\n\t<meta property=\"og:image:height\" content=\"513\" \/>\n\t<meta property=\"og:image:type\" content=\"image\/jpeg\" \/>\n<meta name=\"author\" content=\"David H\u00f8jmark\" \/>\n<meta name=\"twitter:card\" content=\"summary_large_image\" \/>\n<meta name=\"twitter:label1\" content=\"Skrevet af\" \/>\n\t<meta name=\"twitter:data1\" content=\"David H\u00f8jmark\" \/>\n\t<meta name=\"twitter:label2\" content=\"Estimeret l\u00e6setid\" \/>\n\t<meta name=\"twitter:data2\" content=\"2 minutter\" \/>\n<script type=\"application\/ld+json\" class=\"yoast-schema-graph\">{\"@context\":\"https:\/\/schema.org\",\"@graph\":[{\"@type\":\"Article\",\"@id\":\"https:\/\/kunmedierne.dk\/mors\/morsoe-fc-udvider-bestyrelsen-med-to\/#article\",\"isPartOf\":{\"@id\":\"https:\/\/kunmedierne.dk\/mors\/morsoe-fc-udvider-bestyrelsen-med-to\/\"},\"author\":{\"name\":\"David H\u00f8jmark\",\"@id\":\"https:\/\/kunmedierne.dk\/mors\/#\/schema\/person\/5fe23251bf1d0abbcdc6f7896579d548\"},\"headline\":\"Mors\u00f8 FC udvider bestyrelsen med to\",\"datePublished\":\"2024-02-29T14:41:09+00:00\",\"dateModified\":\"2024-08-12T11:10:42+00:00\",\"mainEntityOfPage\":{\"@id\":\"https:\/\/kunmedierne.dk\/mors\/morsoe-fc-udvider-bestyrelsen-med-to\/\"},\"wordCount\":295,\"publisher\":{\"@id\":\"https:\/\/kunmedierne.dk\/mors\/#organization\"},\"image\":{\"@id\":\"https:\/\/kunmedierne.dk\/mors\/morsoe-fc-udvider-bestyrelsen-med-to\/#primaryimage\"},\"thumbnailUrl\":\"https:\/\/kunmedierne.dk\/mors\/wp-content\/uploads\/2024\/02\/morsoe-fc.jpg\",\"keywords\":[\"Foreningsliv\"],\"articleSection\":[\"Sport\"],\"inLanguage\":\"da-DK\"},{\"@type\":\"WebPage\",\"@id\":\"https:\/\/kunmedierne.dk\/mors\/morsoe-fc-udvider-bestyrelsen-med-to\/\",\"url\":\"https:\/\/kunmedierne.dk\/mors\/morsoe-fc-udvider-bestyrelsen-med-to\/\",\"name\":\"Mors\u00f8 FC udvider bestyrelsen med to - Mors\",\"isPartOf\":{\"@id\":\"https:\/\/kunmedierne.dk\/mors\/#website\"},\"primaryImageOfPage\":{\"@id\":\"https:\/\/kunmedierne.dk\/mors\/morsoe-fc-udvider-bestyrelsen-med-to\/#primaryimage\"},\"image\":{\"@id\":\"https:\/\/kunmedierne.dk\/mors\/morsoe-fc-udvider-bestyrelsen-med-to\/#primaryimage\"},\"thumbnailUrl\":\"https:\/\/kunmedierne.dk\/mors\/wp-content\/uploads\/2024\/02\/morsoe-fc.jpg\",\"datePublished\":\"2024-02-29T14:41:09+00:00\",\"dateModified\":\"2024-08-12T11:10:42+00:00\",\"breadcrumb\":{\"@id\":\"https:\/\/kunmedierne.dk\/mors\/morsoe-fc-udvider-bestyrelsen-med-to\/#breadcrumb\"},\"inLanguage\":\"da-DK\",\"potentialAction\":[{\"@type\":\"ReadAction\",\"target\":[\"https:\/\/kunmedierne.dk\/mors\/morsoe-fc-udvider-bestyrelsen-med-to\/\"]}]},{\"@type\":\"ImageObject\",\"inLanguage\":\"da-DK\",\"@id\":\"https:\/\/kunmedierne.dk\/mors\/morsoe-fc-udvider-bestyrelsen-med-to\/#primaryimage\",\"url\":\"https:\/\/kunmedierne.dk\/mors\/wp-content\/uploads\/2024\/02\/morsoe-fc.jpg\",\"contentUrl\":\"https:\/\/kunmedierne.dk\/mors\/wp-content\/uploads\/2024\/02\/morsoe-fc.jpg\",\"width\":770,\"height\":513},{\"@type\":\"BreadcrumbList\",\"@id\":\"https:\/\/kunmedierne.dk\/mors\/morsoe-fc-udvider-bestyrelsen-med-to\/#breadcrumb\",\"itemListElement\":[{\"@type\":\"ListItem\",\"position\":1,\"name\":\"Hjem\",\"item\":\"https:\/\/kunmedierne.dk\/mors\/\"},{\"@type\":\"ListItem\",\"position\":2,\"name\":\"Mors\u00f8 FC udvider bestyrelsen med to\"}]},{\"@type\":\"WebSite\",\"@id\":\"https:\/\/kunmedierne.dk\/mors\/#website\",\"url\":\"https:\/\/kunmedierne.dk\/mors\/\",\"name\":\"Mors\",\"description\":\"et netmedie med journalistik om livet p\u00e5 Mors\",\"publisher\":{\"@id\":\"https:\/\/kunmedierne.dk\/mors\/#organization\"},\"potentialAction\":[{\"@type\":\"SearchAction\",\"target\":{\"@type\":\"EntryPoint\",\"urlTemplate\":\"https:\/\/kunmedierne.dk\/mors\/?s={search_term_string}\"},\"query-input\":{\"@type\":\"PropertyValueSpecification\",\"valueRequired\":true,\"valueName\":\"search_term_string\"}}],\"inLanguage\":\"da-DK\"},{\"@type\":\"Organization\",\"@id\":\"https:\/\/kunmedierne.dk\/mors\/#organization\",\"name\":\"Mors\",\"url\":\"https:\/\/kunmedierne.dk\/mors\/\",\"logo\":{\"@type\":\"ImageObject\",\"inLanguage\":\"da-DK\",\"@id\":\"https:\/\/kunmedierne.dk\/mors\/#\/schema\/logo\/image\/\",\"url\":\"https:\/\/kunmedierne.dk\/mors\/wp-content\/uploads\/2024\/08\/kunmors-logo.svg\",\"contentUrl\":\"https:\/\/kunmedierne.dk\/mors\/wp-content\/uploads\/2024\/08\/kunmors-logo.svg\",\"caption\":\"Mors\"},\"image\":{\"@id\":\"https:\/\/kunmedierne.dk\/mors\/#\/schema\/logo\/image\/\"}},{\"@type\":\"Person\",\"@id\":\"https:\/\/kunmedierne.dk\/mors\/#\/schema\/person\/5fe23251bf1d0abbcdc6f7896579d548\",\"name\":\"David H\u00f8jmark\",\"image\":{\"@type\":\"ImageObject\",\"inLanguage\":\"da-DK\",\"@id\":\"https:\/\/kunmedierne.dk\/mors\/#\/schema\/person\/image\/\",\"url\":\"https:\/\/secure.gravatar.com\/avatar\/4315d6fb9ef244d729989f5f90268eb08d5bf8a3d84402f595fa194bb35784fd?s=96&d=mm&r=g\",\"contentUrl\":\"https:\/\/secure.gravatar.com\/avatar\/4315d6fb9ef244d729989f5f90268eb08d5bf8a3d84402f595fa194bb35784fd?s=96&d=mm&r=g\",\"caption\":\"David H\u00f8jmark\"},\"sameAs\":[\"https:\/\/www.kunmedierne.dk\"],\"url\":\"https:\/\/kunmedierne.dk\/mors\/author\/david\/\"}]}<\/script>\n<!-- \/ Yoast SEO plugin. -->","yoast_head_json":{"title":"Mors\u00f8 FC udvider bestyrelsen med to - Mors","robots":{"index":"index","follow":"follow","max-snippet":"max-snippet:-1","max-image-preview":"max-image-preview:large","max-video-preview":"max-video-preview:-1"},"canonical":"https:\/\/kunmedierne.dk\/mors\/morsoe-fc-udvider-bestyrelsen-med-to\/","og_locale":"da_DK","og_type":"article","og_title":"Mors\u00f8 FC udvider bestyrelsen med to - Mors","og_description":"GENERALFORSAMLING: Fra fem til syv. Det er efter planen udviklingen i bestyrelsen hos Mors\u00f8 FC, n\u00e5r den 11. marts har holdt sin \u00e5rlige generalforsamling. Her er det, fort\u00e6ller formand Morten Overgaard, planen at l\u00e6gge ungdomsudvalget sammen med bestyrelsen, som dermed bliver udvidet med to personer. &#8211; Det er for at samle kr\u00e6fterne. Vi har haft [&hellip;]","og_url":"https:\/\/kunmedierne.dk\/mors\/morsoe-fc-udvider-bestyrelsen-med-to\/","og_site_name":"Mors","article_published_time":"2024-02-29T14:41:09+00:00","article_modified_time":"2024-08-12T11:10:42+00:00","og_image":[{"width":770,"height":513,"url":"https:\/\/kunmedierne.dk\/mors\/wp-content\/uploads\/2024\/02\/morsoe-fc.jpg","type":"image\/jpeg"}],"author":"David H\u00f8jmark","twitter_card":"summary_large_image","twitter_misc":{"Skrevet af":"David H\u00f8jmark","Estimeret l\u00e6setid":"2 minutter"},"schema":{"@context":"https:\/\/schema.org","@graph":[{"@type":"Article","@id":"https:\/\/kunmedierne.dk\/mors\/morsoe-fc-udvider-bestyrelsen-med-to\/#article","isPartOf":{"@id":"https:\/\/kunmedierne.dk\/mors\/morsoe-fc-udvider-bestyrelsen-med-to\/"},"author":{"name":"David H\u00f8jmark","@id":"https:\/\/kunmedierne.dk\/mors\/#\/schema\/person\/5fe23251bf1d0abbcdc6f7896579d548"},"headline":"Mors\u00f8 FC udvider bestyrelsen med to","datePublished":"2024-02-29T14:41:09+00:00","dateModified":"2024-08-12T11:10:42+00:00","mainEntityOfPage":{"@id":"https:\/\/kunmedierne.dk\/mors\/morsoe-fc-udvider-bestyrelsen-med-to\/"},"wordCount":295,"publisher":{"@id":"https:\/\/kunmedierne.dk\/mors\/#organization"},"image":{"@id":"https:\/\/kunmedierne.dk\/mors\/morsoe-fc-udvider-bestyrelsen-med-to\/#primaryimage"},"thumbnailUrl":"https:\/\/kunmedierne.dk\/mors\/wp-content\/uploads\/2024\/02\/morsoe-fc.jpg","keywords":["Foreningsliv"],"articleSection":["Sport"],"inLanguage":"da-DK"},{"@type":"WebPage","@id":"https:\/\/kunmedierne.dk\/mors\/morsoe-fc-udvider-bestyrelsen-med-to\/","url":"https:\/\/kunmedierne.dk\/mors\/morsoe-fc-udvider-bestyrelsen-med-to\/","name":"Mors\u00f8 FC udvider bestyrelsen med to - Mors","isPartOf":{"@id":"https:\/\/kunmedierne.dk\/mors\/#website"},"primaryImageOfPage":{"@id":"https:\/\/kunmedierne.dk\/mors\/morsoe-fc-udvider-bestyrelsen-med-to\/#primaryimage"},"image":{"@id":"https:\/\/kunmedierne.dk\/mors\/morsoe-fc-udvider-bestyrelsen-med-to\/#primaryimage"},"thumbnailUrl":"https:\/\/kunmedierne.dk\/mors\/wp-content\/uploads\/2024\/02\/morsoe-fc.jpg","datePublished":"2024-02-29T14:41:09+00:00","dateModified":"2024-08-12T11:10:42+00:00","breadcrumb":{"@id":"https:\/\/kunmedierne.dk\/mors\/morsoe-fc-udvider-bestyrelsen-med-to\/#breadcrumb"},"inLanguage":"da-DK","potentialAction":[{"@type":"ReadAction","target":["https:\/\/kunmedierne.dk\/mors\/morsoe-fc-udvider-bestyrelsen-med-to\/"]}]},{"@type":"ImageObject","inLanguage":"da-DK","@id":"https:\/\/kunmedierne.dk\/mors\/morsoe-fc-udvider-bestyrelsen-med-to\/#primaryimage","url":"https:\/\/kunmedierne.dk\/mors\/wp-content\/uploads\/2024\/02\/morsoe-fc.jpg","contentUrl":"https:\/\/kunmedierne.dk\/mors\/wp-content\/uploads\/2024\/02\/morsoe-fc.jpg","width":770,"height":513},{"@type":"BreadcrumbList","@id":"https:\/\/kunmedierne.dk\/mors\/morsoe-fc-udvider-bestyrelsen-med-to\/#breadcrumb","itemListElement":[{"@type":"ListItem","position":1,"name":"Hjem","item":"https:\/\/kunmedierne.dk\/mors\/"},{"@type":"ListItem","position":2,"name":"Mors\u00f8 FC udvider bestyrelsen med to"}]},{"@type":"WebSite","@id":"https:\/\/kunmedierne.dk\/mors\/#website","url":"https:\/\/kunmedierne.dk\/mors\/","name":"Mors","description":"et netmedie med journalistik om livet p\u00e5 Mors","publisher":{"@id":"https:\/\/kunmedierne.dk\/mors\/#organization"},"potentialAction":[{"@type":"SearchAction","target":{"@type":"EntryPoint","urlTemplate":"https:\/\/kunmedierne.dk\/mors\/?s={search_term_string}"},"query-input":{"@type":"PropertyValueSpecification","valueRequired":true,"valueName":"search_term_string"}}],"inLanguage":"da-DK"},{"@type":"Organization","@id":"https:\/\/kunmedierne.dk\/mors\/#organization","name":"Mors","url":"https:\/\/kunmedierne.dk\/mors\/","logo":{"@type":"ImageObject","inLanguage":"da-DK","@id":"https:\/\/kunmedierne.dk\/mors\/#\/schema\/logo\/image\/","url":"https:\/\/kunmedierne.dk\/mors\/wp-content\/uploads\/2024\/08\/kunmors-logo.svg","contentUrl":"https:\/\/kunmedierne.dk\/mors\/wp-content\/uploads\/2024\/08\/kunmors-logo.svg","caption":"Mors"},"image":{"@id":"https:\/\/kunmedierne.dk\/mors\/#\/schema\/logo\/image\/"}},{"@type":"Person","@id":"https:\/\/kunmedierne.dk\/mors\/#\/schema\/person\/5fe23251bf1d0abbcdc6f7896579d548","name":"David H\u00f8jmark","image":{"@type":"ImageObject","inLanguage":"da-DK","@id":"https:\/\/kunmedierne.dk\/mors\/#\/schema\/person\/image\/","url":"https:\/\/secure.gravatar.com\/avatar\/4315d6fb9ef244d729989f5f90268eb08d5bf8a3d84402f595fa194bb35784fd?s=96&d=mm&r=g","contentUrl":"https:\/\/secure.gravatar.com\/avatar\/4315d6fb9ef244d729989f5f90268eb08d5bf8a3d84402f595fa194bb35784fd?s=96&d=mm&r=g","caption":"David H\u00f8jmark"},"sameAs":["https:\/\/www.kunmedierne.dk"],"url":"https:\/\/kunmedierne.dk\/mors\/author\/david\/"}]}},"_links":{"self":[{"href":"https:\/\/kunmedierne.dk\/mors\/wp-json\/wp\/v2\/posts\/112906","targetHints":{"allow":["GET"]}}],"collection":[{"href":"https:\/\/kunmedierne.dk\/mors\/wp-json\/wp\/v2\/posts"}],"about":[{"href":"https:\/\/kunmedierne.dk\/mors\/wp-json\/wp\/v2\/types\/post"}],"author":[{"embeddable":true,"href":"https:\/\/kunmedierne.dk\/mors\/wp-json\/wp\/v2\/users\/8"}],"replies":[{"embeddable":true,"href":"https:\/\/kunmedierne.dk\/mors\/wp-json\/wp\/v2\/comments?post=112906"}],"version-history":[{"count":1,"href":"https:\/\/kunmedierne.dk\/mors\/wp-json\/wp\/v2\/posts\/112906\/revisions"}],"predecessor-version":[{"id":112908,"href":"https:\/\/kunmedierne.dk\/mors\/wp-json\/wp\/v2\/posts\/112906\/revisions\/112908"}],"wp:featuredmedia":[{"embeddable":true,"href":"https:\/\/kunmedierne.dk\/mors\/wp-json\/wp\/v2\/media\/112907"}],"wp:attachment":[{"href":"https:\/\/kunmedierne.dk\/mors\/wp-json\/wp\/v2\/media?parent=112906"}],"wp:term":[{"taxonomy":"category","embeddable":true,"href":"https:\/\/kunmedierne.dk\/mors\/wp-json\/wp\/v2\/categories?post=112906"},{"taxonomy":"post_tag","embeddable":true,"href":"https:\/\/kunmedierne.dk\/mors\/wp-json\/wp\/v2\/tags?post=112906"}],"curies":[{"name":"wp","href":"https:\/\/api.w.org\/{rel}","templated":true}]}}