{"id":112875,"date":"2024-02-29T06:09:09","date_gmt":"2024-02-29T05:09:09","guid":{"rendered":"https:\/\/kunmedierne.dk\/mors\/?p=112875"},"modified":"2024-08-12T13:10:42","modified_gmt":"2024-08-12T11:10:42","slug":"jubilaeum-hos-fjordland","status":"publish","type":"post","link":"https:\/\/kunmedierne.dk\/mors\/jubilaeum-hos-fjordland\/","title":{"rendered":"Jubil\u00e6um hos Fjordland"},"content":{"rendered":"<p><em>Anna Worm, afdelingsleder for Milj\u00f8, natur og klima i Fjordland, har sendt dette til KunMors om morsingboen Minna Haaning Andersen:<\/em><\/p>\n<hr \/>\n<p><strong>JUBIL\u00c6UM<\/strong>:\u00a0Den 1. februar 2024 kunne Minna Haaning Andersen fejre 10-\u00e5rs jubil\u00e6um hos Fjordland i Skive.<\/p>\n<p>Minna har i l\u00f8bet af det sidste \u00e5rti v\u00e6ret en uundv\u00e6rlig del af teamet i afdelingen milj\u00f8, natur og klima hos Fjordland.<\/p>\n<p>Som sekret\u00e6r har hun i alle \u00e5rene v\u00e6ret fundamentet i afdelingen. Minna har styr p\u00e5 koordineringen og skaber overblik, og s\u00e5 har hun en unik evne til at forudse behovene hos dem omkring hende, f\u00f8r de selv indser det.<\/p>\n<a class=\"dvrt-link\" onClick=\"cdmtrack_click(147315,jQuery(this));return false\" href=\"https:\/\/sdrhaa.dk\/\"><img decoding=\"async\" style=\"width:100%;\" src=\"https:\/\/kunmedierne.dk\/mors\/wp-content\/uploads\/2025\/05\/260302Sdr-HaaDin-gebyrvenlige-sparekasse_mors-002.gif\"><\/a><script>cdmtrack_view(147315);<\/script>\n<p>Minna er desuden pligtopfyldende, loyal og god til at skabe en god stemning omkring sig, hvilket vi alle s\u00e6tter stor pris p\u00e5. Minna har nemlig en evne til at lytte og forst\u00e5 sine kolleger, som g\u00f8r hende til en uvurderlig st\u00f8tte \u2013 b\u00e5de professionelt og personligt. Hun har en unik evne til at skabe et arbejdsmilj\u00f8, hvor alle f\u00f8ler sig v\u00e6rdsatte og h\u00f8rt.<br \/>\nVi ser frem til mange flere \u00e5r med Minna p\u00e5 holdet.<\/p>\n<p>Der skal fra Fjordland lyde et stort tillykke med jubil\u00e6et.<\/p>\n<hr \/>\n<p><em>Har du noget til navnesiden p\u00e5 KunMors? Send det til os p\u00e5 e-mail: navne@kunmedierne.dk\/mors.<\/em><\/p>\n","protected":false},"excerpt":{"rendered":"<p>Anna Worm, afdelingsleder for Milj\u00f8, natur og klima i Fjordland, har sendt dette til KunMors om morsingboen Minna Haaning Andersen: JUBIL\u00c6UM:\u00a0Den 1. februar 2024 kunne Minna Haaning Andersen fejre 10-\u00e5rs jubil\u00e6um hos Fjordland i Skive. Minna har i l\u00f8bet af det sidste \u00e5rti v\u00e6ret en uundv\u00e6rlig del af teamet i afdelingen milj\u00f8, natur og klima [&hellip;]<\/p>\n","protected":false},"author":264,"featured_media":112878,"comment_status":"closed","ping_status":"open","sticky":false,"template":"","format":"standard","meta":{"_acf_changed":false,"footnotes":""},"categories":[51,52],"tags":[159],"class_list":["post-112875","post","type-post","status-publish","format-standard","has-post-thumbnail","hentry","category-lokalt","category-navne","tag-erhverv"],"acf":[],"yoast_head":"<!-- This site is optimized with the Yoast SEO plugin v26.8 - https:\/\/yoast.com\/product\/yoast-seo-wordpress\/ -->\n<title>Jubil\u00e6um hos Fjordland - Mors<\/title>\n<meta name=\"robots\" content=\"index, follow, max-snippet:-1, max-image-preview:large, max-video-preview:-1\" \/>\n<link rel=\"canonical\" href=\"https:\/\/kunmedierne.dk\/mors\/jubilaeum-hos-fjordland\/\" \/>\n<meta property=\"og:locale\" content=\"da_DK\" \/>\n<meta property=\"og:type\" content=\"article\" \/>\n<meta property=\"og:title\" content=\"Jubil\u00e6um hos Fjordland - Mors\" \/>\n<meta property=\"og:description\" content=\"Anna Worm, afdelingsleder for Milj\u00f8, natur og klima i Fjordland, har sendt dette til KunMors om morsingboen Minna Haaning Andersen: JUBIL\u00c6UM:\u00a0Den 1. februar 2024 kunne Minna Haaning Andersen fejre 10-\u00e5rs jubil\u00e6um hos Fjordland i Skive. Minna har i l\u00f8bet af det sidste \u00e5rti v\u00e6ret en uundv\u00e6rlig del af teamet i afdelingen milj\u00f8, natur og klima [&hellip;]\" \/>\n<meta property=\"og:url\" content=\"https:\/\/kunmedierne.dk\/mors\/jubilaeum-hos-fjordland\/\" \/>\n<meta property=\"og:site_name\" content=\"Mors\" \/>\n<meta property=\"article:published_time\" content=\"2024-02-29T05:09:09+00:00\" \/>\n<meta property=\"article:modified_time\" content=\"2024-08-12T11:10:42+00:00\" \/>\n<meta property=\"og:image\" content=\"https:\/\/kunmedierne.dk\/mors\/wp-content\/uploads\/2024\/02\/Design-uden-navn-22.jpg\" \/>\n\t<meta property=\"og:image:width\" content=\"770\" \/>\n\t<meta property=\"og:image:height\" content=\"513\" \/>\n\t<meta property=\"og:image:type\" content=\"image\/jpeg\" \/>\n<meta name=\"author\" content=\"Navne\" \/>\n<meta name=\"twitter:card\" content=\"summary_large_image\" \/>\n<meta name=\"twitter:label1\" content=\"Skrevet af\" \/>\n\t<meta name=\"twitter:data1\" content=\"Navne\" \/>\n\t<meta name=\"twitter:label2\" content=\"Estimeret l\u00e6setid\" \/>\n\t<meta name=\"twitter:data2\" content=\"2 minutter\" \/>\n<script type=\"application\/ld+json\" class=\"yoast-schema-graph\">{\"@context\":\"https:\/\/schema.org\",\"@graph\":[{\"@type\":\"Article\",\"@id\":\"https:\/\/kunmedierne.dk\/mors\/jubilaeum-hos-fjordland\/#article\",\"isPartOf\":{\"@id\":\"https:\/\/kunmedierne.dk\/mors\/jubilaeum-hos-fjordland\/\"},\"author\":{\"name\":\"Navne\",\"@id\":\"https:\/\/kunmedierne.dk\/mors\/#\/schema\/person\/f084885f8161963bb583d8604763a6b7\"},\"headline\":\"Jubil\u00e6um hos Fjordland\",\"datePublished\":\"2024-02-29T05:09:09+00:00\",\"dateModified\":\"2024-08-12T11:10:42+00:00\",\"mainEntityOfPage\":{\"@id\":\"https:\/\/kunmedierne.dk\/mors\/jubilaeum-hos-fjordland\/\"},\"wordCount\":218,\"publisher\":{\"@id\":\"https:\/\/kunmedierne.dk\/mors\/#organization\"},\"image\":{\"@id\":\"https:\/\/kunmedierne.dk\/mors\/jubilaeum-hos-fjordland\/#primaryimage\"},\"thumbnailUrl\":\"https:\/\/kunmedierne.dk\/mors\/wp-content\/uploads\/2024\/02\/Design-uden-navn-22.jpg\",\"keywords\":[\"Erhverv\"],\"articleSection\":[\"Lokalt\",\"Navne\"],\"inLanguage\":\"da-DK\"},{\"@type\":\"WebPage\",\"@id\":\"https:\/\/kunmedierne.dk\/mors\/jubilaeum-hos-fjordland\/\",\"url\":\"https:\/\/kunmedierne.dk\/mors\/jubilaeum-hos-fjordland\/\",\"name\":\"Jubil\u00e6um hos Fjordland - Mors\",\"isPartOf\":{\"@id\":\"https:\/\/kunmedierne.dk\/mors\/#website\"},\"primaryImageOfPage\":{\"@id\":\"https:\/\/kunmedierne.dk\/mors\/jubilaeum-hos-fjordland\/#primaryimage\"},\"image\":{\"@id\":\"https:\/\/kunmedierne.dk\/mors\/jubilaeum-hos-fjordland\/#primaryimage\"},\"thumbnailUrl\":\"https:\/\/kunmedierne.dk\/mors\/wp-content\/uploads\/2024\/02\/Design-uden-navn-22.jpg\",\"datePublished\":\"2024-02-29T05:09:09+00:00\",\"dateModified\":\"2024-08-12T11:10:42+00:00\",\"breadcrumb\":{\"@id\":\"https:\/\/kunmedierne.dk\/mors\/jubilaeum-hos-fjordland\/#breadcrumb\"},\"inLanguage\":\"da-DK\",\"potentialAction\":[{\"@type\":\"ReadAction\",\"target\":[\"https:\/\/kunmedierne.dk\/mors\/jubilaeum-hos-fjordland\/\"]}]},{\"@type\":\"ImageObject\",\"inLanguage\":\"da-DK\",\"@id\":\"https:\/\/kunmedierne.dk\/mors\/jubilaeum-hos-fjordland\/#primaryimage\",\"url\":\"https:\/\/kunmedierne.dk\/mors\/wp-content\/uploads\/2024\/02\/Design-uden-navn-22.jpg\",\"contentUrl\":\"https:\/\/kunmedierne.dk\/mors\/wp-content\/uploads\/2024\/02\/Design-uden-navn-22.jpg\",\"width\":770,\"height\":513},{\"@type\":\"BreadcrumbList\",\"@id\":\"https:\/\/kunmedierne.dk\/mors\/jubilaeum-hos-fjordland\/#breadcrumb\",\"itemListElement\":[{\"@type\":\"ListItem\",\"position\":1,\"name\":\"Hjem\",\"item\":\"https:\/\/kunmedierne.dk\/mors\/\"},{\"@type\":\"ListItem\",\"position\":2,\"name\":\"Jubil\u00e6um hos Fjordland\"}]},{\"@type\":\"WebSite\",\"@id\":\"https:\/\/kunmedierne.dk\/mors\/#website\",\"url\":\"https:\/\/kunmedierne.dk\/mors\/\",\"name\":\"Mors\",\"description\":\"et netmedie med journalistik om livet p\u00e5 Mors\",\"publisher\":{\"@id\":\"https:\/\/kunmedierne.dk\/mors\/#organization\"},\"potentialAction\":[{\"@type\":\"SearchAction\",\"target\":{\"@type\":\"EntryPoint\",\"urlTemplate\":\"https:\/\/kunmedierne.dk\/mors\/?s={search_term_string}\"},\"query-input\":{\"@type\":\"PropertyValueSpecification\",\"valueRequired\":true,\"valueName\":\"search_term_string\"}}],\"inLanguage\":\"da-DK\"},{\"@type\":\"Organization\",\"@id\":\"https:\/\/kunmedierne.dk\/mors\/#organization\",\"name\":\"Mors\",\"url\":\"https:\/\/kunmedierne.dk\/mors\/\",\"logo\":{\"@type\":\"ImageObject\",\"inLanguage\":\"da-DK\",\"@id\":\"https:\/\/kunmedierne.dk\/mors\/#\/schema\/logo\/image\/\",\"url\":\"https:\/\/kunmedierne.dk\/mors\/wp-content\/uploads\/2024\/08\/kunmors-logo.svg\",\"contentUrl\":\"https:\/\/kunmedierne.dk\/mors\/wp-content\/uploads\/2024\/08\/kunmors-logo.svg\",\"caption\":\"Mors\"},\"image\":{\"@id\":\"https:\/\/kunmedierne.dk\/mors\/#\/schema\/logo\/image\/\"}},{\"@type\":\"Person\",\"@id\":\"https:\/\/kunmedierne.dk\/mors\/#\/schema\/person\/f084885f8161963bb583d8604763a6b7\",\"name\":\"Navne\",\"image\":{\"@type\":\"ImageObject\",\"inLanguage\":\"da-DK\",\"@id\":\"https:\/\/kunmedierne.dk\/mors\/#\/schema\/person\/image\/\",\"url\":\"https:\/\/secure.gravatar.com\/avatar\/6f0953307eaee87813e8e3c90223d5589b093e56e7cc66b5575f901f7b5868a5?s=96&d=mm&r=g\",\"contentUrl\":\"https:\/\/secure.gravatar.com\/avatar\/6f0953307eaee87813e8e3c90223d5589b093e56e7cc66b5575f901f7b5868a5?s=96&d=mm&r=g\",\"caption\":\"Navne\"},\"url\":\"https:\/\/kunmedierne.dk\/mors\/author\/navne\/\"}]}<\/script>\n<!-- \/ Yoast SEO plugin. -->","yoast_head_json":{"title":"Jubil\u00e6um hos Fjordland - Mors","robots":{"index":"index","follow":"follow","max-snippet":"max-snippet:-1","max-image-preview":"max-image-preview:large","max-video-preview":"max-video-preview:-1"},"canonical":"https:\/\/kunmedierne.dk\/mors\/jubilaeum-hos-fjordland\/","og_locale":"da_DK","og_type":"article","og_title":"Jubil\u00e6um hos Fjordland - Mors","og_description":"Anna Worm, afdelingsleder for Milj\u00f8, natur og klima i Fjordland, har sendt dette til KunMors om morsingboen Minna Haaning Andersen: JUBIL\u00c6UM:\u00a0Den 1. februar 2024 kunne Minna Haaning Andersen fejre 10-\u00e5rs jubil\u00e6um hos Fjordland i Skive. Minna har i l\u00f8bet af det sidste \u00e5rti v\u00e6ret en uundv\u00e6rlig del af teamet i afdelingen milj\u00f8, natur og klima [&hellip;]","og_url":"https:\/\/kunmedierne.dk\/mors\/jubilaeum-hos-fjordland\/","og_site_name":"Mors","article_published_time":"2024-02-29T05:09:09+00:00","article_modified_time":"2024-08-12T11:10:42+00:00","og_image":[{"width":770,"height":513,"url":"https:\/\/kunmedierne.dk\/mors\/wp-content\/uploads\/2024\/02\/Design-uden-navn-22.jpg","type":"image\/jpeg"}],"author":"Navne","twitter_card":"summary_large_image","twitter_misc":{"Skrevet af":"Navne","Estimeret l\u00e6setid":"2 minutter"},"schema":{"@context":"https:\/\/schema.org","@graph":[{"@type":"Article","@id":"https:\/\/kunmedierne.dk\/mors\/jubilaeum-hos-fjordland\/#article","isPartOf":{"@id":"https:\/\/kunmedierne.dk\/mors\/jubilaeum-hos-fjordland\/"},"author":{"name":"Navne","@id":"https:\/\/kunmedierne.dk\/mors\/#\/schema\/person\/f084885f8161963bb583d8604763a6b7"},"headline":"Jubil\u00e6um hos Fjordland","datePublished":"2024-02-29T05:09:09+00:00","dateModified":"2024-08-12T11:10:42+00:00","mainEntityOfPage":{"@id":"https:\/\/kunmedierne.dk\/mors\/jubilaeum-hos-fjordland\/"},"wordCount":218,"publisher":{"@id":"https:\/\/kunmedierne.dk\/mors\/#organization"},"image":{"@id":"https:\/\/kunmedierne.dk\/mors\/jubilaeum-hos-fjordland\/#primaryimage"},"thumbnailUrl":"https:\/\/kunmedierne.dk\/mors\/wp-content\/uploads\/2024\/02\/Design-uden-navn-22.jpg","keywords":["Erhverv"],"articleSection":["Lokalt","Navne"],"inLanguage":"da-DK"},{"@type":"WebPage","@id":"https:\/\/kunmedierne.dk\/mors\/jubilaeum-hos-fjordland\/","url":"https:\/\/kunmedierne.dk\/mors\/jubilaeum-hos-fjordland\/","name":"Jubil\u00e6um hos Fjordland - Mors","isPartOf":{"@id":"https:\/\/kunmedierne.dk\/mors\/#website"},"primaryImageOfPage":{"@id":"https:\/\/kunmedierne.dk\/mors\/jubilaeum-hos-fjordland\/#primaryimage"},"image":{"@id":"https:\/\/kunmedierne.dk\/mors\/jubilaeum-hos-fjordland\/#primaryimage"},"thumbnailUrl":"https:\/\/kunmedierne.dk\/mors\/wp-content\/uploads\/2024\/02\/Design-uden-navn-22.jpg","datePublished":"2024-02-29T05:09:09+00:00","dateModified":"2024-08-12T11:10:42+00:00","breadcrumb":{"@id":"https:\/\/kunmedierne.dk\/mors\/jubilaeum-hos-fjordland\/#breadcrumb"},"inLanguage":"da-DK","potentialAction":[{"@type":"ReadAction","target":["https:\/\/kunmedierne.dk\/mors\/jubilaeum-hos-fjordland\/"]}]},{"@type":"ImageObject","inLanguage":"da-DK","@id":"https:\/\/kunmedierne.dk\/mors\/jubilaeum-hos-fjordland\/#primaryimage","url":"https:\/\/kunmedierne.dk\/mors\/wp-content\/uploads\/2024\/02\/Design-uden-navn-22.jpg","contentUrl":"https:\/\/kunmedierne.dk\/mors\/wp-content\/uploads\/2024\/02\/Design-uden-navn-22.jpg","width":770,"height":513},{"@type":"BreadcrumbList","@id":"https:\/\/kunmedierne.dk\/mors\/jubilaeum-hos-fjordland\/#breadcrumb","itemListElement":[{"@type":"ListItem","position":1,"name":"Hjem","item":"https:\/\/kunmedierne.dk\/mors\/"},{"@type":"ListItem","position":2,"name":"Jubil\u00e6um hos Fjordland"}]},{"@type":"WebSite","@id":"https:\/\/kunmedierne.dk\/mors\/#website","url":"https:\/\/kunmedierne.dk\/mors\/","name":"Mors","description":"et netmedie med journalistik om livet p\u00e5 Mors","publisher":{"@id":"https:\/\/kunmedierne.dk\/mors\/#organization"},"potentialAction":[{"@type":"SearchAction","target":{"@type":"EntryPoint","urlTemplate":"https:\/\/kunmedierne.dk\/mors\/?s={search_term_string}"},"query-input":{"@type":"PropertyValueSpecification","valueRequired":true,"valueName":"search_term_string"}}],"inLanguage":"da-DK"},{"@type":"Organization","@id":"https:\/\/kunmedierne.dk\/mors\/#organization","name":"Mors","url":"https:\/\/kunmedierne.dk\/mors\/","logo":{"@type":"ImageObject","inLanguage":"da-DK","@id":"https:\/\/kunmedierne.dk\/mors\/#\/schema\/logo\/image\/","url":"https:\/\/kunmedierne.dk\/mors\/wp-content\/uploads\/2024\/08\/kunmors-logo.svg","contentUrl":"https:\/\/kunmedierne.dk\/mors\/wp-content\/uploads\/2024\/08\/kunmors-logo.svg","caption":"Mors"},"image":{"@id":"https:\/\/kunmedierne.dk\/mors\/#\/schema\/logo\/image\/"}},{"@type":"Person","@id":"https:\/\/kunmedierne.dk\/mors\/#\/schema\/person\/f084885f8161963bb583d8604763a6b7","name":"Navne","image":{"@type":"ImageObject","inLanguage":"da-DK","@id":"https:\/\/kunmedierne.dk\/mors\/#\/schema\/person\/image\/","url":"https:\/\/secure.gravatar.com\/avatar\/6f0953307eaee87813e8e3c90223d5589b093e56e7cc66b5575f901f7b5868a5?s=96&d=mm&r=g","contentUrl":"https:\/\/secure.gravatar.com\/avatar\/6f0953307eaee87813e8e3c90223d5589b093e56e7cc66b5575f901f7b5868a5?s=96&d=mm&r=g","caption":"Navne"},"url":"https:\/\/kunmedierne.dk\/mors\/author\/navne\/"}]}},"_links":{"self":[{"href":"https:\/\/kunmedierne.dk\/mors\/wp-json\/wp\/v2\/posts\/112875","targetHints":{"allow":["GET"]}}],"collection":[{"href":"https:\/\/kunmedierne.dk\/mors\/wp-json\/wp\/v2\/posts"}],"about":[{"href":"https:\/\/kunmedierne.dk\/mors\/wp-json\/wp\/v2\/types\/post"}],"author":[{"embeddable":true,"href":"https:\/\/kunmedierne.dk\/mors\/wp-json\/wp\/v2\/users\/264"}],"replies":[{"embeddable":true,"href":"https:\/\/kunmedierne.dk\/mors\/wp-json\/wp\/v2\/comments?post=112875"}],"version-history":[{"count":1,"href":"https:\/\/kunmedierne.dk\/mors\/wp-json\/wp\/v2\/posts\/112875\/revisions"}],"predecessor-version":[{"id":112877,"href":"https:\/\/kunmedierne.dk\/mors\/wp-json\/wp\/v2\/posts\/112875\/revisions\/112877"}],"wp:featuredmedia":[{"embeddable":true,"href":"https:\/\/kunmedierne.dk\/mors\/wp-json\/wp\/v2\/media\/112878"}],"wp:attachment":[{"href":"https:\/\/kunmedierne.dk\/mors\/wp-json\/wp\/v2\/media?parent=112875"}],"wp:term":[{"taxonomy":"category","embeddable":true,"href":"https:\/\/kunmedierne.dk\/mors\/wp-json\/wp\/v2\/categories?post=112875"},{"taxonomy":"post_tag","embeddable":true,"href":"https:\/\/kunmedierne.dk\/mors\/wp-json\/wp\/v2\/tags?post=112875"}],"curies":[{"name":"wp","href":"https:\/\/api.w.org\/{rel}","templated":true}]}}