{"id":112809,"date":"2024-02-28T06:20:12","date_gmt":"2024-02-28T05:20:12","guid":{"rendered":"https:\/\/kunmedierne.dk\/mors\/?p=112809"},"modified":"2024-08-12T13:10:42","modified_gmt":"2024-08-12T11:10:42","slug":"aalborg-universitetshospital-faar-ny-direktoer","status":"publish","type":"post","link":"https:\/\/kunmedierne.dk\/mors\/aalborg-universitetshospital-faar-ny-direktoer\/","title":{"rendered":"Aalborg Universitetshospital f\u00e5r ny direkt\u00f8r"},"content":{"rendered":"<p class=\"v1Brdtekst-PM\"><b>ANS\u00c6TTELSE: <\/b><b><\/b>Aalborg Universitetshospital f\u00e5r ny direkt\u00f8r. Det bliver Lars Dahl Pedersen, der kommer fra en stilling som administrerende direkt\u00f8r for privathospitalet M\u00f8lholm, og han s\u00e6tter sig derfor nu i spidsen for en organisation med 7500 fuldtidsansatte.<\/p>\n<p class=\"v1Brdtekst-PM\"><b>&#8211;\u00a0<\/b>Jeg br\u00e6nder for at komme i gang. Jeg er bevidst om, at jeg tr\u00e6der ind i en stor og kompleks organisation, hvor der er opgaver nok at tage fat p\u00e5. Et universitetshospital skal sikre alle patienter den bedst mulige behandling inden for de \u00f8konomiske rammer, der er givet, siger Lars Dahl Pedersen.<\/p>\n<p class=\"v1Brdtekst-PM\">Han l\u00e6gger desuden v\u00e6gt p\u00e5, at resultater opn\u00e5s bedst gennem dialog og samarbejde, og han ser derfor frem til at tr\u00e6de ind p\u00e5 et hospital, der samarbejder meget bredt.<\/p>\n<a class=\"dvrt-link\" onClick=\"cdmtrack_click(104779,jQuery(this));return false\" href=\"https:\/\/morsoe-begravelsesforretning.dk\/\"><img decoding=\"async\" style=\"width:100%;\" src=\"https:\/\/kunmedierne.dk\/mors\/wp-content\/uploads\/2023\/11\/251215-morsoe-begravelsesforretning.jpg\"><\/a><script>cdmtrack_view(104779);<\/script>\n<p class=\"v1Brdtekst-PM\">Inden han blev direkt\u00f8r i det private sundhedsv\u00e6sen har Lars Dahl Pedersen en karriere bag sig som hospitalsdirekt\u00f8r igennem en l\u00e6ngere \u00e5rr\u00e6kke p\u00e5 st\u00f8rre hospitalsenheder i Region Midtjylland, og han har en ph.d i Statskundskab fra Aarhus Universitet.<\/p>\n<p class=\"v1Brdtekst-PM\">Regionsdirekt\u00f8ren i Region Nordjylland, Jakob Krogh, ser frem til samarbejdet med den nye hospitalsdirekt\u00f8r.<\/p>\n<p class=\"v1Brdtekst-PM\">&#8211; Med Lars f\u00e5r Aalborg Universitetshospital og regionen en meget st\u00e6rk og kompetent hospitalsdirekt\u00f8r. Lars skal v\u00e6re med til den fortsatte genopretning af hospitals\u00f8konomien samtidig med, at han skal st\u00e5 i spidsen for et fagligt fyrt\u00e5rn af et hospital, der behandler, udvikler, uddanner og forsker, siger Jakob Krogh.<\/p>\n<a class=\"dvrt-link\" onClick=\"cdmtrack_click(104781,jQuery(this));return false\" href=\"https:\/\/www.fmspks.dk\/\"><img decoding=\"async\" style=\"width:100%;\" src=\"https:\/\/kunmedierne.dk\/mors\/wp-content\/uploads\/2022\/02\/vip-froeslev-mollerup-sparekasse.jpg\"><\/a><script>cdmtrack_view(104781);<\/script>\n<p class=\"v1Brdtekst-PM\">Derudover venter der ogs\u00e5 en stor opgave i 2026, n\u00e5r Aalborg Universitetshospital flytter til Hospitalsbyen i Aalborg \u00d8st. Her skal medarbejdere, patienter og avancerede behandlinger flytte p\u00e5 kort tid til en stor arbejdsplads i nye, flotte rammer.<\/p>\n<p class=\"v1Brdtekst-PM\">&#8211; Jeg er sikker p\u00e5, at Lars her kan sikre en god overgang sammen med medarbejdere og ledere. Han kommer som en dygtig og erfaren ledelseskapacitet, siger Jakob Krogh.<\/p>\n<a class=\"dvrt-link\" onClick=\"cdmtrack_click(104781,jQuery(this));return false\" href=\"https:\/\/www.fmspks.dk\/\"><img decoding=\"async\" style=\"width:100%;\" src=\"https:\/\/kunmedierne.dk\/mors\/wp-content\/uploads\/2022\/02\/vip-froeslev-mollerup-sparekasse.jpg\"><\/a><script>cdmtrack_view(104781);<\/script>\n<p class=\"v1Brdtekst-PM\">Privat bor Lars Dahl Pedersen i en mindre landsby t\u00e6t p\u00e5 Viborg med sin kone. I fritiden fylder b\u00f8rn, b\u00f8rneb\u00f8rn samt l\u00f8b og vandreture.<\/p>\n<p class=\"v1Brdtekst-PM\">Han tiltr\u00e6der stillingen p\u00e5 Aalborg Universitetshospital den 1. april 2024.<\/p>\n","protected":false},"excerpt":{"rendered":"<p>ANS\u00c6TTELSE: Aalborg Universitetshospital f\u00e5r ny direkt\u00f8r. Det bliver Lars Dahl Pedersen, der kommer fra en stilling som administrerende direkt\u00f8r for privathospitalet M\u00f8lholm, og han s\u00e6tter sig derfor nu i spidsen for en organisation med 7500 fuldtidsansatte. &#8211;\u00a0Jeg br\u00e6nder for at komme i gang. Jeg er bevidst om, at jeg tr\u00e6der ind i en stor og [&hellip;]<\/p>\n","protected":false},"author":8,"featured_media":112810,"comment_status":"closed","ping_status":"open","sticky":false,"template":"","format":"standard","meta":{"_acf_changed":false,"footnotes":""},"categories":[51,52],"tags":[],"class_list":["post-112809","post","type-post","status-publish","format-standard","has-post-thumbnail","hentry","category-lokalt","category-navne"],"acf":[],"yoast_head":"<!-- This site is optimized with the Yoast SEO plugin v26.8 - https:\/\/yoast.com\/product\/yoast-seo-wordpress\/ -->\n<title>Aalborg Universitetshospital f\u00e5r ny direkt\u00f8r - Mors<\/title>\n<meta name=\"robots\" content=\"index, follow, max-snippet:-1, max-image-preview:large, max-video-preview:-1\" \/>\n<link rel=\"canonical\" href=\"https:\/\/kunmedierne.dk\/mors\/aalborg-universitetshospital-faar-ny-direktoer\/\" \/>\n<meta property=\"og:locale\" content=\"da_DK\" \/>\n<meta property=\"og:type\" content=\"article\" \/>\n<meta property=\"og:title\" content=\"Aalborg Universitetshospital f\u00e5r ny direkt\u00f8r - Mors\" \/>\n<meta property=\"og:description\" content=\"ANS\u00c6TTELSE: Aalborg Universitetshospital f\u00e5r ny direkt\u00f8r. Det bliver Lars Dahl Pedersen, der kommer fra en stilling som administrerende direkt\u00f8r for privathospitalet M\u00f8lholm, og han s\u00e6tter sig derfor nu i spidsen for en organisation med 7500 fuldtidsansatte. &#8211;\u00a0Jeg br\u00e6nder for at komme i gang. Jeg er bevidst om, at jeg tr\u00e6der ind i en stor og [&hellip;]\" \/>\n<meta property=\"og:url\" content=\"https:\/\/kunmedierne.dk\/mors\/aalborg-universitetshospital-faar-ny-direktoer\/\" \/>\n<meta property=\"og:site_name\" content=\"Mors\" \/>\n<meta property=\"article:published_time\" content=\"2024-02-28T05:20:12+00:00\" \/>\n<meta property=\"article:modified_time\" content=\"2024-08-12T11:10:42+00:00\" \/>\n<meta property=\"og:image\" content=\"https:\/\/kunmedierne.dk\/mors\/wp-content\/uploads\/2024\/02\/Lars-Dahl-Pedersen.jpg\" \/>\n\t<meta property=\"og:image:width\" content=\"770\" \/>\n\t<meta property=\"og:image:height\" content=\"513\" \/>\n\t<meta property=\"og:image:type\" content=\"image\/jpeg\" \/>\n<meta name=\"author\" content=\"David H\u00f8jmark\" \/>\n<meta name=\"twitter:card\" content=\"summary_large_image\" \/>\n<meta name=\"twitter:label1\" content=\"Skrevet af\" \/>\n\t<meta name=\"twitter:data1\" content=\"David H\u00f8jmark\" \/>\n\t<meta name=\"twitter:label2\" content=\"Estimeret l\u00e6setid\" \/>\n\t<meta name=\"twitter:data2\" content=\"2 minutter\" \/>\n<script type=\"application\/ld+json\" class=\"yoast-schema-graph\">{\"@context\":\"https:\/\/schema.org\",\"@graph\":[{\"@type\":\"Article\",\"@id\":\"https:\/\/kunmedierne.dk\/mors\/aalborg-universitetshospital-faar-ny-direktoer\/#article\",\"isPartOf\":{\"@id\":\"https:\/\/kunmedierne.dk\/mors\/aalborg-universitetshospital-faar-ny-direktoer\/\"},\"author\":{\"name\":\"David H\u00f8jmark\",\"@id\":\"https:\/\/kunmedierne.dk\/mors\/#\/schema\/person\/5fe23251bf1d0abbcdc6f7896579d548\"},\"headline\":\"Aalborg Universitetshospital f\u00e5r ny direkt\u00f8r\",\"datePublished\":\"2024-02-28T05:20:12+00:00\",\"dateModified\":\"2024-08-12T11:10:42+00:00\",\"mainEntityOfPage\":{\"@id\":\"https:\/\/kunmedierne.dk\/mors\/aalborg-universitetshospital-faar-ny-direktoer\/\"},\"wordCount\":361,\"publisher\":{\"@id\":\"https:\/\/kunmedierne.dk\/mors\/#organization\"},\"image\":{\"@id\":\"https:\/\/kunmedierne.dk\/mors\/aalborg-universitetshospital-faar-ny-direktoer\/#primaryimage\"},\"thumbnailUrl\":\"https:\/\/kunmedierne.dk\/mors\/wp-content\/uploads\/2024\/02\/Lars-Dahl-Pedersen.jpg\",\"articleSection\":[\"Lokalt\",\"Navne\"],\"inLanguage\":\"da-DK\"},{\"@type\":\"WebPage\",\"@id\":\"https:\/\/kunmedierne.dk\/mors\/aalborg-universitetshospital-faar-ny-direktoer\/\",\"url\":\"https:\/\/kunmedierne.dk\/mors\/aalborg-universitetshospital-faar-ny-direktoer\/\",\"name\":\"Aalborg Universitetshospital f\u00e5r ny direkt\u00f8r - Mors\",\"isPartOf\":{\"@id\":\"https:\/\/kunmedierne.dk\/mors\/#website\"},\"primaryImageOfPage\":{\"@id\":\"https:\/\/kunmedierne.dk\/mors\/aalborg-universitetshospital-faar-ny-direktoer\/#primaryimage\"},\"image\":{\"@id\":\"https:\/\/kunmedierne.dk\/mors\/aalborg-universitetshospital-faar-ny-direktoer\/#primaryimage\"},\"thumbnailUrl\":\"https:\/\/kunmedierne.dk\/mors\/wp-content\/uploads\/2024\/02\/Lars-Dahl-Pedersen.jpg\",\"datePublished\":\"2024-02-28T05:20:12+00:00\",\"dateModified\":\"2024-08-12T11:10:42+00:00\",\"breadcrumb\":{\"@id\":\"https:\/\/kunmedierne.dk\/mors\/aalborg-universitetshospital-faar-ny-direktoer\/#breadcrumb\"},\"inLanguage\":\"da-DK\",\"potentialAction\":[{\"@type\":\"ReadAction\",\"target\":[\"https:\/\/kunmedierne.dk\/mors\/aalborg-universitetshospital-faar-ny-direktoer\/\"]}]},{\"@type\":\"ImageObject\",\"inLanguage\":\"da-DK\",\"@id\":\"https:\/\/kunmedierne.dk\/mors\/aalborg-universitetshospital-faar-ny-direktoer\/#primaryimage\",\"url\":\"https:\/\/kunmedierne.dk\/mors\/wp-content\/uploads\/2024\/02\/Lars-Dahl-Pedersen.jpg\",\"contentUrl\":\"https:\/\/kunmedierne.dk\/mors\/wp-content\/uploads\/2024\/02\/Lars-Dahl-Pedersen.jpg\",\"width\":770,\"height\":513,\"caption\":\"Lars Dahl Pedersen. Foto: Aalborg Universitetshospital.\"},{\"@type\":\"BreadcrumbList\",\"@id\":\"https:\/\/kunmedierne.dk\/mors\/aalborg-universitetshospital-faar-ny-direktoer\/#breadcrumb\",\"itemListElement\":[{\"@type\":\"ListItem\",\"position\":1,\"name\":\"Hjem\",\"item\":\"https:\/\/kunmedierne.dk\/mors\/\"},{\"@type\":\"ListItem\",\"position\":2,\"name\":\"Aalborg Universitetshospital f\u00e5r ny direkt\u00f8r\"}]},{\"@type\":\"WebSite\",\"@id\":\"https:\/\/kunmedierne.dk\/mors\/#website\",\"url\":\"https:\/\/kunmedierne.dk\/mors\/\",\"name\":\"Mors\",\"description\":\"et netmedie med journalistik om livet p\u00e5 Mors\",\"publisher\":{\"@id\":\"https:\/\/kunmedierne.dk\/mors\/#organization\"},\"potentialAction\":[{\"@type\":\"SearchAction\",\"target\":{\"@type\":\"EntryPoint\",\"urlTemplate\":\"https:\/\/kunmedierne.dk\/mors\/?s={search_term_string}\"},\"query-input\":{\"@type\":\"PropertyValueSpecification\",\"valueRequired\":true,\"valueName\":\"search_term_string\"}}],\"inLanguage\":\"da-DK\"},{\"@type\":\"Organization\",\"@id\":\"https:\/\/kunmedierne.dk\/mors\/#organization\",\"name\":\"Mors\",\"url\":\"https:\/\/kunmedierne.dk\/mors\/\",\"logo\":{\"@type\":\"ImageObject\",\"inLanguage\":\"da-DK\",\"@id\":\"https:\/\/kunmedierne.dk\/mors\/#\/schema\/logo\/image\/\",\"url\":\"https:\/\/kunmedierne.dk\/mors\/wp-content\/uploads\/2024\/08\/kunmors-logo.svg\",\"contentUrl\":\"https:\/\/kunmedierne.dk\/mors\/wp-content\/uploads\/2024\/08\/kunmors-logo.svg\",\"caption\":\"Mors\"},\"image\":{\"@id\":\"https:\/\/kunmedierne.dk\/mors\/#\/schema\/logo\/image\/\"}},{\"@type\":\"Person\",\"@id\":\"https:\/\/kunmedierne.dk\/mors\/#\/schema\/person\/5fe23251bf1d0abbcdc6f7896579d548\",\"name\":\"David H\u00f8jmark\",\"image\":{\"@type\":\"ImageObject\",\"inLanguage\":\"da-DK\",\"@id\":\"https:\/\/kunmedierne.dk\/mors\/#\/schema\/person\/image\/\",\"url\":\"https:\/\/secure.gravatar.com\/avatar\/4315d6fb9ef244d729989f5f90268eb08d5bf8a3d84402f595fa194bb35784fd?s=96&d=mm&r=g\",\"contentUrl\":\"https:\/\/secure.gravatar.com\/avatar\/4315d6fb9ef244d729989f5f90268eb08d5bf8a3d84402f595fa194bb35784fd?s=96&d=mm&r=g\",\"caption\":\"David H\u00f8jmark\"},\"sameAs\":[\"https:\/\/www.kunmedierne.dk\"],\"url\":\"https:\/\/kunmedierne.dk\/mors\/author\/david\/\"}]}<\/script>\n<!-- \/ Yoast SEO plugin. -->","yoast_head_json":{"title":"Aalborg Universitetshospital f\u00e5r ny direkt\u00f8r - Mors","robots":{"index":"index","follow":"follow","max-snippet":"max-snippet:-1","max-image-preview":"max-image-preview:large","max-video-preview":"max-video-preview:-1"},"canonical":"https:\/\/kunmedierne.dk\/mors\/aalborg-universitetshospital-faar-ny-direktoer\/","og_locale":"da_DK","og_type":"article","og_title":"Aalborg Universitetshospital f\u00e5r ny direkt\u00f8r - Mors","og_description":"ANS\u00c6TTELSE: Aalborg Universitetshospital f\u00e5r ny direkt\u00f8r. Det bliver Lars Dahl Pedersen, der kommer fra en stilling som administrerende direkt\u00f8r for privathospitalet M\u00f8lholm, og han s\u00e6tter sig derfor nu i spidsen for en organisation med 7500 fuldtidsansatte. &#8211;\u00a0Jeg br\u00e6nder for at komme i gang. Jeg er bevidst om, at jeg tr\u00e6der ind i en stor og [&hellip;]","og_url":"https:\/\/kunmedierne.dk\/mors\/aalborg-universitetshospital-faar-ny-direktoer\/","og_site_name":"Mors","article_published_time":"2024-02-28T05:20:12+00:00","article_modified_time":"2024-08-12T11:10:42+00:00","og_image":[{"width":770,"height":513,"url":"https:\/\/kunmedierne.dk\/mors\/wp-content\/uploads\/2024\/02\/Lars-Dahl-Pedersen.jpg","type":"image\/jpeg"}],"author":"David H\u00f8jmark","twitter_card":"summary_large_image","twitter_misc":{"Skrevet af":"David H\u00f8jmark","Estimeret l\u00e6setid":"2 minutter"},"schema":{"@context":"https:\/\/schema.org","@graph":[{"@type":"Article","@id":"https:\/\/kunmedierne.dk\/mors\/aalborg-universitetshospital-faar-ny-direktoer\/#article","isPartOf":{"@id":"https:\/\/kunmedierne.dk\/mors\/aalborg-universitetshospital-faar-ny-direktoer\/"},"author":{"name":"David H\u00f8jmark","@id":"https:\/\/kunmedierne.dk\/mors\/#\/schema\/person\/5fe23251bf1d0abbcdc6f7896579d548"},"headline":"Aalborg Universitetshospital f\u00e5r ny direkt\u00f8r","datePublished":"2024-02-28T05:20:12+00:00","dateModified":"2024-08-12T11:10:42+00:00","mainEntityOfPage":{"@id":"https:\/\/kunmedierne.dk\/mors\/aalborg-universitetshospital-faar-ny-direktoer\/"},"wordCount":361,"publisher":{"@id":"https:\/\/kunmedierne.dk\/mors\/#organization"},"image":{"@id":"https:\/\/kunmedierne.dk\/mors\/aalborg-universitetshospital-faar-ny-direktoer\/#primaryimage"},"thumbnailUrl":"https:\/\/kunmedierne.dk\/mors\/wp-content\/uploads\/2024\/02\/Lars-Dahl-Pedersen.jpg","articleSection":["Lokalt","Navne"],"inLanguage":"da-DK"},{"@type":"WebPage","@id":"https:\/\/kunmedierne.dk\/mors\/aalborg-universitetshospital-faar-ny-direktoer\/","url":"https:\/\/kunmedierne.dk\/mors\/aalborg-universitetshospital-faar-ny-direktoer\/","name":"Aalborg Universitetshospital f\u00e5r ny direkt\u00f8r - Mors","isPartOf":{"@id":"https:\/\/kunmedierne.dk\/mors\/#website"},"primaryImageOfPage":{"@id":"https:\/\/kunmedierne.dk\/mors\/aalborg-universitetshospital-faar-ny-direktoer\/#primaryimage"},"image":{"@id":"https:\/\/kunmedierne.dk\/mors\/aalborg-universitetshospital-faar-ny-direktoer\/#primaryimage"},"thumbnailUrl":"https:\/\/kunmedierne.dk\/mors\/wp-content\/uploads\/2024\/02\/Lars-Dahl-Pedersen.jpg","datePublished":"2024-02-28T05:20:12+00:00","dateModified":"2024-08-12T11:10:42+00:00","breadcrumb":{"@id":"https:\/\/kunmedierne.dk\/mors\/aalborg-universitetshospital-faar-ny-direktoer\/#breadcrumb"},"inLanguage":"da-DK","potentialAction":[{"@type":"ReadAction","target":["https:\/\/kunmedierne.dk\/mors\/aalborg-universitetshospital-faar-ny-direktoer\/"]}]},{"@type":"ImageObject","inLanguage":"da-DK","@id":"https:\/\/kunmedierne.dk\/mors\/aalborg-universitetshospital-faar-ny-direktoer\/#primaryimage","url":"https:\/\/kunmedierne.dk\/mors\/wp-content\/uploads\/2024\/02\/Lars-Dahl-Pedersen.jpg","contentUrl":"https:\/\/kunmedierne.dk\/mors\/wp-content\/uploads\/2024\/02\/Lars-Dahl-Pedersen.jpg","width":770,"height":513,"caption":"Lars Dahl Pedersen. Foto: Aalborg Universitetshospital."},{"@type":"BreadcrumbList","@id":"https:\/\/kunmedierne.dk\/mors\/aalborg-universitetshospital-faar-ny-direktoer\/#breadcrumb","itemListElement":[{"@type":"ListItem","position":1,"name":"Hjem","item":"https:\/\/kunmedierne.dk\/mors\/"},{"@type":"ListItem","position":2,"name":"Aalborg Universitetshospital f\u00e5r ny direkt\u00f8r"}]},{"@type":"WebSite","@id":"https:\/\/kunmedierne.dk\/mors\/#website","url":"https:\/\/kunmedierne.dk\/mors\/","name":"Mors","description":"et netmedie med journalistik om livet p\u00e5 Mors","publisher":{"@id":"https:\/\/kunmedierne.dk\/mors\/#organization"},"potentialAction":[{"@type":"SearchAction","target":{"@type":"EntryPoint","urlTemplate":"https:\/\/kunmedierne.dk\/mors\/?s={search_term_string}"},"query-input":{"@type":"PropertyValueSpecification","valueRequired":true,"valueName":"search_term_string"}}],"inLanguage":"da-DK"},{"@type":"Organization","@id":"https:\/\/kunmedierne.dk\/mors\/#organization","name":"Mors","url":"https:\/\/kunmedierne.dk\/mors\/","logo":{"@type":"ImageObject","inLanguage":"da-DK","@id":"https:\/\/kunmedierne.dk\/mors\/#\/schema\/logo\/image\/","url":"https:\/\/kunmedierne.dk\/mors\/wp-content\/uploads\/2024\/08\/kunmors-logo.svg","contentUrl":"https:\/\/kunmedierne.dk\/mors\/wp-content\/uploads\/2024\/08\/kunmors-logo.svg","caption":"Mors"},"image":{"@id":"https:\/\/kunmedierne.dk\/mors\/#\/schema\/logo\/image\/"}},{"@type":"Person","@id":"https:\/\/kunmedierne.dk\/mors\/#\/schema\/person\/5fe23251bf1d0abbcdc6f7896579d548","name":"David H\u00f8jmark","image":{"@type":"ImageObject","inLanguage":"da-DK","@id":"https:\/\/kunmedierne.dk\/mors\/#\/schema\/person\/image\/","url":"https:\/\/secure.gravatar.com\/avatar\/4315d6fb9ef244d729989f5f90268eb08d5bf8a3d84402f595fa194bb35784fd?s=96&d=mm&r=g","contentUrl":"https:\/\/secure.gravatar.com\/avatar\/4315d6fb9ef244d729989f5f90268eb08d5bf8a3d84402f595fa194bb35784fd?s=96&d=mm&r=g","caption":"David H\u00f8jmark"},"sameAs":["https:\/\/www.kunmedierne.dk"],"url":"https:\/\/kunmedierne.dk\/mors\/author\/david\/"}]}},"_links":{"self":[{"href":"https:\/\/kunmedierne.dk\/mors\/wp-json\/wp\/v2\/posts\/112809","targetHints":{"allow":["GET"]}}],"collection":[{"href":"https:\/\/kunmedierne.dk\/mors\/wp-json\/wp\/v2\/posts"}],"about":[{"href":"https:\/\/kunmedierne.dk\/mors\/wp-json\/wp\/v2\/types\/post"}],"author":[{"embeddable":true,"href":"https:\/\/kunmedierne.dk\/mors\/wp-json\/wp\/v2\/users\/8"}],"replies":[{"embeddable":true,"href":"https:\/\/kunmedierne.dk\/mors\/wp-json\/wp\/v2\/comments?post=112809"}],"version-history":[{"count":1,"href":"https:\/\/kunmedierne.dk\/mors\/wp-json\/wp\/v2\/posts\/112809\/revisions"}],"predecessor-version":[{"id":112811,"href":"https:\/\/kunmedierne.dk\/mors\/wp-json\/wp\/v2\/posts\/112809\/revisions\/112811"}],"wp:featuredmedia":[{"embeddable":true,"href":"https:\/\/kunmedierne.dk\/mors\/wp-json\/wp\/v2\/media\/112810"}],"wp:attachment":[{"href":"https:\/\/kunmedierne.dk\/mors\/wp-json\/wp\/v2\/media?parent=112809"}],"wp:term":[{"taxonomy":"category","embeddable":true,"href":"https:\/\/kunmedierne.dk\/mors\/wp-json\/wp\/v2\/categories?post=112809"},{"taxonomy":"post_tag","embeddable":true,"href":"https:\/\/kunmedierne.dk\/mors\/wp-json\/wp\/v2\/tags?post=112809"}],"curies":[{"name":"wp","href":"https:\/\/api.w.org\/{rel}","templated":true}]}}