{"id":112758,"date":"2024-02-27T09:06:16","date_gmt":"2024-02-27T08:06:16","guid":{"rendered":"https:\/\/kunmedierne.dk\/mors\/?p=112758"},"modified":"2024-08-12T13:10:43","modified_gmt":"2024-08-12T11:10:43","slug":"29-mio-kr-skal-styrke-kraeftbehandlingen-i-nordjylland","status":"publish","type":"post","link":"https:\/\/kunmedierne.dk\/mors\/29-mio-kr-skal-styrke-kraeftbehandlingen-i-nordjylland\/","title":{"rendered":"29 mio. kr. skal styrke kr\u00e6ftbehandlingen i Nordjylland"},"content":{"rendered":"<p class=\"v1Brdtekst-PM\"><strong>SUNDHED:<\/strong> Region Nordjylland har f\u00e5et 29 mio. kr. i engangsmidler for 2024 til en ekstraordin\u00e6r indsats p\u00e5 kr\u00e6ftomr\u00e5det. Allerede i forbindelse med den politiske aftale om Budget 2024 blev godt 10 mio. kr. prioriteret \u2013 bl.a. 5 mio. kr. til tandbehandling, s\u00e5 flere patienter kan f\u00e5 tilskud til behandling af tandskader for\u00e5rsaget af kr\u00e6ftbehandling. Nu har Regionsr\u00e5det taget stilling til, hvordan de resterende 18,7 mio. kr. skal forbedre kr\u00e6ftbehandlingen i Nordjylland.<\/p>\n<a class=\"dvrt-link\" onClick=\"cdmtrack_click(104780,jQuery(this));return false\" href=\"https:\/\/www.spard.dk\/\"><img decoding=\"async\" style=\"width:100%;\" src=\"https:\/\/kunmedierne.dk\/mors\/wp-content\/uploads\/2023\/12\/sparekassen-dk-maj25.gif\"><\/a><script>cdmtrack_view(104780);<\/script>\n<p class=\"v1Brdtekst-PM\">&#8211; Midlerne skal g\u00e5 til omr\u00e5der indenfor kr\u00e6ftudredning og behandling, og vi har prioriteret pengene til at afvikle pukler og opbygge kapaciteten i nogle af de specialer, der har v\u00e6ret udfordret af stigende aktivitet. Derudover er der sat penge af til at arbejde p\u00e5 at f\u00e5 robotkirurgi til Regionshospital Nordjylland, fort\u00e6ller Lina Hundeb\u00f8ll Jespersen (V), formand for Sundhedsudvalget i Region Nordjylland.<\/p>\n<p class=\"v1Overskrift2-PM\">Fastholde en kr\u00e6ftbehandling i top<\/p>\n<p class=\"v1Brdtekst-PM\">Der er sat 15,4 mio. kr. af til initiativer p\u00e5 Aalborg Universitetshospital og 3,3 mio. kr. til initiativer p\u00e5 Regionshospital Nordjylland. Det er initiativer, der kan gavne patienter med f.eks. tyk- og endetarmskr\u00e6ft, bl\u00e6rekr\u00e6ft, lungekr\u00e6ft, hoved- og halskr\u00e6ft, blod- og lymfekr\u00e6ft, ligesom scanningskapaciteten \u00f8ges.<\/p>\n<p class=\"v1Brdtekst-PM\">&#8211; Vi har i Nordjylland i en l\u00e6ngere periode v\u00e6ret blandt de allerbedste i landet til at overholde forl\u00f8bstiderne i kr\u00e6ftpakkeforl\u00f8bene. Det er en position, som sikrer de nordjyske patienter behandling p\u00e5 h\u00f8jeste niveau, hvilket vi er stolte af. Jeg er overbevist om, at pengene her kan hj\u00e6lpe afdelingerne til at fastholde det h\u00f8je niveau for kr\u00e6ftbehandling, siger Lina Hundeb\u00f8ll Jespersen.<\/p>\n<p class=\"v1Brdtekst-PM\">De 29 mio. kr. er en del af en sundhedspakke fra regeringen, hvor der bl.a. var afsat midler til en ekstraordin\u00e6r indsats p\u00e5 kr\u00e6ftomr\u00e5det i 2023 og 2024. Region Nordjylland fik 9,7 mio. kr. i 2023 og alts\u00e5 29 mio. kr. i 2024.<\/p>\n","protected":false},"excerpt":{"rendered":"<p>SUNDHED: Region Nordjylland har f\u00e5et 29 mio. kr. i engangsmidler for 2024 til en ekstraordin\u00e6r indsats p\u00e5 kr\u00e6ftomr\u00e5det. Allerede i forbindelse med den politiske aftale om Budget 2024 blev godt 10 mio. kr. prioriteret \u2013 bl.a. 5 mio. kr. til tandbehandling, s\u00e5 flere patienter kan f\u00e5 tilskud til behandling af tandskader for\u00e5rsaget af kr\u00e6ftbehandling. Nu [&hellip;]<\/p>\n","protected":false},"author":2507,"featured_media":37034,"comment_status":"closed","ping_status":"open","sticky":false,"template":"","format":"standard","meta":{"_acf_changed":false,"footnotes":""},"categories":[51],"tags":[256],"class_list":["post-112758","post","type-post","status-publish","format-standard","has-post-thumbnail","hentry","category-lokalt","tag-sundhed"],"acf":[],"yoast_head":"<!-- This site is optimized with the Yoast SEO plugin v26.8 - https:\/\/yoast.com\/product\/yoast-seo-wordpress\/ -->\n<title>29 mio. kr. skal styrke kr\u00e6ftbehandlingen i Nordjylland - Mors<\/title>\n<meta name=\"robots\" content=\"index, follow, max-snippet:-1, max-image-preview:large, max-video-preview:-1\" \/>\n<link rel=\"canonical\" href=\"https:\/\/kunmedierne.dk\/mors\/29-mio-kr-skal-styrke-kraeftbehandlingen-i-nordjylland\/\" \/>\n<meta property=\"og:locale\" content=\"da_DK\" \/>\n<meta property=\"og:type\" content=\"article\" \/>\n<meta property=\"og:title\" content=\"29 mio. kr. skal styrke kr\u00e6ftbehandlingen i Nordjylland - Mors\" \/>\n<meta property=\"og:description\" content=\"SUNDHED: Region Nordjylland har f\u00e5et 29 mio. kr. i engangsmidler for 2024 til en ekstraordin\u00e6r indsats p\u00e5 kr\u00e6ftomr\u00e5det. Allerede i forbindelse med den politiske aftale om Budget 2024 blev godt 10 mio. kr. prioriteret \u2013 bl.a. 5 mio. kr. til tandbehandling, s\u00e5 flere patienter kan f\u00e5 tilskud til behandling af tandskader for\u00e5rsaget af kr\u00e6ftbehandling. Nu [&hellip;]\" \/>\n<meta property=\"og:url\" content=\"https:\/\/kunmedierne.dk\/mors\/29-mio-kr-skal-styrke-kraeftbehandlingen-i-nordjylland\/\" \/>\n<meta property=\"og:site_name\" content=\"Mors\" \/>\n<meta property=\"article:published_time\" content=\"2024-02-27T08:06:16+00:00\" \/>\n<meta property=\"article:modified_time\" content=\"2024-08-12T11:10:43+00:00\" \/>\n<meta property=\"og:image\" content=\"https:\/\/kunmedierne.dk\/mors\/wp-content\/uploads\/2020\/12\/1600px_COLOURBOX39295552.jpg\" \/>\n\t<meta property=\"og:image:width\" content=\"770\" \/>\n\t<meta property=\"og:image:height\" content=\"513\" \/>\n\t<meta property=\"og:image:type\" content=\"image\/jpeg\" \/>\n<meta name=\"author\" content=\"Katrine Hedegaard\" \/>\n<meta name=\"twitter:card\" content=\"summary_large_image\" \/>\n<meta name=\"twitter:label1\" content=\"Skrevet af\" \/>\n\t<meta name=\"twitter:data1\" content=\"Katrine Hedegaard\" \/>\n\t<meta name=\"twitter:label2\" content=\"Estimeret l\u00e6setid\" \/>\n\t<meta name=\"twitter:data2\" content=\"2 minutter\" \/>\n<script type=\"application\/ld+json\" class=\"yoast-schema-graph\">{\"@context\":\"https:\/\/schema.org\",\"@graph\":[{\"@type\":\"Article\",\"@id\":\"https:\/\/kunmedierne.dk\/mors\/29-mio-kr-skal-styrke-kraeftbehandlingen-i-nordjylland\/#article\",\"isPartOf\":{\"@id\":\"https:\/\/kunmedierne.dk\/mors\/29-mio-kr-skal-styrke-kraeftbehandlingen-i-nordjylland\/\"},\"author\":{\"name\":\"Katrine Hedegaard\",\"@id\":\"https:\/\/kunmedierne.dk\/mors\/#\/schema\/person\/b2e62a38069b12365e53e087a8709c64\"},\"headline\":\"29 mio. kr. skal styrke kr\u00e6ftbehandlingen i Nordjylland\",\"datePublished\":\"2024-02-27T08:06:16+00:00\",\"dateModified\":\"2024-08-12T11:10:43+00:00\",\"mainEntityOfPage\":{\"@id\":\"https:\/\/kunmedierne.dk\/mors\/29-mio-kr-skal-styrke-kraeftbehandlingen-i-nordjylland\/\"},\"wordCount\":315,\"publisher\":{\"@id\":\"https:\/\/kunmedierne.dk\/mors\/#organization\"},\"image\":{\"@id\":\"https:\/\/kunmedierne.dk\/mors\/29-mio-kr-skal-styrke-kraeftbehandlingen-i-nordjylland\/#primaryimage\"},\"thumbnailUrl\":\"https:\/\/kunmedierne.dk\/mors\/wp-content\/uploads\/2020\/12\/1600px_COLOURBOX39295552.jpg\",\"keywords\":[\"Sundhed\"],\"articleSection\":[\"Lokalt\"],\"inLanguage\":\"da-DK\"},{\"@type\":\"WebPage\",\"@id\":\"https:\/\/kunmedierne.dk\/mors\/29-mio-kr-skal-styrke-kraeftbehandlingen-i-nordjylland\/\",\"url\":\"https:\/\/kunmedierne.dk\/mors\/29-mio-kr-skal-styrke-kraeftbehandlingen-i-nordjylland\/\",\"name\":\"29 mio. kr. skal styrke kr\u00e6ftbehandlingen i Nordjylland - Mors\",\"isPartOf\":{\"@id\":\"https:\/\/kunmedierne.dk\/mors\/#website\"},\"primaryImageOfPage\":{\"@id\":\"https:\/\/kunmedierne.dk\/mors\/29-mio-kr-skal-styrke-kraeftbehandlingen-i-nordjylland\/#primaryimage\"},\"image\":{\"@id\":\"https:\/\/kunmedierne.dk\/mors\/29-mio-kr-skal-styrke-kraeftbehandlingen-i-nordjylland\/#primaryimage\"},\"thumbnailUrl\":\"https:\/\/kunmedierne.dk\/mors\/wp-content\/uploads\/2020\/12\/1600px_COLOURBOX39295552.jpg\",\"datePublished\":\"2024-02-27T08:06:16+00:00\",\"dateModified\":\"2024-08-12T11:10:43+00:00\",\"breadcrumb\":{\"@id\":\"https:\/\/kunmedierne.dk\/mors\/29-mio-kr-skal-styrke-kraeftbehandlingen-i-nordjylland\/#breadcrumb\"},\"inLanguage\":\"da-DK\",\"potentialAction\":[{\"@type\":\"ReadAction\",\"target\":[\"https:\/\/kunmedierne.dk\/mors\/29-mio-kr-skal-styrke-kraeftbehandlingen-i-nordjylland\/\"]}]},{\"@type\":\"ImageObject\",\"inLanguage\":\"da-DK\",\"@id\":\"https:\/\/kunmedierne.dk\/mors\/29-mio-kr-skal-styrke-kraeftbehandlingen-i-nordjylland\/#primaryimage\",\"url\":\"https:\/\/kunmedierne.dk\/mors\/wp-content\/uploads\/2020\/12\/1600px_COLOURBOX39295552.jpg\",\"contentUrl\":\"https:\/\/kunmedierne.dk\/mors\/wp-content\/uploads\/2020\/12\/1600px_COLOURBOX39295552.jpg\",\"width\":770,\"height\":513,\"caption\":\"Aalborg Universitetshospital. Foto: Region Nordjylland\"},{\"@type\":\"BreadcrumbList\",\"@id\":\"https:\/\/kunmedierne.dk\/mors\/29-mio-kr-skal-styrke-kraeftbehandlingen-i-nordjylland\/#breadcrumb\",\"itemListElement\":[{\"@type\":\"ListItem\",\"position\":1,\"name\":\"Hjem\",\"item\":\"https:\/\/kunmedierne.dk\/mors\/\"},{\"@type\":\"ListItem\",\"position\":2,\"name\":\"29 mio. kr. skal styrke kr\u00e6ftbehandlingen i Nordjylland\"}]},{\"@type\":\"WebSite\",\"@id\":\"https:\/\/kunmedierne.dk\/mors\/#website\",\"url\":\"https:\/\/kunmedierne.dk\/mors\/\",\"name\":\"Mors\",\"description\":\"et netmedie med journalistik om livet p\u00e5 Mors\",\"publisher\":{\"@id\":\"https:\/\/kunmedierne.dk\/mors\/#organization\"},\"potentialAction\":[{\"@type\":\"SearchAction\",\"target\":{\"@type\":\"EntryPoint\",\"urlTemplate\":\"https:\/\/kunmedierne.dk\/mors\/?s={search_term_string}\"},\"query-input\":{\"@type\":\"PropertyValueSpecification\",\"valueRequired\":true,\"valueName\":\"search_term_string\"}}],\"inLanguage\":\"da-DK\"},{\"@type\":\"Organization\",\"@id\":\"https:\/\/kunmedierne.dk\/mors\/#organization\",\"name\":\"Mors\",\"url\":\"https:\/\/kunmedierne.dk\/mors\/\",\"logo\":{\"@type\":\"ImageObject\",\"inLanguage\":\"da-DK\",\"@id\":\"https:\/\/kunmedierne.dk\/mors\/#\/schema\/logo\/image\/\",\"url\":\"https:\/\/kunmedierne.dk\/mors\/wp-content\/uploads\/2024\/08\/kunmors-logo.svg\",\"contentUrl\":\"https:\/\/kunmedierne.dk\/mors\/wp-content\/uploads\/2024\/08\/kunmors-logo.svg\",\"caption\":\"Mors\"},\"image\":{\"@id\":\"https:\/\/kunmedierne.dk\/mors\/#\/schema\/logo\/image\/\"}},{\"@type\":\"Person\",\"@id\":\"https:\/\/kunmedierne.dk\/mors\/#\/schema\/person\/b2e62a38069b12365e53e087a8709c64\",\"name\":\"Katrine Hedegaard\",\"image\":{\"@type\":\"ImageObject\",\"inLanguage\":\"da-DK\",\"@id\":\"https:\/\/kunmedierne.dk\/mors\/#\/schema\/person\/image\/\",\"url\":\"https:\/\/secure.gravatar.com\/avatar\/18a5c72fa9148052fd3ed5a58b40fc83cfdc9811090e6e6eec9539af058edcc0?s=96&d=mm&r=g\",\"contentUrl\":\"https:\/\/secure.gravatar.com\/avatar\/18a5c72fa9148052fd3ed5a58b40fc83cfdc9811090e6e6eec9539af058edcc0?s=96&d=mm&r=g\",\"caption\":\"Katrine Hedegaard\"},\"url\":\"https:\/\/kunmedierne.dk\/mors\/author\/katrine\/\"}]}<\/script>\n<!-- \/ Yoast SEO plugin. -->","yoast_head_json":{"title":"29 mio. kr. skal styrke kr\u00e6ftbehandlingen i Nordjylland - Mors","robots":{"index":"index","follow":"follow","max-snippet":"max-snippet:-1","max-image-preview":"max-image-preview:large","max-video-preview":"max-video-preview:-1"},"canonical":"https:\/\/kunmedierne.dk\/mors\/29-mio-kr-skal-styrke-kraeftbehandlingen-i-nordjylland\/","og_locale":"da_DK","og_type":"article","og_title":"29 mio. kr. skal styrke kr\u00e6ftbehandlingen i Nordjylland - Mors","og_description":"SUNDHED: Region Nordjylland har f\u00e5et 29 mio. kr. i engangsmidler for 2024 til en ekstraordin\u00e6r indsats p\u00e5 kr\u00e6ftomr\u00e5det. Allerede i forbindelse med den politiske aftale om Budget 2024 blev godt 10 mio. kr. prioriteret \u2013 bl.a. 5 mio. kr. til tandbehandling, s\u00e5 flere patienter kan f\u00e5 tilskud til behandling af tandskader for\u00e5rsaget af kr\u00e6ftbehandling. Nu [&hellip;]","og_url":"https:\/\/kunmedierne.dk\/mors\/29-mio-kr-skal-styrke-kraeftbehandlingen-i-nordjylland\/","og_site_name":"Mors","article_published_time":"2024-02-27T08:06:16+00:00","article_modified_time":"2024-08-12T11:10:43+00:00","og_image":[{"width":770,"height":513,"url":"https:\/\/kunmedierne.dk\/mors\/wp-content\/uploads\/2020\/12\/1600px_COLOURBOX39295552.jpg","type":"image\/jpeg"}],"author":"Katrine Hedegaard","twitter_card":"summary_large_image","twitter_misc":{"Skrevet af":"Katrine Hedegaard","Estimeret l\u00e6setid":"2 minutter"},"schema":{"@context":"https:\/\/schema.org","@graph":[{"@type":"Article","@id":"https:\/\/kunmedierne.dk\/mors\/29-mio-kr-skal-styrke-kraeftbehandlingen-i-nordjylland\/#article","isPartOf":{"@id":"https:\/\/kunmedierne.dk\/mors\/29-mio-kr-skal-styrke-kraeftbehandlingen-i-nordjylland\/"},"author":{"name":"Katrine Hedegaard","@id":"https:\/\/kunmedierne.dk\/mors\/#\/schema\/person\/b2e62a38069b12365e53e087a8709c64"},"headline":"29 mio. kr. skal styrke kr\u00e6ftbehandlingen i Nordjylland","datePublished":"2024-02-27T08:06:16+00:00","dateModified":"2024-08-12T11:10:43+00:00","mainEntityOfPage":{"@id":"https:\/\/kunmedierne.dk\/mors\/29-mio-kr-skal-styrke-kraeftbehandlingen-i-nordjylland\/"},"wordCount":315,"publisher":{"@id":"https:\/\/kunmedierne.dk\/mors\/#organization"},"image":{"@id":"https:\/\/kunmedierne.dk\/mors\/29-mio-kr-skal-styrke-kraeftbehandlingen-i-nordjylland\/#primaryimage"},"thumbnailUrl":"https:\/\/kunmedierne.dk\/mors\/wp-content\/uploads\/2020\/12\/1600px_COLOURBOX39295552.jpg","keywords":["Sundhed"],"articleSection":["Lokalt"],"inLanguage":"da-DK"},{"@type":"WebPage","@id":"https:\/\/kunmedierne.dk\/mors\/29-mio-kr-skal-styrke-kraeftbehandlingen-i-nordjylland\/","url":"https:\/\/kunmedierne.dk\/mors\/29-mio-kr-skal-styrke-kraeftbehandlingen-i-nordjylland\/","name":"29 mio. kr. skal styrke kr\u00e6ftbehandlingen i Nordjylland - Mors","isPartOf":{"@id":"https:\/\/kunmedierne.dk\/mors\/#website"},"primaryImageOfPage":{"@id":"https:\/\/kunmedierne.dk\/mors\/29-mio-kr-skal-styrke-kraeftbehandlingen-i-nordjylland\/#primaryimage"},"image":{"@id":"https:\/\/kunmedierne.dk\/mors\/29-mio-kr-skal-styrke-kraeftbehandlingen-i-nordjylland\/#primaryimage"},"thumbnailUrl":"https:\/\/kunmedierne.dk\/mors\/wp-content\/uploads\/2020\/12\/1600px_COLOURBOX39295552.jpg","datePublished":"2024-02-27T08:06:16+00:00","dateModified":"2024-08-12T11:10:43+00:00","breadcrumb":{"@id":"https:\/\/kunmedierne.dk\/mors\/29-mio-kr-skal-styrke-kraeftbehandlingen-i-nordjylland\/#breadcrumb"},"inLanguage":"da-DK","potentialAction":[{"@type":"ReadAction","target":["https:\/\/kunmedierne.dk\/mors\/29-mio-kr-skal-styrke-kraeftbehandlingen-i-nordjylland\/"]}]},{"@type":"ImageObject","inLanguage":"da-DK","@id":"https:\/\/kunmedierne.dk\/mors\/29-mio-kr-skal-styrke-kraeftbehandlingen-i-nordjylland\/#primaryimage","url":"https:\/\/kunmedierne.dk\/mors\/wp-content\/uploads\/2020\/12\/1600px_COLOURBOX39295552.jpg","contentUrl":"https:\/\/kunmedierne.dk\/mors\/wp-content\/uploads\/2020\/12\/1600px_COLOURBOX39295552.jpg","width":770,"height":513,"caption":"Aalborg Universitetshospital. Foto: Region Nordjylland"},{"@type":"BreadcrumbList","@id":"https:\/\/kunmedierne.dk\/mors\/29-mio-kr-skal-styrke-kraeftbehandlingen-i-nordjylland\/#breadcrumb","itemListElement":[{"@type":"ListItem","position":1,"name":"Hjem","item":"https:\/\/kunmedierne.dk\/mors\/"},{"@type":"ListItem","position":2,"name":"29 mio. kr. skal styrke kr\u00e6ftbehandlingen i Nordjylland"}]},{"@type":"WebSite","@id":"https:\/\/kunmedierne.dk\/mors\/#website","url":"https:\/\/kunmedierne.dk\/mors\/","name":"Mors","description":"et netmedie med journalistik om livet p\u00e5 Mors","publisher":{"@id":"https:\/\/kunmedierne.dk\/mors\/#organization"},"potentialAction":[{"@type":"SearchAction","target":{"@type":"EntryPoint","urlTemplate":"https:\/\/kunmedierne.dk\/mors\/?s={search_term_string}"},"query-input":{"@type":"PropertyValueSpecification","valueRequired":true,"valueName":"search_term_string"}}],"inLanguage":"da-DK"},{"@type":"Organization","@id":"https:\/\/kunmedierne.dk\/mors\/#organization","name":"Mors","url":"https:\/\/kunmedierne.dk\/mors\/","logo":{"@type":"ImageObject","inLanguage":"da-DK","@id":"https:\/\/kunmedierne.dk\/mors\/#\/schema\/logo\/image\/","url":"https:\/\/kunmedierne.dk\/mors\/wp-content\/uploads\/2024\/08\/kunmors-logo.svg","contentUrl":"https:\/\/kunmedierne.dk\/mors\/wp-content\/uploads\/2024\/08\/kunmors-logo.svg","caption":"Mors"},"image":{"@id":"https:\/\/kunmedierne.dk\/mors\/#\/schema\/logo\/image\/"}},{"@type":"Person","@id":"https:\/\/kunmedierne.dk\/mors\/#\/schema\/person\/b2e62a38069b12365e53e087a8709c64","name":"Katrine Hedegaard","image":{"@type":"ImageObject","inLanguage":"da-DK","@id":"https:\/\/kunmedierne.dk\/mors\/#\/schema\/person\/image\/","url":"https:\/\/secure.gravatar.com\/avatar\/18a5c72fa9148052fd3ed5a58b40fc83cfdc9811090e6e6eec9539af058edcc0?s=96&d=mm&r=g","contentUrl":"https:\/\/secure.gravatar.com\/avatar\/18a5c72fa9148052fd3ed5a58b40fc83cfdc9811090e6e6eec9539af058edcc0?s=96&d=mm&r=g","caption":"Katrine Hedegaard"},"url":"https:\/\/kunmedierne.dk\/mors\/author\/katrine\/"}]}},"_links":{"self":[{"href":"https:\/\/kunmedierne.dk\/mors\/wp-json\/wp\/v2\/posts\/112758","targetHints":{"allow":["GET"]}}],"collection":[{"href":"https:\/\/kunmedierne.dk\/mors\/wp-json\/wp\/v2\/posts"}],"about":[{"href":"https:\/\/kunmedierne.dk\/mors\/wp-json\/wp\/v2\/types\/post"}],"author":[{"embeddable":true,"href":"https:\/\/kunmedierne.dk\/mors\/wp-json\/wp\/v2\/users\/2507"}],"replies":[{"embeddable":true,"href":"https:\/\/kunmedierne.dk\/mors\/wp-json\/wp\/v2\/comments?post=112758"}],"version-history":[{"count":2,"href":"https:\/\/kunmedierne.dk\/mors\/wp-json\/wp\/v2\/posts\/112758\/revisions"}],"predecessor-version":[{"id":112760,"href":"https:\/\/kunmedierne.dk\/mors\/wp-json\/wp\/v2\/posts\/112758\/revisions\/112760"}],"wp:featuredmedia":[{"embeddable":true,"href":"https:\/\/kunmedierne.dk\/mors\/wp-json\/wp\/v2\/media\/37034"}],"wp:attachment":[{"href":"https:\/\/kunmedierne.dk\/mors\/wp-json\/wp\/v2\/media?parent=112758"}],"wp:term":[{"taxonomy":"category","embeddable":true,"href":"https:\/\/kunmedierne.dk\/mors\/wp-json\/wp\/v2\/categories?post=112758"},{"taxonomy":"post_tag","embeddable":true,"href":"https:\/\/kunmedierne.dk\/mors\/wp-json\/wp\/v2\/tags?post=112758"}],"curies":[{"name":"wp","href":"https:\/\/api.w.org\/{rel}","templated":true}]}}