{"id":112438,"date":"2024-02-22T10:05:52","date_gmt":"2024-02-22T09:05:52","guid":{"rendered":"https:\/\/kunmedierne.dk\/mors\/?p=112438"},"modified":"2024-08-12T13:10:44","modified_gmt":"2024-08-12T11:10:44","slug":"mors-fejrer-lokale-virksomheder-ved-gazellefrokost","status":"publish","type":"post","link":"https:\/\/kunmedierne.dk\/mors\/mors-fejrer-lokale-virksomheder-ved-gazellefrokost\/","title":{"rendered":"Mors fejrer lokale virksomheder ved Gazellefrokost"},"content":{"rendered":"<p class=\"v1MsoNormal\"><strong>ERHVERV:<\/strong> Det handler om at fejre \u00f8ens virksomheder, som sidste \u00e5r blev k\u00e5ret til Gazellevindere af mediet B\u00f8rsen \u2013 en pris som anerkender danske virksomheder, der v\u00e6kster hurtigt og positivt mindst fire \u00e5r i tr\u00e6k. Men der er ogs\u00e5 andre form\u00e5l med at holde Gazellefrokosten.<\/p>\n<a class=\"dvrt-link\" onClick=\"cdmtrack_click(104787,jQuery(this));return false\" href=\"https:\/\/www.jyskebank.dk\/kontakt\/afdelingsinfo?departmentid=11890\"><img decoding=\"async\" style=\"width:100%;\" src=\"https:\/\/kunmedierne.dk\/mors\/wp-content\/uploads\/2023\/10\/260325JyskeBankMorsNy-1.jpg\"><\/a><script>cdmtrack_view(104787);<\/script>\n<p class=\"v1MsoNormal\">&#8211; Vi har god grund til at v\u00e6re stolte af hele vores lokale erhvervsliv. Vi vil med dette tiltag gerne sige tak og anerkende den v\u00e6kst, som \u00f8ens Gazellevirksomheder har leveret p\u00e5, siger borgmester Hans Ejner Bertelsen og fors\u00e6tter:<\/p>\n<p class=\"v1MsoNormal\">&#8211;\u00a0 Det giver ogs\u00e5 Gazellevirksomhederne mulighed for at netv\u00e6rke, udveksle erfaringer og bidrage med input til kommunen og erhvervsr\u00e5det. Input som disse er afg\u00f8rende for at sikre, at vi fortsat skaber optimale rammer og vilk\u00e5r for at udvikle og drive erhverv i Mors\u00f8 Kommune, understreger borgmesteren.<\/p>\n<p>&nbsp;<\/p>\n<p class=\"v1MsoNormal\"><b>H\u00e5ber p\u00e5 tradition<\/b><\/p>\n<p class=\"v1MsoNormal\">Arrangementet blev holdt p\u00e5 Det gamle R\u00e5dhus i Nyk\u00f8bing, og st\u00e5r det til medarrang\u00f8ren Mors\u00f8 Erhvervsr\u00e5d bliver det ikke sidste gang.<\/p>\n<p class=\"v1MsoNormal\">&#8211; Det er vigtigt at fejre succeserne, og virksomhedernes v\u00e6kst har afg\u00f8rende betydning for Mors.<br \/>\nVi h\u00e5ber, at Gazellefrokosten kan blive en tradition, og at d\u00f8mme ud fra hvordan det gik i dag, s\u00e5 tegner det lovende. Jeg h\u00e5ber ogs\u00e5, at vi fik vist virksomhederne, at vi st\u00e5r klar til at hj\u00e6lpe dem videre p\u00e5 deres v\u00e6kstrejse, fort\u00e6ller erhvervschef Susanne Toftegaard Hansen, som tilf\u00f8jer:<\/p>\n<p class=\"v1MsoNormal\">&#8211; Gazellefrokosten viser, hvad vi kan p\u00e5 Mors, og at vi rummer virksomheder, der med deres h\u00f8je vidensniveau kan konkurrere p\u00e5 s\u00e5vel det nationale som internationale marked, og det er vi stolte af.<\/p>\n<a class=\"dvrt-link\" onClick=\"cdmtrack_click(104783,jQuery(this));return false\" href=\"https:\/\/konpap.dk\/\"><img decoding=\"async\" style=\"width:100%;\" src=\"https:\/\/kunmedierne.dk\/mors\/wp-content\/uploads\/2023\/10\/Kun-Mors-banner.jpg\"><\/a><script>cdmtrack_view(104783);<\/script>\n<p>&nbsp;<\/p>\n<blockquote>\n<h4 class=\"v1MsoNormal\"><b>Gazellevirksomheder i Mors\u00f8 Kommune 2023:<\/b><\/h4>\n<h5 class=\"v1MsoNormal\">Vilsund Shells A\/S<\/h5>\n<h5 class=\"v1MsoNormal\"><span lang=\"EN-US\">Fortuna Muslinger ApS<\/span><\/h5>\n<h5 class=\"v1MsoNormal\"><span lang=\"EN-US\">Nordvest Sortering ApS<\/span><\/h5>\n<h5 class=\"v1MsoNormal\"><span lang=\"EN-US\">Outrup Vinduer &amp; D\u00f8re A\/S<\/span><\/h5>\n<h5 class=\"v1MsoNormal\"><span lang=\"EN-US\">Sif Food Solutions ApS<\/span><\/h5>\n<h5 class=\"v1MsoNormal\"><span lang=\"EN-US\">Ploveksperten<\/span><\/h5>\n<h5 class=\"v1MsoNormal\"><span lang=\"EN-US\">Vils Tagpapservice ApS<\/span><\/h5>\n<h5 class=\"v1MsoNormal\"><span lang=\"EN-US\">Grainas A\/S<\/span><\/h5>\n<h5 class=\"v1MsoNormal\">JHM EasyLine ApS<\/h5>\n<\/blockquote>\n","protected":false},"excerpt":{"rendered":"<p>ERHVERV: Det handler om at fejre \u00f8ens virksomheder, som sidste \u00e5r blev k\u00e5ret til Gazellevindere af mediet B\u00f8rsen \u2013 en pris som anerkender danske virksomheder, der v\u00e6kster hurtigt og positivt mindst fire \u00e5r i tr\u00e6k. Men der er ogs\u00e5 andre form\u00e5l med at holde Gazellefrokosten. &#8211; Vi har god grund til at v\u00e6re stolte af [&hellip;]<\/p>\n","protected":false},"author":2507,"featured_media":112439,"comment_status":"closed","ping_status":"open","sticky":false,"template":"","format":"standard","meta":{"_acf_changed":false,"footnotes":""},"categories":[51],"tags":[159],"class_list":["post-112438","post","type-post","status-publish","format-standard","has-post-thumbnail","hentry","category-lokalt","tag-erhverv"],"acf":[],"yoast_head":"<!-- This site is optimized with the Yoast SEO plugin v26.8 - https:\/\/yoast.com\/product\/yoast-seo-wordpress\/ -->\n<title>Mors fejrer lokale virksomheder ved Gazellefrokost - Mors<\/title>\n<meta name=\"robots\" content=\"index, follow, max-snippet:-1, max-image-preview:large, max-video-preview:-1\" \/>\n<link rel=\"canonical\" href=\"https:\/\/kunmedierne.dk\/mors\/mors-fejrer-lokale-virksomheder-ved-gazellefrokost\/\" \/>\n<meta property=\"og:locale\" content=\"da_DK\" \/>\n<meta property=\"og:type\" content=\"article\" \/>\n<meta property=\"og:title\" content=\"Mors fejrer lokale virksomheder ved Gazellefrokost - Mors\" \/>\n<meta property=\"og:description\" content=\"ERHVERV: Det handler om at fejre \u00f8ens virksomheder, som sidste \u00e5r blev k\u00e5ret til Gazellevindere af mediet B\u00f8rsen \u2013 en pris som anerkender danske virksomheder, der v\u00e6kster hurtigt og positivt mindst fire \u00e5r i tr\u00e6k. Men der er ogs\u00e5 andre form\u00e5l med at holde Gazellefrokosten. &#8211; Vi har god grund til at v\u00e6re stolte af [&hellip;]\" \/>\n<meta property=\"og:url\" content=\"https:\/\/kunmedierne.dk\/mors\/mors-fejrer-lokale-virksomheder-ved-gazellefrokost\/\" \/>\n<meta property=\"og:site_name\" content=\"Mors\" \/>\n<meta property=\"article:published_time\" content=\"2024-02-22T09:05:52+00:00\" \/>\n<meta property=\"article:modified_time\" content=\"2024-08-12T11:10:44+00:00\" \/>\n<meta property=\"og:image\" content=\"https:\/\/kunmedierne.dk\/mors\/wp-content\/uploads\/2024\/02\/Gazellefrokost1-1024x768.jpeg\" \/>\n\t<meta property=\"og:image:width\" content=\"1024\" \/>\n\t<meta property=\"og:image:height\" content=\"768\" \/>\n\t<meta property=\"og:image:type\" content=\"image\/jpeg\" \/>\n<meta name=\"author\" content=\"Katrine Hedegaard\" \/>\n<meta name=\"twitter:card\" content=\"summary_large_image\" \/>\n<meta name=\"twitter:label1\" content=\"Skrevet af\" \/>\n\t<meta name=\"twitter:data1\" content=\"Katrine Hedegaard\" \/>\n\t<meta name=\"twitter:label2\" content=\"Estimeret l\u00e6setid\" \/>\n\t<meta name=\"twitter:data2\" content=\"2 minutter\" \/>\n<script type=\"application\/ld+json\" class=\"yoast-schema-graph\">{\"@context\":\"https:\/\/schema.org\",\"@graph\":[{\"@type\":\"Article\",\"@id\":\"https:\/\/kunmedierne.dk\/mors\/mors-fejrer-lokale-virksomheder-ved-gazellefrokost\/#article\",\"isPartOf\":{\"@id\":\"https:\/\/kunmedierne.dk\/mors\/mors-fejrer-lokale-virksomheder-ved-gazellefrokost\/\"},\"author\":{\"name\":\"Katrine Hedegaard\",\"@id\":\"https:\/\/kunmedierne.dk\/mors\/#\/schema\/person\/b2e62a38069b12365e53e087a8709c64\"},\"headline\":\"Mors fejrer lokale virksomheder ved Gazellefrokost\",\"datePublished\":\"2024-02-22T09:05:52+00:00\",\"dateModified\":\"2024-08-12T11:10:44+00:00\",\"mainEntityOfPage\":{\"@id\":\"https:\/\/kunmedierne.dk\/mors\/mors-fejrer-lokale-virksomheder-ved-gazellefrokost\/\"},\"wordCount\":327,\"publisher\":{\"@id\":\"https:\/\/kunmedierne.dk\/mors\/#organization\"},\"image\":{\"@id\":\"https:\/\/kunmedierne.dk\/mors\/mors-fejrer-lokale-virksomheder-ved-gazellefrokost\/#primaryimage\"},\"thumbnailUrl\":\"https:\/\/kunmedierne.dk\/mors\/wp-content\/uploads\/2024\/02\/Gazellefrokost1.jpeg\",\"keywords\":[\"Erhverv\"],\"articleSection\":[\"Lokalt\"],\"inLanguage\":\"da-DK\"},{\"@type\":\"WebPage\",\"@id\":\"https:\/\/kunmedierne.dk\/mors\/mors-fejrer-lokale-virksomheder-ved-gazellefrokost\/\",\"url\":\"https:\/\/kunmedierne.dk\/mors\/mors-fejrer-lokale-virksomheder-ved-gazellefrokost\/\",\"name\":\"Mors fejrer lokale virksomheder ved Gazellefrokost - Mors\",\"isPartOf\":{\"@id\":\"https:\/\/kunmedierne.dk\/mors\/#website\"},\"primaryImageOfPage\":{\"@id\":\"https:\/\/kunmedierne.dk\/mors\/mors-fejrer-lokale-virksomheder-ved-gazellefrokost\/#primaryimage\"},\"image\":{\"@id\":\"https:\/\/kunmedierne.dk\/mors\/mors-fejrer-lokale-virksomheder-ved-gazellefrokost\/#primaryimage\"},\"thumbnailUrl\":\"https:\/\/kunmedierne.dk\/mors\/wp-content\/uploads\/2024\/02\/Gazellefrokost1.jpeg\",\"datePublished\":\"2024-02-22T09:05:52+00:00\",\"dateModified\":\"2024-08-12T11:10:44+00:00\",\"breadcrumb\":{\"@id\":\"https:\/\/kunmedierne.dk\/mors\/mors-fejrer-lokale-virksomheder-ved-gazellefrokost\/#breadcrumb\"},\"inLanguage\":\"da-DK\",\"potentialAction\":[{\"@type\":\"ReadAction\",\"target\":[\"https:\/\/kunmedierne.dk\/mors\/mors-fejrer-lokale-virksomheder-ved-gazellefrokost\/\"]}]},{\"@type\":\"ImageObject\",\"inLanguage\":\"da-DK\",\"@id\":\"https:\/\/kunmedierne.dk\/mors\/mors-fejrer-lokale-virksomheder-ved-gazellefrokost\/#primaryimage\",\"url\":\"https:\/\/kunmedierne.dk\/mors\/wp-content\/uploads\/2024\/02\/Gazellefrokost1.jpeg\",\"contentUrl\":\"https:\/\/kunmedierne.dk\/mors\/wp-content\/uploads\/2024\/02\/Gazellefrokost1.jpeg\",\"width\":2420,\"height\":1816},{\"@type\":\"BreadcrumbList\",\"@id\":\"https:\/\/kunmedierne.dk\/mors\/mors-fejrer-lokale-virksomheder-ved-gazellefrokost\/#breadcrumb\",\"itemListElement\":[{\"@type\":\"ListItem\",\"position\":1,\"name\":\"Hjem\",\"item\":\"https:\/\/kunmedierne.dk\/mors\/\"},{\"@type\":\"ListItem\",\"position\":2,\"name\":\"Mors fejrer lokale virksomheder ved Gazellefrokost\"}]},{\"@type\":\"WebSite\",\"@id\":\"https:\/\/kunmedierne.dk\/mors\/#website\",\"url\":\"https:\/\/kunmedierne.dk\/mors\/\",\"name\":\"Mors\",\"description\":\"et netmedie med journalistik om livet p\u00e5 Mors\",\"publisher\":{\"@id\":\"https:\/\/kunmedierne.dk\/mors\/#organization\"},\"potentialAction\":[{\"@type\":\"SearchAction\",\"target\":{\"@type\":\"EntryPoint\",\"urlTemplate\":\"https:\/\/kunmedierne.dk\/mors\/?s={search_term_string}\"},\"query-input\":{\"@type\":\"PropertyValueSpecification\",\"valueRequired\":true,\"valueName\":\"search_term_string\"}}],\"inLanguage\":\"da-DK\"},{\"@type\":\"Organization\",\"@id\":\"https:\/\/kunmedierne.dk\/mors\/#organization\",\"name\":\"Mors\",\"url\":\"https:\/\/kunmedierne.dk\/mors\/\",\"logo\":{\"@type\":\"ImageObject\",\"inLanguage\":\"da-DK\",\"@id\":\"https:\/\/kunmedierne.dk\/mors\/#\/schema\/logo\/image\/\",\"url\":\"https:\/\/kunmedierne.dk\/mors\/wp-content\/uploads\/2024\/08\/kunmors-logo.svg\",\"contentUrl\":\"https:\/\/kunmedierne.dk\/mors\/wp-content\/uploads\/2024\/08\/kunmors-logo.svg\",\"caption\":\"Mors\"},\"image\":{\"@id\":\"https:\/\/kunmedierne.dk\/mors\/#\/schema\/logo\/image\/\"}},{\"@type\":\"Person\",\"@id\":\"https:\/\/kunmedierne.dk\/mors\/#\/schema\/person\/b2e62a38069b12365e53e087a8709c64\",\"name\":\"Katrine Hedegaard\",\"image\":{\"@type\":\"ImageObject\",\"inLanguage\":\"da-DK\",\"@id\":\"https:\/\/kunmedierne.dk\/mors\/#\/schema\/person\/image\/\",\"url\":\"https:\/\/secure.gravatar.com\/avatar\/18a5c72fa9148052fd3ed5a58b40fc83cfdc9811090e6e6eec9539af058edcc0?s=96&d=mm&r=g\",\"contentUrl\":\"https:\/\/secure.gravatar.com\/avatar\/18a5c72fa9148052fd3ed5a58b40fc83cfdc9811090e6e6eec9539af058edcc0?s=96&d=mm&r=g\",\"caption\":\"Katrine Hedegaard\"},\"url\":\"https:\/\/kunmedierne.dk\/mors\/author\/katrine\/\"}]}<\/script>\n<!-- \/ Yoast SEO plugin. -->","yoast_head_json":{"title":"Mors fejrer lokale virksomheder ved Gazellefrokost - Mors","robots":{"index":"index","follow":"follow","max-snippet":"max-snippet:-1","max-image-preview":"max-image-preview:large","max-video-preview":"max-video-preview:-1"},"canonical":"https:\/\/kunmedierne.dk\/mors\/mors-fejrer-lokale-virksomheder-ved-gazellefrokost\/","og_locale":"da_DK","og_type":"article","og_title":"Mors fejrer lokale virksomheder ved Gazellefrokost - Mors","og_description":"ERHVERV: Det handler om at fejre \u00f8ens virksomheder, som sidste \u00e5r blev k\u00e5ret til Gazellevindere af mediet B\u00f8rsen \u2013 en pris som anerkender danske virksomheder, der v\u00e6kster hurtigt og positivt mindst fire \u00e5r i tr\u00e6k. Men der er ogs\u00e5 andre form\u00e5l med at holde Gazellefrokosten. &#8211; Vi har god grund til at v\u00e6re stolte af [&hellip;]","og_url":"https:\/\/kunmedierne.dk\/mors\/mors-fejrer-lokale-virksomheder-ved-gazellefrokost\/","og_site_name":"Mors","article_published_time":"2024-02-22T09:05:52+00:00","article_modified_time":"2024-08-12T11:10:44+00:00","og_image":[{"width":1024,"height":768,"url":"https:\/\/kunmedierne.dk\/mors\/wp-content\/uploads\/2024\/02\/Gazellefrokost1-1024x768.jpeg","type":"image\/jpeg"}],"author":"Katrine Hedegaard","twitter_card":"summary_large_image","twitter_misc":{"Skrevet af":"Katrine Hedegaard","Estimeret l\u00e6setid":"2 minutter"},"schema":{"@context":"https:\/\/schema.org","@graph":[{"@type":"Article","@id":"https:\/\/kunmedierne.dk\/mors\/mors-fejrer-lokale-virksomheder-ved-gazellefrokost\/#article","isPartOf":{"@id":"https:\/\/kunmedierne.dk\/mors\/mors-fejrer-lokale-virksomheder-ved-gazellefrokost\/"},"author":{"name":"Katrine Hedegaard","@id":"https:\/\/kunmedierne.dk\/mors\/#\/schema\/person\/b2e62a38069b12365e53e087a8709c64"},"headline":"Mors fejrer lokale virksomheder ved Gazellefrokost","datePublished":"2024-02-22T09:05:52+00:00","dateModified":"2024-08-12T11:10:44+00:00","mainEntityOfPage":{"@id":"https:\/\/kunmedierne.dk\/mors\/mors-fejrer-lokale-virksomheder-ved-gazellefrokost\/"},"wordCount":327,"publisher":{"@id":"https:\/\/kunmedierne.dk\/mors\/#organization"},"image":{"@id":"https:\/\/kunmedierne.dk\/mors\/mors-fejrer-lokale-virksomheder-ved-gazellefrokost\/#primaryimage"},"thumbnailUrl":"https:\/\/kunmedierne.dk\/mors\/wp-content\/uploads\/2024\/02\/Gazellefrokost1.jpeg","keywords":["Erhverv"],"articleSection":["Lokalt"],"inLanguage":"da-DK"},{"@type":"WebPage","@id":"https:\/\/kunmedierne.dk\/mors\/mors-fejrer-lokale-virksomheder-ved-gazellefrokost\/","url":"https:\/\/kunmedierne.dk\/mors\/mors-fejrer-lokale-virksomheder-ved-gazellefrokost\/","name":"Mors fejrer lokale virksomheder ved Gazellefrokost - Mors","isPartOf":{"@id":"https:\/\/kunmedierne.dk\/mors\/#website"},"primaryImageOfPage":{"@id":"https:\/\/kunmedierne.dk\/mors\/mors-fejrer-lokale-virksomheder-ved-gazellefrokost\/#primaryimage"},"image":{"@id":"https:\/\/kunmedierne.dk\/mors\/mors-fejrer-lokale-virksomheder-ved-gazellefrokost\/#primaryimage"},"thumbnailUrl":"https:\/\/kunmedierne.dk\/mors\/wp-content\/uploads\/2024\/02\/Gazellefrokost1.jpeg","datePublished":"2024-02-22T09:05:52+00:00","dateModified":"2024-08-12T11:10:44+00:00","breadcrumb":{"@id":"https:\/\/kunmedierne.dk\/mors\/mors-fejrer-lokale-virksomheder-ved-gazellefrokost\/#breadcrumb"},"inLanguage":"da-DK","potentialAction":[{"@type":"ReadAction","target":["https:\/\/kunmedierne.dk\/mors\/mors-fejrer-lokale-virksomheder-ved-gazellefrokost\/"]}]},{"@type":"ImageObject","inLanguage":"da-DK","@id":"https:\/\/kunmedierne.dk\/mors\/mors-fejrer-lokale-virksomheder-ved-gazellefrokost\/#primaryimage","url":"https:\/\/kunmedierne.dk\/mors\/wp-content\/uploads\/2024\/02\/Gazellefrokost1.jpeg","contentUrl":"https:\/\/kunmedierne.dk\/mors\/wp-content\/uploads\/2024\/02\/Gazellefrokost1.jpeg","width":2420,"height":1816},{"@type":"BreadcrumbList","@id":"https:\/\/kunmedierne.dk\/mors\/mors-fejrer-lokale-virksomheder-ved-gazellefrokost\/#breadcrumb","itemListElement":[{"@type":"ListItem","position":1,"name":"Hjem","item":"https:\/\/kunmedierne.dk\/mors\/"},{"@type":"ListItem","position":2,"name":"Mors fejrer lokale virksomheder ved Gazellefrokost"}]},{"@type":"WebSite","@id":"https:\/\/kunmedierne.dk\/mors\/#website","url":"https:\/\/kunmedierne.dk\/mors\/","name":"Mors","description":"et netmedie med journalistik om livet p\u00e5 Mors","publisher":{"@id":"https:\/\/kunmedierne.dk\/mors\/#organization"},"potentialAction":[{"@type":"SearchAction","target":{"@type":"EntryPoint","urlTemplate":"https:\/\/kunmedierne.dk\/mors\/?s={search_term_string}"},"query-input":{"@type":"PropertyValueSpecification","valueRequired":true,"valueName":"search_term_string"}}],"inLanguage":"da-DK"},{"@type":"Organization","@id":"https:\/\/kunmedierne.dk\/mors\/#organization","name":"Mors","url":"https:\/\/kunmedierne.dk\/mors\/","logo":{"@type":"ImageObject","inLanguage":"da-DK","@id":"https:\/\/kunmedierne.dk\/mors\/#\/schema\/logo\/image\/","url":"https:\/\/kunmedierne.dk\/mors\/wp-content\/uploads\/2024\/08\/kunmors-logo.svg","contentUrl":"https:\/\/kunmedierne.dk\/mors\/wp-content\/uploads\/2024\/08\/kunmors-logo.svg","caption":"Mors"},"image":{"@id":"https:\/\/kunmedierne.dk\/mors\/#\/schema\/logo\/image\/"}},{"@type":"Person","@id":"https:\/\/kunmedierne.dk\/mors\/#\/schema\/person\/b2e62a38069b12365e53e087a8709c64","name":"Katrine Hedegaard","image":{"@type":"ImageObject","inLanguage":"da-DK","@id":"https:\/\/kunmedierne.dk\/mors\/#\/schema\/person\/image\/","url":"https:\/\/secure.gravatar.com\/avatar\/18a5c72fa9148052fd3ed5a58b40fc83cfdc9811090e6e6eec9539af058edcc0?s=96&d=mm&r=g","contentUrl":"https:\/\/secure.gravatar.com\/avatar\/18a5c72fa9148052fd3ed5a58b40fc83cfdc9811090e6e6eec9539af058edcc0?s=96&d=mm&r=g","caption":"Katrine Hedegaard"},"url":"https:\/\/kunmedierne.dk\/mors\/author\/katrine\/"}]}},"_links":{"self":[{"href":"https:\/\/kunmedierne.dk\/mors\/wp-json\/wp\/v2\/posts\/112438","targetHints":{"allow":["GET"]}}],"collection":[{"href":"https:\/\/kunmedierne.dk\/mors\/wp-json\/wp\/v2\/posts"}],"about":[{"href":"https:\/\/kunmedierne.dk\/mors\/wp-json\/wp\/v2\/types\/post"}],"author":[{"embeddable":true,"href":"https:\/\/kunmedierne.dk\/mors\/wp-json\/wp\/v2\/users\/2507"}],"replies":[{"embeddable":true,"href":"https:\/\/kunmedierne.dk\/mors\/wp-json\/wp\/v2\/comments?post=112438"}],"version-history":[{"count":3,"href":"https:\/\/kunmedierne.dk\/mors\/wp-json\/wp\/v2\/posts\/112438\/revisions"}],"predecessor-version":[{"id":112442,"href":"https:\/\/kunmedierne.dk\/mors\/wp-json\/wp\/v2\/posts\/112438\/revisions\/112442"}],"wp:featuredmedia":[{"embeddable":true,"href":"https:\/\/kunmedierne.dk\/mors\/wp-json\/wp\/v2\/media\/112439"}],"wp:attachment":[{"href":"https:\/\/kunmedierne.dk\/mors\/wp-json\/wp\/v2\/media?parent=112438"}],"wp:term":[{"taxonomy":"category","embeddable":true,"href":"https:\/\/kunmedierne.dk\/mors\/wp-json\/wp\/v2\/categories?post=112438"},{"taxonomy":"post_tag","embeddable":true,"href":"https:\/\/kunmedierne.dk\/mors\/wp-json\/wp\/v2\/tags?post=112438"}],"curies":[{"name":"wp","href":"https:\/\/api.w.org\/{rel}","templated":true}]}}