{"id":112425,"date":"2024-02-23T18:45:07","date_gmt":"2024-02-23T17:45:07","guid":{"rendered":"https:\/\/kunmedierne.dk\/mors\/?p=112425"},"modified":"2024-08-12T13:10:43","modified_gmt":"2024-08-12T11:10:43","slug":"fremtidens-sosu-mangel-bliver-moedt-med-lokale-loesninger-paa-mors","status":"publish","type":"post","link":"https:\/\/kunmedierne.dk\/mors\/fremtidens-sosu-mangel-bliver-moedt-med-lokale-loesninger-paa-mors\/","title":{"rendered":"Fremtidens SOSU-mangel bliver m\u00f8dt med lokale l\u00f8sninger p\u00e5 Mors"},"content":{"rendered":"<div class=\"flex flex-grow flex-col max-w-full\">\n<div class=\"min-h-[20px] text-message flex flex-col items-start gap-3 whitespace-pre-wrap break-words [.text-message+&amp;]:mt-5 overflow-x-auto\" data-message-author-role=\"assistant\" data-message-id=\"4dd93365-5274-4ad9-8ff5-7ff007cc1493\">\n<div class=\"markdown prose w-full break-words dark:prose-invert light\">\n<p><strong>SUNDHED:<\/strong> Med den voksende eftersp\u00f8rgsel p\u00e5 SOSU-uddannet personale har Mors\u00f8 Kommune iv\u00e6rksat lokale tiltag i samarbejde med Social- og Sundhedsskolen i Thisted. Tiltagene inkluderer en m\u00e5lrettet branding- og rekrutteringsindsats, som if\u00f8lge kommunen har resulteret i en imponerende v\u00e6kst i antallet af elever pr. borger i alderen 16-29 \u00e5r i perioden 2022-2023.<\/p>\n<a class=\"dvrt-link\" onClick=\"cdmtrack_click(169437,jQuery(this));return false\" href=\"https:\/\/thymors.dk\/sponsorater\/15-til-faellesskabet?utm_source=kunmors&amp;utm_medium=annonce&amp;utm_campaign=sponsorater\"><img decoding=\"async\" style=\"width:100%;\" src=\"https:\/\/kunmedierne.dk\/mors\/wp-content\/uploads\/2026\/03\/260407ThyMors-energi_faellesskab_generel-1.jpg\"><\/a><script>cdmtrack_view(169437);<\/script>\n<p>Henning S\u00f8rensen fort\u00e6ller:<\/p>\n<p>&#8211; I dag har vi 92 elever, og jeg m\u00e5 nok indr\u00f8mme, at jeg ikke var klar over, at vi har s\u00e5 mange elever. Det er vi rimelig fortr\u00f8stningsfulde ved. Noget af det, der gl\u00e6der en formand, er jo ogs\u00e5, at vi m\u00e5 v\u00e6re en rimelig god l\u00e6replads; n\u00e6sten 70 % bliver her og tager en ans\u00e6ttelse i Mors\u00f8 Kommune. Det fort\u00e6ller jo, at det er rimeligt attraktivt at arbejde her.<\/p>\n<p>I januar 2024 har Mors\u00f8 Kommune 92 aktive SOSU-elever, og 68,8 % af eleverne, der afsluttede deres uddannelse i 2022-2023, er blevet ansat i kommunen. Dette understreger kommunens succesfulde strategi for at fastholde egne elever og tilbyde jobmuligheder inden for kommunegr\u00e6nserne.<\/p>\n<p>Vi konfronterer Henning S\u00f8rensen med statistikken for befolkningsudviklingen p\u00e5 Mors, der viser, at gennemsnitsalderen i de kommende \u00e5r vil stige. Vi sp\u00f8rger ham, hvor bekymrede vi skal v\u00e6re.<\/p>\n<a class=\"dvrt-link\" onClick=\"cdmtrack_click(104779,jQuery(this));return false\" href=\"https:\/\/morsoe-begravelsesforretning.dk\/\"><img decoding=\"async\" style=\"width:100%;\" src=\"https:\/\/kunmedierne.dk\/mors\/wp-content\/uploads\/2023\/11\/251215-morsoe-begravelsesforretning.jpg\"><\/a><script>cdmtrack_view(104779);<\/script>\n<p>&#8211; Der er ingen tvivl om, at der skal kigges p\u00e5 mange forskellige parametre i forhold til, hvordan vi f\u00e5r gjort det sp\u00e6ndende og interessant at v\u00e6re SOSU-hj\u00e6lper eller assistent. Du sp\u00f8rger, hvor bekymrede vi skal v\u00e6re&#8230; Det ligger ikke til mig at v\u00e6re bekymret, men jeg vil sige, at man skal v\u00e6re agtp\u00e5givende, og man skal ikke bare lade tiden g\u00e5.<\/p>\n<p>Regeringen, FOA, Danske Regioner og KL har sammen indg\u00e5et en l\u00e6repladsgaranti for perioden 2022-2026, og kommunerne er forpligtede til at ans\u00e6tte social- og sundhedsassistentelever over 25 \u00e5r med elevl\u00f8n. Mors\u00f8 Kommune har taget dette et skridt videre ved at optage alle voksne elever over 25 \u00e5r med elevl\u00f8n. Henning S\u00f8rensen fort\u00e6ller:<\/p>\n<p>&#8211; Det kan godt v\u00e6re, at vi i fremtiden skal ind og se p\u00e5, om dem, der er yngre, ogs\u00e5 skal have l\u00f8n. Det kan jeg ikke udelukke. Men det er overhovedet ikke vedtaget eller i st\u00f8beskeen.<\/p>\n<p>Mors\u00f8 Kommune har oplevet frafald p\u00e5 SOSU-uddannelserne i 2023, men de har if\u00f8lge Henning S\u00f8rensen iv\u00e6rksat initiativer for at tackle problemet. Nye tiltag som individuelle planlagte forl\u00f8b, tidlig indsats i forhold til frav\u00e6r og st\u00f8ttefunktioner p\u00e5 skolen viser kommunens engagement i at styrke elevernes trivsel og fastholdelse.<\/p>\n<a class=\"dvrt-link\" onClick=\"cdmtrack_click(104780,jQuery(this));return false\" href=\"https:\/\/www.spard.dk\/\"><img decoding=\"async\" style=\"width:100%;\" src=\"https:\/\/kunmedierne.dk\/mors\/wp-content\/uploads\/2023\/12\/sparekassen-dk-maj25.gif\"><\/a><script>cdmtrack_view(104780);<\/script>\n<p>Mors\u00f8 Kommune ser frem mod regeringens udspil &#8220;Forberedt p\u00e5 Fremtiden III&#8221; og har allerede planlagt yderligere indsatser for at im\u00f8dekomme de foresl\u00e5ede forbedringer. Dette inkluderer styrket vejledning og et aktivt l\u00e6ringsforl\u00f8b for elever i folkeskolen for at \u00f8ge kendskabet til SOSU-uddannelsen. Vi sp\u00f8rger Henning S\u00f8rensen, om det ogs\u00e5 kan komme p\u00e5 tale, at man her p\u00e5 Mors kommer til at hente arbejdskraft ind fra andre lande.<\/p>\n<p>&#8211; Der er der slet ingen tvivl om. Det kommer vi ogs\u00e5 til at skulle g\u00f8re. Der er ingen tvivl om, at vi sagtens kan hente nogle mennesker udefra, som gerne vil til Mors. Det st\u00f8rste problem, det er sproget. Men kan vi f\u00e5 nogle udefra, og kan de f\u00e5 l\u00e6rt at tale dansk, s\u00e5 viser erfaringen, at man er lige s\u00e5 glade for dem, som man er for de danske medarbejdere. Men det kr\u00e6ver, at de skal l\u00e6re noget dansk, ellers kan tingene ikke fungere i det daglige.<\/p>\n<p>Vi sp\u00f8rger Henning S\u00f8rensen, om det er noget, kommunen arbejder aktivt for at k\u00f8re i stilling &#8211; han svarer:<\/p>\n<p>&#8211; Nej, ikke pt., vi talte lige om det p\u00e5 sidste udvalgsm\u00f8de, men det er fortsat kun p\u00e5 id\u00e9plan.<\/p>\n<a class=\"dvrt-link\" onClick=\"cdmtrack_click(169437,jQuery(this));return false\" href=\"https:\/\/thymors.dk\/sponsorater\/15-til-faellesskabet?utm_source=kunmors&amp;utm_medium=annonce&amp;utm_campaign=sponsorater\"><img decoding=\"async\" style=\"width:100%;\" src=\"https:\/\/kunmedierne.dk\/mors\/wp-content\/uploads\/2026\/03\/260407ThyMors-energi_faellesskab_generel-1.jpg\"><\/a><script>cdmtrack_view(169437);<\/script>\n<p>Der er ingen tvivl om, at Mors\u00f8 Kommune har mange gode tiltag, der skal sikre, at der er tilstr\u00e6kkeligt med veluddannede SOSU-medarbejdere til at im\u00f8dekomme fremtidens behov. Men g\u00f8r de nok? Vi sp\u00f8rger Henning S\u00f8rensen, om Mors\u00f8 Kommune ikke burde tage hul p\u00e5 processen med at tiltr\u00e6kke kvalificeret personale fra andre lande allerede nu. Han svarer:<\/p>\n<p>&#8211; Jo, men du g\u00f8r jo ingenting i dag uden, at det koster penge. Men ved n\u00e6ste budgetforhandlinger kan det v\u00e6re, at vi siger, at det med at tiltr\u00e6kke arbejdskraft udefra, det skal vi bruge nogle ressourcer p\u00e5.<\/p>\n<\/div>\n<\/div>\n<\/div>\n","protected":false},"excerpt":{"rendered":"<p>SUNDHED: Med den voksende eftersp\u00f8rgsel p\u00e5 SOSU-uddannet personale har Mors\u00f8 Kommune iv\u00e6rksat lokale tiltag i samarbejde med Social- og Sundhedsskolen i Thisted. Tiltagene inkluderer en m\u00e5lrettet branding- og rekrutteringsindsats, som if\u00f8lge kommunen har resulteret i en imponerende v\u00e6kst i antallet af elever pr. borger i alderen 16-29 \u00e5r i perioden 2022-2023. Henning S\u00f8rensen fort\u00e6ller: &#8211; [&hellip;]<\/p>\n","protected":false},"author":2507,"featured_media":60337,"comment_status":"closed","ping_status":"open","sticky":false,"template":"","format":"standard","meta":{"_acf_changed":false,"footnotes":""},"categories":[51],"tags":[256],"class_list":["post-112425","post","type-post","status-publish","format-standard","has-post-thumbnail","hentry","category-lokalt","tag-sundhed"],"acf":[],"yoast_head":"<!-- This site is optimized with the Yoast SEO plugin v26.8 - https:\/\/yoast.com\/product\/yoast-seo-wordpress\/ -->\n<title>Fremtidens SOSU-mangel bliver m\u00f8dt med lokale l\u00f8sninger p\u00e5 Mors - Mors<\/title>\n<meta name=\"robots\" content=\"index, follow, max-snippet:-1, max-image-preview:large, max-video-preview:-1\" \/>\n<link rel=\"canonical\" href=\"https:\/\/kunmedierne.dk\/mors\/fremtidens-sosu-mangel-bliver-moedt-med-lokale-loesninger-paa-mors\/\" \/>\n<meta property=\"og:locale\" content=\"da_DK\" \/>\n<meta property=\"og:type\" content=\"article\" \/>\n<meta property=\"og:title\" content=\"Fremtidens SOSU-mangel bliver m\u00f8dt med lokale l\u00f8sninger p\u00e5 Mors - Mors\" \/>\n<meta property=\"og:description\" content=\"SUNDHED: Med den voksende eftersp\u00f8rgsel p\u00e5 SOSU-uddannet personale har Mors\u00f8 Kommune iv\u00e6rksat lokale tiltag i samarbejde med Social- og Sundhedsskolen i Thisted. Tiltagene inkluderer en m\u00e5lrettet branding- og rekrutteringsindsats, som if\u00f8lge kommunen har resulteret i en imponerende v\u00e6kst i antallet af elever pr. borger i alderen 16-29 \u00e5r i perioden 2022-2023. Henning S\u00f8rensen fort\u00e6ller: &#8211; [&hellip;]\" \/>\n<meta property=\"og:url\" content=\"https:\/\/kunmedierne.dk\/mors\/fremtidens-sosu-mangel-bliver-moedt-med-lokale-loesninger-paa-mors\/\" \/>\n<meta property=\"og:site_name\" content=\"Mors\" \/>\n<meta property=\"article:published_time\" content=\"2024-02-23T17:45:07+00:00\" \/>\n<meta property=\"article:modified_time\" content=\"2024-08-12T11:10:43+00:00\" \/>\n<meta property=\"og:image\" content=\"https:\/\/kunmedierne.dk\/mors\/wp-content\/uploads\/2022\/01\/sosu.jpg\" \/>\n\t<meta property=\"og:image:width\" content=\"770\" \/>\n\t<meta property=\"og:image:height\" content=\"513\" \/>\n\t<meta property=\"og:image:type\" content=\"image\/jpeg\" \/>\n<meta name=\"author\" content=\"Katrine Hedegaard\" \/>\n<meta name=\"twitter:card\" content=\"summary_large_image\" \/>\n<meta name=\"twitter:label1\" content=\"Skrevet af\" \/>\n\t<meta name=\"twitter:data1\" content=\"Katrine Hedegaard\" \/>\n\t<meta name=\"twitter:label2\" content=\"Estimeret l\u00e6setid\" \/>\n\t<meta name=\"twitter:data2\" content=\"4 minutter\" \/>\n<script type=\"application\/ld+json\" class=\"yoast-schema-graph\">{\"@context\":\"https:\/\/schema.org\",\"@graph\":[{\"@type\":\"Article\",\"@id\":\"https:\/\/kunmedierne.dk\/mors\/fremtidens-sosu-mangel-bliver-moedt-med-lokale-loesninger-paa-mors\/#article\",\"isPartOf\":{\"@id\":\"https:\/\/kunmedierne.dk\/mors\/fremtidens-sosu-mangel-bliver-moedt-med-lokale-loesninger-paa-mors\/\"},\"author\":{\"name\":\"Katrine Hedegaard\",\"@id\":\"https:\/\/kunmedierne.dk\/mors\/#\/schema\/person\/b2e62a38069b12365e53e087a8709c64\"},\"headline\":\"Fremtidens SOSU-mangel bliver m\u00f8dt med lokale l\u00f8sninger p\u00e5 Mors\",\"datePublished\":\"2024-02-23T17:45:07+00:00\",\"dateModified\":\"2024-08-12T11:10:43+00:00\",\"mainEntityOfPage\":{\"@id\":\"https:\/\/kunmedierne.dk\/mors\/fremtidens-sosu-mangel-bliver-moedt-med-lokale-loesninger-paa-mors\/\"},\"wordCount\":757,\"publisher\":{\"@id\":\"https:\/\/kunmedierne.dk\/mors\/#organization\"},\"image\":{\"@id\":\"https:\/\/kunmedierne.dk\/mors\/fremtidens-sosu-mangel-bliver-moedt-med-lokale-loesninger-paa-mors\/#primaryimage\"},\"thumbnailUrl\":\"https:\/\/kunmedierne.dk\/mors\/wp-content\/uploads\/2022\/01\/sosu.jpg\",\"keywords\":[\"Sundhed\"],\"articleSection\":[\"Lokalt\"],\"inLanguage\":\"da-DK\"},{\"@type\":\"WebPage\",\"@id\":\"https:\/\/kunmedierne.dk\/mors\/fremtidens-sosu-mangel-bliver-moedt-med-lokale-loesninger-paa-mors\/\",\"url\":\"https:\/\/kunmedierne.dk\/mors\/fremtidens-sosu-mangel-bliver-moedt-med-lokale-loesninger-paa-mors\/\",\"name\":\"Fremtidens SOSU-mangel bliver m\u00f8dt med lokale l\u00f8sninger p\u00e5 Mors - Mors\",\"isPartOf\":{\"@id\":\"https:\/\/kunmedierne.dk\/mors\/#website\"},\"primaryImageOfPage\":{\"@id\":\"https:\/\/kunmedierne.dk\/mors\/fremtidens-sosu-mangel-bliver-moedt-med-lokale-loesninger-paa-mors\/#primaryimage\"},\"image\":{\"@id\":\"https:\/\/kunmedierne.dk\/mors\/fremtidens-sosu-mangel-bliver-moedt-med-lokale-loesninger-paa-mors\/#primaryimage\"},\"thumbnailUrl\":\"https:\/\/kunmedierne.dk\/mors\/wp-content\/uploads\/2022\/01\/sosu.jpg\",\"datePublished\":\"2024-02-23T17:45:07+00:00\",\"dateModified\":\"2024-08-12T11:10:43+00:00\",\"breadcrumb\":{\"@id\":\"https:\/\/kunmedierne.dk\/mors\/fremtidens-sosu-mangel-bliver-moedt-med-lokale-loesninger-paa-mors\/#breadcrumb\"},\"inLanguage\":\"da-DK\",\"potentialAction\":[{\"@type\":\"ReadAction\",\"target\":[\"https:\/\/kunmedierne.dk\/mors\/fremtidens-sosu-mangel-bliver-moedt-med-lokale-loesninger-paa-mors\/\"]}]},{\"@type\":\"ImageObject\",\"inLanguage\":\"da-DK\",\"@id\":\"https:\/\/kunmedierne.dk\/mors\/fremtidens-sosu-mangel-bliver-moedt-med-lokale-loesninger-paa-mors\/#primaryimage\",\"url\":\"https:\/\/kunmedierne.dk\/mors\/wp-content\/uploads\/2022\/01\/sosu.jpg\",\"contentUrl\":\"https:\/\/kunmedierne.dk\/mors\/wp-content\/uploads\/2022\/01\/sosu.jpg\",\"width\":770,\"height\":513,\"caption\":\"Elevl\u00f8n frem for SU skal f\u00f8re til flere varme h\u00e6nder. Modelfoto: Unsplash\"},{\"@type\":\"BreadcrumbList\",\"@id\":\"https:\/\/kunmedierne.dk\/mors\/fremtidens-sosu-mangel-bliver-moedt-med-lokale-loesninger-paa-mors\/#breadcrumb\",\"itemListElement\":[{\"@type\":\"ListItem\",\"position\":1,\"name\":\"Hjem\",\"item\":\"https:\/\/kunmedierne.dk\/mors\/\"},{\"@type\":\"ListItem\",\"position\":2,\"name\":\"Fremtidens SOSU-mangel bliver m\u00f8dt med lokale l\u00f8sninger p\u00e5 Mors\"}]},{\"@type\":\"WebSite\",\"@id\":\"https:\/\/kunmedierne.dk\/mors\/#website\",\"url\":\"https:\/\/kunmedierne.dk\/mors\/\",\"name\":\"Mors\",\"description\":\"et netmedie med journalistik om livet p\u00e5 Mors\",\"publisher\":{\"@id\":\"https:\/\/kunmedierne.dk\/mors\/#organization\"},\"potentialAction\":[{\"@type\":\"SearchAction\",\"target\":{\"@type\":\"EntryPoint\",\"urlTemplate\":\"https:\/\/kunmedierne.dk\/mors\/?s={search_term_string}\"},\"query-input\":{\"@type\":\"PropertyValueSpecification\",\"valueRequired\":true,\"valueName\":\"search_term_string\"}}],\"inLanguage\":\"da-DK\"},{\"@type\":\"Organization\",\"@id\":\"https:\/\/kunmedierne.dk\/mors\/#organization\",\"name\":\"Mors\",\"url\":\"https:\/\/kunmedierne.dk\/mors\/\",\"logo\":{\"@type\":\"ImageObject\",\"inLanguage\":\"da-DK\",\"@id\":\"https:\/\/kunmedierne.dk\/mors\/#\/schema\/logo\/image\/\",\"url\":\"https:\/\/kunmedierne.dk\/mors\/wp-content\/uploads\/2024\/08\/kunmors-logo.svg\",\"contentUrl\":\"https:\/\/kunmedierne.dk\/mors\/wp-content\/uploads\/2024\/08\/kunmors-logo.svg\",\"caption\":\"Mors\"},\"image\":{\"@id\":\"https:\/\/kunmedierne.dk\/mors\/#\/schema\/logo\/image\/\"}},{\"@type\":\"Person\",\"@id\":\"https:\/\/kunmedierne.dk\/mors\/#\/schema\/person\/b2e62a38069b12365e53e087a8709c64\",\"name\":\"Katrine Hedegaard\",\"image\":{\"@type\":\"ImageObject\",\"inLanguage\":\"da-DK\",\"@id\":\"https:\/\/kunmedierne.dk\/mors\/#\/schema\/person\/image\/\",\"url\":\"https:\/\/secure.gravatar.com\/avatar\/18a5c72fa9148052fd3ed5a58b40fc83cfdc9811090e6e6eec9539af058edcc0?s=96&d=mm&r=g\",\"contentUrl\":\"https:\/\/secure.gravatar.com\/avatar\/18a5c72fa9148052fd3ed5a58b40fc83cfdc9811090e6e6eec9539af058edcc0?s=96&d=mm&r=g\",\"caption\":\"Katrine Hedegaard\"},\"url\":\"https:\/\/kunmedierne.dk\/mors\/author\/katrine\/\"}]}<\/script>\n<!-- \/ Yoast SEO plugin. -->","yoast_head_json":{"title":"Fremtidens SOSU-mangel bliver m\u00f8dt med lokale l\u00f8sninger p\u00e5 Mors - Mors","robots":{"index":"index","follow":"follow","max-snippet":"max-snippet:-1","max-image-preview":"max-image-preview:large","max-video-preview":"max-video-preview:-1"},"canonical":"https:\/\/kunmedierne.dk\/mors\/fremtidens-sosu-mangel-bliver-moedt-med-lokale-loesninger-paa-mors\/","og_locale":"da_DK","og_type":"article","og_title":"Fremtidens SOSU-mangel bliver m\u00f8dt med lokale l\u00f8sninger p\u00e5 Mors - Mors","og_description":"SUNDHED: Med den voksende eftersp\u00f8rgsel p\u00e5 SOSU-uddannet personale har Mors\u00f8 Kommune iv\u00e6rksat lokale tiltag i samarbejde med Social- og Sundhedsskolen i Thisted. Tiltagene inkluderer en m\u00e5lrettet branding- og rekrutteringsindsats, som if\u00f8lge kommunen har resulteret i en imponerende v\u00e6kst i antallet af elever pr. borger i alderen 16-29 \u00e5r i perioden 2022-2023. Henning S\u00f8rensen fort\u00e6ller: &#8211; [&hellip;]","og_url":"https:\/\/kunmedierne.dk\/mors\/fremtidens-sosu-mangel-bliver-moedt-med-lokale-loesninger-paa-mors\/","og_site_name":"Mors","article_published_time":"2024-02-23T17:45:07+00:00","article_modified_time":"2024-08-12T11:10:43+00:00","og_image":[{"width":770,"height":513,"url":"https:\/\/kunmedierne.dk\/mors\/wp-content\/uploads\/2022\/01\/sosu.jpg","type":"image\/jpeg"}],"author":"Katrine Hedegaard","twitter_card":"summary_large_image","twitter_misc":{"Skrevet af":"Katrine Hedegaard","Estimeret l\u00e6setid":"4 minutter"},"schema":{"@context":"https:\/\/schema.org","@graph":[{"@type":"Article","@id":"https:\/\/kunmedierne.dk\/mors\/fremtidens-sosu-mangel-bliver-moedt-med-lokale-loesninger-paa-mors\/#article","isPartOf":{"@id":"https:\/\/kunmedierne.dk\/mors\/fremtidens-sosu-mangel-bliver-moedt-med-lokale-loesninger-paa-mors\/"},"author":{"name":"Katrine Hedegaard","@id":"https:\/\/kunmedierne.dk\/mors\/#\/schema\/person\/b2e62a38069b12365e53e087a8709c64"},"headline":"Fremtidens SOSU-mangel bliver m\u00f8dt med lokale l\u00f8sninger p\u00e5 Mors","datePublished":"2024-02-23T17:45:07+00:00","dateModified":"2024-08-12T11:10:43+00:00","mainEntityOfPage":{"@id":"https:\/\/kunmedierne.dk\/mors\/fremtidens-sosu-mangel-bliver-moedt-med-lokale-loesninger-paa-mors\/"},"wordCount":757,"publisher":{"@id":"https:\/\/kunmedierne.dk\/mors\/#organization"},"image":{"@id":"https:\/\/kunmedierne.dk\/mors\/fremtidens-sosu-mangel-bliver-moedt-med-lokale-loesninger-paa-mors\/#primaryimage"},"thumbnailUrl":"https:\/\/kunmedierne.dk\/mors\/wp-content\/uploads\/2022\/01\/sosu.jpg","keywords":["Sundhed"],"articleSection":["Lokalt"],"inLanguage":"da-DK"},{"@type":"WebPage","@id":"https:\/\/kunmedierne.dk\/mors\/fremtidens-sosu-mangel-bliver-moedt-med-lokale-loesninger-paa-mors\/","url":"https:\/\/kunmedierne.dk\/mors\/fremtidens-sosu-mangel-bliver-moedt-med-lokale-loesninger-paa-mors\/","name":"Fremtidens SOSU-mangel bliver m\u00f8dt med lokale l\u00f8sninger p\u00e5 Mors - Mors","isPartOf":{"@id":"https:\/\/kunmedierne.dk\/mors\/#website"},"primaryImageOfPage":{"@id":"https:\/\/kunmedierne.dk\/mors\/fremtidens-sosu-mangel-bliver-moedt-med-lokale-loesninger-paa-mors\/#primaryimage"},"image":{"@id":"https:\/\/kunmedierne.dk\/mors\/fremtidens-sosu-mangel-bliver-moedt-med-lokale-loesninger-paa-mors\/#primaryimage"},"thumbnailUrl":"https:\/\/kunmedierne.dk\/mors\/wp-content\/uploads\/2022\/01\/sosu.jpg","datePublished":"2024-02-23T17:45:07+00:00","dateModified":"2024-08-12T11:10:43+00:00","breadcrumb":{"@id":"https:\/\/kunmedierne.dk\/mors\/fremtidens-sosu-mangel-bliver-moedt-med-lokale-loesninger-paa-mors\/#breadcrumb"},"inLanguage":"da-DK","potentialAction":[{"@type":"ReadAction","target":["https:\/\/kunmedierne.dk\/mors\/fremtidens-sosu-mangel-bliver-moedt-med-lokale-loesninger-paa-mors\/"]}]},{"@type":"ImageObject","inLanguage":"da-DK","@id":"https:\/\/kunmedierne.dk\/mors\/fremtidens-sosu-mangel-bliver-moedt-med-lokale-loesninger-paa-mors\/#primaryimage","url":"https:\/\/kunmedierne.dk\/mors\/wp-content\/uploads\/2022\/01\/sosu.jpg","contentUrl":"https:\/\/kunmedierne.dk\/mors\/wp-content\/uploads\/2022\/01\/sosu.jpg","width":770,"height":513,"caption":"Elevl\u00f8n frem for SU skal f\u00f8re til flere varme h\u00e6nder. Modelfoto: Unsplash"},{"@type":"BreadcrumbList","@id":"https:\/\/kunmedierne.dk\/mors\/fremtidens-sosu-mangel-bliver-moedt-med-lokale-loesninger-paa-mors\/#breadcrumb","itemListElement":[{"@type":"ListItem","position":1,"name":"Hjem","item":"https:\/\/kunmedierne.dk\/mors\/"},{"@type":"ListItem","position":2,"name":"Fremtidens SOSU-mangel bliver m\u00f8dt med lokale l\u00f8sninger p\u00e5 Mors"}]},{"@type":"WebSite","@id":"https:\/\/kunmedierne.dk\/mors\/#website","url":"https:\/\/kunmedierne.dk\/mors\/","name":"Mors","description":"et netmedie med journalistik om livet p\u00e5 Mors","publisher":{"@id":"https:\/\/kunmedierne.dk\/mors\/#organization"},"potentialAction":[{"@type":"SearchAction","target":{"@type":"EntryPoint","urlTemplate":"https:\/\/kunmedierne.dk\/mors\/?s={search_term_string}"},"query-input":{"@type":"PropertyValueSpecification","valueRequired":true,"valueName":"search_term_string"}}],"inLanguage":"da-DK"},{"@type":"Organization","@id":"https:\/\/kunmedierne.dk\/mors\/#organization","name":"Mors","url":"https:\/\/kunmedierne.dk\/mors\/","logo":{"@type":"ImageObject","inLanguage":"da-DK","@id":"https:\/\/kunmedierne.dk\/mors\/#\/schema\/logo\/image\/","url":"https:\/\/kunmedierne.dk\/mors\/wp-content\/uploads\/2024\/08\/kunmors-logo.svg","contentUrl":"https:\/\/kunmedierne.dk\/mors\/wp-content\/uploads\/2024\/08\/kunmors-logo.svg","caption":"Mors"},"image":{"@id":"https:\/\/kunmedierne.dk\/mors\/#\/schema\/logo\/image\/"}},{"@type":"Person","@id":"https:\/\/kunmedierne.dk\/mors\/#\/schema\/person\/b2e62a38069b12365e53e087a8709c64","name":"Katrine Hedegaard","image":{"@type":"ImageObject","inLanguage":"da-DK","@id":"https:\/\/kunmedierne.dk\/mors\/#\/schema\/person\/image\/","url":"https:\/\/secure.gravatar.com\/avatar\/18a5c72fa9148052fd3ed5a58b40fc83cfdc9811090e6e6eec9539af058edcc0?s=96&d=mm&r=g","contentUrl":"https:\/\/secure.gravatar.com\/avatar\/18a5c72fa9148052fd3ed5a58b40fc83cfdc9811090e6e6eec9539af058edcc0?s=96&d=mm&r=g","caption":"Katrine Hedegaard"},"url":"https:\/\/kunmedierne.dk\/mors\/author\/katrine\/"}]}},"_links":{"self":[{"href":"https:\/\/kunmedierne.dk\/mors\/wp-json\/wp\/v2\/posts\/112425","targetHints":{"allow":["GET"]}}],"collection":[{"href":"https:\/\/kunmedierne.dk\/mors\/wp-json\/wp\/v2\/posts"}],"about":[{"href":"https:\/\/kunmedierne.dk\/mors\/wp-json\/wp\/v2\/types\/post"}],"author":[{"embeddable":true,"href":"https:\/\/kunmedierne.dk\/mors\/wp-json\/wp\/v2\/users\/2507"}],"replies":[{"embeddable":true,"href":"https:\/\/kunmedierne.dk\/mors\/wp-json\/wp\/v2\/comments?post=112425"}],"version-history":[{"count":9,"href":"https:\/\/kunmedierne.dk\/mors\/wp-json\/wp\/v2\/posts\/112425\/revisions"}],"predecessor-version":[{"id":112543,"href":"https:\/\/kunmedierne.dk\/mors\/wp-json\/wp\/v2\/posts\/112425\/revisions\/112543"}],"wp:featuredmedia":[{"embeddable":true,"href":"https:\/\/kunmedierne.dk\/mors\/wp-json\/wp\/v2\/media\/60337"}],"wp:attachment":[{"href":"https:\/\/kunmedierne.dk\/mors\/wp-json\/wp\/v2\/media?parent=112425"}],"wp:term":[{"taxonomy":"category","embeddable":true,"href":"https:\/\/kunmedierne.dk\/mors\/wp-json\/wp\/v2\/categories?post=112425"},{"taxonomy":"post_tag","embeddable":true,"href":"https:\/\/kunmedierne.dk\/mors\/wp-json\/wp\/v2\/tags?post=112425"}],"curies":[{"name":"wp","href":"https:\/\/api.w.org\/{rel}","templated":true}]}}