{"id":112218,"date":"2024-02-19T17:05:46","date_gmt":"2024-02-19T16:05:46","guid":{"rendered":"https:\/\/kunmedierne.dk\/mors\/?p=112218"},"modified":"2024-08-12T13:11:08","modified_gmt":"2024-08-12T11:11:08","slug":"halkjaers-auto-fejrer-jubilaeumsdag-med-roede-poelser-til-alle","status":"publish","type":"post","link":"https:\/\/kunmedierne.dk\/mors\/halkjaers-auto-fejrer-jubilaeumsdag-med-roede-poelser-til-alle\/","title":{"rendered":"Halkj\u00e6rs Auto fejrer jubil\u00e6umsdag med r\u00f8de p\u00f8lser til alle"},"content":{"rendered":"<pre style=\"text-align: center;\">ANNONC\u00d8RBETALT INDHOLD<\/pre>\n<hr \/>\n<h2><\/h2>\n<h2>P\u00e5 fredag er der r\u00f8de p\u00f8lser, \u00f8l, sodavand og kage<\/h2>\n<p><strong><span style=\"font-size: 10.0pt; font-family: 'Verdana',sans-serif;\">Jakob Halkj\u00e6r markerer sine f\u00f8rste 25 \u00e5r som autoforhandler p\u00e5 Limfjordsvej.<\/span><\/strong><\/p>\n<p><strong><span style=\"font-size: 10.0pt; font-family: 'Verdana',sans-serif;\">JUBIL\u00c6UM<\/span><\/strong><span style=\"font-size: 10.0pt; font-family: 'Verdana',sans-serif;\">: S\u00e5vel smagsl\u00f8g som maves\u00e6k bliver fork\u00e6let &#8211; og\u00a0s\u00e5 bliver der med sikkerhed ogs\u00e5 snakket biler, n\u00e5r der p\u00e5 fredag er \u00e5bent hus hos Halkj\u00e6rs Auto i Nyk\u00f8bing.<\/span><\/p>\n<p><span style=\"font-size: 10.0pt; font-family: 'Verdana',sans-serif;\">Anledningen er en reception, der markerer Jakob Halkj\u00e6rs f\u00f8rste 25 \u00e5r som indehaver. S\u00e5 l\u00e6nge siden er det nemlig, at han overtog butikken fra sin far, Steen Halkj\u00e6r, og det \u00f8nsker den lokale bils\u00e6lger at markere.<\/span><\/p>\n<p><span style=\"font-size: 10.0pt; font-family: 'Verdana',sans-serif;\">&#8211; Der er sket meget i branchen. Jeg kan svagt erindre, da firmaet startede i 1977, og det er jo en k\u00e6mpe udvikling, der har v\u00e6ret siden, siger Jakob Halkj\u00e6r.<\/span><\/p>\n<p><span style=\"font-size: 10.0pt; font-family: 'Verdana',sans-serif;\">Han er n\u00e6rmest f\u00f8dt ind i virksomheden og tilbragte allerede som dreng mange timer p\u00e5 v\u00e6rkstedet, der \u00e5bnede p\u00e5 N.A. Christensensvej i 1977.<\/span><\/p>\n<p><span style=\"font-size: 10.0pt; font-family: 'Verdana',sans-serif;\">I 1999, da Jakob Halkj\u00e6r var fyldt 25 \u00e5r, overtog han virksomheden, som han i dag driver sammen med hustruen Janni. Det er med afdelinger i b\u00e5de Nyk\u00f8bing og Thisted &#8211; og det er med 20 specialister, der helt sikkert ogs\u00e5 vil kunne tale med om den rivende udvikling i bilbranchen.<\/span><\/p>\n<p><span style=\"font-size: 10.0pt; font-family: 'Verdana',sans-serif;\">P\u00e5 fredag kan b\u00e5de medarbejdere og g\u00e6ster g\u00f8re det med r\u00f8de p\u00f8lser, \u00f8l og sodavand &#8211; og en bid kage til at fejre indehaverens jubil\u00e6um med.\u00a0<\/span><\/p>\n<p><span style=\"font-size: 10.0pt; font-family: 'Verdana',sans-serif;\">&#8211; Jeg gl\u00e6der mig til at se kunder, forretningsforbindelser og alle andre interesserede, siger Jakob Halkj\u00e6r.\u00a0<\/span><\/p>\n<p><span style=\"font-size: 10.0pt; font-family: 'Verdana',sans-serif;\">Han tilf\u00f8jer, at skulle man f\u00e5 lyst til at kigge p\u00e5 den nye og fuldelektriske Volvo ex30, er der helt sikkert ogs\u00e5 mulighed for det. Den kan du se mere om <a href=\"https:\/\/www.volvocars.com\/dk\/cars\/ex30-electric\/?gad_source=1&amp;gclid=CjwKCAiAlcyuBhBnEiwAOGZ2S7mwvVzPaOxULyoioEsLWkXHnPDH-6NXuKfRn4-kYlAnZFMcmuDKlRoCxOwQAvD_BwE&amp;gclsrc=aw.ds\" target=\"_blank\" rel=\"noopener noreferrer\"> her<\/a>.<\/span><\/p>\n<p><span style=\"font-size: 10.0pt; font-family: 'Verdana',sans-serif;\">Receptionen p\u00e5 Limfjordsvej 44 er fredag fra klokken 12-17. L\u00e6s mere om din lokale bilforhandler <a href=\"https:\/\/www.halkjaersauto.dk\/\" target=\"_blank\" rel=\"noopener noreferrer\">her<\/a>.<\/span><\/p>\n<hr \/>\n<p>&nbsp;<\/p>\n","protected":false},"excerpt":{"rendered":"<p>ANNONC\u00d8RBETALT INDHOLD P\u00e5 fredag er der r\u00f8de p\u00f8lser, \u00f8l, sodavand og kage Jakob Halkj\u00e6r markerer sine f\u00f8rste 25 \u00e5r som autoforhandler p\u00e5 Limfjordsvej. JUBIL\u00c6UM: S\u00e5vel smagsl\u00f8g som maves\u00e6k bliver fork\u00e6let &#8211; og\u00a0s\u00e5 bliver der med sikkerhed ogs\u00e5 snakket biler, n\u00e5r der p\u00e5 fredag er \u00e5bent hus hos Halkj\u00e6rs Auto i Nyk\u00f8bing. Anledningen er en reception, [&hellip;]<\/p>\n","protected":false},"author":10,"featured_media":112219,"comment_status":"closed","ping_status":"open","sticky":false,"template":"","format":"standard","meta":{"_acf_changed":false,"footnotes":""},"categories":[183,51],"tags":[159],"class_list":["post-112218","post","type-post","status-publish","format-standard","has-post-thumbnail","hentry","category-annonce","category-lokalt","tag-erhverv"],"acf":[],"yoast_head":"<!-- This site is optimized with the Yoast SEO plugin v26.8 - https:\/\/yoast.com\/product\/yoast-seo-wordpress\/ -->\n<title>Halkj\u00e6rs Auto fejrer jubil\u00e6umsdag med r\u00f8de p\u00f8lser til alle - Mors<\/title>\n<meta name=\"robots\" content=\"index, follow, max-snippet:-1, max-image-preview:large, max-video-preview:-1\" \/>\n<link rel=\"canonical\" href=\"https:\/\/kunmedierne.dk\/mors\/halkjaers-auto-fejrer-jubilaeumsdag-med-roede-poelser-til-alle\/\" \/>\n<meta property=\"og:locale\" content=\"da_DK\" \/>\n<meta property=\"og:type\" content=\"article\" \/>\n<meta property=\"og:title\" content=\"Halkj\u00e6rs Auto fejrer jubil\u00e6umsdag med r\u00f8de p\u00f8lser til alle - Mors\" \/>\n<meta property=\"og:description\" content=\"ANNONC\u00d8RBETALT INDHOLD P\u00e5 fredag er der r\u00f8de p\u00f8lser, \u00f8l, sodavand og kage Jakob Halkj\u00e6r markerer sine f\u00f8rste 25 \u00e5r som autoforhandler p\u00e5 Limfjordsvej. JUBIL\u00c6UM: S\u00e5vel smagsl\u00f8g som maves\u00e6k bliver fork\u00e6let &#8211; og\u00a0s\u00e5 bliver der med sikkerhed ogs\u00e5 snakket biler, n\u00e5r der p\u00e5 fredag er \u00e5bent hus hos Halkj\u00e6rs Auto i Nyk\u00f8bing. Anledningen er en reception, [&hellip;]\" \/>\n<meta property=\"og:url\" content=\"https:\/\/kunmedierne.dk\/mors\/halkjaers-auto-fejrer-jubilaeumsdag-med-roede-poelser-til-alle\/\" \/>\n<meta property=\"og:site_name\" content=\"Mors\" \/>\n<meta property=\"article:published_time\" content=\"2024-02-19T16:05:46+00:00\" \/>\n<meta property=\"article:modified_time\" content=\"2024-08-12T11:11:08+00:00\" \/>\n<meta property=\"og:image\" content=\"https:\/\/kunmedierne.dk\/mors\/wp-content\/uploads\/2024\/02\/IMG_4880.jpg\" \/>\n\t<meta property=\"og:image:width\" content=\"770\" \/>\n\t<meta property=\"og:image:height\" content=\"513\" \/>\n\t<meta property=\"og:image:type\" content=\"image\/jpeg\" \/>\n<meta name=\"author\" content=\"Annonce\" \/>\n<meta name=\"twitter:card\" content=\"summary_large_image\" \/>\n<meta name=\"twitter:label1\" content=\"Skrevet af\" \/>\n\t<meta name=\"twitter:data1\" content=\"Annonce\" \/>\n\t<meta name=\"twitter:label2\" content=\"Estimeret l\u00e6setid\" \/>\n\t<meta name=\"twitter:data2\" content=\"2 minutter\" \/>\n<script type=\"application\/ld+json\" class=\"yoast-schema-graph\">{\"@context\":\"https:\/\/schema.org\",\"@graph\":[{\"@type\":\"Article\",\"@id\":\"https:\/\/kunmedierne.dk\/mors\/halkjaers-auto-fejrer-jubilaeumsdag-med-roede-poelser-til-alle\/#article\",\"isPartOf\":{\"@id\":\"https:\/\/kunmedierne.dk\/mors\/halkjaers-auto-fejrer-jubilaeumsdag-med-roede-poelser-til-alle\/\"},\"author\":{\"name\":\"Annonce\",\"@id\":\"https:\/\/kunmedierne.dk\/mors\/#\/schema\/person\/5736bdbe0f43bd4b230cdce7c6a8fb0c\"},\"headline\":\"Halkj\u00e6rs Auto fejrer jubil\u00e6umsdag med r\u00f8de p\u00f8lser til alle\",\"datePublished\":\"2024-02-19T16:05:46+00:00\",\"dateModified\":\"2024-08-12T11:11:08+00:00\",\"mainEntityOfPage\":{\"@id\":\"https:\/\/kunmedierne.dk\/mors\/halkjaers-auto-fejrer-jubilaeumsdag-med-roede-poelser-til-alle\/\"},\"wordCount\":323,\"publisher\":{\"@id\":\"https:\/\/kunmedierne.dk\/mors\/#organization\"},\"image\":{\"@id\":\"https:\/\/kunmedierne.dk\/mors\/halkjaers-auto-fejrer-jubilaeumsdag-med-roede-poelser-til-alle\/#primaryimage\"},\"thumbnailUrl\":\"https:\/\/kunmedierne.dk\/mors\/wp-content\/uploads\/2024\/02\/IMG_4880.jpg\",\"keywords\":[\"Erhverv\"],\"articleSection\":[\"ANNONC\u00d8RBETALT INDHOLD\",\"Lokalt\"],\"inLanguage\":\"da-DK\"},{\"@type\":\"WebPage\",\"@id\":\"https:\/\/kunmedierne.dk\/mors\/halkjaers-auto-fejrer-jubilaeumsdag-med-roede-poelser-til-alle\/\",\"url\":\"https:\/\/kunmedierne.dk\/mors\/halkjaers-auto-fejrer-jubilaeumsdag-med-roede-poelser-til-alle\/\",\"name\":\"Halkj\u00e6rs Auto fejrer jubil\u00e6umsdag med r\u00f8de p\u00f8lser til alle - Mors\",\"isPartOf\":{\"@id\":\"https:\/\/kunmedierne.dk\/mors\/#website\"},\"primaryImageOfPage\":{\"@id\":\"https:\/\/kunmedierne.dk\/mors\/halkjaers-auto-fejrer-jubilaeumsdag-med-roede-poelser-til-alle\/#primaryimage\"},\"image\":{\"@id\":\"https:\/\/kunmedierne.dk\/mors\/halkjaers-auto-fejrer-jubilaeumsdag-med-roede-poelser-til-alle\/#primaryimage\"},\"thumbnailUrl\":\"https:\/\/kunmedierne.dk\/mors\/wp-content\/uploads\/2024\/02\/IMG_4880.jpg\",\"datePublished\":\"2024-02-19T16:05:46+00:00\",\"dateModified\":\"2024-08-12T11:11:08+00:00\",\"breadcrumb\":{\"@id\":\"https:\/\/kunmedierne.dk\/mors\/halkjaers-auto-fejrer-jubilaeumsdag-med-roede-poelser-til-alle\/#breadcrumb\"},\"inLanguage\":\"da-DK\",\"potentialAction\":[{\"@type\":\"ReadAction\",\"target\":[\"https:\/\/kunmedierne.dk\/mors\/halkjaers-auto-fejrer-jubilaeumsdag-med-roede-poelser-til-alle\/\"]}]},{\"@type\":\"ImageObject\",\"inLanguage\":\"da-DK\",\"@id\":\"https:\/\/kunmedierne.dk\/mors\/halkjaers-auto-fejrer-jubilaeumsdag-med-roede-poelser-til-alle\/#primaryimage\",\"url\":\"https:\/\/kunmedierne.dk\/mors\/wp-content\/uploads\/2024\/02\/IMG_4880.jpg\",\"contentUrl\":\"https:\/\/kunmedierne.dk\/mors\/wp-content\/uploads\/2024\/02\/IMG_4880.jpg\",\"width\":770,\"height\":513,\"caption\":\"Jakob Halkj\u00e6r, indehaver af Halkj\u00e6rs Auto.\"},{\"@type\":\"BreadcrumbList\",\"@id\":\"https:\/\/kunmedierne.dk\/mors\/halkjaers-auto-fejrer-jubilaeumsdag-med-roede-poelser-til-alle\/#breadcrumb\",\"itemListElement\":[{\"@type\":\"ListItem\",\"position\":1,\"name\":\"Hjem\",\"item\":\"https:\/\/kunmedierne.dk\/mors\/\"},{\"@type\":\"ListItem\",\"position\":2,\"name\":\"Halkj\u00e6rs Auto fejrer jubil\u00e6umsdag med r\u00f8de p\u00f8lser til alle\"}]},{\"@type\":\"WebSite\",\"@id\":\"https:\/\/kunmedierne.dk\/mors\/#website\",\"url\":\"https:\/\/kunmedierne.dk\/mors\/\",\"name\":\"Mors\",\"description\":\"et netmedie med journalistik om livet p\u00e5 Mors\",\"publisher\":{\"@id\":\"https:\/\/kunmedierne.dk\/mors\/#organization\"},\"potentialAction\":[{\"@type\":\"SearchAction\",\"target\":{\"@type\":\"EntryPoint\",\"urlTemplate\":\"https:\/\/kunmedierne.dk\/mors\/?s={search_term_string}\"},\"query-input\":{\"@type\":\"PropertyValueSpecification\",\"valueRequired\":true,\"valueName\":\"search_term_string\"}}],\"inLanguage\":\"da-DK\"},{\"@type\":\"Organization\",\"@id\":\"https:\/\/kunmedierne.dk\/mors\/#organization\",\"name\":\"Mors\",\"url\":\"https:\/\/kunmedierne.dk\/mors\/\",\"logo\":{\"@type\":\"ImageObject\",\"inLanguage\":\"da-DK\",\"@id\":\"https:\/\/kunmedierne.dk\/mors\/#\/schema\/logo\/image\/\",\"url\":\"https:\/\/kunmedierne.dk\/mors\/wp-content\/uploads\/2024\/08\/kunmors-logo.svg\",\"contentUrl\":\"https:\/\/kunmedierne.dk\/mors\/wp-content\/uploads\/2024\/08\/kunmors-logo.svg\",\"caption\":\"Mors\"},\"image\":{\"@id\":\"https:\/\/kunmedierne.dk\/mors\/#\/schema\/logo\/image\/\"}},{\"@type\":\"Person\",\"@id\":\"https:\/\/kunmedierne.dk\/mors\/#\/schema\/person\/5736bdbe0f43bd4b230cdce7c6a8fb0c\",\"name\":\"Annonce\",\"image\":{\"@type\":\"ImageObject\",\"inLanguage\":\"da-DK\",\"@id\":\"https:\/\/kunmedierne.dk\/mors\/#\/schema\/person\/image\/\",\"url\":\"https:\/\/secure.gravatar.com\/avatar\/73b02cb3f3173a1a78aa32de9d4c2476b2ed613b299feef16eaeedd1e3ed4b96?s=96&d=mm&r=g\",\"contentUrl\":\"https:\/\/secure.gravatar.com\/avatar\/73b02cb3f3173a1a78aa32de9d4c2476b2ed613b299feef16eaeedd1e3ed4b96?s=96&d=mm&r=g\",\"caption\":\"Annonce\"},\"url\":\"https:\/\/kunmedierne.dk\/mors\/author\/annonce\/\"}]}<\/script>\n<!-- \/ Yoast SEO plugin. -->","yoast_head_json":{"title":"Halkj\u00e6rs Auto fejrer jubil\u00e6umsdag med r\u00f8de p\u00f8lser til alle - Mors","robots":{"index":"index","follow":"follow","max-snippet":"max-snippet:-1","max-image-preview":"max-image-preview:large","max-video-preview":"max-video-preview:-1"},"canonical":"https:\/\/kunmedierne.dk\/mors\/halkjaers-auto-fejrer-jubilaeumsdag-med-roede-poelser-til-alle\/","og_locale":"da_DK","og_type":"article","og_title":"Halkj\u00e6rs Auto fejrer jubil\u00e6umsdag med r\u00f8de p\u00f8lser til alle - Mors","og_description":"ANNONC\u00d8RBETALT INDHOLD P\u00e5 fredag er der r\u00f8de p\u00f8lser, \u00f8l, sodavand og kage Jakob Halkj\u00e6r markerer sine f\u00f8rste 25 \u00e5r som autoforhandler p\u00e5 Limfjordsvej. JUBIL\u00c6UM: S\u00e5vel smagsl\u00f8g som maves\u00e6k bliver fork\u00e6let &#8211; og\u00a0s\u00e5 bliver der med sikkerhed ogs\u00e5 snakket biler, n\u00e5r der p\u00e5 fredag er \u00e5bent hus hos Halkj\u00e6rs Auto i Nyk\u00f8bing. Anledningen er en reception, [&hellip;]","og_url":"https:\/\/kunmedierne.dk\/mors\/halkjaers-auto-fejrer-jubilaeumsdag-med-roede-poelser-til-alle\/","og_site_name":"Mors","article_published_time":"2024-02-19T16:05:46+00:00","article_modified_time":"2024-08-12T11:11:08+00:00","og_image":[{"width":770,"height":513,"url":"https:\/\/kunmedierne.dk\/mors\/wp-content\/uploads\/2024\/02\/IMG_4880.jpg","type":"image\/jpeg"}],"author":"Annonce","twitter_card":"summary_large_image","twitter_misc":{"Skrevet af":"Annonce","Estimeret l\u00e6setid":"2 minutter"},"schema":{"@context":"https:\/\/schema.org","@graph":[{"@type":"Article","@id":"https:\/\/kunmedierne.dk\/mors\/halkjaers-auto-fejrer-jubilaeumsdag-med-roede-poelser-til-alle\/#article","isPartOf":{"@id":"https:\/\/kunmedierne.dk\/mors\/halkjaers-auto-fejrer-jubilaeumsdag-med-roede-poelser-til-alle\/"},"author":{"name":"Annonce","@id":"https:\/\/kunmedierne.dk\/mors\/#\/schema\/person\/5736bdbe0f43bd4b230cdce7c6a8fb0c"},"headline":"Halkj\u00e6rs Auto fejrer jubil\u00e6umsdag med r\u00f8de p\u00f8lser til alle","datePublished":"2024-02-19T16:05:46+00:00","dateModified":"2024-08-12T11:11:08+00:00","mainEntityOfPage":{"@id":"https:\/\/kunmedierne.dk\/mors\/halkjaers-auto-fejrer-jubilaeumsdag-med-roede-poelser-til-alle\/"},"wordCount":323,"publisher":{"@id":"https:\/\/kunmedierne.dk\/mors\/#organization"},"image":{"@id":"https:\/\/kunmedierne.dk\/mors\/halkjaers-auto-fejrer-jubilaeumsdag-med-roede-poelser-til-alle\/#primaryimage"},"thumbnailUrl":"https:\/\/kunmedierne.dk\/mors\/wp-content\/uploads\/2024\/02\/IMG_4880.jpg","keywords":["Erhverv"],"articleSection":["ANNONC\u00d8RBETALT INDHOLD","Lokalt"],"inLanguage":"da-DK"},{"@type":"WebPage","@id":"https:\/\/kunmedierne.dk\/mors\/halkjaers-auto-fejrer-jubilaeumsdag-med-roede-poelser-til-alle\/","url":"https:\/\/kunmedierne.dk\/mors\/halkjaers-auto-fejrer-jubilaeumsdag-med-roede-poelser-til-alle\/","name":"Halkj\u00e6rs Auto fejrer jubil\u00e6umsdag med r\u00f8de p\u00f8lser til alle - Mors","isPartOf":{"@id":"https:\/\/kunmedierne.dk\/mors\/#website"},"primaryImageOfPage":{"@id":"https:\/\/kunmedierne.dk\/mors\/halkjaers-auto-fejrer-jubilaeumsdag-med-roede-poelser-til-alle\/#primaryimage"},"image":{"@id":"https:\/\/kunmedierne.dk\/mors\/halkjaers-auto-fejrer-jubilaeumsdag-med-roede-poelser-til-alle\/#primaryimage"},"thumbnailUrl":"https:\/\/kunmedierne.dk\/mors\/wp-content\/uploads\/2024\/02\/IMG_4880.jpg","datePublished":"2024-02-19T16:05:46+00:00","dateModified":"2024-08-12T11:11:08+00:00","breadcrumb":{"@id":"https:\/\/kunmedierne.dk\/mors\/halkjaers-auto-fejrer-jubilaeumsdag-med-roede-poelser-til-alle\/#breadcrumb"},"inLanguage":"da-DK","potentialAction":[{"@type":"ReadAction","target":["https:\/\/kunmedierne.dk\/mors\/halkjaers-auto-fejrer-jubilaeumsdag-med-roede-poelser-til-alle\/"]}]},{"@type":"ImageObject","inLanguage":"da-DK","@id":"https:\/\/kunmedierne.dk\/mors\/halkjaers-auto-fejrer-jubilaeumsdag-med-roede-poelser-til-alle\/#primaryimage","url":"https:\/\/kunmedierne.dk\/mors\/wp-content\/uploads\/2024\/02\/IMG_4880.jpg","contentUrl":"https:\/\/kunmedierne.dk\/mors\/wp-content\/uploads\/2024\/02\/IMG_4880.jpg","width":770,"height":513,"caption":"Jakob Halkj\u00e6r, indehaver af Halkj\u00e6rs Auto."},{"@type":"BreadcrumbList","@id":"https:\/\/kunmedierne.dk\/mors\/halkjaers-auto-fejrer-jubilaeumsdag-med-roede-poelser-til-alle\/#breadcrumb","itemListElement":[{"@type":"ListItem","position":1,"name":"Hjem","item":"https:\/\/kunmedierne.dk\/mors\/"},{"@type":"ListItem","position":2,"name":"Halkj\u00e6rs Auto fejrer jubil\u00e6umsdag med r\u00f8de p\u00f8lser til alle"}]},{"@type":"WebSite","@id":"https:\/\/kunmedierne.dk\/mors\/#website","url":"https:\/\/kunmedierne.dk\/mors\/","name":"Mors","description":"et netmedie med journalistik om livet p\u00e5 Mors","publisher":{"@id":"https:\/\/kunmedierne.dk\/mors\/#organization"},"potentialAction":[{"@type":"SearchAction","target":{"@type":"EntryPoint","urlTemplate":"https:\/\/kunmedierne.dk\/mors\/?s={search_term_string}"},"query-input":{"@type":"PropertyValueSpecification","valueRequired":true,"valueName":"search_term_string"}}],"inLanguage":"da-DK"},{"@type":"Organization","@id":"https:\/\/kunmedierne.dk\/mors\/#organization","name":"Mors","url":"https:\/\/kunmedierne.dk\/mors\/","logo":{"@type":"ImageObject","inLanguage":"da-DK","@id":"https:\/\/kunmedierne.dk\/mors\/#\/schema\/logo\/image\/","url":"https:\/\/kunmedierne.dk\/mors\/wp-content\/uploads\/2024\/08\/kunmors-logo.svg","contentUrl":"https:\/\/kunmedierne.dk\/mors\/wp-content\/uploads\/2024\/08\/kunmors-logo.svg","caption":"Mors"},"image":{"@id":"https:\/\/kunmedierne.dk\/mors\/#\/schema\/logo\/image\/"}},{"@type":"Person","@id":"https:\/\/kunmedierne.dk\/mors\/#\/schema\/person\/5736bdbe0f43bd4b230cdce7c6a8fb0c","name":"Annonce","image":{"@type":"ImageObject","inLanguage":"da-DK","@id":"https:\/\/kunmedierne.dk\/mors\/#\/schema\/person\/image\/","url":"https:\/\/secure.gravatar.com\/avatar\/73b02cb3f3173a1a78aa32de9d4c2476b2ed613b299feef16eaeedd1e3ed4b96?s=96&d=mm&r=g","contentUrl":"https:\/\/secure.gravatar.com\/avatar\/73b02cb3f3173a1a78aa32de9d4c2476b2ed613b299feef16eaeedd1e3ed4b96?s=96&d=mm&r=g","caption":"Annonce"},"url":"https:\/\/kunmedierne.dk\/mors\/author\/annonce\/"}]}},"_links":{"self":[{"href":"https:\/\/kunmedierne.dk\/mors\/wp-json\/wp\/v2\/posts\/112218","targetHints":{"allow":["GET"]}}],"collection":[{"href":"https:\/\/kunmedierne.dk\/mors\/wp-json\/wp\/v2\/posts"}],"about":[{"href":"https:\/\/kunmedierne.dk\/mors\/wp-json\/wp\/v2\/types\/post"}],"author":[{"embeddable":true,"href":"https:\/\/kunmedierne.dk\/mors\/wp-json\/wp\/v2\/users\/10"}],"replies":[{"embeddable":true,"href":"https:\/\/kunmedierne.dk\/mors\/wp-json\/wp\/v2\/comments?post=112218"}],"version-history":[{"count":6,"href":"https:\/\/kunmedierne.dk\/mors\/wp-json\/wp\/v2\/posts\/112218\/revisions"}],"predecessor-version":[{"id":112225,"href":"https:\/\/kunmedierne.dk\/mors\/wp-json\/wp\/v2\/posts\/112218\/revisions\/112225"}],"wp:featuredmedia":[{"embeddable":true,"href":"https:\/\/kunmedierne.dk\/mors\/wp-json\/wp\/v2\/media\/112219"}],"wp:attachment":[{"href":"https:\/\/kunmedierne.dk\/mors\/wp-json\/wp\/v2\/media?parent=112218"}],"wp:term":[{"taxonomy":"category","embeddable":true,"href":"https:\/\/kunmedierne.dk\/mors\/wp-json\/wp\/v2\/categories?post=112218"},{"taxonomy":"post_tag","embeddable":true,"href":"https:\/\/kunmedierne.dk\/mors\/wp-json\/wp\/v2\/tags?post=112218"}],"curies":[{"name":"wp","href":"https:\/\/api.w.org\/{rel}","templated":true}]}}