{"id":111786,"date":"2024-02-13T12:32:59","date_gmt":"2024-02-13T11:32:59","guid":{"rendered":"https:\/\/kunmedierne.dk\/mors\/?p=111786"},"modified":"2024-08-12T13:11:10","modified_gmt":"2024-08-12T11:11:10","slug":"100-aar-i-dag-johanne-larsen","status":"publish","type":"post","link":"https:\/\/kunmedierne.dk\/mors\/100-aar-i-dag-johanne-larsen\/","title":{"rendered":"100 \u00e5r i dag: Johanne Larsen"},"content":{"rendered":"<p><strong>F\u00d8DSELSDAG<\/strong>: En af de store f\u00f8dselsdage bliver fejret i dag.<\/p>\n<p>P\u00e5 Ansgarshjemmet i \u00d8ster J\u00f8lby er i alt 65 g\u00e6ster m\u00f8dt op til en ganske s\u00e6rlig anledning: Johanne Larsen fylder 100 \u00e5r.<\/p>\n<p>Hun er f\u00f8dt i Flade p\u00e5 g\u00e5rden S\u00f8ndervang og blev i 1942 gift med Svend Aage Larsen. De fik fire b\u00f8rn, hvilket senere f\u00f8rte til ni b\u00f8rneb\u00f8rn, 23 oldeb\u00f8rn og fire tipoldeb\u00f8rn.<\/p>\n<p>De flyttede til Redsted, hvor de i 1959 startede et t\u00f8mrerfirma. Her var Johanne medhj\u00e6lpende hustru, og der boede og arbejdede \u00e6gteparret til pensionsalderen, hvor de flyttede til \u00d8ster J\u00f8lby i 1998.<\/p>\n<a class=\"dvrt-link\" onClick=\"cdmtrack_click(169437,jQuery(this));return false\" href=\"https:\/\/thymors.dk\/sponsorater\/15-til-faellesskabet?utm_source=kunmors&amp;utm_medium=annonce&amp;utm_campaign=sponsorater\"><img decoding=\"async\" style=\"width:100%;\" src=\"https:\/\/kunmedierne.dk\/mors\/wp-content\/uploads\/2026\/03\/260407ThyMors-energi_faellesskab_generel-1.jpg\"><\/a><script>cdmtrack_view(169437);<\/script>\n<p>Johanne har altid v\u00e6ret b\u00e5de aktiv og kreativ.\u00a0Haven har altid v\u00e6ret hendes store interesse, den blev holdt til punkt og prikke. Og hun var meget kreativ med keramik, porcel\u00e6nsmaling, syning, stoftryk, broderi og ikke mindst strikning. Utallige str\u00f8mper og tr\u00f8jer har hun strikket til b\u00f8rneb\u00f8rn og oldeb\u00f8rn, h\u00e6nderne var aldrig i ro.<\/p>\n<p>Hun har i mange \u00e5r g\u00e5et til korsang og altid g\u00e5et til gymnastik. Det holdt f\u00f8rst op, da hun var omkring 90 \u00e5r.<\/p>\n<p>Den aktive tilv\u00e6relse er ogs\u00e5 kommet til udtryk i to kortklubber. Desuden har Johanne ogs\u00e5 l\u00e6st meget &#8211; og i takt med, at hun med \u00e5rene er blevet svagtseende, har hun fortsat sin hobby med brug af lydb\u00f8ger.<\/p>\n<p>F\u00f8dselsdagen bliver fejret p\u00e5 Angarshjemmet med deltagelse af b\u00f8rn, b\u00f8rneb\u00f8rn, oldeb\u00f8rn, s\u00f8skendeb\u00f8rn.<\/p>\n<hr \/>\n<p><em>Har du noget til navnesiden p\u00e5 KunMors? Send det til os p\u00e5 e-mail: navne@kunmedierne.dk\/mors<\/em><\/p>\n","protected":false},"excerpt":{"rendered":"<p>F\u00d8DSELSDAG: En af de store f\u00f8dselsdage bliver fejret i dag. P\u00e5 Ansgarshjemmet i \u00d8ster J\u00f8lby er i alt 65 g\u00e6ster m\u00f8dt op til en ganske s\u00e6rlig anledning: Johanne Larsen fylder 100 \u00e5r. Hun er f\u00f8dt i Flade p\u00e5 g\u00e5rden S\u00f8ndervang og blev i 1942 gift med Svend Aage Larsen. De fik fire b\u00f8rn, hvilket senere [&hellip;]<\/p>\n","protected":false},"author":264,"featured_media":111790,"comment_status":"closed","ping_status":"open","sticky":false,"template":"","format":"standard","meta":{"_acf_changed":false,"footnotes":""},"categories":[51,52],"tags":[],"class_list":["post-111786","post","type-post","status-publish","format-standard","has-post-thumbnail","hentry","category-lokalt","category-navne"],"acf":[],"yoast_head":"<!-- This site is optimized with the Yoast SEO plugin v26.8 - https:\/\/yoast.com\/product\/yoast-seo-wordpress\/ -->\n<title>100 \u00e5r i dag: Johanne Larsen - Mors<\/title>\n<meta name=\"robots\" content=\"index, follow, max-snippet:-1, max-image-preview:large, max-video-preview:-1\" \/>\n<link rel=\"canonical\" href=\"https:\/\/kunmedierne.dk\/mors\/100-aar-i-dag-johanne-larsen\/\" \/>\n<meta property=\"og:locale\" content=\"da_DK\" \/>\n<meta property=\"og:type\" content=\"article\" \/>\n<meta property=\"og:title\" content=\"100 \u00e5r i dag: Johanne Larsen - Mors\" \/>\n<meta property=\"og:description\" content=\"F\u00d8DSELSDAG: En af de store f\u00f8dselsdage bliver fejret i dag. P\u00e5 Ansgarshjemmet i \u00d8ster J\u00f8lby er i alt 65 g\u00e6ster m\u00f8dt op til en ganske s\u00e6rlig anledning: Johanne Larsen fylder 100 \u00e5r. Hun er f\u00f8dt i Flade p\u00e5 g\u00e5rden S\u00f8ndervang og blev i 1942 gift med Svend Aage Larsen. De fik fire b\u00f8rn, hvilket senere [&hellip;]\" \/>\n<meta property=\"og:url\" content=\"https:\/\/kunmedierne.dk\/mors\/100-aar-i-dag-johanne-larsen\/\" \/>\n<meta property=\"og:site_name\" content=\"Mors\" \/>\n<meta property=\"article:published_time\" content=\"2024-02-13T11:32:59+00:00\" \/>\n<meta property=\"article:modified_time\" content=\"2024-08-12T11:11:10+00:00\" \/>\n<meta property=\"og:image\" content=\"https:\/\/kunmedierne.dk\/mors\/wp-content\/uploads\/2024\/02\/Design-uden-navn-10.jpg\" \/>\n\t<meta property=\"og:image:width\" content=\"770\" \/>\n\t<meta property=\"og:image:height\" content=\"513\" \/>\n\t<meta property=\"og:image:type\" content=\"image\/jpeg\" \/>\n<meta name=\"author\" content=\"Navne\" \/>\n<meta name=\"twitter:card\" content=\"summary_large_image\" \/>\n<meta name=\"twitter:label1\" content=\"Skrevet af\" \/>\n\t<meta name=\"twitter:data1\" content=\"Navne\" \/>\n\t<meta name=\"twitter:label2\" content=\"Estimeret l\u00e6setid\" \/>\n\t<meta name=\"twitter:data2\" content=\"2 minutter\" \/>\n<script type=\"application\/ld+json\" class=\"yoast-schema-graph\">{\"@context\":\"https:\/\/schema.org\",\"@graph\":[{\"@type\":\"Article\",\"@id\":\"https:\/\/kunmedierne.dk\/mors\/100-aar-i-dag-johanne-larsen\/#article\",\"isPartOf\":{\"@id\":\"https:\/\/kunmedierne.dk\/mors\/100-aar-i-dag-johanne-larsen\/\"},\"author\":{\"name\":\"Navne\",\"@id\":\"https:\/\/kunmedierne.dk\/mors\/#\/schema\/person\/f084885f8161963bb583d8604763a6b7\"},\"headline\":\"100 \u00e5r i dag: Johanne Larsen\",\"datePublished\":\"2024-02-13T11:32:59+00:00\",\"dateModified\":\"2024-08-12T11:11:10+00:00\",\"mainEntityOfPage\":{\"@id\":\"https:\/\/kunmedierne.dk\/mors\/100-aar-i-dag-johanne-larsen\/\"},\"wordCount\":280,\"publisher\":{\"@id\":\"https:\/\/kunmedierne.dk\/mors\/#organization\"},\"image\":{\"@id\":\"https:\/\/kunmedierne.dk\/mors\/100-aar-i-dag-johanne-larsen\/#primaryimage\"},\"thumbnailUrl\":\"https:\/\/kunmedierne.dk\/mors\/wp-content\/uploads\/2024\/02\/Design-uden-navn-10.jpg\",\"articleSection\":[\"Lokalt\",\"Navne\"],\"inLanguage\":\"da-DK\"},{\"@type\":\"WebPage\",\"@id\":\"https:\/\/kunmedierne.dk\/mors\/100-aar-i-dag-johanne-larsen\/\",\"url\":\"https:\/\/kunmedierne.dk\/mors\/100-aar-i-dag-johanne-larsen\/\",\"name\":\"100 \u00e5r i dag: Johanne Larsen - Mors\",\"isPartOf\":{\"@id\":\"https:\/\/kunmedierne.dk\/mors\/#website\"},\"primaryImageOfPage\":{\"@id\":\"https:\/\/kunmedierne.dk\/mors\/100-aar-i-dag-johanne-larsen\/#primaryimage\"},\"image\":{\"@id\":\"https:\/\/kunmedierne.dk\/mors\/100-aar-i-dag-johanne-larsen\/#primaryimage\"},\"thumbnailUrl\":\"https:\/\/kunmedierne.dk\/mors\/wp-content\/uploads\/2024\/02\/Design-uden-navn-10.jpg\",\"datePublished\":\"2024-02-13T11:32:59+00:00\",\"dateModified\":\"2024-08-12T11:11:10+00:00\",\"breadcrumb\":{\"@id\":\"https:\/\/kunmedierne.dk\/mors\/100-aar-i-dag-johanne-larsen\/#breadcrumb\"},\"inLanguage\":\"da-DK\",\"potentialAction\":[{\"@type\":\"ReadAction\",\"target\":[\"https:\/\/kunmedierne.dk\/mors\/100-aar-i-dag-johanne-larsen\/\"]}]},{\"@type\":\"ImageObject\",\"inLanguage\":\"da-DK\",\"@id\":\"https:\/\/kunmedierne.dk\/mors\/100-aar-i-dag-johanne-larsen\/#primaryimage\",\"url\":\"https:\/\/kunmedierne.dk\/mors\/wp-content\/uploads\/2024\/02\/Design-uden-navn-10.jpg\",\"contentUrl\":\"https:\/\/kunmedierne.dk\/mors\/wp-content\/uploads\/2024\/02\/Design-uden-navn-10.jpg\",\"width\":770,\"height\":513},{\"@type\":\"BreadcrumbList\",\"@id\":\"https:\/\/kunmedierne.dk\/mors\/100-aar-i-dag-johanne-larsen\/#breadcrumb\",\"itemListElement\":[{\"@type\":\"ListItem\",\"position\":1,\"name\":\"Hjem\",\"item\":\"https:\/\/kunmedierne.dk\/mors\/\"},{\"@type\":\"ListItem\",\"position\":2,\"name\":\"100 \u00e5r i dag: Johanne Larsen\"}]},{\"@type\":\"WebSite\",\"@id\":\"https:\/\/kunmedierne.dk\/mors\/#website\",\"url\":\"https:\/\/kunmedierne.dk\/mors\/\",\"name\":\"Mors\",\"description\":\"et netmedie med journalistik om livet p\u00e5 Mors\",\"publisher\":{\"@id\":\"https:\/\/kunmedierne.dk\/mors\/#organization\"},\"potentialAction\":[{\"@type\":\"SearchAction\",\"target\":{\"@type\":\"EntryPoint\",\"urlTemplate\":\"https:\/\/kunmedierne.dk\/mors\/?s={search_term_string}\"},\"query-input\":{\"@type\":\"PropertyValueSpecification\",\"valueRequired\":true,\"valueName\":\"search_term_string\"}}],\"inLanguage\":\"da-DK\"},{\"@type\":\"Organization\",\"@id\":\"https:\/\/kunmedierne.dk\/mors\/#organization\",\"name\":\"Mors\",\"url\":\"https:\/\/kunmedierne.dk\/mors\/\",\"logo\":{\"@type\":\"ImageObject\",\"inLanguage\":\"da-DK\",\"@id\":\"https:\/\/kunmedierne.dk\/mors\/#\/schema\/logo\/image\/\",\"url\":\"https:\/\/kunmedierne.dk\/mors\/wp-content\/uploads\/2024\/08\/kunmors-logo.svg\",\"contentUrl\":\"https:\/\/kunmedierne.dk\/mors\/wp-content\/uploads\/2024\/08\/kunmors-logo.svg\",\"caption\":\"Mors\"},\"image\":{\"@id\":\"https:\/\/kunmedierne.dk\/mors\/#\/schema\/logo\/image\/\"}},{\"@type\":\"Person\",\"@id\":\"https:\/\/kunmedierne.dk\/mors\/#\/schema\/person\/f084885f8161963bb583d8604763a6b7\",\"name\":\"Navne\",\"image\":{\"@type\":\"ImageObject\",\"inLanguage\":\"da-DK\",\"@id\":\"https:\/\/kunmedierne.dk\/mors\/#\/schema\/person\/image\/\",\"url\":\"https:\/\/secure.gravatar.com\/avatar\/6f0953307eaee87813e8e3c90223d5589b093e56e7cc66b5575f901f7b5868a5?s=96&d=mm&r=g\",\"contentUrl\":\"https:\/\/secure.gravatar.com\/avatar\/6f0953307eaee87813e8e3c90223d5589b093e56e7cc66b5575f901f7b5868a5?s=96&d=mm&r=g\",\"caption\":\"Navne\"},\"url\":\"https:\/\/kunmedierne.dk\/mors\/author\/navne\/\"}]}<\/script>\n<!-- \/ Yoast SEO plugin. -->","yoast_head_json":{"title":"100 \u00e5r i dag: Johanne Larsen - Mors","robots":{"index":"index","follow":"follow","max-snippet":"max-snippet:-1","max-image-preview":"max-image-preview:large","max-video-preview":"max-video-preview:-1"},"canonical":"https:\/\/kunmedierne.dk\/mors\/100-aar-i-dag-johanne-larsen\/","og_locale":"da_DK","og_type":"article","og_title":"100 \u00e5r i dag: Johanne Larsen - Mors","og_description":"F\u00d8DSELSDAG: En af de store f\u00f8dselsdage bliver fejret i dag. P\u00e5 Ansgarshjemmet i \u00d8ster J\u00f8lby er i alt 65 g\u00e6ster m\u00f8dt op til en ganske s\u00e6rlig anledning: Johanne Larsen fylder 100 \u00e5r. Hun er f\u00f8dt i Flade p\u00e5 g\u00e5rden S\u00f8ndervang og blev i 1942 gift med Svend Aage Larsen. De fik fire b\u00f8rn, hvilket senere [&hellip;]","og_url":"https:\/\/kunmedierne.dk\/mors\/100-aar-i-dag-johanne-larsen\/","og_site_name":"Mors","article_published_time":"2024-02-13T11:32:59+00:00","article_modified_time":"2024-08-12T11:11:10+00:00","og_image":[{"width":770,"height":513,"url":"https:\/\/kunmedierne.dk\/mors\/wp-content\/uploads\/2024\/02\/Design-uden-navn-10.jpg","type":"image\/jpeg"}],"author":"Navne","twitter_card":"summary_large_image","twitter_misc":{"Skrevet af":"Navne","Estimeret l\u00e6setid":"2 minutter"},"schema":{"@context":"https:\/\/schema.org","@graph":[{"@type":"Article","@id":"https:\/\/kunmedierne.dk\/mors\/100-aar-i-dag-johanne-larsen\/#article","isPartOf":{"@id":"https:\/\/kunmedierne.dk\/mors\/100-aar-i-dag-johanne-larsen\/"},"author":{"name":"Navne","@id":"https:\/\/kunmedierne.dk\/mors\/#\/schema\/person\/f084885f8161963bb583d8604763a6b7"},"headline":"100 \u00e5r i dag: Johanne Larsen","datePublished":"2024-02-13T11:32:59+00:00","dateModified":"2024-08-12T11:11:10+00:00","mainEntityOfPage":{"@id":"https:\/\/kunmedierne.dk\/mors\/100-aar-i-dag-johanne-larsen\/"},"wordCount":280,"publisher":{"@id":"https:\/\/kunmedierne.dk\/mors\/#organization"},"image":{"@id":"https:\/\/kunmedierne.dk\/mors\/100-aar-i-dag-johanne-larsen\/#primaryimage"},"thumbnailUrl":"https:\/\/kunmedierne.dk\/mors\/wp-content\/uploads\/2024\/02\/Design-uden-navn-10.jpg","articleSection":["Lokalt","Navne"],"inLanguage":"da-DK"},{"@type":"WebPage","@id":"https:\/\/kunmedierne.dk\/mors\/100-aar-i-dag-johanne-larsen\/","url":"https:\/\/kunmedierne.dk\/mors\/100-aar-i-dag-johanne-larsen\/","name":"100 \u00e5r i dag: Johanne Larsen - Mors","isPartOf":{"@id":"https:\/\/kunmedierne.dk\/mors\/#website"},"primaryImageOfPage":{"@id":"https:\/\/kunmedierne.dk\/mors\/100-aar-i-dag-johanne-larsen\/#primaryimage"},"image":{"@id":"https:\/\/kunmedierne.dk\/mors\/100-aar-i-dag-johanne-larsen\/#primaryimage"},"thumbnailUrl":"https:\/\/kunmedierne.dk\/mors\/wp-content\/uploads\/2024\/02\/Design-uden-navn-10.jpg","datePublished":"2024-02-13T11:32:59+00:00","dateModified":"2024-08-12T11:11:10+00:00","breadcrumb":{"@id":"https:\/\/kunmedierne.dk\/mors\/100-aar-i-dag-johanne-larsen\/#breadcrumb"},"inLanguage":"da-DK","potentialAction":[{"@type":"ReadAction","target":["https:\/\/kunmedierne.dk\/mors\/100-aar-i-dag-johanne-larsen\/"]}]},{"@type":"ImageObject","inLanguage":"da-DK","@id":"https:\/\/kunmedierne.dk\/mors\/100-aar-i-dag-johanne-larsen\/#primaryimage","url":"https:\/\/kunmedierne.dk\/mors\/wp-content\/uploads\/2024\/02\/Design-uden-navn-10.jpg","contentUrl":"https:\/\/kunmedierne.dk\/mors\/wp-content\/uploads\/2024\/02\/Design-uden-navn-10.jpg","width":770,"height":513},{"@type":"BreadcrumbList","@id":"https:\/\/kunmedierne.dk\/mors\/100-aar-i-dag-johanne-larsen\/#breadcrumb","itemListElement":[{"@type":"ListItem","position":1,"name":"Hjem","item":"https:\/\/kunmedierne.dk\/mors\/"},{"@type":"ListItem","position":2,"name":"100 \u00e5r i dag: Johanne Larsen"}]},{"@type":"WebSite","@id":"https:\/\/kunmedierne.dk\/mors\/#website","url":"https:\/\/kunmedierne.dk\/mors\/","name":"Mors","description":"et netmedie med journalistik om livet p\u00e5 Mors","publisher":{"@id":"https:\/\/kunmedierne.dk\/mors\/#organization"},"potentialAction":[{"@type":"SearchAction","target":{"@type":"EntryPoint","urlTemplate":"https:\/\/kunmedierne.dk\/mors\/?s={search_term_string}"},"query-input":{"@type":"PropertyValueSpecification","valueRequired":true,"valueName":"search_term_string"}}],"inLanguage":"da-DK"},{"@type":"Organization","@id":"https:\/\/kunmedierne.dk\/mors\/#organization","name":"Mors","url":"https:\/\/kunmedierne.dk\/mors\/","logo":{"@type":"ImageObject","inLanguage":"da-DK","@id":"https:\/\/kunmedierne.dk\/mors\/#\/schema\/logo\/image\/","url":"https:\/\/kunmedierne.dk\/mors\/wp-content\/uploads\/2024\/08\/kunmors-logo.svg","contentUrl":"https:\/\/kunmedierne.dk\/mors\/wp-content\/uploads\/2024\/08\/kunmors-logo.svg","caption":"Mors"},"image":{"@id":"https:\/\/kunmedierne.dk\/mors\/#\/schema\/logo\/image\/"}},{"@type":"Person","@id":"https:\/\/kunmedierne.dk\/mors\/#\/schema\/person\/f084885f8161963bb583d8604763a6b7","name":"Navne","image":{"@type":"ImageObject","inLanguage":"da-DK","@id":"https:\/\/kunmedierne.dk\/mors\/#\/schema\/person\/image\/","url":"https:\/\/secure.gravatar.com\/avatar\/6f0953307eaee87813e8e3c90223d5589b093e56e7cc66b5575f901f7b5868a5?s=96&d=mm&r=g","contentUrl":"https:\/\/secure.gravatar.com\/avatar\/6f0953307eaee87813e8e3c90223d5589b093e56e7cc66b5575f901f7b5868a5?s=96&d=mm&r=g","caption":"Navne"},"url":"https:\/\/kunmedierne.dk\/mors\/author\/navne\/"}]}},"_links":{"self":[{"href":"https:\/\/kunmedierne.dk\/mors\/wp-json\/wp\/v2\/posts\/111786","targetHints":{"allow":["GET"]}}],"collection":[{"href":"https:\/\/kunmedierne.dk\/mors\/wp-json\/wp\/v2\/posts"}],"about":[{"href":"https:\/\/kunmedierne.dk\/mors\/wp-json\/wp\/v2\/types\/post"}],"author":[{"embeddable":true,"href":"https:\/\/kunmedierne.dk\/mors\/wp-json\/wp\/v2\/users\/264"}],"replies":[{"embeddable":true,"href":"https:\/\/kunmedierne.dk\/mors\/wp-json\/wp\/v2\/comments?post=111786"}],"version-history":[{"count":4,"href":"https:\/\/kunmedierne.dk\/mors\/wp-json\/wp\/v2\/posts\/111786\/revisions"}],"predecessor-version":[{"id":111792,"href":"https:\/\/kunmedierne.dk\/mors\/wp-json\/wp\/v2\/posts\/111786\/revisions\/111792"}],"wp:featuredmedia":[{"embeddable":true,"href":"https:\/\/kunmedierne.dk\/mors\/wp-json\/wp\/v2\/media\/111790"}],"wp:attachment":[{"href":"https:\/\/kunmedierne.dk\/mors\/wp-json\/wp\/v2\/media?parent=111786"}],"wp:term":[{"taxonomy":"category","embeddable":true,"href":"https:\/\/kunmedierne.dk\/mors\/wp-json\/wp\/v2\/categories?post=111786"},{"taxonomy":"post_tag","embeddable":true,"href":"https:\/\/kunmedierne.dk\/mors\/wp-json\/wp\/v2\/tags?post=111786"}],"curies":[{"name":"wp","href":"https:\/\/api.w.org\/{rel}","templated":true}]}}