{"id":110858,"date":"2024-02-01T20:39:47","date_gmt":"2024-02-01T19:39:47","guid":{"rendered":"https:\/\/kunmedierne.dk\/mors\/?p=110858"},"modified":"2024-08-12T13:11:13","modified_gmt":"2024-08-12T11:11:13","slug":"ogsaa-skidt-for-karby-koebmandslukning-rammer-hele-sydvestmors","status":"publish","type":"post","link":"https:\/\/kunmedierne.dk\/mors\/ogsaa-skidt-for-karby-koebmandslukning-rammer-hele-sydvestmors\/","title":{"rendered":"Ogs\u00e5 skidt for Karby: K\u00f8bmandslukning rammer hele Sydvestmors"},"content":{"rendered":"<p><strong>SYDVESTMORS<\/strong>: Han er gammel nok til at huske, da der var to k\u00f8bmandsbutikker i Karby.<\/p>\n<p>Nu m\u00e5 Rasmus Christensen, formand for Karby Borgerforening, lige som de \u00f8vrige fra byen p\u00e5 Sydvestmors til Hvidbjerg for at handle dagligvarer. Og med den bebudede lukning af Go&#8217;Mad Spar i Hvidbjerg bliver turen endnu l\u00e6ngere.<\/p>\n<p>Faktisk s\u00e5 lang, at han s\u00e6tter dystre ord p\u00e5 konsekvensen for hele Sydvestmors.<\/p>\n<p>&#8211; Det har stor betydning for vores lokalomr\u00e5de, at der er en butik i n\u00e6rheden. Der er langt til Vils, hvis man ikke har bil. Det vil v\u00e6re skidt for vores omr\u00e5de, hvis der ikke er en k\u00f8bmand i Hvidbjerg, siger han.<\/p>\n<a class=\"dvrt-link\" onClick=\"cdmtrack_click(104786,jQuery(this));return false\" href=\"https:\/\/limfjordsteatret.dk\/events\/tobias-dybvad-mit-bedste-onemanshow\/\"><img decoding=\"async\" style=\"width:100%;\" src=\"https:\/\/kunmedierne.dk\/mors\/wp-content\/uploads\/2023\/10\/aarskortLim_KunMors_1100x125.jpg\"><\/a><script>cdmtrack_view(104786);<\/script>\n<p>If\u00f8lge Rasmus Christensen risikerer en lukning af butikken i Hvidbjerg at tvinge nogle til at flytte fra omr\u00e5det. Det g\u00e6lder ikke folk med bil, men for andre vil afstanden til n\u00e6rmeste k\u00f8bmand v\u00e6re s\u00e5 lang, at det vil blive alt for besv\u00e6rligt at k\u00f8be ind til det daglige forbrug.<\/p>\n<p>&#8211; N\u00e5r jeg k\u00f8rer fra Nyk\u00f8bing til Karby, er det jo ikke katastrofalt. Men det er det for omr\u00e5det, at vi ikke har den k\u00f8bmand. Jeg h\u00e5ber virkelig, at der bliver fundet en l\u00f8sning, siger han.<\/p>\n<p>&nbsp;<\/p>\n<p><strong>Kan omr\u00e5det st\u00e5 sammen igen?<\/strong><\/p>\n<p>I den modsatte ende af \u00f8en, helt oppe mod nord, har man v\u00e6ret i samme situation &#8211; og fundet en l\u00f8sning. Derfor er der stadig en k\u00f8bmandsbutik i Sejerslev, og Rasmus Christensen er da ogs\u00e5 bevidst om, at man m\u00e5ske skal h\u00f8ste erfaringer fra Nordmors.<\/p>\n<p>&#8211; Det bedste ville v\u00e6re, hvis der var en selvst\u00e6ndig k\u00f8bmand, der ville overtage det. Men ellers m\u00e5 omr\u00e5det jo st\u00e5 sammen og fors\u00f8ge at finde en l\u00f8sning, siger han og understreger situationens alvor.<\/p>\n<a class=\"dvrt-link\" onClick=\"cdmtrack_click(104785,jQuery(this));return false\" href=\"https:\/\/www.facebook.com\/lyndrups\"><img decoding=\"async\" style=\"width:100%;\" src=\"https:\/\/kunmedierne.dk\/mors\/wp-content\/uploads\/2022\/02\/vip-lyndrups-rengoering.jpg\"><\/a><script>cdmtrack_view(104785);<\/script>\n<p>&#8211; Vi kan ikke forvente, at der skal v\u00e6re en k\u00f8bmand i hver by. Men vi er n\u00f8dt til at have en i vores omr\u00e5de. Nu er der jo heller ikke en i Fr\u00f8slev, s\u00e5 det er et k\u00e6mpe, k\u00e6mpe omr\u00e5de at d\u00e6kke. Det er Karby, Hvidbjerg, Rakkeby, T\u00e6bring, Redsted&#8230; Det er et stort, stort omr\u00e5de, s\u00e5 det kan ikke passe, at det ikke kan lade sig g\u00f8re, at der er en k\u00f8bmandsbutik.<\/p>\n<p><em>Men peger pilen ikke kun mod de lokale borgere, fordi de ikke har brugt den?<\/em><\/p>\n<p>&#8211; Som jeg forst\u00e5r det, efter at have snakket med dem, er det ikke den lokale opbakning, der fejler. Men jeg ved det ikke, siger Rasmus Christensen og spekulerer i, at beslutningen om at lukke butikken i Hvidbjerg m\u00e5ske ikke alene drejer sig om Go&#8217;Mad Spar i Hvidbjerg.<\/p>\n<p>&#8211; Som jeg forst\u00e5r det, er Go&#8217;Mad Spar ramt h\u00e5rdt flere steder, og s\u00e5 har det m\u00e5ske v\u00e6ret den, der har v\u00e6ret nemmest at lukke, fordi man ikke ejer bygningerne. Det er lidt mit indtryk. Og s\u00e5 er det nogle rigtig store omkostninger, der skal tages vare p\u00e5 med k\u00f8lere, der skal ordnes, siger han.<\/p>\n<a class=\"dvrt-link\" onClick=\"cdmtrack_click(104779,jQuery(this));return false\" href=\"https:\/\/morsoe-begravelsesforretning.dk\/\"><img decoding=\"async\" style=\"width:100%;\" src=\"https:\/\/kunmedierne.dk\/mors\/wp-content\/uploads\/2023\/11\/251215-morsoe-begravelsesforretning.jpg\"><\/a><script>cdmtrack_view(104779);<\/script>\n<p>&#8211; Men jo: Hvis der ikke kommer en og springer p\u00e5, er det jo os lokale, der skal peges p\u00e5. S\u00e5 m\u00e5 vi fors\u00f8ge at finde en l\u00f8sning. For selvf\u00f8lgelig findes der ogs\u00e5 mange, der ikke l\u00e6gger deres hovedindk\u00f8b d\u00e9r, men som kun laver de sm\u00e5 indk\u00f8b. Og det spiller jo ind, at vi alle sammen skal v\u00e6re bedre til det.<\/p>\n<p><em>Tror du, at en ny k\u00f8bmandsbutik i Vils har spillet ind, fordi mange l\u00e6gger deres indk\u00f8b der &#8211; i et stort og lyst lokale?<\/em><\/p>\n<p>&#8211; Det tror jeg ikke har voldsom stor betydning. Men det er jo en dejlig butik i Vils, s\u00e5 det er ogs\u00e5 sv\u00e6rt at komme uden om.<\/p>\n<p><em>Hvidbjerg og omegn har jo f\u00f8r vist, at man kan st\u00e5 sammen. Efter en skolelukning lavede man en friskole. S\u00e5 det er vel bare at g\u00f8re det samme igen?<\/em><\/p>\n<p>&#8211; Ja, og da vi manglede en Hal 2, stod man sammen om det. Men det er jo ikke bare at g\u00f8re det. Jeg h\u00e5ber, at en melder sig p\u00e5 banen og selv kan tage det. Jeg h\u00e5ber og tror, at der stadig er en k\u00f8bmand 1. juni p\u00e5 en eller anden m\u00e5de.<\/p>\n<h5>L\u00c6S OGS\u00c5:<\/h5>\n<h5>1\/2-2024: <a href=\"https:\/\/kunmedierne.dk\/mors\/formand-efter-koebmandslukning-nu-stikker-vi-fingeren-i-jorden\/\">Formand efter k\u00f8bmandslukning: &#8211; Nu stikker vi fingeren i jorden<\/a><\/h5>\n<h5>1\/2-2024: <a href=\"https:\/\/kunmedierne.dk\/mors\/en-yderst-trist-dag-for-hvidbjerg-og-omegn-men-der-arbejdes-paa-en-loesning\/\">En yderst trist dag for Hvidbjerg og omegn &#8211; men der arbejdes p\u00e5 en l\u00f8sning<\/a><\/h5>\n","protected":false},"excerpt":{"rendered":"<p>SYDVESTMORS: Han er gammel nok til at huske, da der var to k\u00f8bmandsbutikker i Karby. Nu m\u00e5 Rasmus Christensen, formand for Karby Borgerforening, lige som de \u00f8vrige fra byen p\u00e5 Sydvestmors til Hvidbjerg for at handle dagligvarer. Og med den bebudede lukning af Go&#8217;Mad Spar i Hvidbjerg bliver turen endnu l\u00e6ngere. Faktisk s\u00e5 lang, at [&hellip;]<\/p>\n","protected":false},"author":8,"featured_media":110860,"comment_status":"closed","ping_status":"open","sticky":false,"template":"","format":"standard","meta":{"_acf_changed":false,"footnotes":""},"categories":[51],"tags":[160],"class_list":["post-110858","post","type-post","status-publish","format-standard","has-post-thumbnail","hentry","category-lokalt","tag-handel"],"acf":[],"yoast_head":"<!-- This site is optimized with the Yoast SEO plugin v26.8 - https:\/\/yoast.com\/product\/yoast-seo-wordpress\/ -->\n<title>Ogs\u00e5 skidt for Karby: K\u00f8bmandslukning rammer hele Sydvestmors - Mors<\/title>\n<meta name=\"robots\" content=\"index, follow, max-snippet:-1, max-image-preview:large, max-video-preview:-1\" \/>\n<link rel=\"canonical\" href=\"https:\/\/kunmedierne.dk\/mors\/ogsaa-skidt-for-karby-koebmandslukning-rammer-hele-sydvestmors\/\" \/>\n<meta property=\"og:locale\" content=\"da_DK\" \/>\n<meta property=\"og:type\" content=\"article\" \/>\n<meta property=\"og:title\" content=\"Ogs\u00e5 skidt for Karby: K\u00f8bmandslukning rammer hele Sydvestmors - Mors\" \/>\n<meta property=\"og:description\" content=\"SYDVESTMORS: Han er gammel nok til at huske, da der var to k\u00f8bmandsbutikker i Karby. Nu m\u00e5 Rasmus Christensen, formand for Karby Borgerforening, lige som de \u00f8vrige fra byen p\u00e5 Sydvestmors til Hvidbjerg for at handle dagligvarer. Og med den bebudede lukning af Go&#8217;Mad Spar i Hvidbjerg bliver turen endnu l\u00e6ngere. Faktisk s\u00e5 lang, at [&hellip;]\" \/>\n<meta property=\"og:url\" content=\"https:\/\/kunmedierne.dk\/mors\/ogsaa-skidt-for-karby-koebmandslukning-rammer-hele-sydvestmors\/\" \/>\n<meta property=\"og:site_name\" content=\"Mors\" \/>\n<meta property=\"article:published_time\" content=\"2024-02-01T19:39:47+00:00\" \/>\n<meta property=\"article:modified_time\" content=\"2024-08-12T11:11:13+00:00\" \/>\n<meta property=\"og:image\" content=\"https:\/\/kunmedierne.dk\/mors\/wp-content\/uploads\/2024\/02\/Skaermbillede-2024-02-01-203543.png\" \/>\n\t<meta property=\"og:image:width\" content=\"770\" \/>\n\t<meta property=\"og:image:height\" content=\"513\" \/>\n\t<meta property=\"og:image:type\" content=\"image\/png\" \/>\n<meta name=\"author\" content=\"David H\u00f8jmark\" \/>\n<meta name=\"twitter:card\" content=\"summary_large_image\" \/>\n<meta name=\"twitter:label1\" content=\"Skrevet af\" \/>\n\t<meta name=\"twitter:data1\" content=\"David H\u00f8jmark\" \/>\n\t<meta name=\"twitter:label2\" content=\"Estimeret l\u00e6setid\" \/>\n\t<meta name=\"twitter:data2\" content=\"4 minutter\" \/>\n<script type=\"application\/ld+json\" class=\"yoast-schema-graph\">{\"@context\":\"https:\/\/schema.org\",\"@graph\":[{\"@type\":\"Article\",\"@id\":\"https:\/\/kunmedierne.dk\/mors\/ogsaa-skidt-for-karby-koebmandslukning-rammer-hele-sydvestmors\/#article\",\"isPartOf\":{\"@id\":\"https:\/\/kunmedierne.dk\/mors\/ogsaa-skidt-for-karby-koebmandslukning-rammer-hele-sydvestmors\/\"},\"author\":{\"name\":\"David H\u00f8jmark\",\"@id\":\"https:\/\/kunmedierne.dk\/mors\/#\/schema\/person\/5fe23251bf1d0abbcdc6f7896579d548\"},\"headline\":\"Ogs\u00e5 skidt for Karby: K\u00f8bmandslukning rammer hele Sydvestmors\",\"datePublished\":\"2024-02-01T19:39:47+00:00\",\"dateModified\":\"2024-08-12T11:11:13+00:00\",\"mainEntityOfPage\":{\"@id\":\"https:\/\/kunmedierne.dk\/mors\/ogsaa-skidt-for-karby-koebmandslukning-rammer-hele-sydvestmors\/\"},\"wordCount\":784,\"publisher\":{\"@id\":\"https:\/\/kunmedierne.dk\/mors\/#organization\"},\"image\":{\"@id\":\"https:\/\/kunmedierne.dk\/mors\/ogsaa-skidt-for-karby-koebmandslukning-rammer-hele-sydvestmors\/#primaryimage\"},\"thumbnailUrl\":\"https:\/\/kunmedierne.dk\/mors\/wp-content\/uploads\/2024\/02\/Skaermbillede-2024-02-01-203543.png\",\"keywords\":[\"Handel\"],\"articleSection\":[\"Lokalt\"],\"inLanguage\":\"da-DK\"},{\"@type\":\"WebPage\",\"@id\":\"https:\/\/kunmedierne.dk\/mors\/ogsaa-skidt-for-karby-koebmandslukning-rammer-hele-sydvestmors\/\",\"url\":\"https:\/\/kunmedierne.dk\/mors\/ogsaa-skidt-for-karby-koebmandslukning-rammer-hele-sydvestmors\/\",\"name\":\"Ogs\u00e5 skidt for Karby: K\u00f8bmandslukning rammer hele Sydvestmors - Mors\",\"isPartOf\":{\"@id\":\"https:\/\/kunmedierne.dk\/mors\/#website\"},\"primaryImageOfPage\":{\"@id\":\"https:\/\/kunmedierne.dk\/mors\/ogsaa-skidt-for-karby-koebmandslukning-rammer-hele-sydvestmors\/#primaryimage\"},\"image\":{\"@id\":\"https:\/\/kunmedierne.dk\/mors\/ogsaa-skidt-for-karby-koebmandslukning-rammer-hele-sydvestmors\/#primaryimage\"},\"thumbnailUrl\":\"https:\/\/kunmedierne.dk\/mors\/wp-content\/uploads\/2024\/02\/Skaermbillede-2024-02-01-203543.png\",\"datePublished\":\"2024-02-01T19:39:47+00:00\",\"dateModified\":\"2024-08-12T11:11:13+00:00\",\"breadcrumb\":{\"@id\":\"https:\/\/kunmedierne.dk\/mors\/ogsaa-skidt-for-karby-koebmandslukning-rammer-hele-sydvestmors\/#breadcrumb\"},\"inLanguage\":\"da-DK\",\"potentialAction\":[{\"@type\":\"ReadAction\",\"target\":[\"https:\/\/kunmedierne.dk\/mors\/ogsaa-skidt-for-karby-koebmandslukning-rammer-hele-sydvestmors\/\"]}]},{\"@type\":\"ImageObject\",\"inLanguage\":\"da-DK\",\"@id\":\"https:\/\/kunmedierne.dk\/mors\/ogsaa-skidt-for-karby-koebmandslukning-rammer-hele-sydvestmors\/#primaryimage\",\"url\":\"https:\/\/kunmedierne.dk\/mors\/wp-content\/uploads\/2024\/02\/Skaermbillede-2024-02-01-203543.png\",\"contentUrl\":\"https:\/\/kunmedierne.dk\/mors\/wp-content\/uploads\/2024\/02\/Skaermbillede-2024-02-01-203543.png\",\"width\":770,\"height\":513,\"caption\":\"Et stort omr\u00e5de p\u00e5 Sydvestmors kommer til at v\u00e6re uden k\u00f8bmand, hvis lukningen af Go'Mad Spar i Hvidbjerg kommer til at st\u00e5 ved magt. Foto: Google Maps.\"},{\"@type\":\"BreadcrumbList\",\"@id\":\"https:\/\/kunmedierne.dk\/mors\/ogsaa-skidt-for-karby-koebmandslukning-rammer-hele-sydvestmors\/#breadcrumb\",\"itemListElement\":[{\"@type\":\"ListItem\",\"position\":1,\"name\":\"Hjem\",\"item\":\"https:\/\/kunmedierne.dk\/mors\/\"},{\"@type\":\"ListItem\",\"position\":2,\"name\":\"Ogs\u00e5 skidt for Karby: K\u00f8bmandslukning rammer hele Sydvestmors\"}]},{\"@type\":\"WebSite\",\"@id\":\"https:\/\/kunmedierne.dk\/mors\/#website\",\"url\":\"https:\/\/kunmedierne.dk\/mors\/\",\"name\":\"Mors\",\"description\":\"et netmedie med journalistik om livet p\u00e5 Mors\",\"publisher\":{\"@id\":\"https:\/\/kunmedierne.dk\/mors\/#organization\"},\"potentialAction\":[{\"@type\":\"SearchAction\",\"target\":{\"@type\":\"EntryPoint\",\"urlTemplate\":\"https:\/\/kunmedierne.dk\/mors\/?s={search_term_string}\"},\"query-input\":{\"@type\":\"PropertyValueSpecification\",\"valueRequired\":true,\"valueName\":\"search_term_string\"}}],\"inLanguage\":\"da-DK\"},{\"@type\":\"Organization\",\"@id\":\"https:\/\/kunmedierne.dk\/mors\/#organization\",\"name\":\"Mors\",\"url\":\"https:\/\/kunmedierne.dk\/mors\/\",\"logo\":{\"@type\":\"ImageObject\",\"inLanguage\":\"da-DK\",\"@id\":\"https:\/\/kunmedierne.dk\/mors\/#\/schema\/logo\/image\/\",\"url\":\"https:\/\/kunmedierne.dk\/mors\/wp-content\/uploads\/2024\/08\/kunmors-logo.svg\",\"contentUrl\":\"https:\/\/kunmedierne.dk\/mors\/wp-content\/uploads\/2024\/08\/kunmors-logo.svg\",\"caption\":\"Mors\"},\"image\":{\"@id\":\"https:\/\/kunmedierne.dk\/mors\/#\/schema\/logo\/image\/\"}},{\"@type\":\"Person\",\"@id\":\"https:\/\/kunmedierne.dk\/mors\/#\/schema\/person\/5fe23251bf1d0abbcdc6f7896579d548\",\"name\":\"David H\u00f8jmark\",\"image\":{\"@type\":\"ImageObject\",\"inLanguage\":\"da-DK\",\"@id\":\"https:\/\/kunmedierne.dk\/mors\/#\/schema\/person\/image\/\",\"url\":\"https:\/\/secure.gravatar.com\/avatar\/4315d6fb9ef244d729989f5f90268eb08d5bf8a3d84402f595fa194bb35784fd?s=96&d=mm&r=g\",\"contentUrl\":\"https:\/\/secure.gravatar.com\/avatar\/4315d6fb9ef244d729989f5f90268eb08d5bf8a3d84402f595fa194bb35784fd?s=96&d=mm&r=g\",\"caption\":\"David H\u00f8jmark\"},\"sameAs\":[\"https:\/\/www.kunmedierne.dk\"],\"url\":\"https:\/\/kunmedierne.dk\/mors\/author\/david\/\"}]}<\/script>\n<!-- \/ Yoast SEO plugin. -->","yoast_head_json":{"title":"Ogs\u00e5 skidt for Karby: K\u00f8bmandslukning rammer hele Sydvestmors - Mors","robots":{"index":"index","follow":"follow","max-snippet":"max-snippet:-1","max-image-preview":"max-image-preview:large","max-video-preview":"max-video-preview:-1"},"canonical":"https:\/\/kunmedierne.dk\/mors\/ogsaa-skidt-for-karby-koebmandslukning-rammer-hele-sydvestmors\/","og_locale":"da_DK","og_type":"article","og_title":"Ogs\u00e5 skidt for Karby: K\u00f8bmandslukning rammer hele Sydvestmors - Mors","og_description":"SYDVESTMORS: Han er gammel nok til at huske, da der var to k\u00f8bmandsbutikker i Karby. Nu m\u00e5 Rasmus Christensen, formand for Karby Borgerforening, lige som de \u00f8vrige fra byen p\u00e5 Sydvestmors til Hvidbjerg for at handle dagligvarer. Og med den bebudede lukning af Go&#8217;Mad Spar i Hvidbjerg bliver turen endnu l\u00e6ngere. Faktisk s\u00e5 lang, at [&hellip;]","og_url":"https:\/\/kunmedierne.dk\/mors\/ogsaa-skidt-for-karby-koebmandslukning-rammer-hele-sydvestmors\/","og_site_name":"Mors","article_published_time":"2024-02-01T19:39:47+00:00","article_modified_time":"2024-08-12T11:11:13+00:00","og_image":[{"width":770,"height":513,"url":"https:\/\/kunmedierne.dk\/mors\/wp-content\/uploads\/2024\/02\/Skaermbillede-2024-02-01-203543.png","type":"image\/png"}],"author":"David H\u00f8jmark","twitter_card":"summary_large_image","twitter_misc":{"Skrevet af":"David H\u00f8jmark","Estimeret l\u00e6setid":"4 minutter"},"schema":{"@context":"https:\/\/schema.org","@graph":[{"@type":"Article","@id":"https:\/\/kunmedierne.dk\/mors\/ogsaa-skidt-for-karby-koebmandslukning-rammer-hele-sydvestmors\/#article","isPartOf":{"@id":"https:\/\/kunmedierne.dk\/mors\/ogsaa-skidt-for-karby-koebmandslukning-rammer-hele-sydvestmors\/"},"author":{"name":"David H\u00f8jmark","@id":"https:\/\/kunmedierne.dk\/mors\/#\/schema\/person\/5fe23251bf1d0abbcdc6f7896579d548"},"headline":"Ogs\u00e5 skidt for Karby: K\u00f8bmandslukning rammer hele Sydvestmors","datePublished":"2024-02-01T19:39:47+00:00","dateModified":"2024-08-12T11:11:13+00:00","mainEntityOfPage":{"@id":"https:\/\/kunmedierne.dk\/mors\/ogsaa-skidt-for-karby-koebmandslukning-rammer-hele-sydvestmors\/"},"wordCount":784,"publisher":{"@id":"https:\/\/kunmedierne.dk\/mors\/#organization"},"image":{"@id":"https:\/\/kunmedierne.dk\/mors\/ogsaa-skidt-for-karby-koebmandslukning-rammer-hele-sydvestmors\/#primaryimage"},"thumbnailUrl":"https:\/\/kunmedierne.dk\/mors\/wp-content\/uploads\/2024\/02\/Skaermbillede-2024-02-01-203543.png","keywords":["Handel"],"articleSection":["Lokalt"],"inLanguage":"da-DK"},{"@type":"WebPage","@id":"https:\/\/kunmedierne.dk\/mors\/ogsaa-skidt-for-karby-koebmandslukning-rammer-hele-sydvestmors\/","url":"https:\/\/kunmedierne.dk\/mors\/ogsaa-skidt-for-karby-koebmandslukning-rammer-hele-sydvestmors\/","name":"Ogs\u00e5 skidt for Karby: K\u00f8bmandslukning rammer hele Sydvestmors - Mors","isPartOf":{"@id":"https:\/\/kunmedierne.dk\/mors\/#website"},"primaryImageOfPage":{"@id":"https:\/\/kunmedierne.dk\/mors\/ogsaa-skidt-for-karby-koebmandslukning-rammer-hele-sydvestmors\/#primaryimage"},"image":{"@id":"https:\/\/kunmedierne.dk\/mors\/ogsaa-skidt-for-karby-koebmandslukning-rammer-hele-sydvestmors\/#primaryimage"},"thumbnailUrl":"https:\/\/kunmedierne.dk\/mors\/wp-content\/uploads\/2024\/02\/Skaermbillede-2024-02-01-203543.png","datePublished":"2024-02-01T19:39:47+00:00","dateModified":"2024-08-12T11:11:13+00:00","breadcrumb":{"@id":"https:\/\/kunmedierne.dk\/mors\/ogsaa-skidt-for-karby-koebmandslukning-rammer-hele-sydvestmors\/#breadcrumb"},"inLanguage":"da-DK","potentialAction":[{"@type":"ReadAction","target":["https:\/\/kunmedierne.dk\/mors\/ogsaa-skidt-for-karby-koebmandslukning-rammer-hele-sydvestmors\/"]}]},{"@type":"ImageObject","inLanguage":"da-DK","@id":"https:\/\/kunmedierne.dk\/mors\/ogsaa-skidt-for-karby-koebmandslukning-rammer-hele-sydvestmors\/#primaryimage","url":"https:\/\/kunmedierne.dk\/mors\/wp-content\/uploads\/2024\/02\/Skaermbillede-2024-02-01-203543.png","contentUrl":"https:\/\/kunmedierne.dk\/mors\/wp-content\/uploads\/2024\/02\/Skaermbillede-2024-02-01-203543.png","width":770,"height":513,"caption":"Et stort omr\u00e5de p\u00e5 Sydvestmors kommer til at v\u00e6re uden k\u00f8bmand, hvis lukningen af Go'Mad Spar i Hvidbjerg kommer til at st\u00e5 ved magt. Foto: Google Maps."},{"@type":"BreadcrumbList","@id":"https:\/\/kunmedierne.dk\/mors\/ogsaa-skidt-for-karby-koebmandslukning-rammer-hele-sydvestmors\/#breadcrumb","itemListElement":[{"@type":"ListItem","position":1,"name":"Hjem","item":"https:\/\/kunmedierne.dk\/mors\/"},{"@type":"ListItem","position":2,"name":"Ogs\u00e5 skidt for Karby: K\u00f8bmandslukning rammer hele Sydvestmors"}]},{"@type":"WebSite","@id":"https:\/\/kunmedierne.dk\/mors\/#website","url":"https:\/\/kunmedierne.dk\/mors\/","name":"Mors","description":"et netmedie med journalistik om livet p\u00e5 Mors","publisher":{"@id":"https:\/\/kunmedierne.dk\/mors\/#organization"},"potentialAction":[{"@type":"SearchAction","target":{"@type":"EntryPoint","urlTemplate":"https:\/\/kunmedierne.dk\/mors\/?s={search_term_string}"},"query-input":{"@type":"PropertyValueSpecification","valueRequired":true,"valueName":"search_term_string"}}],"inLanguage":"da-DK"},{"@type":"Organization","@id":"https:\/\/kunmedierne.dk\/mors\/#organization","name":"Mors","url":"https:\/\/kunmedierne.dk\/mors\/","logo":{"@type":"ImageObject","inLanguage":"da-DK","@id":"https:\/\/kunmedierne.dk\/mors\/#\/schema\/logo\/image\/","url":"https:\/\/kunmedierne.dk\/mors\/wp-content\/uploads\/2024\/08\/kunmors-logo.svg","contentUrl":"https:\/\/kunmedierne.dk\/mors\/wp-content\/uploads\/2024\/08\/kunmors-logo.svg","caption":"Mors"},"image":{"@id":"https:\/\/kunmedierne.dk\/mors\/#\/schema\/logo\/image\/"}},{"@type":"Person","@id":"https:\/\/kunmedierne.dk\/mors\/#\/schema\/person\/5fe23251bf1d0abbcdc6f7896579d548","name":"David H\u00f8jmark","image":{"@type":"ImageObject","inLanguage":"da-DK","@id":"https:\/\/kunmedierne.dk\/mors\/#\/schema\/person\/image\/","url":"https:\/\/secure.gravatar.com\/avatar\/4315d6fb9ef244d729989f5f90268eb08d5bf8a3d84402f595fa194bb35784fd?s=96&d=mm&r=g","contentUrl":"https:\/\/secure.gravatar.com\/avatar\/4315d6fb9ef244d729989f5f90268eb08d5bf8a3d84402f595fa194bb35784fd?s=96&d=mm&r=g","caption":"David H\u00f8jmark"},"sameAs":["https:\/\/www.kunmedierne.dk"],"url":"https:\/\/kunmedierne.dk\/mors\/author\/david\/"}]}},"_links":{"self":[{"href":"https:\/\/kunmedierne.dk\/mors\/wp-json\/wp\/v2\/posts\/110858","targetHints":{"allow":["GET"]}}],"collection":[{"href":"https:\/\/kunmedierne.dk\/mors\/wp-json\/wp\/v2\/posts"}],"about":[{"href":"https:\/\/kunmedierne.dk\/mors\/wp-json\/wp\/v2\/types\/post"}],"author":[{"embeddable":true,"href":"https:\/\/kunmedierne.dk\/mors\/wp-json\/wp\/v2\/users\/8"}],"replies":[{"embeddable":true,"href":"https:\/\/kunmedierne.dk\/mors\/wp-json\/wp\/v2\/comments?post=110858"}],"version-history":[{"count":3,"href":"https:\/\/kunmedierne.dk\/mors\/wp-json\/wp\/v2\/posts\/110858\/revisions"}],"predecessor-version":[{"id":110867,"href":"https:\/\/kunmedierne.dk\/mors\/wp-json\/wp\/v2\/posts\/110858\/revisions\/110867"}],"wp:featuredmedia":[{"embeddable":true,"href":"https:\/\/kunmedierne.dk\/mors\/wp-json\/wp\/v2\/media\/110860"}],"wp:attachment":[{"href":"https:\/\/kunmedierne.dk\/mors\/wp-json\/wp\/v2\/media?parent=110858"}],"wp:term":[{"taxonomy":"category","embeddable":true,"href":"https:\/\/kunmedierne.dk\/mors\/wp-json\/wp\/v2\/categories?post=110858"},{"taxonomy":"post_tag","embeddable":true,"href":"https:\/\/kunmedierne.dk\/mors\/wp-json\/wp\/v2\/tags?post=110858"}],"curies":[{"name":"wp","href":"https:\/\/api.w.org\/{rel}","templated":true}]}}