{"id":110823,"date":"2024-02-01T15:44:37","date_gmt":"2024-02-01T14:44:37","guid":{"rendered":"https:\/\/kunmedierne.dk\/mors\/?p=110823"},"modified":"2024-08-12T13:11:13","modified_gmt":"2024-08-12T11:11:13","slug":"vil-dyre-projekter-for-modulvogntog-komme-til-at-danne-praecedens","status":"publish","type":"post","link":"https:\/\/kunmedierne.dk\/mors\/vil-dyre-projekter-for-modulvogntog-komme-til-at-danne-praecedens\/","title":{"rendered":"Vil dyre projekter for modulvogntog komme til at danne pr\u00e6cedens?"},"content":{"rendered":"<p><b>POLITIK<\/b>: Risikerer Mors\u00f8 Kommune at blive l\u00f8bet over ende af \u00f8nsker fra virksomheder, der ogs\u00e5 vil have plads til modulvogntog?<\/p>\n<p>Det sp\u00f8rgsm\u00e5l kom op, da kommunalbestyrelsen tirsdag vedtog to projekter for anden gang.<\/p>\n<p>I 2022 godkendte \u00f8konomiudvalget to projekter p\u00e5 ans\u00f8gninger fra virksomhederne Easy Agricare og Freds\u00f8 Vognmandsforretning. De s\u00f8gte om etablering af modulvogntogsruter p\u00e5 str\u00e6kninger fra henholdsvis L\u00f8dderup til rute 26 og fra Industrivej til Feggesundvejen.<\/p>\n<p>I mellemtiden er prisen steget fra de bevilgede 1.141.000 kroner, s\u00e5dan at kommunalbestyrelsen tirsdag skulle forholde sig til en yderligere finansiering p\u00e5 to millioner kroner.<\/p>\n<a class=\"dvrt-link\" onClick=\"cdmtrack_click(104778,jQuery(this));return false\" href=\"https:\/\/vester-begr.dk\/?gclid=CjwKCAjw5Kv7BRBSEiwAXGDElQB6WMfm9CgYVrruty-I1gaOkTkC3mlA4QRDtYNsxYgVC8sNzAJ7WhoCmBsQAvD_BwE\"><img decoding=\"async\" style=\"width:100%;\" src=\"https:\/\/kunmedierne.dk\/mors\/wp-content\/uploads\/2023\/10\/260203VesterHoukaer-02022026.jpg\"><\/a><script>cdmtrack_view(104778);<\/script>\n<p>Det blev stemt igennem uden andet end opbakning. Men det var ikke uden skepsis fra to socialdemokrater.<\/p>\n<p>&#8211; Selv om det er en opgradering af vores veje, der jo ogs\u00e5 altid tr\u00e6nger til en hj\u00e6lpende h\u00e5nd, s\u00e5 er to millioner alligevel noget af en merpris, sagde Pia Storm og fortsatte:<\/p>\n<p>&#8211; Jeg synes ogs\u00e5, det er vigtigt, at vi skal v\u00e6re med til at sikre et godt erhvervsliv p\u00e5 Mors. Projektet kommer ogs\u00e5 mange til gavn i Food Parken. Derfor kan jeg ogs\u00e5 godt lidt modstr\u00e6bende nikke ja til indstillingen. Men det er ikke med absolut gl\u00e6de, for jeg synes, det er en k\u00e6mpe merpris.<\/p>\n<p>&nbsp;<\/p>\n<p><b>Bekymring for pr\u00e6cedens<\/b><\/p>\n<p>Pia Storm formulerede ogs\u00e5 en skepsis over, at kommunen s\u00e6tter store bel\u00f8b af til fordel for Easy Agri Care og Freds\u00f8 Vognmandsforretning.<\/p>\n<p>&#8211; Jeg kan ogs\u00e5 v\u00e6re lidt bekymret for den tendens, der opst\u00e5r med, at vi med s\u00e5dan nogle projekter tilgodeser enkelte virksomheder med store bel\u00f8b, sagde hun og advarede imod, at man ved lignende ans\u00f8gninger risikerer forventning om pr\u00e6cedens.<\/p>\n<p>&#8211; Det er et godt projekt, og jeg siger ogs\u00e5 ja til det, men det er med forbehold, l\u00f8d det.<\/p>\n<a class=\"dvrt-link\" onClick=\"cdmtrack_click(104787,jQuery(this));return false\" href=\"https:\/\/www.jyskebank.dk\/kontakt\/afdelingsinfo?departmentid=11890\"><img decoding=\"async\" style=\"width:100%;\" src=\"https:\/\/kunmedierne.dk\/mors\/wp-content\/uploads\/2023\/10\/260325JyskeBankMorsNy-1.jpg\"><\/a><script>cdmtrack_view(104787);<\/script>\n<p>Partikollega Niels Kristian \u00d8stergaard var inde p\u00e5 det samme.<\/p>\n<p>&#8211; Hvis en virksomhed placerer sig et sted p\u00e5 \u00f8en, vil jeg ikke h\u00e5be, det danner pr\u00e6cedens, og at man kan forvente, at kommunen laver en vej efterf\u00f8lgende, s\u00e5 man f\u00e5r modulvogntog, sagde han og formulerede et budskab til virksomheder, der vil sl\u00e5 sig ned p\u00e5 Mors:<\/p>\n<p>&#8211; Hvis du har brug for modulvogntog, skal du t\u00e6nke over, hvor du placerer dig, og Food Parken vil nok v\u00e6re en god id\u00e9.<\/p>\n<p>&nbsp;<\/p>\n<p><b>Stadig et godt projekt<\/b><\/p>\n<p>De to socialdemokrater vandt dog ikke det store geh\u00f8r for deres bekymring.<\/p>\n<p>Ansgar Nygaard (V), der lige som Niels Kristian \u00d8stergaard er medlem af udvalget for teknik og milj\u00f8, havde \u00e5bnet debatten med at skitsere mulighederne for modulvogntog p\u00e5 udvalgte veje:<\/p>\n<a class=\"dvrt-link\" onClick=\"cdmtrack_click(104786,jQuery(this));return false\" href=\"https:\/\/limfjordsteatret.dk\/events\/tobias-dybvad-mit-bedste-onemanshow\/\"><img decoding=\"async\" style=\"width:100%;\" src=\"https:\/\/kunmedierne.dk\/mors\/wp-content\/uploads\/2023\/10\/aarskortLim_KunMors_1100x125.jpg\"><\/a><script>cdmtrack_view(104786);<\/script>\n<p>&#8211; Vi vil ogs\u00e5 gerne v\u00e6re erhvervsvenligt omr\u00e5de p\u00e5 Mors. Derfor synes vi faktisk\u00a0i teknisk udvalg, at det er en rigtig god id\u00e9 at f\u00e5 det lavet, s\u00e5 modulvogntog kan komme ud p\u00e5 vejen, sagde han.<\/p>\n<p>&#8211; Det er blevet lidt dyrere, end der var snak om, men vi tror stadig, det er et rigtig godt projekt. Og at det vil v\u00e6re med til, at vi viser erhvervsvenlighed p\u00e5 Mors, l\u00f8d det med tilf\u00f8jelsen, at det er godt for Mors at have gjort forberedelser til den slags k\u00f8ret\u00f8jer, fremtiden vil byde p\u00e5 flere af.<\/p>\n<p>&nbsp;<\/p>\n<p><b>Ikke nerv\u00f8s for pr\u00e6cedens<\/b><\/p>\n<p>Meiner N\u00f8rgaard (DD), formand for udvalget for teknik og milj\u00f8, anerkendte, at der er tale om en stor ekstrabevilling. Han p\u00e5pegede dog, at pengene bliver taget fra infrastrukturpuljen fra 2024 &#8211; og at ikke brugte midler l\u00e6gges tilbage i puljen.<\/p>\n<p>Han lagde ogs\u00e5 v\u00e6gt p\u00e5, at flere virksomheder end de n\u00e6vnte f\u00e5r gavn af projekterne.<\/p>\n<p>&#8211; Og jeg er ikke r\u00e6d for, at det danner pr\u00e6cedens. Det tager vi fra sag til sag. For det handler jo faktisk ogs\u00e5 om trafiksikkerhed, og det handler ikke mindst om, at vi ogs\u00e5 skal fremtidssikre hinanden.\u00a0Og ikke mindst vores lokale erhvervsliv, s\u00e5 de ogs\u00e5 kan v\u00e6re med p\u00e5 det, der tegner sig for dem fremover, sagde han.<\/p>\n<a class=\"dvrt-link\" onClick=\"cdmtrack_click(104781,jQuery(this));return false\" href=\"https:\/\/www.fmspks.dk\/\"><img decoding=\"async\" style=\"width:100%;\" src=\"https:\/\/kunmedierne.dk\/mors\/wp-content\/uploads\/2022\/02\/vip-froeslev-mollerup-sparekasse.jpg\"><\/a><script>cdmtrack_view(104781);<\/script>\n<p>S\u00f8ren Goul (V) sluttede sig til:<\/p>\n<p>&#8211; Selvf\u00f8lgelig er det \u00e6rgerligt, at man f\u00f8rst har budgetteret med et bel\u00f8b og derefter kommer med et meget stort bel\u00f8b, som man ikke lige havde regnet med. Men jeg mener, at det skal man gemme v\u00e6k og sige, at det var noget, vi fik lavet i 2022 &#8211; og s\u00e5 sige, at det her er en investering for de virksomheder, der st\u00e5r der nu og her, sagde han med konklusionen:<\/p>\n<p>&#8211; Vi skal tage det som en investering og sige, at vi har l\u00e6rt af det.<\/p>\n<blockquote>\n<h4>Artikler om kommunalbestyrelsesm\u00f8det:<\/h4>\n<h5><a href=\"https:\/\/kunmedierne.dk\/mors\/hoeringssvar-om-rute-26-sendt-igennem-paa-maratonmoede-i-kommunalbestyrelsen\/\">H\u00f8ringssvar om rute 26 sendt igennem p\u00e5 maratonm\u00f8de i kommunalbestyrelsen<\/a><\/h5>\n<h5><strong><a href=\"https:\/\/kunmedierne.dk\/mors\/viceborgmester-med-opfordring-til-borgerne-moed-op-til-borgermoeder\/\">Viceborgmester med opfordring til borgerne: M\u00f8d op til borgerm\u00f8der<\/a><\/strong><\/h5>\n<h5><a href=\"https:\/\/kunmedierne.dk\/mors\/pia-storm-kom-i-modvind-da-oerodde-fik-en-lang-tur-i-kommunalbestyrelsens-manege\/\">Pia Storm kom i modvind, da \u00d8rodde fik en lang tur i kommunalbestyrelsens manege<\/a><\/h5>\n<\/blockquote>\n","protected":false},"excerpt":{"rendered":"<p>POLITIK: Risikerer Mors\u00f8 Kommune at blive l\u00f8bet over ende af \u00f8nsker fra virksomheder, der ogs\u00e5 vil have plads til modulvogntog? Det sp\u00f8rgsm\u00e5l kom op, da kommunalbestyrelsen tirsdag vedtog to projekter for anden gang. I 2022 godkendte \u00f8konomiudvalget to projekter p\u00e5 ans\u00f8gninger fra virksomhederne Easy Agricare og Freds\u00f8 Vognmandsforretning. De s\u00f8gte om etablering af modulvogntogsruter p\u00e5 [&hellip;]<\/p>\n","protected":false},"author":8,"featured_media":110827,"comment_status":"closed","ping_status":"open","sticky":false,"template":"","format":"standard","meta":{"_acf_changed":false,"footnotes":""},"categories":[51],"tags":[159,167],"class_list":["post-110823","post","type-post","status-publish","format-standard","has-post-thumbnail","hentry","category-lokalt","tag-erhverv","tag-politik"],"acf":[],"yoast_head":"<!-- This site is optimized with the Yoast SEO plugin v26.8 - https:\/\/yoast.com\/product\/yoast-seo-wordpress\/ -->\n<title>Vil dyre projekter for modulvogntog komme til at danne pr\u00e6cedens? - Mors<\/title>\n<meta name=\"robots\" content=\"index, follow, max-snippet:-1, max-image-preview:large, max-video-preview:-1\" \/>\n<link rel=\"canonical\" href=\"https:\/\/kunmedierne.dk\/mors\/vil-dyre-projekter-for-modulvogntog-komme-til-at-danne-praecedens\/\" \/>\n<meta property=\"og:locale\" content=\"da_DK\" \/>\n<meta property=\"og:type\" content=\"article\" \/>\n<meta property=\"og:title\" content=\"Vil dyre projekter for modulvogntog komme til at danne pr\u00e6cedens? - Mors\" \/>\n<meta property=\"og:description\" content=\"POLITIK: Risikerer Mors\u00f8 Kommune at blive l\u00f8bet over ende af \u00f8nsker fra virksomheder, der ogs\u00e5 vil have plads til modulvogntog? Det sp\u00f8rgsm\u00e5l kom op, da kommunalbestyrelsen tirsdag vedtog to projekter for anden gang. I 2022 godkendte \u00f8konomiudvalget to projekter p\u00e5 ans\u00f8gninger fra virksomhederne Easy Agricare og Freds\u00f8 Vognmandsforretning. De s\u00f8gte om etablering af modulvogntogsruter p\u00e5 [&hellip;]\" \/>\n<meta property=\"og:url\" content=\"https:\/\/kunmedierne.dk\/mors\/vil-dyre-projekter-for-modulvogntog-komme-til-at-danne-praecedens\/\" \/>\n<meta property=\"og:site_name\" content=\"Mors\" \/>\n<meta property=\"article:published_time\" content=\"2024-02-01T14:44:37+00:00\" \/>\n<meta property=\"article:modified_time\" content=\"2024-08-12T11:11:13+00:00\" \/>\n<meta property=\"og:image\" content=\"https:\/\/kunmedierne.dk\/mors\/wp-content\/uploads\/2024\/02\/modulvogntog.jpg\" \/>\n\t<meta property=\"og:image:width\" content=\"770\" \/>\n\t<meta property=\"og:image:height\" content=\"513\" \/>\n\t<meta property=\"og:image:type\" content=\"image\/jpeg\" \/>\n<meta name=\"author\" content=\"David H\u00f8jmark\" \/>\n<meta name=\"twitter:card\" content=\"summary_large_image\" \/>\n<meta name=\"twitter:label1\" content=\"Skrevet af\" \/>\n\t<meta name=\"twitter:data1\" content=\"David H\u00f8jmark\" \/>\n\t<meta name=\"twitter:label2\" content=\"Estimeret l\u00e6setid\" \/>\n\t<meta name=\"twitter:data2\" content=\"5 minutter\" \/>\n<script type=\"application\/ld+json\" class=\"yoast-schema-graph\">{\"@context\":\"https:\/\/schema.org\",\"@graph\":[{\"@type\":\"Article\",\"@id\":\"https:\/\/kunmedierne.dk\/mors\/vil-dyre-projekter-for-modulvogntog-komme-til-at-danne-praecedens\/#article\",\"isPartOf\":{\"@id\":\"https:\/\/kunmedierne.dk\/mors\/vil-dyre-projekter-for-modulvogntog-komme-til-at-danne-praecedens\/\"},\"author\":{\"name\":\"David H\u00f8jmark\",\"@id\":\"https:\/\/kunmedierne.dk\/mors\/#\/schema\/person\/5fe23251bf1d0abbcdc6f7896579d548\"},\"headline\":\"Vil dyre projekter for modulvogntog komme til at danne pr\u00e6cedens?\",\"datePublished\":\"2024-02-01T14:44:37+00:00\",\"dateModified\":\"2024-08-12T11:11:13+00:00\",\"mainEntityOfPage\":{\"@id\":\"https:\/\/kunmedierne.dk\/mors\/vil-dyre-projekter-for-modulvogntog-komme-til-at-danne-praecedens\/\"},\"wordCount\":828,\"publisher\":{\"@id\":\"https:\/\/kunmedierne.dk\/mors\/#organization\"},\"image\":{\"@id\":\"https:\/\/kunmedierne.dk\/mors\/vil-dyre-projekter-for-modulvogntog-komme-til-at-danne-praecedens\/#primaryimage\"},\"thumbnailUrl\":\"https:\/\/kunmedierne.dk\/mors\/wp-content\/uploads\/2024\/02\/modulvogntog.jpg\",\"keywords\":[\"Erhverv\",\"Politik\"],\"articleSection\":[\"Lokalt\"],\"inLanguage\":\"da-DK\"},{\"@type\":\"WebPage\",\"@id\":\"https:\/\/kunmedierne.dk\/mors\/vil-dyre-projekter-for-modulvogntog-komme-til-at-danne-praecedens\/\",\"url\":\"https:\/\/kunmedierne.dk\/mors\/vil-dyre-projekter-for-modulvogntog-komme-til-at-danne-praecedens\/\",\"name\":\"Vil dyre projekter for modulvogntog komme til at danne pr\u00e6cedens? - Mors\",\"isPartOf\":{\"@id\":\"https:\/\/kunmedierne.dk\/mors\/#website\"},\"primaryImageOfPage\":{\"@id\":\"https:\/\/kunmedierne.dk\/mors\/vil-dyre-projekter-for-modulvogntog-komme-til-at-danne-praecedens\/#primaryimage\"},\"image\":{\"@id\":\"https:\/\/kunmedierne.dk\/mors\/vil-dyre-projekter-for-modulvogntog-komme-til-at-danne-praecedens\/#primaryimage\"},\"thumbnailUrl\":\"https:\/\/kunmedierne.dk\/mors\/wp-content\/uploads\/2024\/02\/modulvogntog.jpg\",\"datePublished\":\"2024-02-01T14:44:37+00:00\",\"dateModified\":\"2024-08-12T11:11:13+00:00\",\"breadcrumb\":{\"@id\":\"https:\/\/kunmedierne.dk\/mors\/vil-dyre-projekter-for-modulvogntog-komme-til-at-danne-praecedens\/#breadcrumb\"},\"inLanguage\":\"da-DK\",\"potentialAction\":[{\"@type\":\"ReadAction\",\"target\":[\"https:\/\/kunmedierne.dk\/mors\/vil-dyre-projekter-for-modulvogntog-komme-til-at-danne-praecedens\/\"]}]},{\"@type\":\"ImageObject\",\"inLanguage\":\"da-DK\",\"@id\":\"https:\/\/kunmedierne.dk\/mors\/vil-dyre-projekter-for-modulvogntog-komme-til-at-danne-praecedens\/#primaryimage\",\"url\":\"https:\/\/kunmedierne.dk\/mors\/wp-content\/uploads\/2024\/02\/modulvogntog.jpg\",\"contentUrl\":\"https:\/\/kunmedierne.dk\/mors\/wp-content\/uploads\/2024\/02\/modulvogntog.jpg\",\"width\":770,\"height\":513,\"caption\":\"Lastbiler p\u00e5 st\u00f8rrelse med denne vil man i fremtiden se flere af p\u00e5 danske. P\u00e5 Mors har to virksomheder nu for anden gang f\u00e5et ja til en ans\u00f8gning om at sikre pladsen til dem. Modelfoto: Rhys Moult\/Unsplash.\"},{\"@type\":\"BreadcrumbList\",\"@id\":\"https:\/\/kunmedierne.dk\/mors\/vil-dyre-projekter-for-modulvogntog-komme-til-at-danne-praecedens\/#breadcrumb\",\"itemListElement\":[{\"@type\":\"ListItem\",\"position\":1,\"name\":\"Hjem\",\"item\":\"https:\/\/kunmedierne.dk\/mors\/\"},{\"@type\":\"ListItem\",\"position\":2,\"name\":\"Vil dyre projekter for modulvogntog komme til at danne pr\u00e6cedens?\"}]},{\"@type\":\"WebSite\",\"@id\":\"https:\/\/kunmedierne.dk\/mors\/#website\",\"url\":\"https:\/\/kunmedierne.dk\/mors\/\",\"name\":\"Mors\",\"description\":\"et netmedie med journalistik om livet p\u00e5 Mors\",\"publisher\":{\"@id\":\"https:\/\/kunmedierne.dk\/mors\/#organization\"},\"potentialAction\":[{\"@type\":\"SearchAction\",\"target\":{\"@type\":\"EntryPoint\",\"urlTemplate\":\"https:\/\/kunmedierne.dk\/mors\/?s={search_term_string}\"},\"query-input\":{\"@type\":\"PropertyValueSpecification\",\"valueRequired\":true,\"valueName\":\"search_term_string\"}}],\"inLanguage\":\"da-DK\"},{\"@type\":\"Organization\",\"@id\":\"https:\/\/kunmedierne.dk\/mors\/#organization\",\"name\":\"Mors\",\"url\":\"https:\/\/kunmedierne.dk\/mors\/\",\"logo\":{\"@type\":\"ImageObject\",\"inLanguage\":\"da-DK\",\"@id\":\"https:\/\/kunmedierne.dk\/mors\/#\/schema\/logo\/image\/\",\"url\":\"https:\/\/kunmedierne.dk\/mors\/wp-content\/uploads\/2024\/08\/kunmors-logo.svg\",\"contentUrl\":\"https:\/\/kunmedierne.dk\/mors\/wp-content\/uploads\/2024\/08\/kunmors-logo.svg\",\"caption\":\"Mors\"},\"image\":{\"@id\":\"https:\/\/kunmedierne.dk\/mors\/#\/schema\/logo\/image\/\"}},{\"@type\":\"Person\",\"@id\":\"https:\/\/kunmedierne.dk\/mors\/#\/schema\/person\/5fe23251bf1d0abbcdc6f7896579d548\",\"name\":\"David H\u00f8jmark\",\"image\":{\"@type\":\"ImageObject\",\"inLanguage\":\"da-DK\",\"@id\":\"https:\/\/kunmedierne.dk\/mors\/#\/schema\/person\/image\/\",\"url\":\"https:\/\/secure.gravatar.com\/avatar\/4315d6fb9ef244d729989f5f90268eb08d5bf8a3d84402f595fa194bb35784fd?s=96&d=mm&r=g\",\"contentUrl\":\"https:\/\/secure.gravatar.com\/avatar\/4315d6fb9ef244d729989f5f90268eb08d5bf8a3d84402f595fa194bb35784fd?s=96&d=mm&r=g\",\"caption\":\"David H\u00f8jmark\"},\"sameAs\":[\"https:\/\/www.kunmedierne.dk\"],\"url\":\"https:\/\/kunmedierne.dk\/mors\/author\/david\/\"}]}<\/script>\n<!-- \/ Yoast SEO plugin. -->","yoast_head_json":{"title":"Vil dyre projekter for modulvogntog komme til at danne pr\u00e6cedens? - Mors","robots":{"index":"index","follow":"follow","max-snippet":"max-snippet:-1","max-image-preview":"max-image-preview:large","max-video-preview":"max-video-preview:-1"},"canonical":"https:\/\/kunmedierne.dk\/mors\/vil-dyre-projekter-for-modulvogntog-komme-til-at-danne-praecedens\/","og_locale":"da_DK","og_type":"article","og_title":"Vil dyre projekter for modulvogntog komme til at danne pr\u00e6cedens? - Mors","og_description":"POLITIK: Risikerer Mors\u00f8 Kommune at blive l\u00f8bet over ende af \u00f8nsker fra virksomheder, der ogs\u00e5 vil have plads til modulvogntog? Det sp\u00f8rgsm\u00e5l kom op, da kommunalbestyrelsen tirsdag vedtog to projekter for anden gang. I 2022 godkendte \u00f8konomiudvalget to projekter p\u00e5 ans\u00f8gninger fra virksomhederne Easy Agricare og Freds\u00f8 Vognmandsforretning. De s\u00f8gte om etablering af modulvogntogsruter p\u00e5 [&hellip;]","og_url":"https:\/\/kunmedierne.dk\/mors\/vil-dyre-projekter-for-modulvogntog-komme-til-at-danne-praecedens\/","og_site_name":"Mors","article_published_time":"2024-02-01T14:44:37+00:00","article_modified_time":"2024-08-12T11:11:13+00:00","og_image":[{"width":770,"height":513,"url":"https:\/\/kunmedierne.dk\/mors\/wp-content\/uploads\/2024\/02\/modulvogntog.jpg","type":"image\/jpeg"}],"author":"David H\u00f8jmark","twitter_card":"summary_large_image","twitter_misc":{"Skrevet af":"David H\u00f8jmark","Estimeret l\u00e6setid":"5 minutter"},"schema":{"@context":"https:\/\/schema.org","@graph":[{"@type":"Article","@id":"https:\/\/kunmedierne.dk\/mors\/vil-dyre-projekter-for-modulvogntog-komme-til-at-danne-praecedens\/#article","isPartOf":{"@id":"https:\/\/kunmedierne.dk\/mors\/vil-dyre-projekter-for-modulvogntog-komme-til-at-danne-praecedens\/"},"author":{"name":"David H\u00f8jmark","@id":"https:\/\/kunmedierne.dk\/mors\/#\/schema\/person\/5fe23251bf1d0abbcdc6f7896579d548"},"headline":"Vil dyre projekter for modulvogntog komme til at danne pr\u00e6cedens?","datePublished":"2024-02-01T14:44:37+00:00","dateModified":"2024-08-12T11:11:13+00:00","mainEntityOfPage":{"@id":"https:\/\/kunmedierne.dk\/mors\/vil-dyre-projekter-for-modulvogntog-komme-til-at-danne-praecedens\/"},"wordCount":828,"publisher":{"@id":"https:\/\/kunmedierne.dk\/mors\/#organization"},"image":{"@id":"https:\/\/kunmedierne.dk\/mors\/vil-dyre-projekter-for-modulvogntog-komme-til-at-danne-praecedens\/#primaryimage"},"thumbnailUrl":"https:\/\/kunmedierne.dk\/mors\/wp-content\/uploads\/2024\/02\/modulvogntog.jpg","keywords":["Erhverv","Politik"],"articleSection":["Lokalt"],"inLanguage":"da-DK"},{"@type":"WebPage","@id":"https:\/\/kunmedierne.dk\/mors\/vil-dyre-projekter-for-modulvogntog-komme-til-at-danne-praecedens\/","url":"https:\/\/kunmedierne.dk\/mors\/vil-dyre-projekter-for-modulvogntog-komme-til-at-danne-praecedens\/","name":"Vil dyre projekter for modulvogntog komme til at danne pr\u00e6cedens? - Mors","isPartOf":{"@id":"https:\/\/kunmedierne.dk\/mors\/#website"},"primaryImageOfPage":{"@id":"https:\/\/kunmedierne.dk\/mors\/vil-dyre-projekter-for-modulvogntog-komme-til-at-danne-praecedens\/#primaryimage"},"image":{"@id":"https:\/\/kunmedierne.dk\/mors\/vil-dyre-projekter-for-modulvogntog-komme-til-at-danne-praecedens\/#primaryimage"},"thumbnailUrl":"https:\/\/kunmedierne.dk\/mors\/wp-content\/uploads\/2024\/02\/modulvogntog.jpg","datePublished":"2024-02-01T14:44:37+00:00","dateModified":"2024-08-12T11:11:13+00:00","breadcrumb":{"@id":"https:\/\/kunmedierne.dk\/mors\/vil-dyre-projekter-for-modulvogntog-komme-til-at-danne-praecedens\/#breadcrumb"},"inLanguage":"da-DK","potentialAction":[{"@type":"ReadAction","target":["https:\/\/kunmedierne.dk\/mors\/vil-dyre-projekter-for-modulvogntog-komme-til-at-danne-praecedens\/"]}]},{"@type":"ImageObject","inLanguage":"da-DK","@id":"https:\/\/kunmedierne.dk\/mors\/vil-dyre-projekter-for-modulvogntog-komme-til-at-danne-praecedens\/#primaryimage","url":"https:\/\/kunmedierne.dk\/mors\/wp-content\/uploads\/2024\/02\/modulvogntog.jpg","contentUrl":"https:\/\/kunmedierne.dk\/mors\/wp-content\/uploads\/2024\/02\/modulvogntog.jpg","width":770,"height":513,"caption":"Lastbiler p\u00e5 st\u00f8rrelse med denne vil man i fremtiden se flere af p\u00e5 danske. P\u00e5 Mors har to virksomheder nu for anden gang f\u00e5et ja til en ans\u00f8gning om at sikre pladsen til dem. Modelfoto: Rhys Moult\/Unsplash."},{"@type":"BreadcrumbList","@id":"https:\/\/kunmedierne.dk\/mors\/vil-dyre-projekter-for-modulvogntog-komme-til-at-danne-praecedens\/#breadcrumb","itemListElement":[{"@type":"ListItem","position":1,"name":"Hjem","item":"https:\/\/kunmedierne.dk\/mors\/"},{"@type":"ListItem","position":2,"name":"Vil dyre projekter for modulvogntog komme til at danne pr\u00e6cedens?"}]},{"@type":"WebSite","@id":"https:\/\/kunmedierne.dk\/mors\/#website","url":"https:\/\/kunmedierne.dk\/mors\/","name":"Mors","description":"et netmedie med journalistik om livet p\u00e5 Mors","publisher":{"@id":"https:\/\/kunmedierne.dk\/mors\/#organization"},"potentialAction":[{"@type":"SearchAction","target":{"@type":"EntryPoint","urlTemplate":"https:\/\/kunmedierne.dk\/mors\/?s={search_term_string}"},"query-input":{"@type":"PropertyValueSpecification","valueRequired":true,"valueName":"search_term_string"}}],"inLanguage":"da-DK"},{"@type":"Organization","@id":"https:\/\/kunmedierne.dk\/mors\/#organization","name":"Mors","url":"https:\/\/kunmedierne.dk\/mors\/","logo":{"@type":"ImageObject","inLanguage":"da-DK","@id":"https:\/\/kunmedierne.dk\/mors\/#\/schema\/logo\/image\/","url":"https:\/\/kunmedierne.dk\/mors\/wp-content\/uploads\/2024\/08\/kunmors-logo.svg","contentUrl":"https:\/\/kunmedierne.dk\/mors\/wp-content\/uploads\/2024\/08\/kunmors-logo.svg","caption":"Mors"},"image":{"@id":"https:\/\/kunmedierne.dk\/mors\/#\/schema\/logo\/image\/"}},{"@type":"Person","@id":"https:\/\/kunmedierne.dk\/mors\/#\/schema\/person\/5fe23251bf1d0abbcdc6f7896579d548","name":"David H\u00f8jmark","image":{"@type":"ImageObject","inLanguage":"da-DK","@id":"https:\/\/kunmedierne.dk\/mors\/#\/schema\/person\/image\/","url":"https:\/\/secure.gravatar.com\/avatar\/4315d6fb9ef244d729989f5f90268eb08d5bf8a3d84402f595fa194bb35784fd?s=96&d=mm&r=g","contentUrl":"https:\/\/secure.gravatar.com\/avatar\/4315d6fb9ef244d729989f5f90268eb08d5bf8a3d84402f595fa194bb35784fd?s=96&d=mm&r=g","caption":"David H\u00f8jmark"},"sameAs":["https:\/\/www.kunmedierne.dk"],"url":"https:\/\/kunmedierne.dk\/mors\/author\/david\/"}]}},"_links":{"self":[{"href":"https:\/\/kunmedierne.dk\/mors\/wp-json\/wp\/v2\/posts\/110823","targetHints":{"allow":["GET"]}}],"collection":[{"href":"https:\/\/kunmedierne.dk\/mors\/wp-json\/wp\/v2\/posts"}],"about":[{"href":"https:\/\/kunmedierne.dk\/mors\/wp-json\/wp\/v2\/types\/post"}],"author":[{"embeddable":true,"href":"https:\/\/kunmedierne.dk\/mors\/wp-json\/wp\/v2\/users\/8"}],"replies":[{"embeddable":true,"href":"https:\/\/kunmedierne.dk\/mors\/wp-json\/wp\/v2\/comments?post=110823"}],"version-history":[{"count":3,"href":"https:\/\/kunmedierne.dk\/mors\/wp-json\/wp\/v2\/posts\/110823\/revisions"}],"predecessor-version":[{"id":110832,"href":"https:\/\/kunmedierne.dk\/mors\/wp-json\/wp\/v2\/posts\/110823\/revisions\/110832"}],"wp:featuredmedia":[{"embeddable":true,"href":"https:\/\/kunmedierne.dk\/mors\/wp-json\/wp\/v2\/media\/110827"}],"wp:attachment":[{"href":"https:\/\/kunmedierne.dk\/mors\/wp-json\/wp\/v2\/media?parent=110823"}],"wp:term":[{"taxonomy":"category","embeddable":true,"href":"https:\/\/kunmedierne.dk\/mors\/wp-json\/wp\/v2\/categories?post=110823"},{"taxonomy":"post_tag","embeddable":true,"href":"https:\/\/kunmedierne.dk\/mors\/wp-json\/wp\/v2\/tags?post=110823"}],"curies":[{"name":"wp","href":"https:\/\/api.w.org\/{rel}","templated":true}]}}