{"id":11035,"date":"2020-03-04T07:03:58","date_gmt":"2020-03-04T06:03:58","guid":{"rendered":"https:\/\/kunmedierne.dk\/mors\/?p=11035"},"modified":"2024-08-12T14:06:24","modified_gmt":"2024-08-12T12:06:24","slug":"morsoe-kommunes-borgmester-er-med-i-utilfreds-faellesbrev-til-regeringen","status":"publish","type":"post","link":"https:\/\/kunmedierne.dk\/mors\/morsoe-kommunes-borgmester-er-med-i-utilfreds-faellesbrev-til-regeringen\/","title":{"rendered":"Mors\u00f8 Kommunes borgmester er med i utilfreds f\u00e6llesbrev til regeringen"},"content":{"rendered":"<p><strong>MORS<\/strong>: Regeringens udspil til en ny udligningsreform er slet ikke godt nok. Det mener 40 af landets 98 borgmestre &#8211; herimellem Mors\u00f8 Kommunes Hans Ejner Bertelsen (V).<\/p>\n<p>Han er medunderskriver p\u00e5 et f\u00e6lles brev med otte anbefalinger til regeringen, som Danmarks Radio offentligg\u00f8r <a href=\"https:\/\/www.dr.dk\/nyheder\/politik\/40-utilfredse-borgmestre-i-brev-de-rige-skal-betale-endnu-mere\" target=\"_blank\" rel=\"noopener noreferrer\">her<\/a>. Sammen med de \u00f8vrige borgmestre fra is\u00e6r Socialdemokratiet og Venstre h\u00e5ber han nu p\u00e5 en justering i regeringens udspil.<\/p>\n<p>&#8220;Mors\u00f8 Kommune bakker op om anbefalingerne. Det er vigtigt, at vi g\u00e5r sammen og med f\u00e6lles stemme markerer, at der skal justeres i udligningsreformudspillet for, at det kan blive til en reform, som vi kan leve med i hele landet, ogs\u00e5 p\u00e5 Mors,&#8221; siger Hans Ejner Bertelsen og tilf\u00f8jer:<\/p>\n<p>&#8220;Vi har behov for et \u00f8konomisk grundlag, der giver kommunerne en ensartet mulighed for at levere god velf\u00e6rd. Derfor er der behov for en st\u00f8rre omfordeling, end udspillet l\u00e6gger op til.&#8221;<\/p>\n<p>Blandt andre lokale kommuner har Thisted, Skive og Lemvig Kommune ogs\u00e5 skrevet under. Desuden har form\u00e6ndene for Balance Danmark, Landdistrikternes F\u00e6llesr\u00e5d og RimeligUdligning.nu ogs\u00e5 skrevet under.<\/p>\n","protected":false},"excerpt":{"rendered":"<p>MORS: Regeringens udspil til en ny udligningsreform er slet ikke godt nok. Det mener 40 af landets 98 borgmestre &#8211; herimellem Mors\u00f8 Kommunes Hans Ejner Bertelsen (V). Han er medunderskriver p\u00e5 et f\u00e6lles brev med otte anbefalinger til regeringen, som Danmarks Radio offentligg\u00f8r her. Sammen med de \u00f8vrige borgmestre fra is\u00e6r Socialdemokratiet og Venstre h\u00e5ber [&hellip;]<\/p>\n","protected":false},"author":8,"featured_media":13995,"comment_status":"open","ping_status":"open","sticky":false,"template":"","format":"standard","meta":{"_acf_changed":false,"footnotes":""},"categories":[51],"tags":[167],"class_list":["post-11035","post","type-post","status-publish","format-standard","has-post-thumbnail","hentry","category-lokalt","tag-politik"],"acf":[],"yoast_head":"<!-- This site is optimized with the Yoast SEO plugin v26.8 - https:\/\/yoast.com\/product\/yoast-seo-wordpress\/ -->\n<title>Mors\u00f8 Kommunes borgmester er med i utilfreds f\u00e6llesbrev til regeringen - Mors<\/title>\n<meta name=\"robots\" content=\"index, follow, max-snippet:-1, max-image-preview:large, max-video-preview:-1\" \/>\n<link rel=\"canonical\" href=\"https:\/\/kunmedierne.dk\/mors\/morsoe-kommunes-borgmester-er-med-i-utilfreds-faellesbrev-til-regeringen\/\" \/>\n<meta property=\"og:locale\" content=\"da_DK\" \/>\n<meta property=\"og:type\" content=\"article\" \/>\n<meta property=\"og:title\" content=\"Mors\u00f8 Kommunes borgmester er med i utilfreds f\u00e6llesbrev til regeringen - Mors\" \/>\n<meta property=\"og:description\" content=\"MORS: Regeringens udspil til en ny udligningsreform er slet ikke godt nok. Det mener 40 af landets 98 borgmestre &#8211; herimellem Mors\u00f8 Kommunes Hans Ejner Bertelsen (V). Han er medunderskriver p\u00e5 et f\u00e6lles brev med otte anbefalinger til regeringen, som Danmarks Radio offentligg\u00f8r her. Sammen med de \u00f8vrige borgmestre fra is\u00e6r Socialdemokratiet og Venstre h\u00e5ber [&hellip;]\" \/>\n<meta property=\"og:url\" content=\"https:\/\/kunmedierne.dk\/mors\/morsoe-kommunes-borgmester-er-med-i-utilfreds-faellesbrev-til-regeringen\/\" \/>\n<meta property=\"og:site_name\" content=\"Mors\" \/>\n<meta property=\"article:published_time\" content=\"2020-03-04T06:03:58+00:00\" \/>\n<meta property=\"article:modified_time\" content=\"2024-08-12T12:06:24+00:00\" \/>\n<meta property=\"og:image\" content=\"https:\/\/kunmedierne.dk\/mors\/wp-content\/uploads\/2020\/03\/200101-hans-ejner-bertelsen-V.jpg\" \/>\n\t<meta property=\"og:image:width\" content=\"770\" \/>\n\t<meta property=\"og:image:height\" content=\"513\" \/>\n\t<meta property=\"og:image:type\" content=\"image\/jpeg\" \/>\n<meta name=\"author\" content=\"David H\u00f8jmark\" \/>\n<meta name=\"twitter:card\" content=\"summary_large_image\" \/>\n<meta name=\"twitter:label1\" content=\"Skrevet af\" \/>\n\t<meta name=\"twitter:data1\" content=\"David H\u00f8jmark\" \/>\n\t<meta name=\"twitter:label2\" content=\"Estimeret l\u00e6setid\" \/>\n\t<meta name=\"twitter:data2\" content=\"1 minut\" \/>\n<script type=\"application\/ld+json\" class=\"yoast-schema-graph\">{\"@context\":\"https:\/\/schema.org\",\"@graph\":[{\"@type\":\"Article\",\"@id\":\"https:\/\/kunmedierne.dk\/mors\/morsoe-kommunes-borgmester-er-med-i-utilfreds-faellesbrev-til-regeringen\/#article\",\"isPartOf\":{\"@id\":\"https:\/\/kunmedierne.dk\/mors\/morsoe-kommunes-borgmester-er-med-i-utilfreds-faellesbrev-til-regeringen\/\"},\"author\":{\"name\":\"David H\u00f8jmark\",\"@id\":\"https:\/\/kunmedierne.dk\/mors\/#\/schema\/person\/5fe23251bf1d0abbcdc6f7896579d548\"},\"headline\":\"Mors\u00f8 Kommunes borgmester er med i utilfreds f\u00e6llesbrev til regeringen\",\"datePublished\":\"2020-03-04T06:03:58+00:00\",\"dateModified\":\"2024-08-12T12:06:24+00:00\",\"mainEntityOfPage\":{\"@id\":\"https:\/\/kunmedierne.dk\/mors\/morsoe-kommunes-borgmester-er-med-i-utilfreds-faellesbrev-til-regeringen\/\"},\"wordCount\":192,\"commentCount\":0,\"publisher\":{\"@id\":\"https:\/\/kunmedierne.dk\/mors\/#organization\"},\"image\":{\"@id\":\"https:\/\/kunmedierne.dk\/mors\/morsoe-kommunes-borgmester-er-med-i-utilfreds-faellesbrev-til-regeringen\/#primaryimage\"},\"thumbnailUrl\":\"https:\/\/kunmedierne.dk\/mors\/wp-content\/uploads\/2020\/03\/200101-hans-ejner-bertelsen-V.jpg\",\"keywords\":[\"Politik\"],\"articleSection\":[\"Lokalt\"],\"inLanguage\":\"da-DK\",\"potentialAction\":[{\"@type\":\"CommentAction\",\"name\":\"Comment\",\"target\":[\"https:\/\/kunmedierne.dk\/mors\/morsoe-kommunes-borgmester-er-med-i-utilfreds-faellesbrev-til-regeringen\/#respond\"]}]},{\"@type\":\"WebPage\",\"@id\":\"https:\/\/kunmedierne.dk\/mors\/morsoe-kommunes-borgmester-er-med-i-utilfreds-faellesbrev-til-regeringen\/\",\"url\":\"https:\/\/kunmedierne.dk\/mors\/morsoe-kommunes-borgmester-er-med-i-utilfreds-faellesbrev-til-regeringen\/\",\"name\":\"Mors\u00f8 Kommunes borgmester er med i utilfreds f\u00e6llesbrev til regeringen - Mors\",\"isPartOf\":{\"@id\":\"https:\/\/kunmedierne.dk\/mors\/#website\"},\"primaryImageOfPage\":{\"@id\":\"https:\/\/kunmedierne.dk\/mors\/morsoe-kommunes-borgmester-er-med-i-utilfreds-faellesbrev-til-regeringen\/#primaryimage\"},\"image\":{\"@id\":\"https:\/\/kunmedierne.dk\/mors\/morsoe-kommunes-borgmester-er-med-i-utilfreds-faellesbrev-til-regeringen\/#primaryimage\"},\"thumbnailUrl\":\"https:\/\/kunmedierne.dk\/mors\/wp-content\/uploads\/2020\/03\/200101-hans-ejner-bertelsen-V.jpg\",\"datePublished\":\"2020-03-04T06:03:58+00:00\",\"dateModified\":\"2024-08-12T12:06:24+00:00\",\"breadcrumb\":{\"@id\":\"https:\/\/kunmedierne.dk\/mors\/morsoe-kommunes-borgmester-er-med-i-utilfreds-faellesbrev-til-regeringen\/#breadcrumb\"},\"inLanguage\":\"da-DK\",\"potentialAction\":[{\"@type\":\"ReadAction\",\"target\":[\"https:\/\/kunmedierne.dk\/mors\/morsoe-kommunes-borgmester-er-med-i-utilfreds-faellesbrev-til-regeringen\/\"]}]},{\"@type\":\"ImageObject\",\"inLanguage\":\"da-DK\",\"@id\":\"https:\/\/kunmedierne.dk\/mors\/morsoe-kommunes-borgmester-er-med-i-utilfreds-faellesbrev-til-regeringen\/#primaryimage\",\"url\":\"https:\/\/kunmedierne.dk\/mors\/wp-content\/uploads\/2020\/03\/200101-hans-ejner-bertelsen-V.jpg\",\"contentUrl\":\"https:\/\/kunmedierne.dk\/mors\/wp-content\/uploads\/2020\/03\/200101-hans-ejner-bertelsen-V.jpg\",\"width\":770,\"height\":513,\"caption\":\"Borgmester Hans Ejner Bertelsen (V). Foto: Per Bech\/Mors\u00f8 Kommune.\"},{\"@type\":\"BreadcrumbList\",\"@id\":\"https:\/\/kunmedierne.dk\/mors\/morsoe-kommunes-borgmester-er-med-i-utilfreds-faellesbrev-til-regeringen\/#breadcrumb\",\"itemListElement\":[{\"@type\":\"ListItem\",\"position\":1,\"name\":\"Hjem\",\"item\":\"https:\/\/kunmedierne.dk\/mors\/\"},{\"@type\":\"ListItem\",\"position\":2,\"name\":\"Mors\u00f8 Kommunes borgmester er med i utilfreds f\u00e6llesbrev til regeringen\"}]},{\"@type\":\"WebSite\",\"@id\":\"https:\/\/kunmedierne.dk\/mors\/#website\",\"url\":\"https:\/\/kunmedierne.dk\/mors\/\",\"name\":\"Mors\",\"description\":\"et netmedie med journalistik om livet p\u00e5 Mors\",\"publisher\":{\"@id\":\"https:\/\/kunmedierne.dk\/mors\/#organization\"},\"potentialAction\":[{\"@type\":\"SearchAction\",\"target\":{\"@type\":\"EntryPoint\",\"urlTemplate\":\"https:\/\/kunmedierne.dk\/mors\/?s={search_term_string}\"},\"query-input\":{\"@type\":\"PropertyValueSpecification\",\"valueRequired\":true,\"valueName\":\"search_term_string\"}}],\"inLanguage\":\"da-DK\"},{\"@type\":\"Organization\",\"@id\":\"https:\/\/kunmedierne.dk\/mors\/#organization\",\"name\":\"Mors\",\"url\":\"https:\/\/kunmedierne.dk\/mors\/\",\"logo\":{\"@type\":\"ImageObject\",\"inLanguage\":\"da-DK\",\"@id\":\"https:\/\/kunmedierne.dk\/mors\/#\/schema\/logo\/image\/\",\"url\":\"https:\/\/kunmedierne.dk\/mors\/wp-content\/uploads\/2024\/08\/kunmors-logo.svg\",\"contentUrl\":\"https:\/\/kunmedierne.dk\/mors\/wp-content\/uploads\/2024\/08\/kunmors-logo.svg\",\"caption\":\"Mors\"},\"image\":{\"@id\":\"https:\/\/kunmedierne.dk\/mors\/#\/schema\/logo\/image\/\"}},{\"@type\":\"Person\",\"@id\":\"https:\/\/kunmedierne.dk\/mors\/#\/schema\/person\/5fe23251bf1d0abbcdc6f7896579d548\",\"name\":\"David H\u00f8jmark\",\"image\":{\"@type\":\"ImageObject\",\"inLanguage\":\"da-DK\",\"@id\":\"https:\/\/kunmedierne.dk\/mors\/#\/schema\/person\/image\/\",\"url\":\"https:\/\/secure.gravatar.com\/avatar\/4315d6fb9ef244d729989f5f90268eb08d5bf8a3d84402f595fa194bb35784fd?s=96&d=mm&r=g\",\"contentUrl\":\"https:\/\/secure.gravatar.com\/avatar\/4315d6fb9ef244d729989f5f90268eb08d5bf8a3d84402f595fa194bb35784fd?s=96&d=mm&r=g\",\"caption\":\"David H\u00f8jmark\"},\"sameAs\":[\"https:\/\/www.kunmedierne.dk\"],\"url\":\"https:\/\/kunmedierne.dk\/mors\/author\/david\/\"}]}<\/script>\n<!-- \/ Yoast SEO plugin. -->","yoast_head_json":{"title":"Mors\u00f8 Kommunes borgmester er med i utilfreds f\u00e6llesbrev til regeringen - Mors","robots":{"index":"index","follow":"follow","max-snippet":"max-snippet:-1","max-image-preview":"max-image-preview:large","max-video-preview":"max-video-preview:-1"},"canonical":"https:\/\/kunmedierne.dk\/mors\/morsoe-kommunes-borgmester-er-med-i-utilfreds-faellesbrev-til-regeringen\/","og_locale":"da_DK","og_type":"article","og_title":"Mors\u00f8 Kommunes borgmester er med i utilfreds f\u00e6llesbrev til regeringen - Mors","og_description":"MORS: Regeringens udspil til en ny udligningsreform er slet ikke godt nok. Det mener 40 af landets 98 borgmestre &#8211; herimellem Mors\u00f8 Kommunes Hans Ejner Bertelsen (V). Han er medunderskriver p\u00e5 et f\u00e6lles brev med otte anbefalinger til regeringen, som Danmarks Radio offentligg\u00f8r her. Sammen med de \u00f8vrige borgmestre fra is\u00e6r Socialdemokratiet og Venstre h\u00e5ber [&hellip;]","og_url":"https:\/\/kunmedierne.dk\/mors\/morsoe-kommunes-borgmester-er-med-i-utilfreds-faellesbrev-til-regeringen\/","og_site_name":"Mors","article_published_time":"2020-03-04T06:03:58+00:00","article_modified_time":"2024-08-12T12:06:24+00:00","og_image":[{"width":770,"height":513,"url":"https:\/\/kunmedierne.dk\/mors\/wp-content\/uploads\/2020\/03\/200101-hans-ejner-bertelsen-V.jpg","type":"image\/jpeg"}],"author":"David H\u00f8jmark","twitter_card":"summary_large_image","twitter_misc":{"Skrevet af":"David H\u00f8jmark","Estimeret l\u00e6setid":"1 minut"},"schema":{"@context":"https:\/\/schema.org","@graph":[{"@type":"Article","@id":"https:\/\/kunmedierne.dk\/mors\/morsoe-kommunes-borgmester-er-med-i-utilfreds-faellesbrev-til-regeringen\/#article","isPartOf":{"@id":"https:\/\/kunmedierne.dk\/mors\/morsoe-kommunes-borgmester-er-med-i-utilfreds-faellesbrev-til-regeringen\/"},"author":{"name":"David H\u00f8jmark","@id":"https:\/\/kunmedierne.dk\/mors\/#\/schema\/person\/5fe23251bf1d0abbcdc6f7896579d548"},"headline":"Mors\u00f8 Kommunes borgmester er med i utilfreds f\u00e6llesbrev til regeringen","datePublished":"2020-03-04T06:03:58+00:00","dateModified":"2024-08-12T12:06:24+00:00","mainEntityOfPage":{"@id":"https:\/\/kunmedierne.dk\/mors\/morsoe-kommunes-borgmester-er-med-i-utilfreds-faellesbrev-til-regeringen\/"},"wordCount":192,"commentCount":0,"publisher":{"@id":"https:\/\/kunmedierne.dk\/mors\/#organization"},"image":{"@id":"https:\/\/kunmedierne.dk\/mors\/morsoe-kommunes-borgmester-er-med-i-utilfreds-faellesbrev-til-regeringen\/#primaryimage"},"thumbnailUrl":"https:\/\/kunmedierne.dk\/mors\/wp-content\/uploads\/2020\/03\/200101-hans-ejner-bertelsen-V.jpg","keywords":["Politik"],"articleSection":["Lokalt"],"inLanguage":"da-DK","potentialAction":[{"@type":"CommentAction","name":"Comment","target":["https:\/\/kunmedierne.dk\/mors\/morsoe-kommunes-borgmester-er-med-i-utilfreds-faellesbrev-til-regeringen\/#respond"]}]},{"@type":"WebPage","@id":"https:\/\/kunmedierne.dk\/mors\/morsoe-kommunes-borgmester-er-med-i-utilfreds-faellesbrev-til-regeringen\/","url":"https:\/\/kunmedierne.dk\/mors\/morsoe-kommunes-borgmester-er-med-i-utilfreds-faellesbrev-til-regeringen\/","name":"Mors\u00f8 Kommunes borgmester er med i utilfreds f\u00e6llesbrev til regeringen - Mors","isPartOf":{"@id":"https:\/\/kunmedierne.dk\/mors\/#website"},"primaryImageOfPage":{"@id":"https:\/\/kunmedierne.dk\/mors\/morsoe-kommunes-borgmester-er-med-i-utilfreds-faellesbrev-til-regeringen\/#primaryimage"},"image":{"@id":"https:\/\/kunmedierne.dk\/mors\/morsoe-kommunes-borgmester-er-med-i-utilfreds-faellesbrev-til-regeringen\/#primaryimage"},"thumbnailUrl":"https:\/\/kunmedierne.dk\/mors\/wp-content\/uploads\/2020\/03\/200101-hans-ejner-bertelsen-V.jpg","datePublished":"2020-03-04T06:03:58+00:00","dateModified":"2024-08-12T12:06:24+00:00","breadcrumb":{"@id":"https:\/\/kunmedierne.dk\/mors\/morsoe-kommunes-borgmester-er-med-i-utilfreds-faellesbrev-til-regeringen\/#breadcrumb"},"inLanguage":"da-DK","potentialAction":[{"@type":"ReadAction","target":["https:\/\/kunmedierne.dk\/mors\/morsoe-kommunes-borgmester-er-med-i-utilfreds-faellesbrev-til-regeringen\/"]}]},{"@type":"ImageObject","inLanguage":"da-DK","@id":"https:\/\/kunmedierne.dk\/mors\/morsoe-kommunes-borgmester-er-med-i-utilfreds-faellesbrev-til-regeringen\/#primaryimage","url":"https:\/\/kunmedierne.dk\/mors\/wp-content\/uploads\/2020\/03\/200101-hans-ejner-bertelsen-V.jpg","contentUrl":"https:\/\/kunmedierne.dk\/mors\/wp-content\/uploads\/2020\/03\/200101-hans-ejner-bertelsen-V.jpg","width":770,"height":513,"caption":"Borgmester Hans Ejner Bertelsen (V). Foto: Per Bech\/Mors\u00f8 Kommune."},{"@type":"BreadcrumbList","@id":"https:\/\/kunmedierne.dk\/mors\/morsoe-kommunes-borgmester-er-med-i-utilfreds-faellesbrev-til-regeringen\/#breadcrumb","itemListElement":[{"@type":"ListItem","position":1,"name":"Hjem","item":"https:\/\/kunmedierne.dk\/mors\/"},{"@type":"ListItem","position":2,"name":"Mors\u00f8 Kommunes borgmester er med i utilfreds f\u00e6llesbrev til regeringen"}]},{"@type":"WebSite","@id":"https:\/\/kunmedierne.dk\/mors\/#website","url":"https:\/\/kunmedierne.dk\/mors\/","name":"Mors","description":"et netmedie med journalistik om livet p\u00e5 Mors","publisher":{"@id":"https:\/\/kunmedierne.dk\/mors\/#organization"},"potentialAction":[{"@type":"SearchAction","target":{"@type":"EntryPoint","urlTemplate":"https:\/\/kunmedierne.dk\/mors\/?s={search_term_string}"},"query-input":{"@type":"PropertyValueSpecification","valueRequired":true,"valueName":"search_term_string"}}],"inLanguage":"da-DK"},{"@type":"Organization","@id":"https:\/\/kunmedierne.dk\/mors\/#organization","name":"Mors","url":"https:\/\/kunmedierne.dk\/mors\/","logo":{"@type":"ImageObject","inLanguage":"da-DK","@id":"https:\/\/kunmedierne.dk\/mors\/#\/schema\/logo\/image\/","url":"https:\/\/kunmedierne.dk\/mors\/wp-content\/uploads\/2024\/08\/kunmors-logo.svg","contentUrl":"https:\/\/kunmedierne.dk\/mors\/wp-content\/uploads\/2024\/08\/kunmors-logo.svg","caption":"Mors"},"image":{"@id":"https:\/\/kunmedierne.dk\/mors\/#\/schema\/logo\/image\/"}},{"@type":"Person","@id":"https:\/\/kunmedierne.dk\/mors\/#\/schema\/person\/5fe23251bf1d0abbcdc6f7896579d548","name":"David H\u00f8jmark","image":{"@type":"ImageObject","inLanguage":"da-DK","@id":"https:\/\/kunmedierne.dk\/mors\/#\/schema\/person\/image\/","url":"https:\/\/secure.gravatar.com\/avatar\/4315d6fb9ef244d729989f5f90268eb08d5bf8a3d84402f595fa194bb35784fd?s=96&d=mm&r=g","contentUrl":"https:\/\/secure.gravatar.com\/avatar\/4315d6fb9ef244d729989f5f90268eb08d5bf8a3d84402f595fa194bb35784fd?s=96&d=mm&r=g","caption":"David H\u00f8jmark"},"sameAs":["https:\/\/www.kunmedierne.dk"],"url":"https:\/\/kunmedierne.dk\/mors\/author\/david\/"}]}},"_links":{"self":[{"href":"https:\/\/kunmedierne.dk\/mors\/wp-json\/wp\/v2\/posts\/11035","targetHints":{"allow":["GET"]}}],"collection":[{"href":"https:\/\/kunmedierne.dk\/mors\/wp-json\/wp\/v2\/posts"}],"about":[{"href":"https:\/\/kunmedierne.dk\/mors\/wp-json\/wp\/v2\/types\/post"}],"author":[{"embeddable":true,"href":"https:\/\/kunmedierne.dk\/mors\/wp-json\/wp\/v2\/users\/8"}],"replies":[{"embeddable":true,"href":"https:\/\/kunmedierne.dk\/mors\/wp-json\/wp\/v2\/comments?post=11035"}],"version-history":[{"count":5,"href":"https:\/\/kunmedierne.dk\/mors\/wp-json\/wp\/v2\/posts\/11035\/revisions"}],"predecessor-version":[{"id":11040,"href":"https:\/\/kunmedierne.dk\/mors\/wp-json\/wp\/v2\/posts\/11035\/revisions\/11040"}],"wp:featuredmedia":[{"embeddable":true,"href":"https:\/\/kunmedierne.dk\/mors\/wp-json\/wp\/v2\/media\/13995"}],"wp:attachment":[{"href":"https:\/\/kunmedierne.dk\/mors\/wp-json\/wp\/v2\/media?parent=11035"}],"wp:term":[{"taxonomy":"category","embeddable":true,"href":"https:\/\/kunmedierne.dk\/mors\/wp-json\/wp\/v2\/categories?post=11035"},{"taxonomy":"post_tag","embeddable":true,"href":"https:\/\/kunmedierne.dk\/mors\/wp-json\/wp\/v2\/tags?post=11035"}],"curies":[{"name":"wp","href":"https:\/\/api.w.org\/{rel}","templated":true}]}}