{"id":110273,"date":"2024-01-23T21:10:40","date_gmt":"2024-01-23T20:10:40","guid":{"rendered":"https:\/\/kunmedierne.dk\/mors\/?p=110273"},"modified":"2024-08-12T13:11:16","modified_gmt":"2024-08-12T11:11:16","slug":"morsom-forestilling-om-frygt","status":"publish","type":"post","link":"https:\/\/kunmedierne.dk\/mors\/morsom-forestilling-om-frygt\/","title":{"rendered":"Morsom forestilling om frygt"},"content":{"rendered":"<p><strong>TEATER<\/strong>: Det er ikke s\u00e6rlig instagram-venligt at v\u00e6re bange; det er derimod helt utroligt menneskeligt.<\/p>\n<p>Limfjordsteatret p\u00e5 Mors f\u00e5r 6. februar bes\u00f8g af forestillingen \u201dProjekt Frygt\u201d, der if\u00f8lge anmelderne er et hylemorsomt, satirisk og tankev\u00e6kkende livtag med en af menneskets st\u00f8rste og mest almindelige grundf\u00f8lelser: frygten.<\/p>\n<p>De to skuespillere p\u00e5 scenen, Lise Lauenblad og Marianne S\u00f8ndergaard, har selv udviklet forestillingen sammen med instrukt\u00f8r Line Paulsen og resten af holdet &#8211; og inviterer p\u00e5 en mosaik af scener, sange og tekster, der drejer sig om frygt for alt fra krig og sygdomme til u\u00f8nsket sk\u00e6gv\u00e6kst, underforsikring og fyresedler. Listen af frygtfremkaldende emner er lang i en tid med Putin, pandemier, inflation, stigende energipriser og truende klimakatastrofe.<\/p>\n<a class=\"dvrt-link\" onClick=\"cdmtrack_click(104786,jQuery(this));return false\" href=\"https:\/\/limfjordsteatret.dk\/events\/tobias-dybvad-mit-bedste-onemanshow\/\"><img decoding=\"async\" style=\"width:100%;\" src=\"https:\/\/kunmedierne.dk\/mors\/wp-content\/uploads\/2023\/10\/aarskortLim_KunMors_1100x125.jpg\"><\/a><script>cdmtrack_view(104786);<\/script>\n<p>Alligevel er det lykkedes de to kvinder i deres blomstrede outfits med charme og humor at skabe en b\u00e5de morsom og tankev\u00e6kkende forestilling.<\/p>\n<p>En anmelder fra netmediet XQ28.dk giver fem stjerner og skriver: \u201dHvem skulle have troet, at en forestilling om frygt kunne v\u00e6re s\u00e5 underholdende og livgivende som tilf\u00e6ldet er her\u201d.<\/p>\n<p>Dagbladet Informations anmelder kalder det \u201den overraskende vedkommende forestilling \u2013 ogs\u00e5 for en almindeligvis ikkebange tilskuer\u201d, mens netmediet iScene betegner komikken som b\u00e5de \u201dbalstyrisk og underspillet\u201d og \u201dsk\u00e6g p\u00e5 et n\u00e6sten urimeligt niveau\u201d.<\/p>\n<a class=\"dvrt-link\" onClick=\"cdmtrack_click(104785,jQuery(this));return false\" href=\"https:\/\/www.facebook.com\/lyndrups\"><img decoding=\"async\" style=\"width:100%;\" src=\"https:\/\/kunmedierne.dk\/mors\/wp-content\/uploads\/2022\/02\/vip-lyndrups-rengoering.jpg\"><\/a><script>cdmtrack_view(104785);<\/script>\n<blockquote>\n<h3><strong>INFO<\/strong><\/h3>\n<h5>\u201dProjekt Frygt\u201d spiller p\u00e5 Limfjordsteatret Mors tirsdag 6. februar kl. 13:00 med aftertalk samt kl. 19:30.<\/h5>\n<h5>G\u00e6stespil: Kup\u00e9 ARTES<\/h5>\n<h5>Medvirkende: Lise Lauenblad og Marianne S\u00f8ndergaard<\/h5>\n<h5>Instrukt\u00f8r:\u00a0Line Paulsen<br \/>\nId\u00e9:\u00a0Kamilla Wargo Brekling og Marianne S\u00f8ndergaard<br \/>\nSkabt og skrevet af:\u00a0Hele holdet<br \/>\nScenograf\/lysdesign:\u00a0Raphael Frisenv\u00e6nge Solholm<br \/>\nMusik\/sangtekster\/lyddesign:\u00a0Sune Skuldb\u00f8l Vraa<br \/>\nVarighed: 70 min<\/h5>\n<h5>Forestillingen spiller to gange i l\u00f8bet af tirsdag den 6. februar. F\u00f8rst kl. 13, hvor man efterf\u00f8lgende kan samles til en \u201daftertalk\u201d med de to skuespillere i teatrets foyer. Dern\u00e6st en aftenforestilling kl. 19:30. Billetter kan bestilles p\u00e5 www.limfjordsteatret.dk.<\/h5>\n<\/blockquote>\n","protected":false},"excerpt":{"rendered":"<p>TEATER: Det er ikke s\u00e6rlig instagram-venligt at v\u00e6re bange; det er derimod helt utroligt menneskeligt. Limfjordsteatret p\u00e5 Mors f\u00e5r 6. februar bes\u00f8g af forestillingen \u201dProjekt Frygt\u201d, der if\u00f8lge anmelderne er et hylemorsomt, satirisk og tankev\u00e6kkende livtag med en af menneskets st\u00f8rste og mest almindelige grundf\u00f8lelser: frygten. De to skuespillere p\u00e5 scenen, Lise Lauenblad og Marianne [&hellip;]<\/p>\n","protected":false},"author":747,"featured_media":110274,"comment_status":"closed","ping_status":"open","sticky":false,"template":"","format":"standard","meta":{"_acf_changed":false,"footnotes":""},"categories":[49],"tags":[],"class_list":["post-110273","post","type-post","status-publish","format-standard","has-post-thumbnail","hentry","category-kultur"],"acf":[],"yoast_head":"<!-- This site is optimized with the Yoast SEO plugin v26.8 - https:\/\/yoast.com\/product\/yoast-seo-wordpress\/ -->\n<title>Morsom forestilling om frygt - Mors<\/title>\n<meta name=\"robots\" content=\"index, follow, max-snippet:-1, max-image-preview:large, max-video-preview:-1\" \/>\n<link rel=\"canonical\" href=\"https:\/\/kunmedierne.dk\/mors\/morsom-forestilling-om-frygt\/\" \/>\n<meta property=\"og:locale\" content=\"da_DK\" \/>\n<meta property=\"og:type\" content=\"article\" \/>\n<meta property=\"og:title\" content=\"Morsom forestilling om frygt - Mors\" \/>\n<meta property=\"og:description\" content=\"TEATER: Det er ikke s\u00e6rlig instagram-venligt at v\u00e6re bange; det er derimod helt utroligt menneskeligt. Limfjordsteatret p\u00e5 Mors f\u00e5r 6. februar bes\u00f8g af forestillingen \u201dProjekt Frygt\u201d, der if\u00f8lge anmelderne er et hylemorsomt, satirisk og tankev\u00e6kkende livtag med en af menneskets st\u00f8rste og mest almindelige grundf\u00f8lelser: frygten. De to skuespillere p\u00e5 scenen, Lise Lauenblad og Marianne [&hellip;]\" \/>\n<meta property=\"og:url\" content=\"https:\/\/kunmedierne.dk\/mors\/morsom-forestilling-om-frygt\/\" \/>\n<meta property=\"og:site_name\" content=\"Mors\" \/>\n<meta property=\"article:published_time\" content=\"2024-01-23T20:10:40+00:00\" \/>\n<meta property=\"article:modified_time\" content=\"2024-08-12T11:11:16+00:00\" \/>\n<meta property=\"og:image\" content=\"https:\/\/kunmedierne.dk\/mors\/wp-content\/uploads\/2024\/01\/Projekt-Frygt-1-Foto_Raphael-Solholm.jpg\" \/>\n\t<meta property=\"og:image:width\" content=\"770\" \/>\n\t<meta property=\"og:image:height\" content=\"513\" \/>\n\t<meta property=\"og:image:type\" content=\"image\/jpeg\" \/>\n<meta name=\"author\" content=\"Redaktion\" \/>\n<meta name=\"twitter:card\" content=\"summary_large_image\" \/>\n<meta name=\"twitter:label1\" content=\"Skrevet af\" \/>\n\t<meta name=\"twitter:data1\" content=\"Redaktion\" \/>\n\t<meta name=\"twitter:label2\" content=\"Estimeret l\u00e6setid\" \/>\n\t<meta name=\"twitter:data2\" content=\"2 minutter\" \/>\n<script type=\"application\/ld+json\" class=\"yoast-schema-graph\">{\"@context\":\"https:\/\/schema.org\",\"@graph\":[{\"@type\":\"Article\",\"@id\":\"https:\/\/kunmedierne.dk\/mors\/morsom-forestilling-om-frygt\/#article\",\"isPartOf\":{\"@id\":\"https:\/\/kunmedierne.dk\/mors\/morsom-forestilling-om-frygt\/\"},\"author\":{\"name\":\"Redaktion\",\"@id\":\"https:\/\/kunmedierne.dk\/mors\/#\/schema\/person\/23238f24c03ec888fff51102de5a585f\"},\"headline\":\"Morsom forestilling om frygt\",\"datePublished\":\"2024-01-23T20:10:40+00:00\",\"dateModified\":\"2024-08-12T11:11:16+00:00\",\"mainEntityOfPage\":{\"@id\":\"https:\/\/kunmedierne.dk\/mors\/morsom-forestilling-om-frygt\/\"},\"wordCount\":327,\"publisher\":{\"@id\":\"https:\/\/kunmedierne.dk\/mors\/#organization\"},\"image\":{\"@id\":\"https:\/\/kunmedierne.dk\/mors\/morsom-forestilling-om-frygt\/#primaryimage\"},\"thumbnailUrl\":\"https:\/\/kunmedierne.dk\/mors\/wp-content\/uploads\/2024\/01\/Projekt-Frygt-1-Foto_Raphael-Solholm.jpg\",\"articleSection\":[\"Kultur\"],\"inLanguage\":\"da-DK\"},{\"@type\":\"WebPage\",\"@id\":\"https:\/\/kunmedierne.dk\/mors\/morsom-forestilling-om-frygt\/\",\"url\":\"https:\/\/kunmedierne.dk\/mors\/morsom-forestilling-om-frygt\/\",\"name\":\"Morsom forestilling om frygt - Mors\",\"isPartOf\":{\"@id\":\"https:\/\/kunmedierne.dk\/mors\/#website\"},\"primaryImageOfPage\":{\"@id\":\"https:\/\/kunmedierne.dk\/mors\/morsom-forestilling-om-frygt\/#primaryimage\"},\"image\":{\"@id\":\"https:\/\/kunmedierne.dk\/mors\/morsom-forestilling-om-frygt\/#primaryimage\"},\"thumbnailUrl\":\"https:\/\/kunmedierne.dk\/mors\/wp-content\/uploads\/2024\/01\/Projekt-Frygt-1-Foto_Raphael-Solholm.jpg\",\"datePublished\":\"2024-01-23T20:10:40+00:00\",\"dateModified\":\"2024-08-12T11:11:16+00:00\",\"breadcrumb\":{\"@id\":\"https:\/\/kunmedierne.dk\/mors\/morsom-forestilling-om-frygt\/#breadcrumb\"},\"inLanguage\":\"da-DK\",\"potentialAction\":[{\"@type\":\"ReadAction\",\"target\":[\"https:\/\/kunmedierne.dk\/mors\/morsom-forestilling-om-frygt\/\"]}]},{\"@type\":\"ImageObject\",\"inLanguage\":\"da-DK\",\"@id\":\"https:\/\/kunmedierne.dk\/mors\/morsom-forestilling-om-frygt\/#primaryimage\",\"url\":\"https:\/\/kunmedierne.dk\/mors\/wp-content\/uploads\/2024\/01\/Projekt-Frygt-1-Foto_Raphael-Solholm.jpg\",\"contentUrl\":\"https:\/\/kunmedierne.dk\/mors\/wp-content\/uploads\/2024\/01\/Projekt-Frygt-1-Foto_Raphael-Solholm.jpg\",\"width\":770,\"height\":513,\"caption\":\"Anmelderne har moret sig ustyrligt over de to skuespillere, Lise Lauenblad og Marianne S\u00f8ndergaard, og deres samtidigt tankev\u00e6kkende forestilling \u201dProjekt Frygt\u201d. Foto: Raphael Frisenv\u00e6nge Solholm.\"},{\"@type\":\"BreadcrumbList\",\"@id\":\"https:\/\/kunmedierne.dk\/mors\/morsom-forestilling-om-frygt\/#breadcrumb\",\"itemListElement\":[{\"@type\":\"ListItem\",\"position\":1,\"name\":\"Hjem\",\"item\":\"https:\/\/kunmedierne.dk\/mors\/\"},{\"@type\":\"ListItem\",\"position\":2,\"name\":\"Morsom forestilling om frygt\"}]},{\"@type\":\"WebSite\",\"@id\":\"https:\/\/kunmedierne.dk\/mors\/#website\",\"url\":\"https:\/\/kunmedierne.dk\/mors\/\",\"name\":\"Mors\",\"description\":\"et netmedie med journalistik om livet p\u00e5 Mors\",\"publisher\":{\"@id\":\"https:\/\/kunmedierne.dk\/mors\/#organization\"},\"potentialAction\":[{\"@type\":\"SearchAction\",\"target\":{\"@type\":\"EntryPoint\",\"urlTemplate\":\"https:\/\/kunmedierne.dk\/mors\/?s={search_term_string}\"},\"query-input\":{\"@type\":\"PropertyValueSpecification\",\"valueRequired\":true,\"valueName\":\"search_term_string\"}}],\"inLanguage\":\"da-DK\"},{\"@type\":\"Organization\",\"@id\":\"https:\/\/kunmedierne.dk\/mors\/#organization\",\"name\":\"Mors\",\"url\":\"https:\/\/kunmedierne.dk\/mors\/\",\"logo\":{\"@type\":\"ImageObject\",\"inLanguage\":\"da-DK\",\"@id\":\"https:\/\/kunmedierne.dk\/mors\/#\/schema\/logo\/image\/\",\"url\":\"https:\/\/kunmedierne.dk\/mors\/wp-content\/uploads\/2024\/08\/kunmors-logo.svg\",\"contentUrl\":\"https:\/\/kunmedierne.dk\/mors\/wp-content\/uploads\/2024\/08\/kunmors-logo.svg\",\"caption\":\"Mors\"},\"image\":{\"@id\":\"https:\/\/kunmedierne.dk\/mors\/#\/schema\/logo\/image\/\"}},{\"@type\":\"Person\",\"@id\":\"https:\/\/kunmedierne.dk\/mors\/#\/schema\/person\/23238f24c03ec888fff51102de5a585f\",\"name\":\"Redaktion\",\"image\":{\"@type\":\"ImageObject\",\"inLanguage\":\"da-DK\",\"@id\":\"https:\/\/kunmedierne.dk\/mors\/#\/schema\/person\/image\/\",\"url\":\"https:\/\/secure.gravatar.com\/avatar\/690249c43fd60787b97b93384a212aafd43f4087384fe866ff6bcd15574fdf55?s=96&d=mm&r=g\",\"contentUrl\":\"https:\/\/secure.gravatar.com\/avatar\/690249c43fd60787b97b93384a212aafd43f4087384fe866ff6bcd15574fdf55?s=96&d=mm&r=g\",\"caption\":\"Redaktion\"},\"url\":\"https:\/\/kunmedierne.dk\/mors\/author\/redaktion\/\"}]}<\/script>\n<!-- \/ Yoast SEO plugin. -->","yoast_head_json":{"title":"Morsom forestilling om frygt - Mors","robots":{"index":"index","follow":"follow","max-snippet":"max-snippet:-1","max-image-preview":"max-image-preview:large","max-video-preview":"max-video-preview:-1"},"canonical":"https:\/\/kunmedierne.dk\/mors\/morsom-forestilling-om-frygt\/","og_locale":"da_DK","og_type":"article","og_title":"Morsom forestilling om frygt - Mors","og_description":"TEATER: Det er ikke s\u00e6rlig instagram-venligt at v\u00e6re bange; det er derimod helt utroligt menneskeligt. Limfjordsteatret p\u00e5 Mors f\u00e5r 6. februar bes\u00f8g af forestillingen \u201dProjekt Frygt\u201d, der if\u00f8lge anmelderne er et hylemorsomt, satirisk og tankev\u00e6kkende livtag med en af menneskets st\u00f8rste og mest almindelige grundf\u00f8lelser: frygten. De to skuespillere p\u00e5 scenen, Lise Lauenblad og Marianne [&hellip;]","og_url":"https:\/\/kunmedierne.dk\/mors\/morsom-forestilling-om-frygt\/","og_site_name":"Mors","article_published_time":"2024-01-23T20:10:40+00:00","article_modified_time":"2024-08-12T11:11:16+00:00","og_image":[{"width":770,"height":513,"url":"https:\/\/kunmedierne.dk\/mors\/wp-content\/uploads\/2024\/01\/Projekt-Frygt-1-Foto_Raphael-Solholm.jpg","type":"image\/jpeg"}],"author":"Redaktion","twitter_card":"summary_large_image","twitter_misc":{"Skrevet af":"Redaktion","Estimeret l\u00e6setid":"2 minutter"},"schema":{"@context":"https:\/\/schema.org","@graph":[{"@type":"Article","@id":"https:\/\/kunmedierne.dk\/mors\/morsom-forestilling-om-frygt\/#article","isPartOf":{"@id":"https:\/\/kunmedierne.dk\/mors\/morsom-forestilling-om-frygt\/"},"author":{"name":"Redaktion","@id":"https:\/\/kunmedierne.dk\/mors\/#\/schema\/person\/23238f24c03ec888fff51102de5a585f"},"headline":"Morsom forestilling om frygt","datePublished":"2024-01-23T20:10:40+00:00","dateModified":"2024-08-12T11:11:16+00:00","mainEntityOfPage":{"@id":"https:\/\/kunmedierne.dk\/mors\/morsom-forestilling-om-frygt\/"},"wordCount":327,"publisher":{"@id":"https:\/\/kunmedierne.dk\/mors\/#organization"},"image":{"@id":"https:\/\/kunmedierne.dk\/mors\/morsom-forestilling-om-frygt\/#primaryimage"},"thumbnailUrl":"https:\/\/kunmedierne.dk\/mors\/wp-content\/uploads\/2024\/01\/Projekt-Frygt-1-Foto_Raphael-Solholm.jpg","articleSection":["Kultur"],"inLanguage":"da-DK"},{"@type":"WebPage","@id":"https:\/\/kunmedierne.dk\/mors\/morsom-forestilling-om-frygt\/","url":"https:\/\/kunmedierne.dk\/mors\/morsom-forestilling-om-frygt\/","name":"Morsom forestilling om frygt - Mors","isPartOf":{"@id":"https:\/\/kunmedierne.dk\/mors\/#website"},"primaryImageOfPage":{"@id":"https:\/\/kunmedierne.dk\/mors\/morsom-forestilling-om-frygt\/#primaryimage"},"image":{"@id":"https:\/\/kunmedierne.dk\/mors\/morsom-forestilling-om-frygt\/#primaryimage"},"thumbnailUrl":"https:\/\/kunmedierne.dk\/mors\/wp-content\/uploads\/2024\/01\/Projekt-Frygt-1-Foto_Raphael-Solholm.jpg","datePublished":"2024-01-23T20:10:40+00:00","dateModified":"2024-08-12T11:11:16+00:00","breadcrumb":{"@id":"https:\/\/kunmedierne.dk\/mors\/morsom-forestilling-om-frygt\/#breadcrumb"},"inLanguage":"da-DK","potentialAction":[{"@type":"ReadAction","target":["https:\/\/kunmedierne.dk\/mors\/morsom-forestilling-om-frygt\/"]}]},{"@type":"ImageObject","inLanguage":"da-DK","@id":"https:\/\/kunmedierne.dk\/mors\/morsom-forestilling-om-frygt\/#primaryimage","url":"https:\/\/kunmedierne.dk\/mors\/wp-content\/uploads\/2024\/01\/Projekt-Frygt-1-Foto_Raphael-Solholm.jpg","contentUrl":"https:\/\/kunmedierne.dk\/mors\/wp-content\/uploads\/2024\/01\/Projekt-Frygt-1-Foto_Raphael-Solholm.jpg","width":770,"height":513,"caption":"Anmelderne har moret sig ustyrligt over de to skuespillere, Lise Lauenblad og Marianne S\u00f8ndergaard, og deres samtidigt tankev\u00e6kkende forestilling \u201dProjekt Frygt\u201d. Foto: Raphael Frisenv\u00e6nge Solholm."},{"@type":"BreadcrumbList","@id":"https:\/\/kunmedierne.dk\/mors\/morsom-forestilling-om-frygt\/#breadcrumb","itemListElement":[{"@type":"ListItem","position":1,"name":"Hjem","item":"https:\/\/kunmedierne.dk\/mors\/"},{"@type":"ListItem","position":2,"name":"Morsom forestilling om frygt"}]},{"@type":"WebSite","@id":"https:\/\/kunmedierne.dk\/mors\/#website","url":"https:\/\/kunmedierne.dk\/mors\/","name":"Mors","description":"et netmedie med journalistik om livet p\u00e5 Mors","publisher":{"@id":"https:\/\/kunmedierne.dk\/mors\/#organization"},"potentialAction":[{"@type":"SearchAction","target":{"@type":"EntryPoint","urlTemplate":"https:\/\/kunmedierne.dk\/mors\/?s={search_term_string}"},"query-input":{"@type":"PropertyValueSpecification","valueRequired":true,"valueName":"search_term_string"}}],"inLanguage":"da-DK"},{"@type":"Organization","@id":"https:\/\/kunmedierne.dk\/mors\/#organization","name":"Mors","url":"https:\/\/kunmedierne.dk\/mors\/","logo":{"@type":"ImageObject","inLanguage":"da-DK","@id":"https:\/\/kunmedierne.dk\/mors\/#\/schema\/logo\/image\/","url":"https:\/\/kunmedierne.dk\/mors\/wp-content\/uploads\/2024\/08\/kunmors-logo.svg","contentUrl":"https:\/\/kunmedierne.dk\/mors\/wp-content\/uploads\/2024\/08\/kunmors-logo.svg","caption":"Mors"},"image":{"@id":"https:\/\/kunmedierne.dk\/mors\/#\/schema\/logo\/image\/"}},{"@type":"Person","@id":"https:\/\/kunmedierne.dk\/mors\/#\/schema\/person\/23238f24c03ec888fff51102de5a585f","name":"Redaktion","image":{"@type":"ImageObject","inLanguage":"da-DK","@id":"https:\/\/kunmedierne.dk\/mors\/#\/schema\/person\/image\/","url":"https:\/\/secure.gravatar.com\/avatar\/690249c43fd60787b97b93384a212aafd43f4087384fe866ff6bcd15574fdf55?s=96&d=mm&r=g","contentUrl":"https:\/\/secure.gravatar.com\/avatar\/690249c43fd60787b97b93384a212aafd43f4087384fe866ff6bcd15574fdf55?s=96&d=mm&r=g","caption":"Redaktion"},"url":"https:\/\/kunmedierne.dk\/mors\/author\/redaktion\/"}]}},"_links":{"self":[{"href":"https:\/\/kunmedierne.dk\/mors\/wp-json\/wp\/v2\/posts\/110273","targetHints":{"allow":["GET"]}}],"collection":[{"href":"https:\/\/kunmedierne.dk\/mors\/wp-json\/wp\/v2\/posts"}],"about":[{"href":"https:\/\/kunmedierne.dk\/mors\/wp-json\/wp\/v2\/types\/post"}],"author":[{"embeddable":true,"href":"https:\/\/kunmedierne.dk\/mors\/wp-json\/wp\/v2\/users\/747"}],"replies":[{"embeddable":true,"href":"https:\/\/kunmedierne.dk\/mors\/wp-json\/wp\/v2\/comments?post=110273"}],"version-history":[{"count":1,"href":"https:\/\/kunmedierne.dk\/mors\/wp-json\/wp\/v2\/posts\/110273\/revisions"}],"predecessor-version":[{"id":110275,"href":"https:\/\/kunmedierne.dk\/mors\/wp-json\/wp\/v2\/posts\/110273\/revisions\/110275"}],"wp:featuredmedia":[{"embeddable":true,"href":"https:\/\/kunmedierne.dk\/mors\/wp-json\/wp\/v2\/media\/110274"}],"wp:attachment":[{"href":"https:\/\/kunmedierne.dk\/mors\/wp-json\/wp\/v2\/media?parent=110273"}],"wp:term":[{"taxonomy":"category","embeddable":true,"href":"https:\/\/kunmedierne.dk\/mors\/wp-json\/wp\/v2\/categories?post=110273"},{"taxonomy":"post_tag","embeddable":true,"href":"https:\/\/kunmedierne.dk\/mors\/wp-json\/wp\/v2\/tags?post=110273"}],"curies":[{"name":"wp","href":"https:\/\/api.w.org\/{rel}","templated":true}]}}