{"id":109686,"date":"2024-01-14T12:58:12","date_gmt":"2024-01-14T11:58:12","guid":{"rendered":"https:\/\/kunmedierne.dk\/mors\/?p=109686"},"modified":"2024-08-12T13:11:19","modified_gmt":"2024-08-12T11:11:19","slug":"farvel-til-familiefirmaet-det-er-maerkeligt-ikke-at-skulle-have-med-biler-at-goere-mere","status":"publish","type":"post","link":"https:\/\/kunmedierne.dk\/mors\/farvel-til-familiefirmaet-det-er-maerkeligt-ikke-at-skulle-have-med-biler-at-goere-mere\/","title":{"rendered":"Farvel til familiefirmaet: &#8211; Det er m\u00e6rkeligt ikke at skulle have med biler at g\u00f8re mere"},"content":{"rendered":"<p><b>ERHVERV<\/b>: Navnet Haaning forbindes p\u00e5 Mors med Volkswagen, men snart har den sidste af tre br\u00f8dre taget afsked med Haaning Automobiler.<\/p>\n<p>Faktisk har Torben Haaning nu solgt sin andel af VW Nyk\u00f8bing og Thisted til sin kompagnon igennem mange \u00e5r, Henrik Larsen. S\u00e5 i princippet stoppede han i butikken p\u00e5 Vesterbro ved \u00e5rsskiftet.<\/p>\n<a class=\"dvrt-link\" onClick=\"cdmtrack_click(104787,jQuery(this));return false\" href=\"https:\/\/www.jyskebank.dk\/kontakt\/afdelingsinfo?departmentid=11890\"><img decoding=\"async\" style=\"width:100%;\" src=\"https:\/\/kunmedierne.dk\/mors\/wp-content\/uploads\/2023\/10\/260325JyskeBankMorsNy-1.jpg\"><\/a><script>cdmtrack_view(104787);<\/script>\n<p>Han ses dog p\u00e5 adressen et stykke tid endnu i en slags ad hoc-tilknytning.<\/p>\n<p>&#8211; Jeg har stadig lidt min gang og hj\u00e6lper stadig &#8211; hovedsageligt med lidt erhvervssalg. Og de kunder, der stadig vil handle med mig, skal selvf\u00f8lgelig have buddet. Jeg ved ikke, om man kan tillade sig at kalde det for freelances\u00e6lger, men s\u00e5 l\u00e6nge, jeg synes, det er sjovt &#8211; og s\u00e5 l\u00e6nge de vil g\u00f8re brug af mig &#8211; s\u00e5 er vi enige om, at det her er meget nyttigt, siger Torben Haaning.<\/p>\n<p>&nbsp;<\/p>\n<p><b>Sidste Haaning i virksomheden<\/b><\/p>\n<p>Han blev om nogen n\u00e6rmest f\u00f8dt ind i bilbranchen.<\/p>\n<p>Han kom til verden i sommeren 1971 &#8211; i lejligheden oven p\u00e5 bilforretningen i Hurup, hvor hans far, S\u00f8ren Hurup, i 1968 var begyndt at s\u00e6lge folkevogne.<\/p>\n<a class=\"dvrt-link\" onClick=\"cdmtrack_click(104780,jQuery(this));return false\" href=\"https:\/\/www.spard.dk\/\"><img decoding=\"async\" style=\"width:100%;\" src=\"https:\/\/kunmedierne.dk\/mors\/wp-content\/uploads\/2023\/12\/sparekassen-dk-maj25.gif\"><\/a><script>cdmtrack_view(104780);<\/script>\n<p>Siden \u00e5bnede man i b\u00e5de Nyk\u00f8bing og Thisted &#8211; og lige som br\u00f8drene Hans og Alfred blev Torben Haaning ogs\u00e5 en del af virksomheden.<\/p>\n<p>Det gjorde han i 1998 efter f\u00f8rst at have v\u00e6ret andre steder i samme branche. S\u00e5 det er ogs\u00e5 tre \u00e5rtier af tilv\u00e6relsen, der er ved at n\u00e5 sin ende for den lokale erhvervsmand.<\/p>\n<p>&#8211; Jeg har v\u00e6ret i branchen i 30 \u00e5r, og det er vildt m\u00e6rkeligt ikke at skulle v\u00e6re der mere, n\u00e5r jeg nu er f\u00f8dt og opvokset oven p\u00e5 en bilforretning, siger han.<\/p>\n<p>&nbsp;<\/p>\n<p><b>Fusion p\u00e5 vej<\/b><\/p>\n<p>Begge br\u00f8dre er i de senere \u00e5r k\u00f8bt ud af virksomheden, som indtil nyt\u00e5r var ejet af Torben Haaning og Henrik Larsen i f\u00e6llesskab.<\/p>\n<p>Nu st\u00e5r sidstn\u00e6vnte med ejerskabet alene, hvilket ogs\u00e5 en \u00e5rsag til, at den nu tidligere indehaver ser b\u00e5de tilbage og fremad med ro i sindet.<\/p>\n<p>&#8211; Jeg ved, at virksomheden er i trygge h\u00e6nder. Og i den her fusion ved jeg ogs\u00e5, at der er\u00a0en virksomhed om 10 \u00e5r, siger Torben Haaning.<\/p>\n<a class=\"dvrt-link\" onClick=\"cdmtrack_click(104783,jQuery(this));return false\" href=\"https:\/\/konpap.dk\/\"><img decoding=\"async\" style=\"width:100%;\" src=\"https:\/\/kunmedierne.dk\/mors\/wp-content\/uploads\/2023\/10\/Kun-Mors-banner.jpg\"><\/a><script>cdmtrack_view(104783);<\/script>\n<p>Med fusion henviser han til den \u00e6ndring, der er p\u00e5 vej i 2024, n\u00e5r Haaning Automobiler efter planen fusionerer med andre bilhuse i det midtjyske.<\/p>\n<p>&#8211; Valgte vi ikke at g\u00e5 ind i s\u00e5dan en fusion, kunne jeg godt v\u00e6re nerv\u00f8s for det. Vi er jo ikke s\u00e6rligt store spillere p\u00e5 markedet, og s\u00e5 er det ikke sikkert, at vi ville v\u00e6re der om fem \u00e5r. Men n\u00e5r vi g\u00f8r de her ting, er virksomheden der ogs\u00e5 om fem og 10 \u00e5r, siger Torben Haaning.<\/p>\n<p>&nbsp;<\/p>\n<p><b>Mange id\u00e9er og planer<\/b><\/p>\n<p>For hans eget vedkommende g\u00e6lder det nu andre markeder i helt andre brancher.<\/p>\n<p>For et par \u00e5r siden var Torben Haaning med til at etablere en padelhal i Nyk\u00f8bing. Nu ejer han ogs\u00e5 en i Thisted og er med p\u00e5 et tilsvarende projekt i Viborg.<\/p>\n<p>Derudover ejer han to t\u00f8jvirksomheder p\u00e5 Sj\u00e6lland.<\/p>\n<p>&#8211; Det gode er heldigvis, at jeg er med i en frygtelig masse andre ting. Det er nok ogs\u00e5 en af \u00e5rsagerne. Hvis jeg skal n\u00e5 at pr\u00f8ve noget andet her i livet, skal det ogs\u00e5 til at v\u00e6re nu, siger den 52-\u00e5rige morsingbo.<\/p>\n<a class=\"dvrt-link\" onClick=\"cdmtrack_click(104781,jQuery(this));return false\" href=\"https:\/\/www.fmspks.dk\/\"><img decoding=\"async\" style=\"width:100%;\" src=\"https:\/\/kunmedierne.dk\/mors\/wp-content\/uploads\/2022\/02\/vip-froeslev-mollerup-sparekasse.jpg\"><\/a><script>cdmtrack_view(104781);<\/script>\n<p>Derfor bliver afskeden med den mere end et halvt \u00e5rhundrede gamle familievirksomhed ogs\u00e5 en afsked med erhvervslivet.<\/p>\n<p>&#8211; Jeg har en masse id\u00e9er og planer. Nu kan jeg bruge tiden p\u00e5 noget af alt det, og s\u00e5 m\u00e5 jeg se, om jeg ikke kan finde en hverdag i det, siger Torben Haaning.<\/p>\n<p>Det g\u00f8r han med den uvished, der trods alt f\u00f8lger med, n\u00e5r man s\u00e6tter punktum for s\u00e5 langt et kapitel.<\/p>\n<p>&#8211; Det er lidt m\u00e6rkeligt ikke at skulle have med biler at g\u00f8re, n\u00e5r det har v\u00e6ret hele mit liv. Men det finder jeg nok f\u00f8rst ud af senere, siger han.<\/p>\n","protected":false},"excerpt":{"rendered":"<p>ERHVERV: Navnet Haaning forbindes p\u00e5 Mors med Volkswagen, men snart har den sidste af tre br\u00f8dre taget afsked med Haaning Automobiler. Faktisk har Torben Haaning nu solgt sin andel af VW Nyk\u00f8bing og Thisted til sin kompagnon igennem mange \u00e5r, Henrik Larsen. S\u00e5 i princippet stoppede han i butikken p\u00e5 Vesterbro ved \u00e5rsskiftet. Han ses [&hellip;]<\/p>\n","protected":false},"author":8,"featured_media":109688,"comment_status":"closed","ping_status":"open","sticky":false,"template":"","format":"standard","meta":{"_acf_changed":false,"footnotes":""},"categories":[51],"tags":[159,160],"class_list":["post-109686","post","type-post","status-publish","format-standard","has-post-thumbnail","hentry","category-lokalt","tag-erhverv","tag-handel"],"acf":[],"yoast_head":"<!-- This site is optimized with the Yoast SEO plugin v26.8 - https:\/\/yoast.com\/product\/yoast-seo-wordpress\/ -->\n<title>Farvel til familiefirmaet: - Det er m\u00e6rkeligt ikke at skulle have med biler at g\u00f8re mere - Mors<\/title>\n<meta name=\"robots\" content=\"index, follow, max-snippet:-1, max-image-preview:large, max-video-preview:-1\" \/>\n<link rel=\"canonical\" href=\"https:\/\/kunmedierne.dk\/mors\/farvel-til-familiefirmaet-det-er-maerkeligt-ikke-at-skulle-have-med-biler-at-goere-mere\/\" \/>\n<meta property=\"og:locale\" content=\"da_DK\" \/>\n<meta property=\"og:type\" content=\"article\" \/>\n<meta property=\"og:title\" content=\"Farvel til familiefirmaet: - Det er m\u00e6rkeligt ikke at skulle have med biler at g\u00f8re mere - Mors\" \/>\n<meta property=\"og:description\" content=\"ERHVERV: Navnet Haaning forbindes p\u00e5 Mors med Volkswagen, men snart har den sidste af tre br\u00f8dre taget afsked med Haaning Automobiler. Faktisk har Torben Haaning nu solgt sin andel af VW Nyk\u00f8bing og Thisted til sin kompagnon igennem mange \u00e5r, Henrik Larsen. S\u00e5 i princippet stoppede han i butikken p\u00e5 Vesterbro ved \u00e5rsskiftet. Han ses [&hellip;]\" \/>\n<meta property=\"og:url\" content=\"https:\/\/kunmedierne.dk\/mors\/farvel-til-familiefirmaet-det-er-maerkeligt-ikke-at-skulle-have-med-biler-at-goere-mere\/\" \/>\n<meta property=\"og:site_name\" content=\"Mors\" \/>\n<meta property=\"article:published_time\" content=\"2024-01-14T11:58:12+00:00\" \/>\n<meta property=\"article:modified_time\" content=\"2024-08-12T11:11:19+00:00\" \/>\n<meta property=\"og:image\" content=\"https:\/\/kunmedierne.dk\/mors\/wp-content\/uploads\/2024\/01\/haaning-larsen-vw-Kopi.jpg\" \/>\n\t<meta property=\"og:image:width\" content=\"770\" \/>\n\t<meta property=\"og:image:height\" content=\"513\" \/>\n\t<meta property=\"og:image:type\" content=\"image\/jpeg\" \/>\n<meta name=\"author\" content=\"David H\u00f8jmark\" \/>\n<meta name=\"twitter:card\" content=\"summary_large_image\" \/>\n<meta name=\"twitter:label1\" content=\"Skrevet af\" \/>\n\t<meta name=\"twitter:data1\" content=\"David H\u00f8jmark\" \/>\n\t<meta name=\"twitter:label2\" content=\"Estimeret l\u00e6setid\" \/>\n\t<meta name=\"twitter:data2\" content=\"4 minutter\" \/>\n<script type=\"application\/ld+json\" class=\"yoast-schema-graph\">{\"@context\":\"https:\/\/schema.org\",\"@graph\":[{\"@type\":\"Article\",\"@id\":\"https:\/\/kunmedierne.dk\/mors\/farvel-til-familiefirmaet-det-er-maerkeligt-ikke-at-skulle-have-med-biler-at-goere-mere\/#article\",\"isPartOf\":{\"@id\":\"https:\/\/kunmedierne.dk\/mors\/farvel-til-familiefirmaet-det-er-maerkeligt-ikke-at-skulle-have-med-biler-at-goere-mere\/\"},\"author\":{\"name\":\"David H\u00f8jmark\",\"@id\":\"https:\/\/kunmedierne.dk\/mors\/#\/schema\/person\/5fe23251bf1d0abbcdc6f7896579d548\"},\"headline\":\"Farvel til familiefirmaet: &#8211; Det er m\u00e6rkeligt ikke at skulle have med biler at g\u00f8re mere\",\"datePublished\":\"2024-01-14T11:58:12+00:00\",\"dateModified\":\"2024-08-12T11:11:19+00:00\",\"mainEntityOfPage\":{\"@id\":\"https:\/\/kunmedierne.dk\/mors\/farvel-til-familiefirmaet-det-er-maerkeligt-ikke-at-skulle-have-med-biler-at-goere-mere\/\"},\"wordCount\":719,\"publisher\":{\"@id\":\"https:\/\/kunmedierne.dk\/mors\/#organization\"},\"image\":{\"@id\":\"https:\/\/kunmedierne.dk\/mors\/farvel-til-familiefirmaet-det-er-maerkeligt-ikke-at-skulle-have-med-biler-at-goere-mere\/#primaryimage\"},\"thumbnailUrl\":\"https:\/\/kunmedierne.dk\/mors\/wp-content\/uploads\/2024\/01\/haaning-larsen-vw-Kopi.jpg\",\"keywords\":[\"Erhverv\",\"Handel\"],\"articleSection\":[\"Lokalt\"],\"inLanguage\":\"da-DK\"},{\"@type\":\"WebPage\",\"@id\":\"https:\/\/kunmedierne.dk\/mors\/farvel-til-familiefirmaet-det-er-maerkeligt-ikke-at-skulle-have-med-biler-at-goere-mere\/\",\"url\":\"https:\/\/kunmedierne.dk\/mors\/farvel-til-familiefirmaet-det-er-maerkeligt-ikke-at-skulle-have-med-biler-at-goere-mere\/\",\"name\":\"Farvel til familiefirmaet: - Det er m\u00e6rkeligt ikke at skulle have med biler at g\u00f8re mere - Mors\",\"isPartOf\":{\"@id\":\"https:\/\/kunmedierne.dk\/mors\/#website\"},\"primaryImageOfPage\":{\"@id\":\"https:\/\/kunmedierne.dk\/mors\/farvel-til-familiefirmaet-det-er-maerkeligt-ikke-at-skulle-have-med-biler-at-goere-mere\/#primaryimage\"},\"image\":{\"@id\":\"https:\/\/kunmedierne.dk\/mors\/farvel-til-familiefirmaet-det-er-maerkeligt-ikke-at-skulle-have-med-biler-at-goere-mere\/#primaryimage\"},\"thumbnailUrl\":\"https:\/\/kunmedierne.dk\/mors\/wp-content\/uploads\/2024\/01\/haaning-larsen-vw-Kopi.jpg\",\"datePublished\":\"2024-01-14T11:58:12+00:00\",\"dateModified\":\"2024-08-12T11:11:19+00:00\",\"breadcrumb\":{\"@id\":\"https:\/\/kunmedierne.dk\/mors\/farvel-til-familiefirmaet-det-er-maerkeligt-ikke-at-skulle-have-med-biler-at-goere-mere\/#breadcrumb\"},\"inLanguage\":\"da-DK\",\"potentialAction\":[{\"@type\":\"ReadAction\",\"target\":[\"https:\/\/kunmedierne.dk\/mors\/farvel-til-familiefirmaet-det-er-maerkeligt-ikke-at-skulle-have-med-biler-at-goere-mere\/\"]}]},{\"@type\":\"ImageObject\",\"inLanguage\":\"da-DK\",\"@id\":\"https:\/\/kunmedierne.dk\/mors\/farvel-til-familiefirmaet-det-er-maerkeligt-ikke-at-skulle-have-med-biler-at-goere-mere\/#primaryimage\",\"url\":\"https:\/\/kunmedierne.dk\/mors\/wp-content\/uploads\/2024\/01\/haaning-larsen-vw-Kopi.jpg\",\"contentUrl\":\"https:\/\/kunmedierne.dk\/mors\/wp-content\/uploads\/2024\/01\/haaning-larsen-vw-Kopi.jpg\",\"width\":770,\"height\":513,\"caption\":\"Torben Haaning (tv.) og Henrik Larsen. Foto: Haaning Automobiler.\"},{\"@type\":\"BreadcrumbList\",\"@id\":\"https:\/\/kunmedierne.dk\/mors\/farvel-til-familiefirmaet-det-er-maerkeligt-ikke-at-skulle-have-med-biler-at-goere-mere\/#breadcrumb\",\"itemListElement\":[{\"@type\":\"ListItem\",\"position\":1,\"name\":\"Hjem\",\"item\":\"https:\/\/kunmedierne.dk\/mors\/\"},{\"@type\":\"ListItem\",\"position\":2,\"name\":\"Farvel til familiefirmaet: &#8211; Det er m\u00e6rkeligt ikke at skulle have med biler at g\u00f8re mere\"}]},{\"@type\":\"WebSite\",\"@id\":\"https:\/\/kunmedierne.dk\/mors\/#website\",\"url\":\"https:\/\/kunmedierne.dk\/mors\/\",\"name\":\"Mors\",\"description\":\"et netmedie med journalistik om livet p\u00e5 Mors\",\"publisher\":{\"@id\":\"https:\/\/kunmedierne.dk\/mors\/#organization\"},\"potentialAction\":[{\"@type\":\"SearchAction\",\"target\":{\"@type\":\"EntryPoint\",\"urlTemplate\":\"https:\/\/kunmedierne.dk\/mors\/?s={search_term_string}\"},\"query-input\":{\"@type\":\"PropertyValueSpecification\",\"valueRequired\":true,\"valueName\":\"search_term_string\"}}],\"inLanguage\":\"da-DK\"},{\"@type\":\"Organization\",\"@id\":\"https:\/\/kunmedierne.dk\/mors\/#organization\",\"name\":\"Mors\",\"url\":\"https:\/\/kunmedierne.dk\/mors\/\",\"logo\":{\"@type\":\"ImageObject\",\"inLanguage\":\"da-DK\",\"@id\":\"https:\/\/kunmedierne.dk\/mors\/#\/schema\/logo\/image\/\",\"url\":\"https:\/\/kunmedierne.dk\/mors\/wp-content\/uploads\/2024\/08\/kunmors-logo.svg\",\"contentUrl\":\"https:\/\/kunmedierne.dk\/mors\/wp-content\/uploads\/2024\/08\/kunmors-logo.svg\",\"caption\":\"Mors\"},\"image\":{\"@id\":\"https:\/\/kunmedierne.dk\/mors\/#\/schema\/logo\/image\/\"}},{\"@type\":\"Person\",\"@id\":\"https:\/\/kunmedierne.dk\/mors\/#\/schema\/person\/5fe23251bf1d0abbcdc6f7896579d548\",\"name\":\"David H\u00f8jmark\",\"image\":{\"@type\":\"ImageObject\",\"inLanguage\":\"da-DK\",\"@id\":\"https:\/\/kunmedierne.dk\/mors\/#\/schema\/person\/image\/\",\"url\":\"https:\/\/secure.gravatar.com\/avatar\/4315d6fb9ef244d729989f5f90268eb08d5bf8a3d84402f595fa194bb35784fd?s=96&d=mm&r=g\",\"contentUrl\":\"https:\/\/secure.gravatar.com\/avatar\/4315d6fb9ef244d729989f5f90268eb08d5bf8a3d84402f595fa194bb35784fd?s=96&d=mm&r=g\",\"caption\":\"David H\u00f8jmark\"},\"sameAs\":[\"https:\/\/www.kunmedierne.dk\"],\"url\":\"https:\/\/kunmedierne.dk\/mors\/author\/david\/\"}]}<\/script>\n<!-- \/ Yoast SEO plugin. -->","yoast_head_json":{"title":"Farvel til familiefirmaet: - Det er m\u00e6rkeligt ikke at skulle have med biler at g\u00f8re mere - Mors","robots":{"index":"index","follow":"follow","max-snippet":"max-snippet:-1","max-image-preview":"max-image-preview:large","max-video-preview":"max-video-preview:-1"},"canonical":"https:\/\/kunmedierne.dk\/mors\/farvel-til-familiefirmaet-det-er-maerkeligt-ikke-at-skulle-have-med-biler-at-goere-mere\/","og_locale":"da_DK","og_type":"article","og_title":"Farvel til familiefirmaet: - Det er m\u00e6rkeligt ikke at skulle have med biler at g\u00f8re mere - Mors","og_description":"ERHVERV: Navnet Haaning forbindes p\u00e5 Mors med Volkswagen, men snart har den sidste af tre br\u00f8dre taget afsked med Haaning Automobiler. Faktisk har Torben Haaning nu solgt sin andel af VW Nyk\u00f8bing og Thisted til sin kompagnon igennem mange \u00e5r, Henrik Larsen. S\u00e5 i princippet stoppede han i butikken p\u00e5 Vesterbro ved \u00e5rsskiftet. Han ses [&hellip;]","og_url":"https:\/\/kunmedierne.dk\/mors\/farvel-til-familiefirmaet-det-er-maerkeligt-ikke-at-skulle-have-med-biler-at-goere-mere\/","og_site_name":"Mors","article_published_time":"2024-01-14T11:58:12+00:00","article_modified_time":"2024-08-12T11:11:19+00:00","og_image":[{"width":770,"height":513,"url":"https:\/\/kunmedierne.dk\/mors\/wp-content\/uploads\/2024\/01\/haaning-larsen-vw-Kopi.jpg","type":"image\/jpeg"}],"author":"David H\u00f8jmark","twitter_card":"summary_large_image","twitter_misc":{"Skrevet af":"David H\u00f8jmark","Estimeret l\u00e6setid":"4 minutter"},"schema":{"@context":"https:\/\/schema.org","@graph":[{"@type":"Article","@id":"https:\/\/kunmedierne.dk\/mors\/farvel-til-familiefirmaet-det-er-maerkeligt-ikke-at-skulle-have-med-biler-at-goere-mere\/#article","isPartOf":{"@id":"https:\/\/kunmedierne.dk\/mors\/farvel-til-familiefirmaet-det-er-maerkeligt-ikke-at-skulle-have-med-biler-at-goere-mere\/"},"author":{"name":"David H\u00f8jmark","@id":"https:\/\/kunmedierne.dk\/mors\/#\/schema\/person\/5fe23251bf1d0abbcdc6f7896579d548"},"headline":"Farvel til familiefirmaet: &#8211; Det er m\u00e6rkeligt ikke at skulle have med biler at g\u00f8re mere","datePublished":"2024-01-14T11:58:12+00:00","dateModified":"2024-08-12T11:11:19+00:00","mainEntityOfPage":{"@id":"https:\/\/kunmedierne.dk\/mors\/farvel-til-familiefirmaet-det-er-maerkeligt-ikke-at-skulle-have-med-biler-at-goere-mere\/"},"wordCount":719,"publisher":{"@id":"https:\/\/kunmedierne.dk\/mors\/#organization"},"image":{"@id":"https:\/\/kunmedierne.dk\/mors\/farvel-til-familiefirmaet-det-er-maerkeligt-ikke-at-skulle-have-med-biler-at-goere-mere\/#primaryimage"},"thumbnailUrl":"https:\/\/kunmedierne.dk\/mors\/wp-content\/uploads\/2024\/01\/haaning-larsen-vw-Kopi.jpg","keywords":["Erhverv","Handel"],"articleSection":["Lokalt"],"inLanguage":"da-DK"},{"@type":"WebPage","@id":"https:\/\/kunmedierne.dk\/mors\/farvel-til-familiefirmaet-det-er-maerkeligt-ikke-at-skulle-have-med-biler-at-goere-mere\/","url":"https:\/\/kunmedierne.dk\/mors\/farvel-til-familiefirmaet-det-er-maerkeligt-ikke-at-skulle-have-med-biler-at-goere-mere\/","name":"Farvel til familiefirmaet: - Det er m\u00e6rkeligt ikke at skulle have med biler at g\u00f8re mere - Mors","isPartOf":{"@id":"https:\/\/kunmedierne.dk\/mors\/#website"},"primaryImageOfPage":{"@id":"https:\/\/kunmedierne.dk\/mors\/farvel-til-familiefirmaet-det-er-maerkeligt-ikke-at-skulle-have-med-biler-at-goere-mere\/#primaryimage"},"image":{"@id":"https:\/\/kunmedierne.dk\/mors\/farvel-til-familiefirmaet-det-er-maerkeligt-ikke-at-skulle-have-med-biler-at-goere-mere\/#primaryimage"},"thumbnailUrl":"https:\/\/kunmedierne.dk\/mors\/wp-content\/uploads\/2024\/01\/haaning-larsen-vw-Kopi.jpg","datePublished":"2024-01-14T11:58:12+00:00","dateModified":"2024-08-12T11:11:19+00:00","breadcrumb":{"@id":"https:\/\/kunmedierne.dk\/mors\/farvel-til-familiefirmaet-det-er-maerkeligt-ikke-at-skulle-have-med-biler-at-goere-mere\/#breadcrumb"},"inLanguage":"da-DK","potentialAction":[{"@type":"ReadAction","target":["https:\/\/kunmedierne.dk\/mors\/farvel-til-familiefirmaet-det-er-maerkeligt-ikke-at-skulle-have-med-biler-at-goere-mere\/"]}]},{"@type":"ImageObject","inLanguage":"da-DK","@id":"https:\/\/kunmedierne.dk\/mors\/farvel-til-familiefirmaet-det-er-maerkeligt-ikke-at-skulle-have-med-biler-at-goere-mere\/#primaryimage","url":"https:\/\/kunmedierne.dk\/mors\/wp-content\/uploads\/2024\/01\/haaning-larsen-vw-Kopi.jpg","contentUrl":"https:\/\/kunmedierne.dk\/mors\/wp-content\/uploads\/2024\/01\/haaning-larsen-vw-Kopi.jpg","width":770,"height":513,"caption":"Torben Haaning (tv.) og Henrik Larsen. Foto: Haaning Automobiler."},{"@type":"BreadcrumbList","@id":"https:\/\/kunmedierne.dk\/mors\/farvel-til-familiefirmaet-det-er-maerkeligt-ikke-at-skulle-have-med-biler-at-goere-mere\/#breadcrumb","itemListElement":[{"@type":"ListItem","position":1,"name":"Hjem","item":"https:\/\/kunmedierne.dk\/mors\/"},{"@type":"ListItem","position":2,"name":"Farvel til familiefirmaet: &#8211; Det er m\u00e6rkeligt ikke at skulle have med biler at g\u00f8re mere"}]},{"@type":"WebSite","@id":"https:\/\/kunmedierne.dk\/mors\/#website","url":"https:\/\/kunmedierne.dk\/mors\/","name":"Mors","description":"et netmedie med journalistik om livet p\u00e5 Mors","publisher":{"@id":"https:\/\/kunmedierne.dk\/mors\/#organization"},"potentialAction":[{"@type":"SearchAction","target":{"@type":"EntryPoint","urlTemplate":"https:\/\/kunmedierne.dk\/mors\/?s={search_term_string}"},"query-input":{"@type":"PropertyValueSpecification","valueRequired":true,"valueName":"search_term_string"}}],"inLanguage":"da-DK"},{"@type":"Organization","@id":"https:\/\/kunmedierne.dk\/mors\/#organization","name":"Mors","url":"https:\/\/kunmedierne.dk\/mors\/","logo":{"@type":"ImageObject","inLanguage":"da-DK","@id":"https:\/\/kunmedierne.dk\/mors\/#\/schema\/logo\/image\/","url":"https:\/\/kunmedierne.dk\/mors\/wp-content\/uploads\/2024\/08\/kunmors-logo.svg","contentUrl":"https:\/\/kunmedierne.dk\/mors\/wp-content\/uploads\/2024\/08\/kunmors-logo.svg","caption":"Mors"},"image":{"@id":"https:\/\/kunmedierne.dk\/mors\/#\/schema\/logo\/image\/"}},{"@type":"Person","@id":"https:\/\/kunmedierne.dk\/mors\/#\/schema\/person\/5fe23251bf1d0abbcdc6f7896579d548","name":"David H\u00f8jmark","image":{"@type":"ImageObject","inLanguage":"da-DK","@id":"https:\/\/kunmedierne.dk\/mors\/#\/schema\/person\/image\/","url":"https:\/\/secure.gravatar.com\/avatar\/4315d6fb9ef244d729989f5f90268eb08d5bf8a3d84402f595fa194bb35784fd?s=96&d=mm&r=g","contentUrl":"https:\/\/secure.gravatar.com\/avatar\/4315d6fb9ef244d729989f5f90268eb08d5bf8a3d84402f595fa194bb35784fd?s=96&d=mm&r=g","caption":"David H\u00f8jmark"},"sameAs":["https:\/\/www.kunmedierne.dk"],"url":"https:\/\/kunmedierne.dk\/mors\/author\/david\/"}]}},"_links":{"self":[{"href":"https:\/\/kunmedierne.dk\/mors\/wp-json\/wp\/v2\/posts\/109686","targetHints":{"allow":["GET"]}}],"collection":[{"href":"https:\/\/kunmedierne.dk\/mors\/wp-json\/wp\/v2\/posts"}],"about":[{"href":"https:\/\/kunmedierne.dk\/mors\/wp-json\/wp\/v2\/types\/post"}],"author":[{"embeddable":true,"href":"https:\/\/kunmedierne.dk\/mors\/wp-json\/wp\/v2\/users\/8"}],"replies":[{"embeddable":true,"href":"https:\/\/kunmedierne.dk\/mors\/wp-json\/wp\/v2\/comments?post=109686"}],"version-history":[{"count":3,"href":"https:\/\/kunmedierne.dk\/mors\/wp-json\/wp\/v2\/posts\/109686\/revisions"}],"predecessor-version":[{"id":109690,"href":"https:\/\/kunmedierne.dk\/mors\/wp-json\/wp\/v2\/posts\/109686\/revisions\/109690"}],"wp:featuredmedia":[{"embeddable":true,"href":"https:\/\/kunmedierne.dk\/mors\/wp-json\/wp\/v2\/media\/109688"}],"wp:attachment":[{"href":"https:\/\/kunmedierne.dk\/mors\/wp-json\/wp\/v2\/media?parent=109686"}],"wp:term":[{"taxonomy":"category","embeddable":true,"href":"https:\/\/kunmedierne.dk\/mors\/wp-json\/wp\/v2\/categories?post=109686"},{"taxonomy":"post_tag","embeddable":true,"href":"https:\/\/kunmedierne.dk\/mors\/wp-json\/wp\/v2\/tags?post=109686"}],"curies":[{"name":"wp","href":"https:\/\/api.w.org\/{rel}","templated":true}]}}