{"id":109544,"date":"2024-01-11T13:21:05","date_gmt":"2024-01-11T12:21:05","guid":{"rendered":"https:\/\/kunmedierne.dk\/mors\/?p=109544"},"modified":"2024-08-12T13:11:19","modified_gmt":"2024-08-12T11:11:19","slug":"det-er-faktisk-fem-minutter-i-12-for-limfjorden","status":"publish","type":"post","link":"https:\/\/kunmedierne.dk\/mors\/det-er-faktisk-fem-minutter-i-12-for-limfjorden\/","title":{"rendered":"&#8211; Det er faktisk fem minutter i 12 for Limfjorden"},"content":{"rendered":"<p><strong>MILJ\u00d8<\/strong>: Limfjorden lider, og der skal g\u00f8res noget for r\u00e5be op om dens tilstand nu.<\/p>\n<p>S\u00e5dan lyder det fra borgergruppen Levende Limfjord. Den blev dannet i november p\u00e5 et offentligt m\u00f8de i Thisted Musikteater, og nu vil den have thyboer, morsingboer og andre med Limfjorden inde p\u00e5 livet med p\u00e5 en m\u00e5nedlig happening.<\/p>\n<p>P\u00e5 tirsdag indkalder gruppen til et nyt m\u00f8de, hvor omegnens interesserede inviteres til det, der lige nu ogs\u00e5 er id\u00e9er om et opr\u00e5b p\u00e5 Store Torv i Thisted. Den sidste l\u00f8rdag i hver m\u00e5ned vil gruppen synge &#8220;Bl\u00e6sten g\u00e5r frisk over Limfjordens vande&#8221; og med skilte g\u00f8re opm\u00e6rksom p\u00e5 deres sag.<\/p>\n<p>&#8211; Vi h\u00e5ber p\u00e5 den m\u00e5de at kunne skabe en tilbagevendende positiv og humoristisk happening, som dog har et alvorligt budskab om at der skal handles nu, hvis Limfjorden skal genoplives. Det er faktisk \u201d5 minutter i 12\u201d for Limfjorden, siger Asger Sylvest Pedersen, som har v\u00e6ret med i forberedelserne til m\u00f8det p\u00e5 tirsdag.<\/p>\n<a class=\"dvrt-link\" onClick=\"cdmtrack_click(104787,jQuery(this));return false\" href=\"https:\/\/www.jyskebank.dk\/kontakt\/afdelingsinfo?departmentid=11890\"><img decoding=\"async\" style=\"width:100%;\" src=\"https:\/\/kunmedierne.dk\/mors\/wp-content\/uploads\/2023\/10\/260325JyskeBankMorsNy-1.jpg\"><\/a><script>cdmtrack_view(104787);<\/script>\n<p>Det finder sted klokken 19\u00a0i Plantagehuset i Thisted, og dermed f\u00f8lger man op p\u00e5 m\u00f8det i november, da 25 m\u00f8dte op til oprettelsen af gruppen, der beskriver sig selv om partipolitisk uafh\u00e6ngig, selv om flere af initiativtagerne ogs\u00e5 er politisk aktive.<\/p>\n<p>Berit Raldin, der ogs\u00e5 er medlem af gruppen, siger:<\/p>\n<p>&#8211; P\u00e5 vores m\u00f8de i november sidste \u00e5r blev vi enige om nogle f\u00e5 punkter, som udg\u00f8r form\u00e5let for gruppens arbejde. Vi vil arbejde gennem oplysningskampagner om Limfjordens milj\u00f8tilstand og lave aktiviteter, som fastholder og \u00f8ger den offentlige opm\u00e6rksom om problemerne, hvor begr\u00e6nsningen af landbrugets kv\u00e6lstofudledning er det vigtigste at arbejde for.<\/p>\n<p>&nbsp;<\/p>\n<p><strong>Lystfiskere er med<\/strong><\/p>\n<p>Ogs\u00e5 lokale lystfiskere er engageret i borgergruppen.<\/p>\n<p>Frederik Frederiksen, som er formand for Thylands Lystfiskerforening, deltog ogs\u00e5 i opstartsm\u00f8det for borgergruppen, siger om sin motivation:<\/p>\n<a class=\"dvrt-link\" onClick=\"cdmtrack_click(169437,jQuery(this));return false\" href=\"https:\/\/thymors.dk\/sponsorater\/15-til-faellesskabet?utm_source=kunmors&amp;utm_medium=annonce&amp;utm_campaign=sponsorater\"><img decoding=\"async\" style=\"width:100%;\" src=\"https:\/\/kunmedierne.dk\/mors\/wp-content\/uploads\/2026\/03\/260407ThyMors-energi_faellesskab_generel-1.jpg\"><\/a><script>cdmtrack_view(169437);<\/script>\n<p>&#8211; Som lystfiskere har vi selvf\u00f8lgelig en naturlig og dybtf\u00f8lt interesse for at Limfjorden og vandl\u00f8bene omkring den er i en god milj\u00f8m\u00e6ssig tilstand med masser af plante og dyreliv. I vores forening ligger det os is\u00e6r p\u00e5 sinde at g\u00f8re noget for, at ungdommen kan f\u00e5 gode og sp\u00e6ndende oplevelser i naturen med for eksempel fiskeri, og vi vil I vores forening bakke op om at skabe positivt engagement og opm\u00e6rksomhed om de fantastiske oplevelsesmuligheder, Limfjorden rummer, men som desv\u00e6rre er truet af dens nuv\u00e6rende milj\u00f8tilstand.<\/p>\n<p>Frederik Frederiksen tilf\u00f8jer, at han overvejer at placere et medlemsm\u00f8de af lystfiskerforeningen sammen med m\u00f8det i Levende Limfjord.<\/p>\n<h5>L\u00c6S OGS\u00c5:<\/h5>\n<h5>14\/12-2023: <a href=\"https:\/\/kunmedierne.dk\/mors\/debat-landbruget-arbejder-for-en-renere-limfjord\/\">DEBAT: Landbruget arbejder for en renere Limfjord<\/a><\/h5>\n<h5>12\/12-2023: <a href=\"https:\/\/kunmedierne.dk\/mors\/limfjorden-lider-aarsagen-er-kvaelstofudledning-fra-landbruget-der-ikke-er-reduceret-de-sidste-10-15-aar\/\">Limfjorden lider \u2013 \u00e5rsagen er kv\u00e6lstofudledning fra landbruget, der ikke er reduceret de sidste 10-15 \u00e5r<\/a><\/h5>\n<h5>30\/10-2023:\u00a0<a href=\"https:\/\/kunmedierne.dk\/mors\/der-er-brug-for-politisk-handling-nu\/\">&#8211; Der er brug for politisk handling nu!<\/a><\/h5>\n","protected":false},"excerpt":{"rendered":"<p>MILJ\u00d8: Limfjorden lider, og der skal g\u00f8res noget for r\u00e5be op om dens tilstand nu. S\u00e5dan lyder det fra borgergruppen Levende Limfjord. Den blev dannet i november p\u00e5 et offentligt m\u00f8de i Thisted Musikteater, og nu vil den have thyboer, morsingboer og andre med Limfjorden inde p\u00e5 livet med p\u00e5 en m\u00e5nedlig happening. P\u00e5 tirsdag [&hellip;]<\/p>\n","protected":false},"author":8,"featured_media":93732,"comment_status":"closed","ping_status":"open","sticky":false,"template":"","format":"standard","meta":{"_acf_changed":false,"footnotes":""},"categories":[51],"tags":[159,220,167],"class_list":["post-109544","post","type-post","status-publish","format-standard","has-post-thumbnail","hentry","category-lokalt","tag-erhverv","tag-klima-og-miljoe","tag-politik"],"acf":[],"yoast_head":"<!-- This site is optimized with the Yoast SEO plugin v26.8 - https:\/\/yoast.com\/product\/yoast-seo-wordpress\/ -->\n<title>- Det er faktisk fem minutter i 12 for Limfjorden - Mors<\/title>\n<meta name=\"robots\" content=\"index, follow, max-snippet:-1, max-image-preview:large, max-video-preview:-1\" \/>\n<link rel=\"canonical\" href=\"https:\/\/kunmedierne.dk\/mors\/det-er-faktisk-fem-minutter-i-12-for-limfjorden\/\" \/>\n<meta property=\"og:locale\" content=\"da_DK\" \/>\n<meta property=\"og:type\" content=\"article\" \/>\n<meta property=\"og:title\" content=\"- Det er faktisk fem minutter i 12 for Limfjorden - Mors\" \/>\n<meta property=\"og:description\" content=\"MILJ\u00d8: Limfjorden lider, og der skal g\u00f8res noget for r\u00e5be op om dens tilstand nu. S\u00e5dan lyder det fra borgergruppen Levende Limfjord. Den blev dannet i november p\u00e5 et offentligt m\u00f8de i Thisted Musikteater, og nu vil den have thyboer, morsingboer og andre med Limfjorden inde p\u00e5 livet med p\u00e5 en m\u00e5nedlig happening. P\u00e5 tirsdag [&hellip;]\" \/>\n<meta property=\"og:url\" content=\"https:\/\/kunmedierne.dk\/mors\/det-er-faktisk-fem-minutter-i-12-for-limfjorden\/\" \/>\n<meta property=\"og:site_name\" content=\"Mors\" \/>\n<meta property=\"article:published_time\" content=\"2024-01-11T12:21:05+00:00\" \/>\n<meta property=\"article:modified_time\" content=\"2024-08-12T11:11:19+00:00\" \/>\n<meta property=\"og:image\" content=\"https:\/\/kunmedierne.dk\/mors\/wp-content\/uploads\/2023\/04\/Kreditering_Mette-Johnsen1.jpg\" \/>\n\t<meta property=\"og:image:width\" content=\"1200\" \/>\n\t<meta property=\"og:image:height\" content=\"800\" \/>\n\t<meta property=\"og:image:type\" content=\"image\/jpeg\" \/>\n<meta name=\"author\" content=\"David H\u00f8jmark\" \/>\n<meta name=\"twitter:card\" content=\"summary_large_image\" \/>\n<meta name=\"twitter:label1\" content=\"Skrevet af\" \/>\n\t<meta name=\"twitter:data1\" content=\"David H\u00f8jmark\" \/>\n\t<meta name=\"twitter:label2\" content=\"Estimeret l\u00e6setid\" \/>\n\t<meta name=\"twitter:data2\" content=\"3 minutter\" \/>\n<script type=\"application\/ld+json\" class=\"yoast-schema-graph\">{\"@context\":\"https:\/\/schema.org\",\"@graph\":[{\"@type\":\"Article\",\"@id\":\"https:\/\/kunmedierne.dk\/mors\/det-er-faktisk-fem-minutter-i-12-for-limfjorden\/#article\",\"isPartOf\":{\"@id\":\"https:\/\/kunmedierne.dk\/mors\/det-er-faktisk-fem-minutter-i-12-for-limfjorden\/\"},\"author\":{\"name\":\"David H\u00f8jmark\",\"@id\":\"https:\/\/kunmedierne.dk\/mors\/#\/schema\/person\/5fe23251bf1d0abbcdc6f7896579d548\"},\"headline\":\"&#8211; Det er faktisk fem minutter i 12 for Limfjorden\",\"datePublished\":\"2024-01-11T12:21:05+00:00\",\"dateModified\":\"2024-08-12T11:11:19+00:00\",\"mainEntityOfPage\":{\"@id\":\"https:\/\/kunmedierne.dk\/mors\/det-er-faktisk-fem-minutter-i-12-for-limfjorden\/\"},\"wordCount\":485,\"publisher\":{\"@id\":\"https:\/\/kunmedierne.dk\/mors\/#organization\"},\"image\":{\"@id\":\"https:\/\/kunmedierne.dk\/mors\/det-er-faktisk-fem-minutter-i-12-for-limfjorden\/#primaryimage\"},\"thumbnailUrl\":\"https:\/\/kunmedierne.dk\/mors\/wp-content\/uploads\/2023\/04\/Kreditering_Mette-Johnsen1.jpg\",\"keywords\":[\"Erhverv\",\"Klima og milj\u00f8\",\"Politik\"],\"articleSection\":[\"Lokalt\"],\"inLanguage\":\"da-DK\"},{\"@type\":\"WebPage\",\"@id\":\"https:\/\/kunmedierne.dk\/mors\/det-er-faktisk-fem-minutter-i-12-for-limfjorden\/\",\"url\":\"https:\/\/kunmedierne.dk\/mors\/det-er-faktisk-fem-minutter-i-12-for-limfjorden\/\",\"name\":\"- Det er faktisk fem minutter i 12 for Limfjorden - Mors\",\"isPartOf\":{\"@id\":\"https:\/\/kunmedierne.dk\/mors\/#website\"},\"primaryImageOfPage\":{\"@id\":\"https:\/\/kunmedierne.dk\/mors\/det-er-faktisk-fem-minutter-i-12-for-limfjorden\/#primaryimage\"},\"image\":{\"@id\":\"https:\/\/kunmedierne.dk\/mors\/det-er-faktisk-fem-minutter-i-12-for-limfjorden\/#primaryimage\"},\"thumbnailUrl\":\"https:\/\/kunmedierne.dk\/mors\/wp-content\/uploads\/2023\/04\/Kreditering_Mette-Johnsen1.jpg\",\"datePublished\":\"2024-01-11T12:21:05+00:00\",\"dateModified\":\"2024-08-12T11:11:19+00:00\",\"breadcrumb\":{\"@id\":\"https:\/\/kunmedierne.dk\/mors\/det-er-faktisk-fem-minutter-i-12-for-limfjorden\/#breadcrumb\"},\"inLanguage\":\"da-DK\",\"potentialAction\":[{\"@type\":\"ReadAction\",\"target\":[\"https:\/\/kunmedierne.dk\/mors\/det-er-faktisk-fem-minutter-i-12-for-limfjorden\/\"]}]},{\"@type\":\"ImageObject\",\"inLanguage\":\"da-DK\",\"@id\":\"https:\/\/kunmedierne.dk\/mors\/det-er-faktisk-fem-minutter-i-12-for-limfjorden\/#primaryimage\",\"url\":\"https:\/\/kunmedierne.dk\/mors\/wp-content\/uploads\/2023\/04\/Kreditering_Mette-Johnsen1.jpg\",\"contentUrl\":\"https:\/\/kunmedierne.dk\/mors\/wp-content\/uploads\/2023\/04\/Kreditering_Mette-Johnsen1.jpg\",\"width\":1200,\"height\":800,\"caption\":\"Foto: Mette Johnsen\/Destination Limfjorden.\"},{\"@type\":\"BreadcrumbList\",\"@id\":\"https:\/\/kunmedierne.dk\/mors\/det-er-faktisk-fem-minutter-i-12-for-limfjorden\/#breadcrumb\",\"itemListElement\":[{\"@type\":\"ListItem\",\"position\":1,\"name\":\"Hjem\",\"item\":\"https:\/\/kunmedierne.dk\/mors\/\"},{\"@type\":\"ListItem\",\"position\":2,\"name\":\"&#8211; Det er faktisk fem minutter i 12 for Limfjorden\"}]},{\"@type\":\"WebSite\",\"@id\":\"https:\/\/kunmedierne.dk\/mors\/#website\",\"url\":\"https:\/\/kunmedierne.dk\/mors\/\",\"name\":\"Mors\",\"description\":\"et netmedie med journalistik om livet p\u00e5 Mors\",\"publisher\":{\"@id\":\"https:\/\/kunmedierne.dk\/mors\/#organization\"},\"potentialAction\":[{\"@type\":\"SearchAction\",\"target\":{\"@type\":\"EntryPoint\",\"urlTemplate\":\"https:\/\/kunmedierne.dk\/mors\/?s={search_term_string}\"},\"query-input\":{\"@type\":\"PropertyValueSpecification\",\"valueRequired\":true,\"valueName\":\"search_term_string\"}}],\"inLanguage\":\"da-DK\"},{\"@type\":\"Organization\",\"@id\":\"https:\/\/kunmedierne.dk\/mors\/#organization\",\"name\":\"Mors\",\"url\":\"https:\/\/kunmedierne.dk\/mors\/\",\"logo\":{\"@type\":\"ImageObject\",\"inLanguage\":\"da-DK\",\"@id\":\"https:\/\/kunmedierne.dk\/mors\/#\/schema\/logo\/image\/\",\"url\":\"https:\/\/kunmedierne.dk\/mors\/wp-content\/uploads\/2024\/08\/kunmors-logo.svg\",\"contentUrl\":\"https:\/\/kunmedierne.dk\/mors\/wp-content\/uploads\/2024\/08\/kunmors-logo.svg\",\"caption\":\"Mors\"},\"image\":{\"@id\":\"https:\/\/kunmedierne.dk\/mors\/#\/schema\/logo\/image\/\"}},{\"@type\":\"Person\",\"@id\":\"https:\/\/kunmedierne.dk\/mors\/#\/schema\/person\/5fe23251bf1d0abbcdc6f7896579d548\",\"name\":\"David H\u00f8jmark\",\"image\":{\"@type\":\"ImageObject\",\"inLanguage\":\"da-DK\",\"@id\":\"https:\/\/kunmedierne.dk\/mors\/#\/schema\/person\/image\/\",\"url\":\"https:\/\/secure.gravatar.com\/avatar\/4315d6fb9ef244d729989f5f90268eb08d5bf8a3d84402f595fa194bb35784fd?s=96&d=mm&r=g\",\"contentUrl\":\"https:\/\/secure.gravatar.com\/avatar\/4315d6fb9ef244d729989f5f90268eb08d5bf8a3d84402f595fa194bb35784fd?s=96&d=mm&r=g\",\"caption\":\"David H\u00f8jmark\"},\"sameAs\":[\"https:\/\/www.kunmedierne.dk\"],\"url\":\"https:\/\/kunmedierne.dk\/mors\/author\/david\/\"}]}<\/script>\n<!-- \/ Yoast SEO plugin. -->","yoast_head_json":{"title":"- Det er faktisk fem minutter i 12 for Limfjorden - Mors","robots":{"index":"index","follow":"follow","max-snippet":"max-snippet:-1","max-image-preview":"max-image-preview:large","max-video-preview":"max-video-preview:-1"},"canonical":"https:\/\/kunmedierne.dk\/mors\/det-er-faktisk-fem-minutter-i-12-for-limfjorden\/","og_locale":"da_DK","og_type":"article","og_title":"- Det er faktisk fem minutter i 12 for Limfjorden - Mors","og_description":"MILJ\u00d8: Limfjorden lider, og der skal g\u00f8res noget for r\u00e5be op om dens tilstand nu. S\u00e5dan lyder det fra borgergruppen Levende Limfjord. Den blev dannet i november p\u00e5 et offentligt m\u00f8de i Thisted Musikteater, og nu vil den have thyboer, morsingboer og andre med Limfjorden inde p\u00e5 livet med p\u00e5 en m\u00e5nedlig happening. P\u00e5 tirsdag [&hellip;]","og_url":"https:\/\/kunmedierne.dk\/mors\/det-er-faktisk-fem-minutter-i-12-for-limfjorden\/","og_site_name":"Mors","article_published_time":"2024-01-11T12:21:05+00:00","article_modified_time":"2024-08-12T11:11:19+00:00","og_image":[{"width":1200,"height":800,"url":"https:\/\/kunmedierne.dk\/mors\/wp-content\/uploads\/2023\/04\/Kreditering_Mette-Johnsen1.jpg","type":"image\/jpeg"}],"author":"David H\u00f8jmark","twitter_card":"summary_large_image","twitter_misc":{"Skrevet af":"David H\u00f8jmark","Estimeret l\u00e6setid":"3 minutter"},"schema":{"@context":"https:\/\/schema.org","@graph":[{"@type":"Article","@id":"https:\/\/kunmedierne.dk\/mors\/det-er-faktisk-fem-minutter-i-12-for-limfjorden\/#article","isPartOf":{"@id":"https:\/\/kunmedierne.dk\/mors\/det-er-faktisk-fem-minutter-i-12-for-limfjorden\/"},"author":{"name":"David H\u00f8jmark","@id":"https:\/\/kunmedierne.dk\/mors\/#\/schema\/person\/5fe23251bf1d0abbcdc6f7896579d548"},"headline":"&#8211; Det er faktisk fem minutter i 12 for Limfjorden","datePublished":"2024-01-11T12:21:05+00:00","dateModified":"2024-08-12T11:11:19+00:00","mainEntityOfPage":{"@id":"https:\/\/kunmedierne.dk\/mors\/det-er-faktisk-fem-minutter-i-12-for-limfjorden\/"},"wordCount":485,"publisher":{"@id":"https:\/\/kunmedierne.dk\/mors\/#organization"},"image":{"@id":"https:\/\/kunmedierne.dk\/mors\/det-er-faktisk-fem-minutter-i-12-for-limfjorden\/#primaryimage"},"thumbnailUrl":"https:\/\/kunmedierne.dk\/mors\/wp-content\/uploads\/2023\/04\/Kreditering_Mette-Johnsen1.jpg","keywords":["Erhverv","Klima og milj\u00f8","Politik"],"articleSection":["Lokalt"],"inLanguage":"da-DK"},{"@type":"WebPage","@id":"https:\/\/kunmedierne.dk\/mors\/det-er-faktisk-fem-minutter-i-12-for-limfjorden\/","url":"https:\/\/kunmedierne.dk\/mors\/det-er-faktisk-fem-minutter-i-12-for-limfjorden\/","name":"- Det er faktisk fem minutter i 12 for Limfjorden - Mors","isPartOf":{"@id":"https:\/\/kunmedierne.dk\/mors\/#website"},"primaryImageOfPage":{"@id":"https:\/\/kunmedierne.dk\/mors\/det-er-faktisk-fem-minutter-i-12-for-limfjorden\/#primaryimage"},"image":{"@id":"https:\/\/kunmedierne.dk\/mors\/det-er-faktisk-fem-minutter-i-12-for-limfjorden\/#primaryimage"},"thumbnailUrl":"https:\/\/kunmedierne.dk\/mors\/wp-content\/uploads\/2023\/04\/Kreditering_Mette-Johnsen1.jpg","datePublished":"2024-01-11T12:21:05+00:00","dateModified":"2024-08-12T11:11:19+00:00","breadcrumb":{"@id":"https:\/\/kunmedierne.dk\/mors\/det-er-faktisk-fem-minutter-i-12-for-limfjorden\/#breadcrumb"},"inLanguage":"da-DK","potentialAction":[{"@type":"ReadAction","target":["https:\/\/kunmedierne.dk\/mors\/det-er-faktisk-fem-minutter-i-12-for-limfjorden\/"]}]},{"@type":"ImageObject","inLanguage":"da-DK","@id":"https:\/\/kunmedierne.dk\/mors\/det-er-faktisk-fem-minutter-i-12-for-limfjorden\/#primaryimage","url":"https:\/\/kunmedierne.dk\/mors\/wp-content\/uploads\/2023\/04\/Kreditering_Mette-Johnsen1.jpg","contentUrl":"https:\/\/kunmedierne.dk\/mors\/wp-content\/uploads\/2023\/04\/Kreditering_Mette-Johnsen1.jpg","width":1200,"height":800,"caption":"Foto: Mette Johnsen\/Destination Limfjorden."},{"@type":"BreadcrumbList","@id":"https:\/\/kunmedierne.dk\/mors\/det-er-faktisk-fem-minutter-i-12-for-limfjorden\/#breadcrumb","itemListElement":[{"@type":"ListItem","position":1,"name":"Hjem","item":"https:\/\/kunmedierne.dk\/mors\/"},{"@type":"ListItem","position":2,"name":"&#8211; Det er faktisk fem minutter i 12 for Limfjorden"}]},{"@type":"WebSite","@id":"https:\/\/kunmedierne.dk\/mors\/#website","url":"https:\/\/kunmedierne.dk\/mors\/","name":"Mors","description":"et netmedie med journalistik om livet p\u00e5 Mors","publisher":{"@id":"https:\/\/kunmedierne.dk\/mors\/#organization"},"potentialAction":[{"@type":"SearchAction","target":{"@type":"EntryPoint","urlTemplate":"https:\/\/kunmedierne.dk\/mors\/?s={search_term_string}"},"query-input":{"@type":"PropertyValueSpecification","valueRequired":true,"valueName":"search_term_string"}}],"inLanguage":"da-DK"},{"@type":"Organization","@id":"https:\/\/kunmedierne.dk\/mors\/#organization","name":"Mors","url":"https:\/\/kunmedierne.dk\/mors\/","logo":{"@type":"ImageObject","inLanguage":"da-DK","@id":"https:\/\/kunmedierne.dk\/mors\/#\/schema\/logo\/image\/","url":"https:\/\/kunmedierne.dk\/mors\/wp-content\/uploads\/2024\/08\/kunmors-logo.svg","contentUrl":"https:\/\/kunmedierne.dk\/mors\/wp-content\/uploads\/2024\/08\/kunmors-logo.svg","caption":"Mors"},"image":{"@id":"https:\/\/kunmedierne.dk\/mors\/#\/schema\/logo\/image\/"}},{"@type":"Person","@id":"https:\/\/kunmedierne.dk\/mors\/#\/schema\/person\/5fe23251bf1d0abbcdc6f7896579d548","name":"David H\u00f8jmark","image":{"@type":"ImageObject","inLanguage":"da-DK","@id":"https:\/\/kunmedierne.dk\/mors\/#\/schema\/person\/image\/","url":"https:\/\/secure.gravatar.com\/avatar\/4315d6fb9ef244d729989f5f90268eb08d5bf8a3d84402f595fa194bb35784fd?s=96&d=mm&r=g","contentUrl":"https:\/\/secure.gravatar.com\/avatar\/4315d6fb9ef244d729989f5f90268eb08d5bf8a3d84402f595fa194bb35784fd?s=96&d=mm&r=g","caption":"David H\u00f8jmark"},"sameAs":["https:\/\/www.kunmedierne.dk"],"url":"https:\/\/kunmedierne.dk\/mors\/author\/david\/"}]}},"_links":{"self":[{"href":"https:\/\/kunmedierne.dk\/mors\/wp-json\/wp\/v2\/posts\/109544","targetHints":{"allow":["GET"]}}],"collection":[{"href":"https:\/\/kunmedierne.dk\/mors\/wp-json\/wp\/v2\/posts"}],"about":[{"href":"https:\/\/kunmedierne.dk\/mors\/wp-json\/wp\/v2\/types\/post"}],"author":[{"embeddable":true,"href":"https:\/\/kunmedierne.dk\/mors\/wp-json\/wp\/v2\/users\/8"}],"replies":[{"embeddable":true,"href":"https:\/\/kunmedierne.dk\/mors\/wp-json\/wp\/v2\/comments?post=109544"}],"version-history":[{"count":2,"href":"https:\/\/kunmedierne.dk\/mors\/wp-json\/wp\/v2\/posts\/109544\/revisions"}],"predecessor-version":[{"id":109546,"href":"https:\/\/kunmedierne.dk\/mors\/wp-json\/wp\/v2\/posts\/109544\/revisions\/109546"}],"wp:featuredmedia":[{"embeddable":true,"href":"https:\/\/kunmedierne.dk\/mors\/wp-json\/wp\/v2\/media\/93732"}],"wp:attachment":[{"href":"https:\/\/kunmedierne.dk\/mors\/wp-json\/wp\/v2\/media?parent=109544"}],"wp:term":[{"taxonomy":"category","embeddable":true,"href":"https:\/\/kunmedierne.dk\/mors\/wp-json\/wp\/v2\/categories?post=109544"},{"taxonomy":"post_tag","embeddable":true,"href":"https:\/\/kunmedierne.dk\/mors\/wp-json\/wp\/v2\/tags?post=109544"}],"curies":[{"name":"wp","href":"https:\/\/api.w.org\/{rel}","templated":true}]}}