{"id":107848,"date":"2023-12-13T05:50:46","date_gmt":"2023-12-13T04:50:46","guid":{"rendered":"https:\/\/kunmedierne.dk\/mors\/?p=107848"},"modified":"2024-08-12T13:11:27","modified_gmt":"2024-08-12T11:11:27","slug":"populaer-porter-fejres-paa-oelfestival-for-sine-foerste-100-aar","status":"publish","type":"post","link":"https:\/\/kunmedierne.dk\/mors\/populaer-porter-fejres-paa-oelfestival-for-sine-foerste-100-aar\/","title":{"rendered":"Popul\u00e6r porter fejres p\u00e5 \u00f8lfestival for sine f\u00f8rste 100 \u00e5r"},"content":{"rendered":"<p><strong>JUBIL\u00c6UM<\/strong>: Det skal g\u00e5 standsm\u00e6ssigt for sig, n\u00e5r en popul\u00e6r \u00f8l runder 100 \u00e5r.<\/p>\n<p>Det sker til for\u00e5ret, n\u00e5r Limfjordsporteren, ogs\u00e5 kendt som &#8220;\u00d8llets Gentleman&#8221; har flot jubil\u00e6um og bliver fejret p\u00e5 \u00d8lfestival i K\u00f8benhavn, hvor tilh\u00e6ngere fra hele landet kan v\u00e6re med til at fejre den ikoniske \u00f8l.<\/p>\n<p>Den blev introduceret i 1923 og har v\u00e6ret en essentiel del af dansk \u00f8lkultur. Brygget p\u00e5 r\u00f8get malt og tilsat flydende engelsk lakrids har Limfjordsporteren dannet et t\u00e6t f\u00e6llesskab med \u00f8lentusiaster gennem \u00e5rtier.<\/p>\n<a class=\"dvrt-link\" onClick=\"cdmtrack_click(104786,jQuery(this));return false\" href=\"https:\/\/limfjordsteatret.dk\/events\/tobias-dybvad-mit-bedste-onemanshow\/\"><img decoding=\"async\" style=\"width:100%;\" src=\"https:\/\/kunmedierne.dk\/mors\/wp-content\/uploads\/2023\/10\/aarskortLim_KunMors_1100x125.jpg\"><\/a><script>cdmtrack_view(104786);<\/script>\n<p>Historien om Limfjordsporteren begyndte dog p\u00e5 bryggeriet Urban i Aalborg, hvor den oprindeligt blev brygget. Efter lukningen af Urban i 1986 tog brygmester Peter Klemensen p\u00e5 Thisted Bryghus initiativet og k\u00f8bte rettighederne til Limfjordsporter-navnet. Den 3. januar 1989 blev Thisteds Limfjordsporter lanceret som en ny \u00f8l, baseret p\u00e5 syv \u00e5rs eksperimenter og dedikation. Udviklingen fortsatte kontinuerligt, og i 1997 blev det klart, at Klemensen havde skabt en \u00f8l, der ikke kunne forbedres yderligere. P\u00e5 dette tidspunkt var Limfjordsporteren blevet hans personlige favorit\u00f8l med en styrke p\u00e5 7,9 procent.<\/p>\n<p>&nbsp;<\/p>\n<p><strong>Brygmester sikrede nyt liv<\/strong><\/p>\n<p>Direkt\u00f8r for Thisted Bryghus, Aage Svenningsen, ser tilbage p\u00e5 Limfjordsporterens historie og betydning for Thisted Bryghus:<\/p>\n<p>&#8211; Den 14. december 1923 s\u00e5 Limfjordsporteren dagens lys takket v\u00e6re Poul Aagaard, direkt\u00f8ren for Aalborg Aktie-Bryggerier. Denne banebrydende \u00f8l har siden markeret sig som en vigtig del af vores bryghus&#8217; historie og en hj\u00f8rnesten i vores f\u00e6llesskab af \u00f8lentusiaster. Limfjordsporterens kendetegn er, at den er brygget p\u00e5 r\u00f8get malt og flydende engelsk lakrids \u2013 og denne helt specielle smag har form\u00e5et at danne et f\u00e6llesskab af \u00f8lentusiaster landet over, siger han.<\/p>\n<a class=\"dvrt-link\" onClick=\"cdmtrack_click(104783,jQuery(this));return false\" href=\"https:\/\/konpap.dk\/\"><img decoding=\"async\" style=\"width:100%;\" src=\"https:\/\/kunmedierne.dk\/mors\/wp-content\/uploads\/2023\/10\/Kun-Mors-banner.jpg\"><\/a><script>cdmtrack_view(104783);<\/script>\n<p>Efter en nedgang i 1983 genopstod Limfjordsporteren takket v\u00e6re brygmester Peter Klemensen fra Thisted Bryghus. Han sikrede sig rettighederne til opskrift, navn og etiketdesign og genintroducerede stolt Limfjordsporteren i 1989. :<\/p>\n<p>&#8211; Peter Klemensen fortjener en sk\u00e5l fra os alle. Han gav \u2019\u00d8llets Gentleman&#8217; og f\u00e6llesskabet omkring den nyt liv med handlekraft og engagement, siger Aage Svenningsen.<\/p>\n<a class=\"dvrt-link\" onClick=\"cdmtrack_click(104779,jQuery(this));return false\" href=\"https:\/\/morsoe-begravelsesforretning.dk\/\"><img decoding=\"async\" style=\"width:100%;\" src=\"https:\/\/kunmedierne.dk\/mors\/wp-content\/uploads\/2023\/11\/251215-morsoe-begravelsesforretning.jpg\"><\/a><script>cdmtrack_view(104779);<\/script>\n<p>Limfjordsporteren har ikke kun overlevet, men ogs\u00e5 fostret et st\u00e6rkt f\u00e6llesskab. Kendt som \u2019\u00d8llets Gentleman\u2019 har denne ikoniske \u00f8l samlet generationer af \u00f8lentusiaster fra hele landet. Foreninger som Limfjordsporter Lauget er opst\u00e5et med form\u00e5let at v\u00e6rne om Limfjordsporteren og udbrede gl\u00e6den ved denne specielle \u00f8l. Limfjordsporteren er ikke blot en \u00f8l; den er et symbol p\u00e5 sammenhold og passion for en f\u00e6lles k\u00e6rlighed til god \u00f8l.<\/p>\n<p>Thisted Bryghus fejrer Limfjordsporterens 100-\u00e5rs jubil\u00e6um ved \u00d8lfestival den 24.-25. maj 2024 p\u00e5 Lokomotivv\u00e6rkstedet i K\u00f8benhavn. Her vil Limfjordsporter Lauget afholde deres generalforsamling p\u00e5 Thisted Bryghus\u2019 stand, og alle er inviteret til at deltage og hylde &#8220;\u00d8llets Gentleman&#8221; i f\u00e6llesskab.<\/p>\n","protected":false},"excerpt":{"rendered":"<p>JUBIL\u00c6UM: Det skal g\u00e5 standsm\u00e6ssigt for sig, n\u00e5r en popul\u00e6r \u00f8l runder 100 \u00e5r. Det sker til for\u00e5ret, n\u00e5r Limfjordsporteren, ogs\u00e5 kendt som &#8220;\u00d8llets Gentleman&#8221; har flot jubil\u00e6um og bliver fejret p\u00e5 \u00d8lfestival i K\u00f8benhavn, hvor tilh\u00e6ngere fra hele landet kan v\u00e6re med til at fejre den ikoniske \u00f8l. Den blev introduceret i 1923 og [&hellip;]<\/p>\n","protected":false},"author":8,"featured_media":107872,"comment_status":"closed","ping_status":"open","sticky":false,"template":"","format":"standard","meta":{"_acf_changed":false,"footnotes":""},"categories":[51],"tags":[159],"class_list":["post-107848","post","type-post","status-publish","format-standard","has-post-thumbnail","hentry","category-lokalt","tag-erhverv"],"acf":[],"yoast_head":"<!-- This site is optimized with the Yoast SEO plugin v26.8 - https:\/\/yoast.com\/product\/yoast-seo-wordpress\/ -->\n<title>Popul\u00e6r porter fejres p\u00e5 \u00f8lfestival for sine f\u00f8rste 100 \u00e5r - Mors<\/title>\n<meta name=\"robots\" content=\"index, follow, max-snippet:-1, max-image-preview:large, max-video-preview:-1\" \/>\n<link rel=\"canonical\" href=\"https:\/\/kunmedierne.dk\/mors\/populaer-porter-fejres-paa-oelfestival-for-sine-foerste-100-aar\/\" \/>\n<meta property=\"og:locale\" content=\"da_DK\" \/>\n<meta property=\"og:type\" content=\"article\" \/>\n<meta property=\"og:title\" content=\"Popul\u00e6r porter fejres p\u00e5 \u00f8lfestival for sine f\u00f8rste 100 \u00e5r - Mors\" \/>\n<meta property=\"og:description\" content=\"JUBIL\u00c6UM: Det skal g\u00e5 standsm\u00e6ssigt for sig, n\u00e5r en popul\u00e6r \u00f8l runder 100 \u00e5r. Det sker til for\u00e5ret, n\u00e5r Limfjordsporteren, ogs\u00e5 kendt som &#8220;\u00d8llets Gentleman&#8221; har flot jubil\u00e6um og bliver fejret p\u00e5 \u00d8lfestival i K\u00f8benhavn, hvor tilh\u00e6ngere fra hele landet kan v\u00e6re med til at fejre den ikoniske \u00f8l. Den blev introduceret i 1923 og [&hellip;]\" \/>\n<meta property=\"og:url\" content=\"https:\/\/kunmedierne.dk\/mors\/populaer-porter-fejres-paa-oelfestival-for-sine-foerste-100-aar\/\" \/>\n<meta property=\"og:site_name\" content=\"Mors\" \/>\n<meta property=\"article:published_time\" content=\"2023-12-13T04:50:46+00:00\" \/>\n<meta property=\"article:modified_time\" content=\"2024-08-12T11:11:27+00:00\" \/>\n<meta property=\"og:image\" content=\"https:\/\/kunmedierne.dk\/mors\/wp-content\/uploads\/2023\/12\/limfjordsporter.jpg\" \/>\n\t<meta property=\"og:image:width\" content=\"770\" \/>\n\t<meta property=\"og:image:height\" content=\"513\" \/>\n\t<meta property=\"og:image:type\" content=\"image\/jpeg\" \/>\n<meta name=\"author\" content=\"David H\u00f8jmark\" \/>\n<meta name=\"twitter:card\" content=\"summary_large_image\" \/>\n<meta name=\"twitter:label1\" content=\"Skrevet af\" \/>\n\t<meta name=\"twitter:data1\" content=\"David H\u00f8jmark\" \/>\n\t<meta name=\"twitter:label2\" content=\"Estimeret l\u00e6setid\" \/>\n\t<meta name=\"twitter:data2\" content=\"3 minutter\" \/>\n<script type=\"application\/ld+json\" class=\"yoast-schema-graph\">{\"@context\":\"https:\/\/schema.org\",\"@graph\":[{\"@type\":\"Article\",\"@id\":\"https:\/\/kunmedierne.dk\/mors\/populaer-porter-fejres-paa-oelfestival-for-sine-foerste-100-aar\/#article\",\"isPartOf\":{\"@id\":\"https:\/\/kunmedierne.dk\/mors\/populaer-porter-fejres-paa-oelfestival-for-sine-foerste-100-aar\/\"},\"author\":{\"name\":\"David H\u00f8jmark\",\"@id\":\"https:\/\/kunmedierne.dk\/mors\/#\/schema\/person\/5fe23251bf1d0abbcdc6f7896579d548\"},\"headline\":\"Popul\u00e6r porter fejres p\u00e5 \u00f8lfestival for sine f\u00f8rste 100 \u00e5r\",\"datePublished\":\"2023-12-13T04:50:46+00:00\",\"dateModified\":\"2024-08-12T11:11:27+00:00\",\"mainEntityOfPage\":{\"@id\":\"https:\/\/kunmedierne.dk\/mors\/populaer-porter-fejres-paa-oelfestival-for-sine-foerste-100-aar\/\"},\"wordCount\":469,\"publisher\":{\"@id\":\"https:\/\/kunmedierne.dk\/mors\/#organization\"},\"image\":{\"@id\":\"https:\/\/kunmedierne.dk\/mors\/populaer-porter-fejres-paa-oelfestival-for-sine-foerste-100-aar\/#primaryimage\"},\"thumbnailUrl\":\"https:\/\/kunmedierne.dk\/mors\/wp-content\/uploads\/2023\/12\/limfjordsporter.jpg\",\"keywords\":[\"Erhverv\"],\"articleSection\":[\"Lokalt\"],\"inLanguage\":\"da-DK\"},{\"@type\":\"WebPage\",\"@id\":\"https:\/\/kunmedierne.dk\/mors\/populaer-porter-fejres-paa-oelfestival-for-sine-foerste-100-aar\/\",\"url\":\"https:\/\/kunmedierne.dk\/mors\/populaer-porter-fejres-paa-oelfestival-for-sine-foerste-100-aar\/\",\"name\":\"Popul\u00e6r porter fejres p\u00e5 \u00f8lfestival for sine f\u00f8rste 100 \u00e5r - Mors\",\"isPartOf\":{\"@id\":\"https:\/\/kunmedierne.dk\/mors\/#website\"},\"primaryImageOfPage\":{\"@id\":\"https:\/\/kunmedierne.dk\/mors\/populaer-porter-fejres-paa-oelfestival-for-sine-foerste-100-aar\/#primaryimage\"},\"image\":{\"@id\":\"https:\/\/kunmedierne.dk\/mors\/populaer-porter-fejres-paa-oelfestival-for-sine-foerste-100-aar\/#primaryimage\"},\"thumbnailUrl\":\"https:\/\/kunmedierne.dk\/mors\/wp-content\/uploads\/2023\/12\/limfjordsporter.jpg\",\"datePublished\":\"2023-12-13T04:50:46+00:00\",\"dateModified\":\"2024-08-12T11:11:27+00:00\",\"breadcrumb\":{\"@id\":\"https:\/\/kunmedierne.dk\/mors\/populaer-porter-fejres-paa-oelfestival-for-sine-foerste-100-aar\/#breadcrumb\"},\"inLanguage\":\"da-DK\",\"potentialAction\":[{\"@type\":\"ReadAction\",\"target\":[\"https:\/\/kunmedierne.dk\/mors\/populaer-porter-fejres-paa-oelfestival-for-sine-foerste-100-aar\/\"]}]},{\"@type\":\"ImageObject\",\"inLanguage\":\"da-DK\",\"@id\":\"https:\/\/kunmedierne.dk\/mors\/populaer-porter-fejres-paa-oelfestival-for-sine-foerste-100-aar\/#primaryimage\",\"url\":\"https:\/\/kunmedierne.dk\/mors\/wp-content\/uploads\/2023\/12\/limfjordsporter.jpg\",\"contentUrl\":\"https:\/\/kunmedierne.dk\/mors\/wp-content\/uploads\/2023\/12\/limfjordsporter.jpg\",\"width\":770,\"height\":513,\"caption\":\"Aage Svenningsen, direkt\u00f8r for Thisted Bryghus.\"},{\"@type\":\"BreadcrumbList\",\"@id\":\"https:\/\/kunmedierne.dk\/mors\/populaer-porter-fejres-paa-oelfestival-for-sine-foerste-100-aar\/#breadcrumb\",\"itemListElement\":[{\"@type\":\"ListItem\",\"position\":1,\"name\":\"Hjem\",\"item\":\"https:\/\/kunmedierne.dk\/mors\/\"},{\"@type\":\"ListItem\",\"position\":2,\"name\":\"Popul\u00e6r porter fejres p\u00e5 \u00f8lfestival for sine f\u00f8rste 100 \u00e5r\"}]},{\"@type\":\"WebSite\",\"@id\":\"https:\/\/kunmedierne.dk\/mors\/#website\",\"url\":\"https:\/\/kunmedierne.dk\/mors\/\",\"name\":\"Mors\",\"description\":\"et netmedie med journalistik om livet p\u00e5 Mors\",\"publisher\":{\"@id\":\"https:\/\/kunmedierne.dk\/mors\/#organization\"},\"potentialAction\":[{\"@type\":\"SearchAction\",\"target\":{\"@type\":\"EntryPoint\",\"urlTemplate\":\"https:\/\/kunmedierne.dk\/mors\/?s={search_term_string}\"},\"query-input\":{\"@type\":\"PropertyValueSpecification\",\"valueRequired\":true,\"valueName\":\"search_term_string\"}}],\"inLanguage\":\"da-DK\"},{\"@type\":\"Organization\",\"@id\":\"https:\/\/kunmedierne.dk\/mors\/#organization\",\"name\":\"Mors\",\"url\":\"https:\/\/kunmedierne.dk\/mors\/\",\"logo\":{\"@type\":\"ImageObject\",\"inLanguage\":\"da-DK\",\"@id\":\"https:\/\/kunmedierne.dk\/mors\/#\/schema\/logo\/image\/\",\"url\":\"https:\/\/kunmedierne.dk\/mors\/wp-content\/uploads\/2024\/08\/kunmors-logo.svg\",\"contentUrl\":\"https:\/\/kunmedierne.dk\/mors\/wp-content\/uploads\/2024\/08\/kunmors-logo.svg\",\"caption\":\"Mors\"},\"image\":{\"@id\":\"https:\/\/kunmedierne.dk\/mors\/#\/schema\/logo\/image\/\"}},{\"@type\":\"Person\",\"@id\":\"https:\/\/kunmedierne.dk\/mors\/#\/schema\/person\/5fe23251bf1d0abbcdc6f7896579d548\",\"name\":\"David H\u00f8jmark\",\"image\":{\"@type\":\"ImageObject\",\"inLanguage\":\"da-DK\",\"@id\":\"https:\/\/kunmedierne.dk\/mors\/#\/schema\/person\/image\/\",\"url\":\"https:\/\/secure.gravatar.com\/avatar\/4315d6fb9ef244d729989f5f90268eb08d5bf8a3d84402f595fa194bb35784fd?s=96&d=mm&r=g\",\"contentUrl\":\"https:\/\/secure.gravatar.com\/avatar\/4315d6fb9ef244d729989f5f90268eb08d5bf8a3d84402f595fa194bb35784fd?s=96&d=mm&r=g\",\"caption\":\"David H\u00f8jmark\"},\"sameAs\":[\"https:\/\/www.kunmedierne.dk\"],\"url\":\"https:\/\/kunmedierne.dk\/mors\/author\/david\/\"}]}<\/script>\n<!-- \/ Yoast SEO plugin. -->","yoast_head_json":{"title":"Popul\u00e6r porter fejres p\u00e5 \u00f8lfestival for sine f\u00f8rste 100 \u00e5r - Mors","robots":{"index":"index","follow":"follow","max-snippet":"max-snippet:-1","max-image-preview":"max-image-preview:large","max-video-preview":"max-video-preview:-1"},"canonical":"https:\/\/kunmedierne.dk\/mors\/populaer-porter-fejres-paa-oelfestival-for-sine-foerste-100-aar\/","og_locale":"da_DK","og_type":"article","og_title":"Popul\u00e6r porter fejres p\u00e5 \u00f8lfestival for sine f\u00f8rste 100 \u00e5r - Mors","og_description":"JUBIL\u00c6UM: Det skal g\u00e5 standsm\u00e6ssigt for sig, n\u00e5r en popul\u00e6r \u00f8l runder 100 \u00e5r. Det sker til for\u00e5ret, n\u00e5r Limfjordsporteren, ogs\u00e5 kendt som &#8220;\u00d8llets Gentleman&#8221; har flot jubil\u00e6um og bliver fejret p\u00e5 \u00d8lfestival i K\u00f8benhavn, hvor tilh\u00e6ngere fra hele landet kan v\u00e6re med til at fejre den ikoniske \u00f8l. Den blev introduceret i 1923 og [&hellip;]","og_url":"https:\/\/kunmedierne.dk\/mors\/populaer-porter-fejres-paa-oelfestival-for-sine-foerste-100-aar\/","og_site_name":"Mors","article_published_time":"2023-12-13T04:50:46+00:00","article_modified_time":"2024-08-12T11:11:27+00:00","og_image":[{"width":770,"height":513,"url":"https:\/\/kunmedierne.dk\/mors\/wp-content\/uploads\/2023\/12\/limfjordsporter.jpg","type":"image\/jpeg"}],"author":"David H\u00f8jmark","twitter_card":"summary_large_image","twitter_misc":{"Skrevet af":"David H\u00f8jmark","Estimeret l\u00e6setid":"3 minutter"},"schema":{"@context":"https:\/\/schema.org","@graph":[{"@type":"Article","@id":"https:\/\/kunmedierne.dk\/mors\/populaer-porter-fejres-paa-oelfestival-for-sine-foerste-100-aar\/#article","isPartOf":{"@id":"https:\/\/kunmedierne.dk\/mors\/populaer-porter-fejres-paa-oelfestival-for-sine-foerste-100-aar\/"},"author":{"name":"David H\u00f8jmark","@id":"https:\/\/kunmedierne.dk\/mors\/#\/schema\/person\/5fe23251bf1d0abbcdc6f7896579d548"},"headline":"Popul\u00e6r porter fejres p\u00e5 \u00f8lfestival for sine f\u00f8rste 100 \u00e5r","datePublished":"2023-12-13T04:50:46+00:00","dateModified":"2024-08-12T11:11:27+00:00","mainEntityOfPage":{"@id":"https:\/\/kunmedierne.dk\/mors\/populaer-porter-fejres-paa-oelfestival-for-sine-foerste-100-aar\/"},"wordCount":469,"publisher":{"@id":"https:\/\/kunmedierne.dk\/mors\/#organization"},"image":{"@id":"https:\/\/kunmedierne.dk\/mors\/populaer-porter-fejres-paa-oelfestival-for-sine-foerste-100-aar\/#primaryimage"},"thumbnailUrl":"https:\/\/kunmedierne.dk\/mors\/wp-content\/uploads\/2023\/12\/limfjordsporter.jpg","keywords":["Erhverv"],"articleSection":["Lokalt"],"inLanguage":"da-DK"},{"@type":"WebPage","@id":"https:\/\/kunmedierne.dk\/mors\/populaer-porter-fejres-paa-oelfestival-for-sine-foerste-100-aar\/","url":"https:\/\/kunmedierne.dk\/mors\/populaer-porter-fejres-paa-oelfestival-for-sine-foerste-100-aar\/","name":"Popul\u00e6r porter fejres p\u00e5 \u00f8lfestival for sine f\u00f8rste 100 \u00e5r - Mors","isPartOf":{"@id":"https:\/\/kunmedierne.dk\/mors\/#website"},"primaryImageOfPage":{"@id":"https:\/\/kunmedierne.dk\/mors\/populaer-porter-fejres-paa-oelfestival-for-sine-foerste-100-aar\/#primaryimage"},"image":{"@id":"https:\/\/kunmedierne.dk\/mors\/populaer-porter-fejres-paa-oelfestival-for-sine-foerste-100-aar\/#primaryimage"},"thumbnailUrl":"https:\/\/kunmedierne.dk\/mors\/wp-content\/uploads\/2023\/12\/limfjordsporter.jpg","datePublished":"2023-12-13T04:50:46+00:00","dateModified":"2024-08-12T11:11:27+00:00","breadcrumb":{"@id":"https:\/\/kunmedierne.dk\/mors\/populaer-porter-fejres-paa-oelfestival-for-sine-foerste-100-aar\/#breadcrumb"},"inLanguage":"da-DK","potentialAction":[{"@type":"ReadAction","target":["https:\/\/kunmedierne.dk\/mors\/populaer-porter-fejres-paa-oelfestival-for-sine-foerste-100-aar\/"]}]},{"@type":"ImageObject","inLanguage":"da-DK","@id":"https:\/\/kunmedierne.dk\/mors\/populaer-porter-fejres-paa-oelfestival-for-sine-foerste-100-aar\/#primaryimage","url":"https:\/\/kunmedierne.dk\/mors\/wp-content\/uploads\/2023\/12\/limfjordsporter.jpg","contentUrl":"https:\/\/kunmedierne.dk\/mors\/wp-content\/uploads\/2023\/12\/limfjordsporter.jpg","width":770,"height":513,"caption":"Aage Svenningsen, direkt\u00f8r for Thisted Bryghus."},{"@type":"BreadcrumbList","@id":"https:\/\/kunmedierne.dk\/mors\/populaer-porter-fejres-paa-oelfestival-for-sine-foerste-100-aar\/#breadcrumb","itemListElement":[{"@type":"ListItem","position":1,"name":"Hjem","item":"https:\/\/kunmedierne.dk\/mors\/"},{"@type":"ListItem","position":2,"name":"Popul\u00e6r porter fejres p\u00e5 \u00f8lfestival for sine f\u00f8rste 100 \u00e5r"}]},{"@type":"WebSite","@id":"https:\/\/kunmedierne.dk\/mors\/#website","url":"https:\/\/kunmedierne.dk\/mors\/","name":"Mors","description":"et netmedie med journalistik om livet p\u00e5 Mors","publisher":{"@id":"https:\/\/kunmedierne.dk\/mors\/#organization"},"potentialAction":[{"@type":"SearchAction","target":{"@type":"EntryPoint","urlTemplate":"https:\/\/kunmedierne.dk\/mors\/?s={search_term_string}"},"query-input":{"@type":"PropertyValueSpecification","valueRequired":true,"valueName":"search_term_string"}}],"inLanguage":"da-DK"},{"@type":"Organization","@id":"https:\/\/kunmedierne.dk\/mors\/#organization","name":"Mors","url":"https:\/\/kunmedierne.dk\/mors\/","logo":{"@type":"ImageObject","inLanguage":"da-DK","@id":"https:\/\/kunmedierne.dk\/mors\/#\/schema\/logo\/image\/","url":"https:\/\/kunmedierne.dk\/mors\/wp-content\/uploads\/2024\/08\/kunmors-logo.svg","contentUrl":"https:\/\/kunmedierne.dk\/mors\/wp-content\/uploads\/2024\/08\/kunmors-logo.svg","caption":"Mors"},"image":{"@id":"https:\/\/kunmedierne.dk\/mors\/#\/schema\/logo\/image\/"}},{"@type":"Person","@id":"https:\/\/kunmedierne.dk\/mors\/#\/schema\/person\/5fe23251bf1d0abbcdc6f7896579d548","name":"David H\u00f8jmark","image":{"@type":"ImageObject","inLanguage":"da-DK","@id":"https:\/\/kunmedierne.dk\/mors\/#\/schema\/person\/image\/","url":"https:\/\/secure.gravatar.com\/avatar\/4315d6fb9ef244d729989f5f90268eb08d5bf8a3d84402f595fa194bb35784fd?s=96&d=mm&r=g","contentUrl":"https:\/\/secure.gravatar.com\/avatar\/4315d6fb9ef244d729989f5f90268eb08d5bf8a3d84402f595fa194bb35784fd?s=96&d=mm&r=g","caption":"David H\u00f8jmark"},"sameAs":["https:\/\/www.kunmedierne.dk"],"url":"https:\/\/kunmedierne.dk\/mors\/author\/david\/"}]}},"_links":{"self":[{"href":"https:\/\/kunmedierne.dk\/mors\/wp-json\/wp\/v2\/posts\/107848","targetHints":{"allow":["GET"]}}],"collection":[{"href":"https:\/\/kunmedierne.dk\/mors\/wp-json\/wp\/v2\/posts"}],"about":[{"href":"https:\/\/kunmedierne.dk\/mors\/wp-json\/wp\/v2\/types\/post"}],"author":[{"embeddable":true,"href":"https:\/\/kunmedierne.dk\/mors\/wp-json\/wp\/v2\/users\/8"}],"replies":[{"embeddable":true,"href":"https:\/\/kunmedierne.dk\/mors\/wp-json\/wp\/v2\/comments?post=107848"}],"version-history":[{"count":2,"href":"https:\/\/kunmedierne.dk\/mors\/wp-json\/wp\/v2\/posts\/107848\/revisions"}],"predecessor-version":[{"id":107873,"href":"https:\/\/kunmedierne.dk\/mors\/wp-json\/wp\/v2\/posts\/107848\/revisions\/107873"}],"wp:featuredmedia":[{"embeddable":true,"href":"https:\/\/kunmedierne.dk\/mors\/wp-json\/wp\/v2\/media\/107872"}],"wp:attachment":[{"href":"https:\/\/kunmedierne.dk\/mors\/wp-json\/wp\/v2\/media?parent=107848"}],"wp:term":[{"taxonomy":"category","embeddable":true,"href":"https:\/\/kunmedierne.dk\/mors\/wp-json\/wp\/v2\/categories?post=107848"},{"taxonomy":"post_tag","embeddable":true,"href":"https:\/\/kunmedierne.dk\/mors\/wp-json\/wp\/v2\/tags?post=107848"}],"curies":[{"name":"wp","href":"https:\/\/api.w.org\/{rel}","templated":true}]}}