{"id":107697,"date":"2023-12-10T12:38:19","date_gmt":"2023-12-10T11:38:19","guid":{"rendered":"https:\/\/kunmedierne.dk\/mors\/?p=107697"},"modified":"2024-08-12T13:11:28","modified_gmt":"2024-08-12T11:11:28","slug":"nu-forstaar-jeg-hvorfor-min-mor-var-saa-glad-for-at-vaere-der","status":"publish","type":"post","link":"https:\/\/kunmedierne.dk\/mors\/nu-forstaar-jeg-hvorfor-min-mor-var-saa-glad-for-at-vaere-der\/","title":{"rendered":"&#8211; Nu forst\u00e5r jeg, hvorfor min mor var s\u00e5 glad for at v\u00e6re der!"},"content":{"rendered":"<p><strong>ANERKENDELSE<\/strong>: Vi skal huske at rose hinanden for det gode, og denne artikel byder p\u00e5 et meget stort skulderklap til en flok meget dygtige morsingboer.<\/p>\n<p>Det kommer fra Britt Geisler fra Nyk\u00f8bing. Hvis du kender hende, ved du ogs\u00e5, at hun ikke er ked af at r\u00e5be op, n\u00e5r hun er utilfreds.\u00a0Men det g\u00f8r hun ogs\u00e5, n\u00e5r hun er tilfreds. Og Britt Geisler er meget tilfreds med Mors\u00f8 Afklaringscenter.<\/p>\n<a class=\"dvrt-link\" onClick=\"cdmtrack_click(147315,jQuery(this));return false\" href=\"https:\/\/sdrhaa.dk\/\"><img decoding=\"async\" style=\"width:100%;\" src=\"https:\/\/kunmedierne.dk\/mors\/wp-content\/uploads\/2025\/05\/260302Sdr-HaaDin-gebyrvenlige-sparekasse_mors-002.gif\"><\/a><script>cdmtrack_view(147315);<\/script>\n<p>Efter et ophold i to omgange retter hun derfor en meget stor anerkendelse af b\u00e5de den faglige ekspertise blandt medarbejderne og deres m\u00e5de at m\u00f8de patienterne.<\/p>\n<p>&#8211; Jeg h\u00e5ber, at de har lige s\u00e5 gode steder i alle andre kommuner, siger Britt Geisler.<\/p>\n<p>&nbsp;<\/p>\n<p><strong>Omsorg og t\u00e5lmodighed<\/strong><\/p>\n<p>Forhistorien er dramatisk.<\/p>\n<p>En dag i juni faldt Britt Geisler p\u00e5 sit badev\u00e6relse i lejligheden p\u00e5 Broen i Nyk\u00f8bing.<\/p>\n<p>Den 56-\u00e5rige morsingbo havde f\u00e5et noget medicin, hun ikke kunne t\u00e5le, og halvt bed\u00f8vet af den styrtede hun i gulvet og br\u00e6kkede sit ene l\u00e5rben.<\/p>\n<p>Det sendte hende p\u00e5 sygehuset i Aalborg, hvor hun i forbindelse med operationen ogs\u00e5 fik hjertestop.<\/p>\n<p>Men hun blev redet, og efter operationen og et godt ophold i trygge omgivelser p\u00e5 Thisted Sygehus kom hun p\u00e5 Mors\u00f8 Afklaringscenter, som hun beskriver som et tilbud ud over det s\u00e6dvanlige.<\/p>\n<a class=\"dvrt-link\" onClick=\"cdmtrack_click(111725,jQuery(this));return false\" href=\"https:\/\/www.thistedforsikring.dk\/?utm_source=partnerskaber&amp;utm_campaign=kun_mors\"><img decoding=\"async\" style=\"width:100%;\" src=\"https:\/\/kunmedierne.dk\/mors\/wp-content\/uploads\/2024\/02\/269409KunMors-ThistedFor-1.png\"><\/a><script>cdmtrack_view(111725);<\/script>\n<p>Hun fremh\u00e6ver flere faktorer bag sit skulderklap:<\/p>\n<p>&#8211; Det er omsorgen. Det er, at nomineringen, s\u00e5 vidt jeg har forst\u00e5et, er god. Der er tid, og der er t\u00e5lmodighed. Og det skal der v\u00e6re med nogle mennesker som os, der ikke kan s\u00e5 meget, siger hun.<\/p>\n<p>&#8211; Der bliver givet omsorg og taget vare p\u00e5 den enkelte. Og det er altafg\u00f8rende, lyder det &#8211; dog med en tilf\u00f8jelse om, at hun under sit andet ophold kunne fornemme besparelser med endnu st\u00f8rre krav til personalet som resultat.<\/p>\n<p>&nbsp;<\/p>\n<p><strong>Skovparkens mad i top<\/strong><\/p>\n<p>Men roserne stopper ikke her.<\/p>\n<p>For udover den faglige kompetence og hjertevarme h\u00e5ndtering modtager man som indlagt p\u00e5 afklaringscentret ogs\u00e5 en forplejning, der imponerer Britt Geisler. B\u00e5de den, der bliver lavet p\u00e5 stedet, og den, der kommer udefra.<\/p>\n<p>&#8211; Noget af maden kommer fra deres eget k\u00f8kken, n\u00e5r de bager boller og den slags. Men ellers kommer den fra Skovparken. Og det er alts\u00e5 god mad, man f\u00e5r derfra, siger hun.<\/p>\n<a class=\"dvrt-link\" onClick=\"cdmtrack_click(104781,jQuery(this));return false\" href=\"https:\/\/www.fmspks.dk\/\"><img decoding=\"async\" style=\"width:100%;\" src=\"https:\/\/kunmedierne.dk\/mors\/wp-content\/uploads\/2022\/02\/vip-froeslev-mollerup-sparekasse.jpg\"><\/a><script>cdmtrack_view(104781);<\/script>\n<p>Det er med tilf\u00f8jelsen, at hun selv var skeptisk inden f\u00f8rste m\u00e5ltid.<\/p>\n<p>&#8211; Jeg t\u00e6nkte: &#8220;Skovparkens mad, det klarer jeg bare aldrig!&#8221; Men det er slet ikke noget problem, siger hun og supplerer, at hun i sit hjem i Nyk\u00f8bing lige har f\u00e5et nogle portioner &#8211; og at hun stadig er meget tilfreds.<\/p>\n<p>&#8211; S\u00e5 jeg synes virkelig, at tingene spiller, siger Britt Geisler.<\/p>\n<p>&nbsp;<\/p>\n<p><strong>Forst\u00e5r sin mors gl\u00e6de<\/strong><\/p>\n<p>Hendes oplevelse har en forhistorie. I 2022 d\u00f8de hendes mor. Hun n\u00e5ede ogs\u00e5 at v\u00e6re indlagt i tre m\u00e5neder p\u00e5 Mors\u00f8 Afklaringscenter og fortalte sin datter, hvor tilfreds hun var med at v\u00e6re der.<\/p>\n<p>Britt Geisler var som n\u00e6vnt p\u00e5 stedet i to omgange og blev bekr\u00e6ftet i sin mors begejstring.<\/p>\n<p>&#8211; De tog virkelig h\u00e5nd om mig og passede p\u00e5 mig, siger hun.<\/p>\n<a class=\"dvrt-link\" onClick=\"cdmtrack_click(104785,jQuery(this));return false\" href=\"https:\/\/www.facebook.com\/lyndrups\"><img decoding=\"async\" style=\"width:100%;\" src=\"https:\/\/kunmedierne.dk\/mors\/wp-content\/uploads\/2022\/02\/vip-lyndrups-rengoering.jpg\"><\/a><script>cdmtrack_view(104785);<\/script>\n<p>Den tidligere indehaver af Geisler Art i Nyk\u00f8bings g\u00e5gade har v\u00e6ret ramt af leddegigt, siden hun var barn. I de seneste \u00e5r er synet ogs\u00e5 begyndt at svigte.<\/p>\n<p>Og s\u00e5 har hun ogs\u00e5 tidligere v\u00e6ret uheldig at falde med et knoglebrud som resultat.<\/p>\n<p>&#8211; Men det var ikke s\u00e5 slemt denne her gang. Det har v\u00e6ret v\u00e6rre de andre gange. Han har sat det godt sammen, s\u00e5 jeg kunne komme op og g\u00e5 med det samme, siger hun om operationen og fort\u00e6ller, at hun igen er mobil med en rollator.<\/p>\n<p>Og n\u00e5r hun bruger den, sender hun venlige tanker i retning af \u00d8ster J\u00f8lby og Mors\u00f8 Afklaringscenter.<\/p>\n<p>For som hun siger:<\/p>\n<p>&#8211; Nu forst\u00e5r jeg, hvorfor min mor var s\u00e5 glad for at v\u00e6re der.<\/p>\n<p>&nbsp;<\/p>\n<blockquote>\n<h3>FAKTA<\/h3>\n<h5>Mors\u00f8 Afklaringscenter er et midlertidigt plejetilbud til borgere, der har brug for kortvarig d\u00f8gnpleje eller aflastning, n\u00e5r plejen vurderes ikke at kunne ydes tilstr\u00e6kkelig i eget hjem.<\/h5>\n<h5><strong>M\u00e5lgruppen er\u00a0borgere over 18 \u00e5r med behov for:<\/strong><\/h5>\n<ul>\n<li>\n<h5>Kortvarig d\u00f8gnpleje eller aflastning, hvor pleje i hjemmet ikke sl\u00e5r til og sygehusindl\u00e6ggelse ikke er n\u00f8dvendig<\/h5>\n<\/li>\n<li>\n<h5>En sundheds- eller plejem\u00e6ssig h\u00e5ndsr\u00e6kning for at komme p\u00e5 fode igen<\/h5>\n<\/li>\n<li>\n<h5>Rehabilitering for at kunne klare mest mulig selv<\/h5>\n<\/li>\n<li>\n<h5>Vurdering af tilstand og mulige form\u00e5en<\/h5>\n<\/li>\n<\/ul>\n<h5>Mors\u00f8 Afklaringscenter fejrer mandag sit 10 \u00e5rs jubil\u00e6um.<\/h5>\n<h6>Kilde: Mors\u00f8 Kommune.<\/h6>\n<\/blockquote>\n","protected":false},"excerpt":{"rendered":"<p>ANERKENDELSE: Vi skal huske at rose hinanden for det gode, og denne artikel byder p\u00e5 et meget stort skulderklap til en flok meget dygtige morsingboer. Det kommer fra Britt Geisler fra Nyk\u00f8bing. Hvis du kender hende, ved du ogs\u00e5, at hun ikke er ked af at r\u00e5be op, n\u00e5r hun er utilfreds.\u00a0Men det g\u00f8r hun [&hellip;]<\/p>\n","protected":false},"author":8,"featured_media":39936,"comment_status":"closed","ping_status":"open","sticky":false,"template":"","format":"standard","meta":{"_acf_changed":false,"footnotes":""},"categories":[51],"tags":[],"class_list":["post-107697","post","type-post","status-publish","format-standard","has-post-thumbnail","hentry","category-lokalt"],"acf":[],"yoast_head":"<!-- This site is optimized with the Yoast SEO plugin v26.8 - https:\/\/yoast.com\/product\/yoast-seo-wordpress\/ -->\n<title>- Nu forst\u00e5r jeg, hvorfor min mor var s\u00e5 glad for at v\u00e6re der! - Mors<\/title>\n<meta name=\"robots\" content=\"index, follow, max-snippet:-1, max-image-preview:large, max-video-preview:-1\" \/>\n<link rel=\"canonical\" href=\"https:\/\/kunmedierne.dk\/mors\/nu-forstaar-jeg-hvorfor-min-mor-var-saa-glad-for-at-vaere-der\/\" \/>\n<meta property=\"og:locale\" content=\"da_DK\" \/>\n<meta property=\"og:type\" content=\"article\" \/>\n<meta property=\"og:title\" content=\"- Nu forst\u00e5r jeg, hvorfor min mor var s\u00e5 glad for at v\u00e6re der! - Mors\" \/>\n<meta property=\"og:description\" content=\"ANERKENDELSE: Vi skal huske at rose hinanden for det gode, og denne artikel byder p\u00e5 et meget stort skulderklap til en flok meget dygtige morsingboer. Det kommer fra Britt Geisler fra Nyk\u00f8bing. Hvis du kender hende, ved du ogs\u00e5, at hun ikke er ked af at r\u00e5be op, n\u00e5r hun er utilfreds.\u00a0Men det g\u00f8r hun [&hellip;]\" \/>\n<meta property=\"og:url\" content=\"https:\/\/kunmedierne.dk\/mors\/nu-forstaar-jeg-hvorfor-min-mor-var-saa-glad-for-at-vaere-der\/\" \/>\n<meta property=\"og:site_name\" content=\"Mors\" \/>\n<meta property=\"article:published_time\" content=\"2023-12-10T11:38:19+00:00\" \/>\n<meta property=\"article:modified_time\" content=\"2024-08-12T11:11:28+00:00\" \/>\n<meta property=\"og:image\" content=\"https:\/\/kunmedierne.dk\/mors\/wp-content\/uploads\/2021\/02\/mors\u00f8-afklaringscenter.jpg\" \/>\n\t<meta property=\"og:image:width\" content=\"770\" \/>\n\t<meta property=\"og:image:height\" content=\"513\" \/>\n\t<meta property=\"og:image:type\" content=\"image\/jpeg\" \/>\n<meta name=\"author\" content=\"David H\u00f8jmark\" \/>\n<meta name=\"twitter:card\" content=\"summary_large_image\" \/>\n<meta name=\"twitter:label1\" content=\"Skrevet af\" \/>\n\t<meta name=\"twitter:data1\" content=\"David H\u00f8jmark\" \/>\n\t<meta name=\"twitter:label2\" content=\"Estimeret l\u00e6setid\" \/>\n\t<meta name=\"twitter:data2\" content=\"4 minutter\" \/>\n<script type=\"application\/ld+json\" class=\"yoast-schema-graph\">{\"@context\":\"https:\/\/schema.org\",\"@graph\":[{\"@type\":\"Article\",\"@id\":\"https:\/\/kunmedierne.dk\/mors\/nu-forstaar-jeg-hvorfor-min-mor-var-saa-glad-for-at-vaere-der\/#article\",\"isPartOf\":{\"@id\":\"https:\/\/kunmedierne.dk\/mors\/nu-forstaar-jeg-hvorfor-min-mor-var-saa-glad-for-at-vaere-der\/\"},\"author\":{\"name\":\"David H\u00f8jmark\",\"@id\":\"https:\/\/kunmedierne.dk\/mors\/#\/schema\/person\/5fe23251bf1d0abbcdc6f7896579d548\"},\"headline\":\"&#8211; Nu forst\u00e5r jeg, hvorfor min mor var s\u00e5 glad for at v\u00e6re der!\",\"datePublished\":\"2023-12-10T11:38:19+00:00\",\"dateModified\":\"2024-08-12T11:11:28+00:00\",\"mainEntityOfPage\":{\"@id\":\"https:\/\/kunmedierne.dk\/mors\/nu-forstaar-jeg-hvorfor-min-mor-var-saa-glad-for-at-vaere-der\/\"},\"wordCount\":810,\"publisher\":{\"@id\":\"https:\/\/kunmedierne.dk\/mors\/#organization\"},\"image\":{\"@id\":\"https:\/\/kunmedierne.dk\/mors\/nu-forstaar-jeg-hvorfor-min-mor-var-saa-glad-for-at-vaere-der\/#primaryimage\"},\"thumbnailUrl\":\"https:\/\/kunmedierne.dk\/mors\/wp-content\/uploads\/2021\/02\/mors\u00f8-afklaringscenter.jpg\",\"articleSection\":[\"Lokalt\"],\"inLanguage\":\"da-DK\"},{\"@type\":\"WebPage\",\"@id\":\"https:\/\/kunmedierne.dk\/mors\/nu-forstaar-jeg-hvorfor-min-mor-var-saa-glad-for-at-vaere-der\/\",\"url\":\"https:\/\/kunmedierne.dk\/mors\/nu-forstaar-jeg-hvorfor-min-mor-var-saa-glad-for-at-vaere-der\/\",\"name\":\"- Nu forst\u00e5r jeg, hvorfor min mor var s\u00e5 glad for at v\u00e6re der! - Mors\",\"isPartOf\":{\"@id\":\"https:\/\/kunmedierne.dk\/mors\/#website\"},\"primaryImageOfPage\":{\"@id\":\"https:\/\/kunmedierne.dk\/mors\/nu-forstaar-jeg-hvorfor-min-mor-var-saa-glad-for-at-vaere-der\/#primaryimage\"},\"image\":{\"@id\":\"https:\/\/kunmedierne.dk\/mors\/nu-forstaar-jeg-hvorfor-min-mor-var-saa-glad-for-at-vaere-der\/#primaryimage\"},\"thumbnailUrl\":\"https:\/\/kunmedierne.dk\/mors\/wp-content\/uploads\/2021\/02\/mors\u00f8-afklaringscenter.jpg\",\"datePublished\":\"2023-12-10T11:38:19+00:00\",\"dateModified\":\"2024-08-12T11:11:28+00:00\",\"breadcrumb\":{\"@id\":\"https:\/\/kunmedierne.dk\/mors\/nu-forstaar-jeg-hvorfor-min-mor-var-saa-glad-for-at-vaere-der\/#breadcrumb\"},\"inLanguage\":\"da-DK\",\"potentialAction\":[{\"@type\":\"ReadAction\",\"target\":[\"https:\/\/kunmedierne.dk\/mors\/nu-forstaar-jeg-hvorfor-min-mor-var-saa-glad-for-at-vaere-der\/\"]}]},{\"@type\":\"ImageObject\",\"inLanguage\":\"da-DK\",\"@id\":\"https:\/\/kunmedierne.dk\/mors\/nu-forstaar-jeg-hvorfor-min-mor-var-saa-glad-for-at-vaere-der\/#primaryimage\",\"url\":\"https:\/\/kunmedierne.dk\/mors\/wp-content\/uploads\/2021\/02\/mors\u00f8-afklaringscenter.jpg\",\"contentUrl\":\"https:\/\/kunmedierne.dk\/mors\/wp-content\/uploads\/2021\/02\/mors\u00f8-afklaringscenter.jpg\",\"width\":770,\"height\":513,\"caption\":\"Mors\u00f8 Afklaringscenter. Foto: Mors\u00f8 Kommune\"},{\"@type\":\"BreadcrumbList\",\"@id\":\"https:\/\/kunmedierne.dk\/mors\/nu-forstaar-jeg-hvorfor-min-mor-var-saa-glad-for-at-vaere-der\/#breadcrumb\",\"itemListElement\":[{\"@type\":\"ListItem\",\"position\":1,\"name\":\"Hjem\",\"item\":\"https:\/\/kunmedierne.dk\/mors\/\"},{\"@type\":\"ListItem\",\"position\":2,\"name\":\"&#8211; Nu forst\u00e5r jeg, hvorfor min mor var s\u00e5 glad for at v\u00e6re der!\"}]},{\"@type\":\"WebSite\",\"@id\":\"https:\/\/kunmedierne.dk\/mors\/#website\",\"url\":\"https:\/\/kunmedierne.dk\/mors\/\",\"name\":\"Mors\",\"description\":\"et netmedie med journalistik om livet p\u00e5 Mors\",\"publisher\":{\"@id\":\"https:\/\/kunmedierne.dk\/mors\/#organization\"},\"potentialAction\":[{\"@type\":\"SearchAction\",\"target\":{\"@type\":\"EntryPoint\",\"urlTemplate\":\"https:\/\/kunmedierne.dk\/mors\/?s={search_term_string}\"},\"query-input\":{\"@type\":\"PropertyValueSpecification\",\"valueRequired\":true,\"valueName\":\"search_term_string\"}}],\"inLanguage\":\"da-DK\"},{\"@type\":\"Organization\",\"@id\":\"https:\/\/kunmedierne.dk\/mors\/#organization\",\"name\":\"Mors\",\"url\":\"https:\/\/kunmedierne.dk\/mors\/\",\"logo\":{\"@type\":\"ImageObject\",\"inLanguage\":\"da-DK\",\"@id\":\"https:\/\/kunmedierne.dk\/mors\/#\/schema\/logo\/image\/\",\"url\":\"https:\/\/kunmedierne.dk\/mors\/wp-content\/uploads\/2024\/08\/kunmors-logo.svg\",\"contentUrl\":\"https:\/\/kunmedierne.dk\/mors\/wp-content\/uploads\/2024\/08\/kunmors-logo.svg\",\"caption\":\"Mors\"},\"image\":{\"@id\":\"https:\/\/kunmedierne.dk\/mors\/#\/schema\/logo\/image\/\"}},{\"@type\":\"Person\",\"@id\":\"https:\/\/kunmedierne.dk\/mors\/#\/schema\/person\/5fe23251bf1d0abbcdc6f7896579d548\",\"name\":\"David H\u00f8jmark\",\"image\":{\"@type\":\"ImageObject\",\"inLanguage\":\"da-DK\",\"@id\":\"https:\/\/kunmedierne.dk\/mors\/#\/schema\/person\/image\/\",\"url\":\"https:\/\/secure.gravatar.com\/avatar\/4315d6fb9ef244d729989f5f90268eb08d5bf8a3d84402f595fa194bb35784fd?s=96&d=mm&r=g\",\"contentUrl\":\"https:\/\/secure.gravatar.com\/avatar\/4315d6fb9ef244d729989f5f90268eb08d5bf8a3d84402f595fa194bb35784fd?s=96&d=mm&r=g\",\"caption\":\"David H\u00f8jmark\"},\"sameAs\":[\"https:\/\/www.kunmedierne.dk\"],\"url\":\"https:\/\/kunmedierne.dk\/mors\/author\/david\/\"}]}<\/script>\n<!-- \/ Yoast SEO plugin. -->","yoast_head_json":{"title":"- Nu forst\u00e5r jeg, hvorfor min mor var s\u00e5 glad for at v\u00e6re der! - Mors","robots":{"index":"index","follow":"follow","max-snippet":"max-snippet:-1","max-image-preview":"max-image-preview:large","max-video-preview":"max-video-preview:-1"},"canonical":"https:\/\/kunmedierne.dk\/mors\/nu-forstaar-jeg-hvorfor-min-mor-var-saa-glad-for-at-vaere-der\/","og_locale":"da_DK","og_type":"article","og_title":"- Nu forst\u00e5r jeg, hvorfor min mor var s\u00e5 glad for at v\u00e6re der! - Mors","og_description":"ANERKENDELSE: Vi skal huske at rose hinanden for det gode, og denne artikel byder p\u00e5 et meget stort skulderklap til en flok meget dygtige morsingboer. Det kommer fra Britt Geisler fra Nyk\u00f8bing. Hvis du kender hende, ved du ogs\u00e5, at hun ikke er ked af at r\u00e5be op, n\u00e5r hun er utilfreds.\u00a0Men det g\u00f8r hun [&hellip;]","og_url":"https:\/\/kunmedierne.dk\/mors\/nu-forstaar-jeg-hvorfor-min-mor-var-saa-glad-for-at-vaere-der\/","og_site_name":"Mors","article_published_time":"2023-12-10T11:38:19+00:00","article_modified_time":"2024-08-12T11:11:28+00:00","og_image":[{"width":770,"height":513,"url":"https:\/\/kunmedierne.dk\/mors\/wp-content\/uploads\/2021\/02\/mors\u00f8-afklaringscenter.jpg","type":"image\/jpeg"}],"author":"David H\u00f8jmark","twitter_card":"summary_large_image","twitter_misc":{"Skrevet af":"David H\u00f8jmark","Estimeret l\u00e6setid":"4 minutter"},"schema":{"@context":"https:\/\/schema.org","@graph":[{"@type":"Article","@id":"https:\/\/kunmedierne.dk\/mors\/nu-forstaar-jeg-hvorfor-min-mor-var-saa-glad-for-at-vaere-der\/#article","isPartOf":{"@id":"https:\/\/kunmedierne.dk\/mors\/nu-forstaar-jeg-hvorfor-min-mor-var-saa-glad-for-at-vaere-der\/"},"author":{"name":"David H\u00f8jmark","@id":"https:\/\/kunmedierne.dk\/mors\/#\/schema\/person\/5fe23251bf1d0abbcdc6f7896579d548"},"headline":"&#8211; Nu forst\u00e5r jeg, hvorfor min mor var s\u00e5 glad for at v\u00e6re der!","datePublished":"2023-12-10T11:38:19+00:00","dateModified":"2024-08-12T11:11:28+00:00","mainEntityOfPage":{"@id":"https:\/\/kunmedierne.dk\/mors\/nu-forstaar-jeg-hvorfor-min-mor-var-saa-glad-for-at-vaere-der\/"},"wordCount":810,"publisher":{"@id":"https:\/\/kunmedierne.dk\/mors\/#organization"},"image":{"@id":"https:\/\/kunmedierne.dk\/mors\/nu-forstaar-jeg-hvorfor-min-mor-var-saa-glad-for-at-vaere-der\/#primaryimage"},"thumbnailUrl":"https:\/\/kunmedierne.dk\/mors\/wp-content\/uploads\/2021\/02\/mors\u00f8-afklaringscenter.jpg","articleSection":["Lokalt"],"inLanguage":"da-DK"},{"@type":"WebPage","@id":"https:\/\/kunmedierne.dk\/mors\/nu-forstaar-jeg-hvorfor-min-mor-var-saa-glad-for-at-vaere-der\/","url":"https:\/\/kunmedierne.dk\/mors\/nu-forstaar-jeg-hvorfor-min-mor-var-saa-glad-for-at-vaere-der\/","name":"- Nu forst\u00e5r jeg, hvorfor min mor var s\u00e5 glad for at v\u00e6re der! - Mors","isPartOf":{"@id":"https:\/\/kunmedierne.dk\/mors\/#website"},"primaryImageOfPage":{"@id":"https:\/\/kunmedierne.dk\/mors\/nu-forstaar-jeg-hvorfor-min-mor-var-saa-glad-for-at-vaere-der\/#primaryimage"},"image":{"@id":"https:\/\/kunmedierne.dk\/mors\/nu-forstaar-jeg-hvorfor-min-mor-var-saa-glad-for-at-vaere-der\/#primaryimage"},"thumbnailUrl":"https:\/\/kunmedierne.dk\/mors\/wp-content\/uploads\/2021\/02\/mors\u00f8-afklaringscenter.jpg","datePublished":"2023-12-10T11:38:19+00:00","dateModified":"2024-08-12T11:11:28+00:00","breadcrumb":{"@id":"https:\/\/kunmedierne.dk\/mors\/nu-forstaar-jeg-hvorfor-min-mor-var-saa-glad-for-at-vaere-der\/#breadcrumb"},"inLanguage":"da-DK","potentialAction":[{"@type":"ReadAction","target":["https:\/\/kunmedierne.dk\/mors\/nu-forstaar-jeg-hvorfor-min-mor-var-saa-glad-for-at-vaere-der\/"]}]},{"@type":"ImageObject","inLanguage":"da-DK","@id":"https:\/\/kunmedierne.dk\/mors\/nu-forstaar-jeg-hvorfor-min-mor-var-saa-glad-for-at-vaere-der\/#primaryimage","url":"https:\/\/kunmedierne.dk\/mors\/wp-content\/uploads\/2021\/02\/mors\u00f8-afklaringscenter.jpg","contentUrl":"https:\/\/kunmedierne.dk\/mors\/wp-content\/uploads\/2021\/02\/mors\u00f8-afklaringscenter.jpg","width":770,"height":513,"caption":"Mors\u00f8 Afklaringscenter. Foto: Mors\u00f8 Kommune"},{"@type":"BreadcrumbList","@id":"https:\/\/kunmedierne.dk\/mors\/nu-forstaar-jeg-hvorfor-min-mor-var-saa-glad-for-at-vaere-der\/#breadcrumb","itemListElement":[{"@type":"ListItem","position":1,"name":"Hjem","item":"https:\/\/kunmedierne.dk\/mors\/"},{"@type":"ListItem","position":2,"name":"&#8211; Nu forst\u00e5r jeg, hvorfor min mor var s\u00e5 glad for at v\u00e6re der!"}]},{"@type":"WebSite","@id":"https:\/\/kunmedierne.dk\/mors\/#website","url":"https:\/\/kunmedierne.dk\/mors\/","name":"Mors","description":"et netmedie med journalistik om livet p\u00e5 Mors","publisher":{"@id":"https:\/\/kunmedierne.dk\/mors\/#organization"},"potentialAction":[{"@type":"SearchAction","target":{"@type":"EntryPoint","urlTemplate":"https:\/\/kunmedierne.dk\/mors\/?s={search_term_string}"},"query-input":{"@type":"PropertyValueSpecification","valueRequired":true,"valueName":"search_term_string"}}],"inLanguage":"da-DK"},{"@type":"Organization","@id":"https:\/\/kunmedierne.dk\/mors\/#organization","name":"Mors","url":"https:\/\/kunmedierne.dk\/mors\/","logo":{"@type":"ImageObject","inLanguage":"da-DK","@id":"https:\/\/kunmedierne.dk\/mors\/#\/schema\/logo\/image\/","url":"https:\/\/kunmedierne.dk\/mors\/wp-content\/uploads\/2024\/08\/kunmors-logo.svg","contentUrl":"https:\/\/kunmedierne.dk\/mors\/wp-content\/uploads\/2024\/08\/kunmors-logo.svg","caption":"Mors"},"image":{"@id":"https:\/\/kunmedierne.dk\/mors\/#\/schema\/logo\/image\/"}},{"@type":"Person","@id":"https:\/\/kunmedierne.dk\/mors\/#\/schema\/person\/5fe23251bf1d0abbcdc6f7896579d548","name":"David H\u00f8jmark","image":{"@type":"ImageObject","inLanguage":"da-DK","@id":"https:\/\/kunmedierne.dk\/mors\/#\/schema\/person\/image\/","url":"https:\/\/secure.gravatar.com\/avatar\/4315d6fb9ef244d729989f5f90268eb08d5bf8a3d84402f595fa194bb35784fd?s=96&d=mm&r=g","contentUrl":"https:\/\/secure.gravatar.com\/avatar\/4315d6fb9ef244d729989f5f90268eb08d5bf8a3d84402f595fa194bb35784fd?s=96&d=mm&r=g","caption":"David H\u00f8jmark"},"sameAs":["https:\/\/www.kunmedierne.dk"],"url":"https:\/\/kunmedierne.dk\/mors\/author\/david\/"}]}},"_links":{"self":[{"href":"https:\/\/kunmedierne.dk\/mors\/wp-json\/wp\/v2\/posts\/107697","targetHints":{"allow":["GET"]}}],"collection":[{"href":"https:\/\/kunmedierne.dk\/mors\/wp-json\/wp\/v2\/posts"}],"about":[{"href":"https:\/\/kunmedierne.dk\/mors\/wp-json\/wp\/v2\/types\/post"}],"author":[{"embeddable":true,"href":"https:\/\/kunmedierne.dk\/mors\/wp-json\/wp\/v2\/users\/8"}],"replies":[{"embeddable":true,"href":"https:\/\/kunmedierne.dk\/mors\/wp-json\/wp\/v2\/comments?post=107697"}],"version-history":[{"count":6,"href":"https:\/\/kunmedierne.dk\/mors\/wp-json\/wp\/v2\/posts\/107697\/revisions"}],"predecessor-version":[{"id":107703,"href":"https:\/\/kunmedierne.dk\/mors\/wp-json\/wp\/v2\/posts\/107697\/revisions\/107703"}],"wp:featuredmedia":[{"embeddable":true,"href":"https:\/\/kunmedierne.dk\/mors\/wp-json\/wp\/v2\/media\/39936"}],"wp:attachment":[{"href":"https:\/\/kunmedierne.dk\/mors\/wp-json\/wp\/v2\/media?parent=107697"}],"wp:term":[{"taxonomy":"category","embeddable":true,"href":"https:\/\/kunmedierne.dk\/mors\/wp-json\/wp\/v2\/categories?post=107697"},{"taxonomy":"post_tag","embeddable":true,"href":"https:\/\/kunmedierne.dk\/mors\/wp-json\/wp\/v2\/tags?post=107697"}],"curies":[{"name":"wp","href":"https:\/\/api.w.org\/{rel}","templated":true}]}}