{"id":106485,"date":"2023-11-20T15:10:42","date_gmt":"2023-11-20T14:10:42","guid":{"rendered":"https:\/\/kunmedierne.dk\/mors\/?p=106485"},"modified":"2024-08-12T13:11:34","modified_gmt":"2024-08-12T11:11:34","slug":"planerne-om-et-feriehotel-ved-ejerslev-havn","status":"publish","type":"post","link":"https:\/\/kunmedierne.dk\/mors\/planerne-om-et-feriehotel-ved-ejerslev-havn\/","title":{"rendered":"Planerne om et feriehotel ved Ejerslev Havn"},"content":{"rendered":"<p><em>Af Steen Folmer Jensen, Sdr. Dr\u00e5by:<\/em><\/p>\n<p><strong>L\u00c6SERBREV<\/strong>:\u00a0De mange klapsalver ved m\u00f8det i Sejerslev mandag aften ved pr\u00e6sentationen af planerne for et feriehotel ved indk\u00f8rslen til Ejerslev Havn viste, at der er en stor begejstring for, at der kommer nye aktiviteter til Nordmors.<\/p>\n<p>Det er jeg ganske enig i ville v\u00e6re godt for udviklingen her, til gavn for de n\u00e6ringsdrivende, f\u00e6rgen, kroen, k\u00f8bmanden, bageren, skolen\u2026.. Men vi skal t\u00e6nke os godt om, s\u00e5 vi ikke \u00f8del\u00e6gger de attraktioner vi er stolte af.<\/p>\n<p>Vi skal t\u00e6nke os om og ikke falde for det f\u00f8rste, for det er ikke sikkert, at det er det bedste for fremtiden for os, der bor her p\u00e5 Nordmors.<\/p>\n<a class=\"dvrt-link\" onClick=\"cdmtrack_click(104783,jQuery(this));return false\" href=\"https:\/\/konpap.dk\/\"><img decoding=\"async\" style=\"width:100%;\" src=\"https:\/\/kunmedierne.dk\/mors\/wp-content\/uploads\/2023\/10\/Kun-Mors-banner.jpg\"><\/a><script>cdmtrack_view(104783);<\/script>\n<p>Ejerslev Havn er en perle i sin nuv\u00e6rende skikkelse, hvor virkeligt mange lokale har ydet en k\u00e6mpe indsats for opbygningen og driften. Det er ikke uden en vis stolthed, man tager derned og gl\u00e6des over at se, hvordan de bes\u00f8gende nyder de mange sm\u00e5 finurligheder, som kreative folk har skabt gennem de mange \u00e5r havnen er vokset til. Det er netop harmonien og at den er s\u00e5 anderledes end andre, der g\u00f8r den til den turistattraktion, som tiltr\u00e6kker de rigtigt mange glade brugere, som til lands og til vands kommer langvejs fra for en oplevelse af en havn, der s\u00e5 n\u00e6nsomt er indpasset i vores smukke kystlandskab, med lagunen og molerskr\u00e6nterne.<\/p>\n<p>De projektledere, der arbejder med planudviklingen for projektet, arbejder i en hel anden m\u00e5lestok, som for mig at se ikke kan indpasses i vores s\u00e6rpr\u00e6gede landskab, med det gamle vejnet, som kringler ned til den lille havn.<\/p>\n<a class=\"dvrt-link\" onClick=\"cdmtrack_click(147315,jQuery(this));return false\" href=\"https:\/\/sdrhaa.dk\/\"><img decoding=\"async\" style=\"width:100%;\" src=\"https:\/\/kunmedierne.dk\/mors\/wp-content\/uploads\/2025\/05\/260302Sdr-HaaDin-gebyrvenlige-sparekasse_mors-002.gif\"><\/a><script>cdmtrack_view(147315);<\/script>\n<p>At presse 88 lejligheder, 100 parkeringspladser og 232 sengepladser og to regnvandss\u00f8er p\u00e5 de 3-4 ha.\u00a0Derudover projekterer en reception med kiosk og plads til servering af morgenm\u00e5ltid m.m. i og sikkert ogs\u00e5 omkring den gamle r\u00f8dstensbygning p\u00e5 vejen ned til havnen, hvor der s\u00e5 yderligere skal mases en bygning med spabade og sauna ind p\u00e5 havnepladsen\u2026.. Hall\u00f8jsa, det er da noget af en parasit, som \u00e6der sig ind p\u00e5 oplevelsen og charmen ved den dejlig vej derned og \u201cvores han\u201d.<\/p>\n<p>Men ikke nok med det.\u00a0S\u00e5 har politikerne luftet planer om at placere et \u201coplevelsescenter\u201d ifm. Molermuseet p\u00e5 grunden ind mod Lyngen, der rummede det nedrevne molerv\u00e6rk.<\/p>\n<p>T\u00e6nk at nogen p\u00e5 Borgen synes, at det er smart at samle al turismen ved Ejerslev Havn?<\/p>\n<a class=\"dvrt-link\" onClick=\"cdmtrack_click(111725,jQuery(this));return false\" href=\"https:\/\/www.thistedforsikring.dk\/?utm_source=partnerskaber&amp;utm_campaign=kun_mors\"><img decoding=\"async\" style=\"width:100%;\" src=\"https:\/\/kunmedierne.dk\/mors\/wp-content\/uploads\/2024\/02\/269409KunMors-ThistedFor-1.png\"><\/a><script>cdmtrack_view(111725);<\/script>\n<p>Nej, lad havn v\u00e6re havn, og flyt feriehotellet til Sejerslev, og som der allerede er en, der har foresl\u00e5et, brug den gode campingplads, der er til salg og brug dens fine udsigt og de velegnede vejanl\u00e6g til at skabe et mere b\u00e6redygtigt feriehotel. Der kan disse projektmagere og investorer bruge deres ekspertiser til gavn for lokalbefolkningen og s\u00e6tte skub i den ny udvikling af turismen.<\/p>\n<p>Molermuseet synes jeg er s\u00e5 fint placeret, der hvor det ligger, med den fantastiske udsigt over Feggeklit og fjorden og de gode tilk\u00f8rselsforhold. Byg det nye museum rundt om de nuv\u00e6rende bygninger og f\u00e5 en fantastisk udsigt i alle retninger. N\u00e5r s\u00e5 byggeriet af museet engang st\u00e5r f\u00e6rdigt, og den sp\u00e6ndende samling er flyttet til nye lokaler, s\u00e5 nedrives de gamle bygninger, og man opn\u00e5r masser af plads til uderum og parkering, i l\u00e6 af de nye bygninger. Det vil kunne laves smukt og b\u00e6redygtigt.<\/p>\n<a class=\"dvrt-link\" onClick=\"cdmtrack_click(104778,jQuery(this));return false\" href=\"https:\/\/vester-begr.dk\/?gclid=CjwKCAjw5Kv7BRBSEiwAXGDElQB6WMfm9CgYVrruty-I1gaOkTkC3mlA4QRDtYNsxYgVC8sNzAJ7WhoCmBsQAvD_BwE\"><img decoding=\"async\" style=\"width:100%;\" src=\"https:\/\/kunmedierne.dk\/mors\/wp-content\/uploads\/2023\/10\/260203VesterHoukaer-02022026.jpg\"><\/a><script>cdmtrack_view(104778);<\/script>\n<p>S\u00e5 kan vi, der bor p\u00e5 Nord\u00f8en, sammen med de mange nye hotel- og museumsg\u00e6ster, nyde vores allesammens dejlige havn, som den er t\u00e6nkt og fremst\u00e5r i sin rolige og langsomme udvikling.<\/p>\n<p>I dyb respekt for den dejlige \u00f8, vi bor p\u00e5.<\/p>\n<hr \/>\n<p><em>Har du et bidrag til den lokale debat? Send det til os p\u00e5 e-mail: debat@kunmedierne.dk\/mors<\/em><\/p>\n","protected":false},"excerpt":{"rendered":"<p>Af Steen Folmer Jensen, Sdr. Dr\u00e5by: L\u00c6SERBREV:\u00a0De mange klapsalver ved m\u00f8det i Sejerslev mandag aften ved pr\u00e6sentationen af planerne for et feriehotel ved indk\u00f8rslen til Ejerslev Havn viste, at der er en stor begejstring for, at der kommer nye aktiviteter til Nordmors. Det er jeg ganske enig i ville v\u00e6re godt for udviklingen her, til [&hellip;]<\/p>\n","protected":false},"author":11,"featured_media":106048,"comment_status":"closed","ping_status":"open","sticky":false,"template":"","format":"standard","meta":{"_acf_changed":false,"footnotes":""},"categories":[56,51],"tags":[159,171],"class_list":["post-106485","post","type-post","status-publish","format-standard","has-post-thumbnail","hentry","category-debat","category-lokalt","tag-erhverv","tag-turisme"],"acf":[],"yoast_head":"<!-- This site is optimized with the Yoast SEO plugin v26.8 - https:\/\/yoast.com\/product\/yoast-seo-wordpress\/ -->\n<title>Planerne om et feriehotel ved Ejerslev Havn - Mors<\/title>\n<meta name=\"robots\" content=\"index, follow, max-snippet:-1, max-image-preview:large, max-video-preview:-1\" \/>\n<link rel=\"canonical\" href=\"https:\/\/kunmedierne.dk\/mors\/planerne-om-et-feriehotel-ved-ejerslev-havn\/\" \/>\n<meta property=\"og:locale\" content=\"da_DK\" \/>\n<meta property=\"og:type\" content=\"article\" \/>\n<meta property=\"og:title\" content=\"Planerne om et feriehotel ved Ejerslev Havn - Mors\" \/>\n<meta property=\"og:description\" content=\"Af Steen Folmer Jensen, Sdr. Dr\u00e5by: L\u00c6SERBREV:\u00a0De mange klapsalver ved m\u00f8det i Sejerslev mandag aften ved pr\u00e6sentationen af planerne for et feriehotel ved indk\u00f8rslen til Ejerslev Havn viste, at der er en stor begejstring for, at der kommer nye aktiviteter til Nordmors. Det er jeg ganske enig i ville v\u00e6re godt for udviklingen her, til [&hellip;]\" \/>\n<meta property=\"og:url\" content=\"https:\/\/kunmedierne.dk\/mors\/planerne-om-et-feriehotel-ved-ejerslev-havn\/\" \/>\n<meta property=\"og:site_name\" content=\"Mors\" \/>\n<meta property=\"article:published_time\" content=\"2023-11-20T14:10:42+00:00\" \/>\n<meta property=\"article:modified_time\" content=\"2024-08-12T11:11:34+00:00\" \/>\n<meta property=\"og:image\" content=\"https:\/\/kunmedierne.dk\/mors\/wp-content\/uploads\/2023\/11\/IMG_3499.jpg\" \/>\n\t<meta property=\"og:image:width\" content=\"770\" \/>\n\t<meta property=\"og:image:height\" content=\"513\" \/>\n\t<meta property=\"og:image:type\" content=\"image\/jpeg\" \/>\n<meta name=\"author\" content=\"Debat\" \/>\n<meta name=\"twitter:card\" content=\"summary_large_image\" \/>\n<meta name=\"twitter:label1\" content=\"Skrevet af\" \/>\n\t<meta name=\"twitter:data1\" content=\"Debat\" \/>\n\t<meta name=\"twitter:label2\" content=\"Estimeret l\u00e6setid\" \/>\n\t<meta name=\"twitter:data2\" content=\"4 minutter\" \/>\n<script type=\"application\/ld+json\" class=\"yoast-schema-graph\">{\"@context\":\"https:\/\/schema.org\",\"@graph\":[{\"@type\":\"Article\",\"@id\":\"https:\/\/kunmedierne.dk\/mors\/planerne-om-et-feriehotel-ved-ejerslev-havn\/#article\",\"isPartOf\":{\"@id\":\"https:\/\/kunmedierne.dk\/mors\/planerne-om-et-feriehotel-ved-ejerslev-havn\/\"},\"author\":{\"name\":\"Debat\",\"@id\":\"https:\/\/kunmedierne.dk\/mors\/#\/schema\/person\/84c1391bce0b43b9bb3a49736bc0ad78\"},\"headline\":\"Planerne om et feriehotel ved Ejerslev Havn\",\"datePublished\":\"2023-11-20T14:10:42+00:00\",\"dateModified\":\"2024-08-12T11:11:34+00:00\",\"mainEntityOfPage\":{\"@id\":\"https:\/\/kunmedierne.dk\/mors\/planerne-om-et-feriehotel-ved-ejerslev-havn\/\"},\"wordCount\":654,\"publisher\":{\"@id\":\"https:\/\/kunmedierne.dk\/mors\/#organization\"},\"image\":{\"@id\":\"https:\/\/kunmedierne.dk\/mors\/planerne-om-et-feriehotel-ved-ejerslev-havn\/#primaryimage\"},\"thumbnailUrl\":\"https:\/\/kunmedierne.dk\/mors\/wp-content\/uploads\/2023\/11\/IMG_3499.jpg\",\"keywords\":[\"Erhverv\",\"Turisme\"],\"articleSection\":[\"Debat\",\"Lokalt\"],\"inLanguage\":\"da-DK\"},{\"@type\":\"WebPage\",\"@id\":\"https:\/\/kunmedierne.dk\/mors\/planerne-om-et-feriehotel-ved-ejerslev-havn\/\",\"url\":\"https:\/\/kunmedierne.dk\/mors\/planerne-om-et-feriehotel-ved-ejerslev-havn\/\",\"name\":\"Planerne om et feriehotel ved Ejerslev Havn - Mors\",\"isPartOf\":{\"@id\":\"https:\/\/kunmedierne.dk\/mors\/#website\"},\"primaryImageOfPage\":{\"@id\":\"https:\/\/kunmedierne.dk\/mors\/planerne-om-et-feriehotel-ved-ejerslev-havn\/#primaryimage\"},\"image\":{\"@id\":\"https:\/\/kunmedierne.dk\/mors\/planerne-om-et-feriehotel-ved-ejerslev-havn\/#primaryimage\"},\"thumbnailUrl\":\"https:\/\/kunmedierne.dk\/mors\/wp-content\/uploads\/2023\/11\/IMG_3499.jpg\",\"datePublished\":\"2023-11-20T14:10:42+00:00\",\"dateModified\":\"2024-08-12T11:11:34+00:00\",\"breadcrumb\":{\"@id\":\"https:\/\/kunmedierne.dk\/mors\/planerne-om-et-feriehotel-ved-ejerslev-havn\/#breadcrumb\"},\"inLanguage\":\"da-DK\",\"potentialAction\":[{\"@type\":\"ReadAction\",\"target\":[\"https:\/\/kunmedierne.dk\/mors\/planerne-om-et-feriehotel-ved-ejerslev-havn\/\"]}]},{\"@type\":\"ImageObject\",\"inLanguage\":\"da-DK\",\"@id\":\"https:\/\/kunmedierne.dk\/mors\/planerne-om-et-feriehotel-ved-ejerslev-havn\/#primaryimage\",\"url\":\"https:\/\/kunmedierne.dk\/mors\/wp-content\/uploads\/2023\/11\/IMG_3499.jpg\",\"contentUrl\":\"https:\/\/kunmedierne.dk\/mors\/wp-content\/uploads\/2023\/11\/IMG_3499.jpg\",\"width\":770,\"height\":513,\"caption\":\"Fra borgerm\u00f8det i Nordmorshallen. Arkivfoto.\"},{\"@type\":\"BreadcrumbList\",\"@id\":\"https:\/\/kunmedierne.dk\/mors\/planerne-om-et-feriehotel-ved-ejerslev-havn\/#breadcrumb\",\"itemListElement\":[{\"@type\":\"ListItem\",\"position\":1,\"name\":\"Hjem\",\"item\":\"https:\/\/kunmedierne.dk\/mors\/\"},{\"@type\":\"ListItem\",\"position\":2,\"name\":\"Planerne om et feriehotel ved Ejerslev Havn\"}]},{\"@type\":\"WebSite\",\"@id\":\"https:\/\/kunmedierne.dk\/mors\/#website\",\"url\":\"https:\/\/kunmedierne.dk\/mors\/\",\"name\":\"Mors\",\"description\":\"et netmedie med journalistik om livet p\u00e5 Mors\",\"publisher\":{\"@id\":\"https:\/\/kunmedierne.dk\/mors\/#organization\"},\"potentialAction\":[{\"@type\":\"SearchAction\",\"target\":{\"@type\":\"EntryPoint\",\"urlTemplate\":\"https:\/\/kunmedierne.dk\/mors\/?s={search_term_string}\"},\"query-input\":{\"@type\":\"PropertyValueSpecification\",\"valueRequired\":true,\"valueName\":\"search_term_string\"}}],\"inLanguage\":\"da-DK\"},{\"@type\":\"Organization\",\"@id\":\"https:\/\/kunmedierne.dk\/mors\/#organization\",\"name\":\"Mors\",\"url\":\"https:\/\/kunmedierne.dk\/mors\/\",\"logo\":{\"@type\":\"ImageObject\",\"inLanguage\":\"da-DK\",\"@id\":\"https:\/\/kunmedierne.dk\/mors\/#\/schema\/logo\/image\/\",\"url\":\"https:\/\/kunmedierne.dk\/mors\/wp-content\/uploads\/2024\/08\/kunmors-logo.svg\",\"contentUrl\":\"https:\/\/kunmedierne.dk\/mors\/wp-content\/uploads\/2024\/08\/kunmors-logo.svg\",\"caption\":\"Mors\"},\"image\":{\"@id\":\"https:\/\/kunmedierne.dk\/mors\/#\/schema\/logo\/image\/\"}},{\"@type\":\"Person\",\"@id\":\"https:\/\/kunmedierne.dk\/mors\/#\/schema\/person\/84c1391bce0b43b9bb3a49736bc0ad78\",\"name\":\"Debat\",\"image\":{\"@type\":\"ImageObject\",\"inLanguage\":\"da-DK\",\"@id\":\"https:\/\/kunmedierne.dk\/mors\/#\/schema\/person\/image\/\",\"url\":\"https:\/\/secure.gravatar.com\/avatar\/b0fb2e221d618f7c65162ab0d49c7e8a0b580c871ca03af90e42b47b4150654c?s=96&d=mm&r=g\",\"contentUrl\":\"https:\/\/secure.gravatar.com\/avatar\/b0fb2e221d618f7c65162ab0d49c7e8a0b580c871ca03af90e42b47b4150654c?s=96&d=mm&r=g\",\"caption\":\"Debat\"},\"url\":\"https:\/\/kunmedierne.dk\/mors\/author\/debat\/\"}]}<\/script>\n<!-- \/ Yoast SEO plugin. -->","yoast_head_json":{"title":"Planerne om et feriehotel ved Ejerslev Havn - Mors","robots":{"index":"index","follow":"follow","max-snippet":"max-snippet:-1","max-image-preview":"max-image-preview:large","max-video-preview":"max-video-preview:-1"},"canonical":"https:\/\/kunmedierne.dk\/mors\/planerne-om-et-feriehotel-ved-ejerslev-havn\/","og_locale":"da_DK","og_type":"article","og_title":"Planerne om et feriehotel ved Ejerslev Havn - Mors","og_description":"Af Steen Folmer Jensen, Sdr. Dr\u00e5by: L\u00c6SERBREV:\u00a0De mange klapsalver ved m\u00f8det i Sejerslev mandag aften ved pr\u00e6sentationen af planerne for et feriehotel ved indk\u00f8rslen til Ejerslev Havn viste, at der er en stor begejstring for, at der kommer nye aktiviteter til Nordmors. Det er jeg ganske enig i ville v\u00e6re godt for udviklingen her, til [&hellip;]","og_url":"https:\/\/kunmedierne.dk\/mors\/planerne-om-et-feriehotel-ved-ejerslev-havn\/","og_site_name":"Mors","article_published_time":"2023-11-20T14:10:42+00:00","article_modified_time":"2024-08-12T11:11:34+00:00","og_image":[{"width":770,"height":513,"url":"https:\/\/kunmedierne.dk\/mors\/wp-content\/uploads\/2023\/11\/IMG_3499.jpg","type":"image\/jpeg"}],"author":"Debat","twitter_card":"summary_large_image","twitter_misc":{"Skrevet af":"Debat","Estimeret l\u00e6setid":"4 minutter"},"schema":{"@context":"https:\/\/schema.org","@graph":[{"@type":"Article","@id":"https:\/\/kunmedierne.dk\/mors\/planerne-om-et-feriehotel-ved-ejerslev-havn\/#article","isPartOf":{"@id":"https:\/\/kunmedierne.dk\/mors\/planerne-om-et-feriehotel-ved-ejerslev-havn\/"},"author":{"name":"Debat","@id":"https:\/\/kunmedierne.dk\/mors\/#\/schema\/person\/84c1391bce0b43b9bb3a49736bc0ad78"},"headline":"Planerne om et feriehotel ved Ejerslev Havn","datePublished":"2023-11-20T14:10:42+00:00","dateModified":"2024-08-12T11:11:34+00:00","mainEntityOfPage":{"@id":"https:\/\/kunmedierne.dk\/mors\/planerne-om-et-feriehotel-ved-ejerslev-havn\/"},"wordCount":654,"publisher":{"@id":"https:\/\/kunmedierne.dk\/mors\/#organization"},"image":{"@id":"https:\/\/kunmedierne.dk\/mors\/planerne-om-et-feriehotel-ved-ejerslev-havn\/#primaryimage"},"thumbnailUrl":"https:\/\/kunmedierne.dk\/mors\/wp-content\/uploads\/2023\/11\/IMG_3499.jpg","keywords":["Erhverv","Turisme"],"articleSection":["Debat","Lokalt"],"inLanguage":"da-DK"},{"@type":"WebPage","@id":"https:\/\/kunmedierne.dk\/mors\/planerne-om-et-feriehotel-ved-ejerslev-havn\/","url":"https:\/\/kunmedierne.dk\/mors\/planerne-om-et-feriehotel-ved-ejerslev-havn\/","name":"Planerne om et feriehotel ved Ejerslev Havn - Mors","isPartOf":{"@id":"https:\/\/kunmedierne.dk\/mors\/#website"},"primaryImageOfPage":{"@id":"https:\/\/kunmedierne.dk\/mors\/planerne-om-et-feriehotel-ved-ejerslev-havn\/#primaryimage"},"image":{"@id":"https:\/\/kunmedierne.dk\/mors\/planerne-om-et-feriehotel-ved-ejerslev-havn\/#primaryimage"},"thumbnailUrl":"https:\/\/kunmedierne.dk\/mors\/wp-content\/uploads\/2023\/11\/IMG_3499.jpg","datePublished":"2023-11-20T14:10:42+00:00","dateModified":"2024-08-12T11:11:34+00:00","breadcrumb":{"@id":"https:\/\/kunmedierne.dk\/mors\/planerne-om-et-feriehotel-ved-ejerslev-havn\/#breadcrumb"},"inLanguage":"da-DK","potentialAction":[{"@type":"ReadAction","target":["https:\/\/kunmedierne.dk\/mors\/planerne-om-et-feriehotel-ved-ejerslev-havn\/"]}]},{"@type":"ImageObject","inLanguage":"da-DK","@id":"https:\/\/kunmedierne.dk\/mors\/planerne-om-et-feriehotel-ved-ejerslev-havn\/#primaryimage","url":"https:\/\/kunmedierne.dk\/mors\/wp-content\/uploads\/2023\/11\/IMG_3499.jpg","contentUrl":"https:\/\/kunmedierne.dk\/mors\/wp-content\/uploads\/2023\/11\/IMG_3499.jpg","width":770,"height":513,"caption":"Fra borgerm\u00f8det i Nordmorshallen. Arkivfoto."},{"@type":"BreadcrumbList","@id":"https:\/\/kunmedierne.dk\/mors\/planerne-om-et-feriehotel-ved-ejerslev-havn\/#breadcrumb","itemListElement":[{"@type":"ListItem","position":1,"name":"Hjem","item":"https:\/\/kunmedierne.dk\/mors\/"},{"@type":"ListItem","position":2,"name":"Planerne om et feriehotel ved Ejerslev Havn"}]},{"@type":"WebSite","@id":"https:\/\/kunmedierne.dk\/mors\/#website","url":"https:\/\/kunmedierne.dk\/mors\/","name":"Mors","description":"et netmedie med journalistik om livet p\u00e5 Mors","publisher":{"@id":"https:\/\/kunmedierne.dk\/mors\/#organization"},"potentialAction":[{"@type":"SearchAction","target":{"@type":"EntryPoint","urlTemplate":"https:\/\/kunmedierne.dk\/mors\/?s={search_term_string}"},"query-input":{"@type":"PropertyValueSpecification","valueRequired":true,"valueName":"search_term_string"}}],"inLanguage":"da-DK"},{"@type":"Organization","@id":"https:\/\/kunmedierne.dk\/mors\/#organization","name":"Mors","url":"https:\/\/kunmedierne.dk\/mors\/","logo":{"@type":"ImageObject","inLanguage":"da-DK","@id":"https:\/\/kunmedierne.dk\/mors\/#\/schema\/logo\/image\/","url":"https:\/\/kunmedierne.dk\/mors\/wp-content\/uploads\/2024\/08\/kunmors-logo.svg","contentUrl":"https:\/\/kunmedierne.dk\/mors\/wp-content\/uploads\/2024\/08\/kunmors-logo.svg","caption":"Mors"},"image":{"@id":"https:\/\/kunmedierne.dk\/mors\/#\/schema\/logo\/image\/"}},{"@type":"Person","@id":"https:\/\/kunmedierne.dk\/mors\/#\/schema\/person\/84c1391bce0b43b9bb3a49736bc0ad78","name":"Debat","image":{"@type":"ImageObject","inLanguage":"da-DK","@id":"https:\/\/kunmedierne.dk\/mors\/#\/schema\/person\/image\/","url":"https:\/\/secure.gravatar.com\/avatar\/b0fb2e221d618f7c65162ab0d49c7e8a0b580c871ca03af90e42b47b4150654c?s=96&d=mm&r=g","contentUrl":"https:\/\/secure.gravatar.com\/avatar\/b0fb2e221d618f7c65162ab0d49c7e8a0b580c871ca03af90e42b47b4150654c?s=96&d=mm&r=g","caption":"Debat"},"url":"https:\/\/kunmedierne.dk\/mors\/author\/debat\/"}]}},"_links":{"self":[{"href":"https:\/\/kunmedierne.dk\/mors\/wp-json\/wp\/v2\/posts\/106485","targetHints":{"allow":["GET"]}}],"collection":[{"href":"https:\/\/kunmedierne.dk\/mors\/wp-json\/wp\/v2\/posts"}],"about":[{"href":"https:\/\/kunmedierne.dk\/mors\/wp-json\/wp\/v2\/types\/post"}],"author":[{"embeddable":true,"href":"https:\/\/kunmedierne.dk\/mors\/wp-json\/wp\/v2\/users\/11"}],"replies":[{"embeddable":true,"href":"https:\/\/kunmedierne.dk\/mors\/wp-json\/wp\/v2\/comments?post=106485"}],"version-history":[{"count":3,"href":"https:\/\/kunmedierne.dk\/mors\/wp-json\/wp\/v2\/posts\/106485\/revisions"}],"predecessor-version":[{"id":106491,"href":"https:\/\/kunmedierne.dk\/mors\/wp-json\/wp\/v2\/posts\/106485\/revisions\/106491"}],"wp:featuredmedia":[{"embeddable":true,"href":"https:\/\/kunmedierne.dk\/mors\/wp-json\/wp\/v2\/media\/106048"}],"wp:attachment":[{"href":"https:\/\/kunmedierne.dk\/mors\/wp-json\/wp\/v2\/media?parent=106485"}],"wp:term":[{"taxonomy":"category","embeddable":true,"href":"https:\/\/kunmedierne.dk\/mors\/wp-json\/wp\/v2\/categories?post=106485"},{"taxonomy":"post_tag","embeddable":true,"href":"https:\/\/kunmedierne.dk\/mors\/wp-json\/wp\/v2\/tags?post=106485"}],"curies":[{"name":"wp","href":"https:\/\/api.w.org\/{rel}","templated":true}]}}