{"id":10638,"date":"2020-03-02T14:20:30","date_gmt":"2020-03-02T13:20:30","guid":{"rendered":"https:\/\/kunmedierne.dk\/mors\/?p=10638"},"modified":"2024-08-12T14:06:24","modified_gmt":"2024-08-12T12:06:24","slug":"nyt-plejecenter-i-nykoebing-inviterer-til-rejsegilde","status":"publish","type":"post","link":"https:\/\/kunmedierne.dk\/mors\/nyt-plejecenter-i-nykoebing-inviterer-til-rejsegilde\/","title":{"rendered":"Nyt plejecenter i Nyk\u00f8bing inviterer til rejsegilde"},"content":{"rendered":"<p><strong>NYK\u00d8BING<\/strong>: Kommende beboere, deres familier eller bare almindeligt nysgerrige kan f\u00e5 et kig p\u00e5 \u00f8ens kommende plejecenter, n\u00e5r det om en m\u00e5ned holder rejsegilde.<\/p>\n<p>3. april klokken 10 inviterer Plejecenter Duelund til en rundtur og p\u00f8lsespisning, og selv om byggepladsen lige har v\u00e6ret udsat for tyveri af <a href=\"https:\/\/kunmedierne.dk\/mors\/stort-tyveri-af-tagpap-ved-plejecenter-duelund\/\">tagpap for 32.000 kroner<\/a>, vil der formentlig v\u00e6re god stemning p\u00e5 dagen, der markerer endnu et skridt p\u00e5 vej mod topmoderne faciliteter for dets beboere.<\/p>\n<p>Plejecenter Duelund, der fik taget sit f\u00f8rste spadestik af borgmester Hans Ejner Bertelsen (V) i juni sidste \u00e5r, er budgetteret til en byggepris p\u00e5 93 millioner kroner. De 4200 kvadratmeter i en rund bygning f\u00e5r gr\u00f8nt omr\u00e5de hele vejen omkring sig &#8211; og kort afstand til blandt andet Limfjordsteatret.<\/p>\n<p>De i alt 48 boliger, heraf 30 til demensramte, bliver placeret i \u00e9t plan i et s\u00e5kaldt leve-bo-milj\u00f8, og n\u00e5r centret er klar til indvielse til nyt\u00e5r, vil det i forhold til modernitet v\u00e6re en klar forbedring i forhold til forg\u00e6ngeren Johan Riis&#8217; Minde, der er fra 1975.<\/p>\n<p>Men i f\u00f8rste omgang er der alts\u00e5 rejsegilde, og Henning S\u00f8rensen (V), formand for det sociale udvalg i Mors\u00f8 Kommune, melder alle velkomne til at kigge forbi 3. april.<\/p>\n<p>&#8220;Vi h\u00e5ber p\u00e5 godt vejr og p\u00e5 et flot fremm\u00f8de, som da vi holdt f\u00f8rste spadestik. Vi gl\u00e6der os til at kunne vise folk, hvor langt vi er n\u00e5et med byggeriet. Det hele bliver i bedste rejsegilde-stil. Det er godt arbejde hele vejen rundt, og det er v\u00e6rd at fejre, siger Henning S\u00f8rensen.<\/p>\n<p>Til rejsegildet vil der v\u00e6re \u00f8l, vand og p\u00f8lser. Det vil ogs\u00e5 v\u00e6re muligt at f\u00e5 en rundtur i byggeriet og h\u00f8re taler.<\/p>\n<p>Plejecenter Duelund, der kommer til at ligge p\u00e5 Dueholm Mark, fik sit navn i en navnekonkurrence med flere end 200 bidrag &#8211; og med Dorthe Josefsen fra Sejerslev som id\u00e9mager til vinderbuddet.<\/p>\n","protected":false},"excerpt":{"rendered":"<p>NYK\u00d8BING: Kommende beboere, deres familier eller bare almindeligt nysgerrige kan f\u00e5 et kig p\u00e5 \u00f8ens kommende plejecenter, n\u00e5r det om en m\u00e5ned holder rejsegilde. 3. april klokken 10 inviterer Plejecenter Duelund til en rundtur og p\u00f8lsespisning, og selv om byggepladsen lige har v\u00e6ret udsat for tyveri af tagpap for 32.000 kroner, vil der formentlig v\u00e6re [&hellip;]<\/p>\n","protected":false},"author":8,"featured_media":10639,"comment_status":"open","ping_status":"open","sticky":false,"template":"","format":"standard","meta":{"_acf_changed":false,"footnotes":""},"categories":[51],"tags":[],"class_list":["post-10638","post","type-post","status-publish","format-standard","has-post-thumbnail","hentry","category-lokalt"],"acf":[],"yoast_head":"<!-- This site is optimized with the Yoast SEO plugin v26.8 - https:\/\/yoast.com\/product\/yoast-seo-wordpress\/ -->\n<title>Nyt plejecenter i Nyk\u00f8bing inviterer til rejsegilde - Mors<\/title>\n<meta name=\"robots\" content=\"index, follow, max-snippet:-1, max-image-preview:large, max-video-preview:-1\" \/>\n<link rel=\"canonical\" href=\"https:\/\/kunmedierne.dk\/mors\/nyt-plejecenter-i-nykoebing-inviterer-til-rejsegilde\/\" \/>\n<meta property=\"og:locale\" content=\"da_DK\" \/>\n<meta property=\"og:type\" content=\"article\" \/>\n<meta property=\"og:title\" content=\"Nyt plejecenter i Nyk\u00f8bing inviterer til rejsegilde - Mors\" \/>\n<meta property=\"og:description\" content=\"NYK\u00d8BING: Kommende beboere, deres familier eller bare almindeligt nysgerrige kan f\u00e5 et kig p\u00e5 \u00f8ens kommende plejecenter, n\u00e5r det om en m\u00e5ned holder rejsegilde. 3. april klokken 10 inviterer Plejecenter Duelund til en rundtur og p\u00f8lsespisning, og selv om byggepladsen lige har v\u00e6ret udsat for tyveri af tagpap for 32.000 kroner, vil der formentlig v\u00e6re [&hellip;]\" \/>\n<meta property=\"og:url\" content=\"https:\/\/kunmedierne.dk\/mors\/nyt-plejecenter-i-nykoebing-inviterer-til-rejsegilde\/\" \/>\n<meta property=\"og:site_name\" content=\"Mors\" \/>\n<meta property=\"article:published_time\" content=\"2020-03-02T13:20:30+00:00\" \/>\n<meta property=\"article:modified_time\" content=\"2024-08-12T12:06:24+00:00\" \/>\n<meta property=\"og:image\" content=\"https:\/\/kunmedierne.dk\/mors\/wp-content\/uploads\/2020\/03\/rejsegilde-foto.jpg\" \/>\n\t<meta property=\"og:image:width\" content=\"770\" \/>\n\t<meta property=\"og:image:height\" content=\"513\" \/>\n\t<meta property=\"og:image:type\" content=\"image\/jpeg\" \/>\n<meta name=\"author\" content=\"David H\u00f8jmark\" \/>\n<meta name=\"twitter:card\" content=\"summary_large_image\" \/>\n<meta name=\"twitter:label1\" content=\"Skrevet af\" \/>\n\t<meta name=\"twitter:data1\" content=\"David H\u00f8jmark\" \/>\n\t<meta name=\"twitter:label2\" content=\"Estimeret l\u00e6setid\" \/>\n\t<meta name=\"twitter:data2\" content=\"2 minutter\" \/>\n<script type=\"application\/ld+json\" class=\"yoast-schema-graph\">{\"@context\":\"https:\/\/schema.org\",\"@graph\":[{\"@type\":\"Article\",\"@id\":\"https:\/\/kunmedierne.dk\/mors\/nyt-plejecenter-i-nykoebing-inviterer-til-rejsegilde\/#article\",\"isPartOf\":{\"@id\":\"https:\/\/kunmedierne.dk\/mors\/nyt-plejecenter-i-nykoebing-inviterer-til-rejsegilde\/\"},\"author\":{\"name\":\"David H\u00f8jmark\",\"@id\":\"https:\/\/kunmedierne.dk\/mors\/#\/schema\/person\/5fe23251bf1d0abbcdc6f7896579d548\"},\"headline\":\"Nyt plejecenter i Nyk\u00f8bing inviterer til rejsegilde\",\"datePublished\":\"2020-03-02T13:20:30+00:00\",\"dateModified\":\"2024-08-12T12:06:24+00:00\",\"mainEntityOfPage\":{\"@id\":\"https:\/\/kunmedierne.dk\/mors\/nyt-plejecenter-i-nykoebing-inviterer-til-rejsegilde\/\"},\"wordCount\":333,\"commentCount\":0,\"publisher\":{\"@id\":\"https:\/\/kunmedierne.dk\/mors\/#organization\"},\"image\":{\"@id\":\"https:\/\/kunmedierne.dk\/mors\/nyt-plejecenter-i-nykoebing-inviterer-til-rejsegilde\/#primaryimage\"},\"thumbnailUrl\":\"https:\/\/kunmedierne.dk\/mors\/wp-content\/uploads\/2020\/03\/rejsegilde-foto.jpg\",\"articleSection\":[\"Lokalt\"],\"inLanguage\":\"da-DK\",\"potentialAction\":[{\"@type\":\"CommentAction\",\"name\":\"Comment\",\"target\":[\"https:\/\/kunmedierne.dk\/mors\/nyt-plejecenter-i-nykoebing-inviterer-til-rejsegilde\/#respond\"]}]},{\"@type\":\"WebPage\",\"@id\":\"https:\/\/kunmedierne.dk\/mors\/nyt-plejecenter-i-nykoebing-inviterer-til-rejsegilde\/\",\"url\":\"https:\/\/kunmedierne.dk\/mors\/nyt-plejecenter-i-nykoebing-inviterer-til-rejsegilde\/\",\"name\":\"Nyt plejecenter i Nyk\u00f8bing inviterer til rejsegilde - Mors\",\"isPartOf\":{\"@id\":\"https:\/\/kunmedierne.dk\/mors\/#website\"},\"primaryImageOfPage\":{\"@id\":\"https:\/\/kunmedierne.dk\/mors\/nyt-plejecenter-i-nykoebing-inviterer-til-rejsegilde\/#primaryimage\"},\"image\":{\"@id\":\"https:\/\/kunmedierne.dk\/mors\/nyt-plejecenter-i-nykoebing-inviterer-til-rejsegilde\/#primaryimage\"},\"thumbnailUrl\":\"https:\/\/kunmedierne.dk\/mors\/wp-content\/uploads\/2020\/03\/rejsegilde-foto.jpg\",\"datePublished\":\"2020-03-02T13:20:30+00:00\",\"dateModified\":\"2024-08-12T12:06:24+00:00\",\"breadcrumb\":{\"@id\":\"https:\/\/kunmedierne.dk\/mors\/nyt-plejecenter-i-nykoebing-inviterer-til-rejsegilde\/#breadcrumb\"},\"inLanguage\":\"da-DK\",\"potentialAction\":[{\"@type\":\"ReadAction\",\"target\":[\"https:\/\/kunmedierne.dk\/mors\/nyt-plejecenter-i-nykoebing-inviterer-til-rejsegilde\/\"]}]},{\"@type\":\"ImageObject\",\"inLanguage\":\"da-DK\",\"@id\":\"https:\/\/kunmedierne.dk\/mors\/nyt-plejecenter-i-nykoebing-inviterer-til-rejsegilde\/#primaryimage\",\"url\":\"https:\/\/kunmedierne.dk\/mors\/wp-content\/uploads\/2020\/03\/rejsegilde-foto.jpg\",\"contentUrl\":\"https:\/\/kunmedierne.dk\/mors\/wp-content\/uploads\/2020\/03\/rejsegilde-foto.jpg\",\"width\":770,\"height\":513,\"caption\":\"topping out wreath on a roof construction, against blue sky, Holl, Denmark, August 23, 2017\"},{\"@type\":\"BreadcrumbList\",\"@id\":\"https:\/\/kunmedierne.dk\/mors\/nyt-plejecenter-i-nykoebing-inviterer-til-rejsegilde\/#breadcrumb\",\"itemListElement\":[{\"@type\":\"ListItem\",\"position\":1,\"name\":\"Hjem\",\"item\":\"https:\/\/kunmedierne.dk\/mors\/\"},{\"@type\":\"ListItem\",\"position\":2,\"name\":\"Nyt plejecenter i Nyk\u00f8bing inviterer til rejsegilde\"}]},{\"@type\":\"WebSite\",\"@id\":\"https:\/\/kunmedierne.dk\/mors\/#website\",\"url\":\"https:\/\/kunmedierne.dk\/mors\/\",\"name\":\"Mors\",\"description\":\"et netmedie med journalistik om livet p\u00e5 Mors\",\"publisher\":{\"@id\":\"https:\/\/kunmedierne.dk\/mors\/#organization\"},\"potentialAction\":[{\"@type\":\"SearchAction\",\"target\":{\"@type\":\"EntryPoint\",\"urlTemplate\":\"https:\/\/kunmedierne.dk\/mors\/?s={search_term_string}\"},\"query-input\":{\"@type\":\"PropertyValueSpecification\",\"valueRequired\":true,\"valueName\":\"search_term_string\"}}],\"inLanguage\":\"da-DK\"},{\"@type\":\"Organization\",\"@id\":\"https:\/\/kunmedierne.dk\/mors\/#organization\",\"name\":\"Mors\",\"url\":\"https:\/\/kunmedierne.dk\/mors\/\",\"logo\":{\"@type\":\"ImageObject\",\"inLanguage\":\"da-DK\",\"@id\":\"https:\/\/kunmedierne.dk\/mors\/#\/schema\/logo\/image\/\",\"url\":\"https:\/\/kunmedierne.dk\/mors\/wp-content\/uploads\/2024\/08\/kunmors-logo.svg\",\"contentUrl\":\"https:\/\/kunmedierne.dk\/mors\/wp-content\/uploads\/2024\/08\/kunmors-logo.svg\",\"caption\":\"Mors\"},\"image\":{\"@id\":\"https:\/\/kunmedierne.dk\/mors\/#\/schema\/logo\/image\/\"}},{\"@type\":\"Person\",\"@id\":\"https:\/\/kunmedierne.dk\/mors\/#\/schema\/person\/5fe23251bf1d0abbcdc6f7896579d548\",\"name\":\"David H\u00f8jmark\",\"image\":{\"@type\":\"ImageObject\",\"inLanguage\":\"da-DK\",\"@id\":\"https:\/\/kunmedierne.dk\/mors\/#\/schema\/person\/image\/\",\"url\":\"https:\/\/secure.gravatar.com\/avatar\/4315d6fb9ef244d729989f5f90268eb08d5bf8a3d84402f595fa194bb35784fd?s=96&d=mm&r=g\",\"contentUrl\":\"https:\/\/secure.gravatar.com\/avatar\/4315d6fb9ef244d729989f5f90268eb08d5bf8a3d84402f595fa194bb35784fd?s=96&d=mm&r=g\",\"caption\":\"David H\u00f8jmark\"},\"sameAs\":[\"https:\/\/www.kunmedierne.dk\"],\"url\":\"https:\/\/kunmedierne.dk\/mors\/author\/david\/\"}]}<\/script>\n<!-- \/ Yoast SEO plugin. -->","yoast_head_json":{"title":"Nyt plejecenter i Nyk\u00f8bing inviterer til rejsegilde - Mors","robots":{"index":"index","follow":"follow","max-snippet":"max-snippet:-1","max-image-preview":"max-image-preview:large","max-video-preview":"max-video-preview:-1"},"canonical":"https:\/\/kunmedierne.dk\/mors\/nyt-plejecenter-i-nykoebing-inviterer-til-rejsegilde\/","og_locale":"da_DK","og_type":"article","og_title":"Nyt plejecenter i Nyk\u00f8bing inviterer til rejsegilde - Mors","og_description":"NYK\u00d8BING: Kommende beboere, deres familier eller bare almindeligt nysgerrige kan f\u00e5 et kig p\u00e5 \u00f8ens kommende plejecenter, n\u00e5r det om en m\u00e5ned holder rejsegilde. 3. april klokken 10 inviterer Plejecenter Duelund til en rundtur og p\u00f8lsespisning, og selv om byggepladsen lige har v\u00e6ret udsat for tyveri af tagpap for 32.000 kroner, vil der formentlig v\u00e6re [&hellip;]","og_url":"https:\/\/kunmedierne.dk\/mors\/nyt-plejecenter-i-nykoebing-inviterer-til-rejsegilde\/","og_site_name":"Mors","article_published_time":"2020-03-02T13:20:30+00:00","article_modified_time":"2024-08-12T12:06:24+00:00","og_image":[{"width":770,"height":513,"url":"https:\/\/kunmedierne.dk\/mors\/wp-content\/uploads\/2020\/03\/rejsegilde-foto.jpg","type":"image\/jpeg"}],"author":"David H\u00f8jmark","twitter_card":"summary_large_image","twitter_misc":{"Skrevet af":"David H\u00f8jmark","Estimeret l\u00e6setid":"2 minutter"},"schema":{"@context":"https:\/\/schema.org","@graph":[{"@type":"Article","@id":"https:\/\/kunmedierne.dk\/mors\/nyt-plejecenter-i-nykoebing-inviterer-til-rejsegilde\/#article","isPartOf":{"@id":"https:\/\/kunmedierne.dk\/mors\/nyt-plejecenter-i-nykoebing-inviterer-til-rejsegilde\/"},"author":{"name":"David H\u00f8jmark","@id":"https:\/\/kunmedierne.dk\/mors\/#\/schema\/person\/5fe23251bf1d0abbcdc6f7896579d548"},"headline":"Nyt plejecenter i Nyk\u00f8bing inviterer til rejsegilde","datePublished":"2020-03-02T13:20:30+00:00","dateModified":"2024-08-12T12:06:24+00:00","mainEntityOfPage":{"@id":"https:\/\/kunmedierne.dk\/mors\/nyt-plejecenter-i-nykoebing-inviterer-til-rejsegilde\/"},"wordCount":333,"commentCount":0,"publisher":{"@id":"https:\/\/kunmedierne.dk\/mors\/#organization"},"image":{"@id":"https:\/\/kunmedierne.dk\/mors\/nyt-plejecenter-i-nykoebing-inviterer-til-rejsegilde\/#primaryimage"},"thumbnailUrl":"https:\/\/kunmedierne.dk\/mors\/wp-content\/uploads\/2020\/03\/rejsegilde-foto.jpg","articleSection":["Lokalt"],"inLanguage":"da-DK","potentialAction":[{"@type":"CommentAction","name":"Comment","target":["https:\/\/kunmedierne.dk\/mors\/nyt-plejecenter-i-nykoebing-inviterer-til-rejsegilde\/#respond"]}]},{"@type":"WebPage","@id":"https:\/\/kunmedierne.dk\/mors\/nyt-plejecenter-i-nykoebing-inviterer-til-rejsegilde\/","url":"https:\/\/kunmedierne.dk\/mors\/nyt-plejecenter-i-nykoebing-inviterer-til-rejsegilde\/","name":"Nyt plejecenter i Nyk\u00f8bing inviterer til rejsegilde - Mors","isPartOf":{"@id":"https:\/\/kunmedierne.dk\/mors\/#website"},"primaryImageOfPage":{"@id":"https:\/\/kunmedierne.dk\/mors\/nyt-plejecenter-i-nykoebing-inviterer-til-rejsegilde\/#primaryimage"},"image":{"@id":"https:\/\/kunmedierne.dk\/mors\/nyt-plejecenter-i-nykoebing-inviterer-til-rejsegilde\/#primaryimage"},"thumbnailUrl":"https:\/\/kunmedierne.dk\/mors\/wp-content\/uploads\/2020\/03\/rejsegilde-foto.jpg","datePublished":"2020-03-02T13:20:30+00:00","dateModified":"2024-08-12T12:06:24+00:00","breadcrumb":{"@id":"https:\/\/kunmedierne.dk\/mors\/nyt-plejecenter-i-nykoebing-inviterer-til-rejsegilde\/#breadcrumb"},"inLanguage":"da-DK","potentialAction":[{"@type":"ReadAction","target":["https:\/\/kunmedierne.dk\/mors\/nyt-plejecenter-i-nykoebing-inviterer-til-rejsegilde\/"]}]},{"@type":"ImageObject","inLanguage":"da-DK","@id":"https:\/\/kunmedierne.dk\/mors\/nyt-plejecenter-i-nykoebing-inviterer-til-rejsegilde\/#primaryimage","url":"https:\/\/kunmedierne.dk\/mors\/wp-content\/uploads\/2020\/03\/rejsegilde-foto.jpg","contentUrl":"https:\/\/kunmedierne.dk\/mors\/wp-content\/uploads\/2020\/03\/rejsegilde-foto.jpg","width":770,"height":513,"caption":"topping out wreath on a roof construction, against blue sky, Holl, Denmark, August 23, 2017"},{"@type":"BreadcrumbList","@id":"https:\/\/kunmedierne.dk\/mors\/nyt-plejecenter-i-nykoebing-inviterer-til-rejsegilde\/#breadcrumb","itemListElement":[{"@type":"ListItem","position":1,"name":"Hjem","item":"https:\/\/kunmedierne.dk\/mors\/"},{"@type":"ListItem","position":2,"name":"Nyt plejecenter i Nyk\u00f8bing inviterer til rejsegilde"}]},{"@type":"WebSite","@id":"https:\/\/kunmedierne.dk\/mors\/#website","url":"https:\/\/kunmedierne.dk\/mors\/","name":"Mors","description":"et netmedie med journalistik om livet p\u00e5 Mors","publisher":{"@id":"https:\/\/kunmedierne.dk\/mors\/#organization"},"potentialAction":[{"@type":"SearchAction","target":{"@type":"EntryPoint","urlTemplate":"https:\/\/kunmedierne.dk\/mors\/?s={search_term_string}"},"query-input":{"@type":"PropertyValueSpecification","valueRequired":true,"valueName":"search_term_string"}}],"inLanguage":"da-DK"},{"@type":"Organization","@id":"https:\/\/kunmedierne.dk\/mors\/#organization","name":"Mors","url":"https:\/\/kunmedierne.dk\/mors\/","logo":{"@type":"ImageObject","inLanguage":"da-DK","@id":"https:\/\/kunmedierne.dk\/mors\/#\/schema\/logo\/image\/","url":"https:\/\/kunmedierne.dk\/mors\/wp-content\/uploads\/2024\/08\/kunmors-logo.svg","contentUrl":"https:\/\/kunmedierne.dk\/mors\/wp-content\/uploads\/2024\/08\/kunmors-logo.svg","caption":"Mors"},"image":{"@id":"https:\/\/kunmedierne.dk\/mors\/#\/schema\/logo\/image\/"}},{"@type":"Person","@id":"https:\/\/kunmedierne.dk\/mors\/#\/schema\/person\/5fe23251bf1d0abbcdc6f7896579d548","name":"David H\u00f8jmark","image":{"@type":"ImageObject","inLanguage":"da-DK","@id":"https:\/\/kunmedierne.dk\/mors\/#\/schema\/person\/image\/","url":"https:\/\/secure.gravatar.com\/avatar\/4315d6fb9ef244d729989f5f90268eb08d5bf8a3d84402f595fa194bb35784fd?s=96&d=mm&r=g","contentUrl":"https:\/\/secure.gravatar.com\/avatar\/4315d6fb9ef244d729989f5f90268eb08d5bf8a3d84402f595fa194bb35784fd?s=96&d=mm&r=g","caption":"David H\u00f8jmark"},"sameAs":["https:\/\/www.kunmedierne.dk"],"url":"https:\/\/kunmedierne.dk\/mors\/author\/david\/"}]}},"_links":{"self":[{"href":"https:\/\/kunmedierne.dk\/mors\/wp-json\/wp\/v2\/posts\/10638","targetHints":{"allow":["GET"]}}],"collection":[{"href":"https:\/\/kunmedierne.dk\/mors\/wp-json\/wp\/v2\/posts"}],"about":[{"href":"https:\/\/kunmedierne.dk\/mors\/wp-json\/wp\/v2\/types\/post"}],"author":[{"embeddable":true,"href":"https:\/\/kunmedierne.dk\/mors\/wp-json\/wp\/v2\/users\/8"}],"replies":[{"embeddable":true,"href":"https:\/\/kunmedierne.dk\/mors\/wp-json\/wp\/v2\/comments?post=10638"}],"version-history":[{"count":1,"href":"https:\/\/kunmedierne.dk\/mors\/wp-json\/wp\/v2\/posts\/10638\/revisions"}],"predecessor-version":[{"id":10640,"href":"https:\/\/kunmedierne.dk\/mors\/wp-json\/wp\/v2\/posts\/10638\/revisions\/10640"}],"wp:featuredmedia":[{"embeddable":true,"href":"https:\/\/kunmedierne.dk\/mors\/wp-json\/wp\/v2\/media\/10639"}],"wp:attachment":[{"href":"https:\/\/kunmedierne.dk\/mors\/wp-json\/wp\/v2\/media?parent=10638"}],"wp:term":[{"taxonomy":"category","embeddable":true,"href":"https:\/\/kunmedierne.dk\/mors\/wp-json\/wp\/v2\/categories?post=10638"},{"taxonomy":"post_tag","embeddable":true,"href":"https:\/\/kunmedierne.dk\/mors\/wp-json\/wp\/v2\/tags?post=10638"}],"curies":[{"name":"wp","href":"https:\/\/api.w.org\/{rel}","templated":true}]}}