{"id":105798,"date":"2023-11-10T13:49:45","date_gmt":"2023-11-10T12:49:45","guid":{"rendered":"https:\/\/kunmedierne.dk\/mors\/?p=105798"},"modified":"2024-08-12T13:11:36","modified_gmt":"2024-08-12T11:11:36","slug":"erling-jensen-a-s-kan-ikke-reddes","status":"publish","type":"post","link":"https:\/\/kunmedierne.dk\/mors\/erling-jensen-a-s-kan-ikke-reddes\/","title":{"rendered":"Erling Jensen A\/S kan ikke reddes"},"content":{"rendered":"<p><strong>KONKURS<\/strong>: Et 75 \u00e5r langt erhvervskapitel p\u00e5 Mors er nu forbi.<\/p>\n<p>Erling Jensen A\/S,\u00a0 der for en m\u00e5ned siden gik i konkursbehandling, bliver ikke rekonstrueret. Det fort\u00e6ller <a href=\"https:\/\/finans.dk\/erhverv\/ECE16588467\/75-aar-gammel-byggekoncern-kan-ikke-reddes-60-medarbejdere-mister-jobbet\/?st=1\">Finans<\/a>.<\/p>\n<p>&#8211; Det er desv\u00e6rre ikke lykkedes at f\u00e5 et samlet salg til at h\u00e6nge sammen. Alle medarbejdere er blevet opsagt og fritstillet. Nogle af entrepriserne bliver formentligt solgt enkeltvis, men det kunne ikke lade sig g\u00f8re inden for de \u00f8konomiske rammer med et samlet salg, og derfor er det uklart, hvad der skal ske, siger advokat Henrik Steen Jensen, der er indsat som kurator i sagen.<\/p>\n<a class=\"dvrt-link\" onClick=\"cdmtrack_click(104780,jQuery(this));return false\" href=\"https:\/\/www.spard.dk\/\"><img decoding=\"async\" style=\"width:100%;\" src=\"https:\/\/kunmedierne.dk\/mors\/wp-content\/uploads\/2023\/12\/sparekassen-dk-maj25.gif\"><\/a><script>cdmtrack_view(104780);<\/script>\n<p>Da det <a href=\"https:\/\/kunmedierne.dk\/mors\/erling-jensen-a-s-er-gaaet-konkurs\/\">10. oktober stod klart<\/a>, at Erling Jensen A\/S gik konkurs, kunne kuratoren ellers fort\u00e6lle, at der var dialog &#8220;med nogen&#8221;, der havde vist interesse for at drive virksomheden videre. Men det h\u00e5b er alts\u00e5 ude nu.<\/p>\n<p>Dermed st\u00e5r virksomheden, der blev stiftet, da Harald Jensen i 1948 \u00e5bnede sit murerfirma, og siden blev f\u00f8rt videre af s\u00f8nnen Erling Jensen, til at lukke helt.<\/p>\n<p>Det rammer de cirka 60 ansatte, der mister deres job. Og det rammer underleverand\u00f8rer &#8211; herunder ogs\u00e5 flere lokale.<\/p>\n<a class=\"dvrt-link\" onClick=\"cdmtrack_click(104786,jQuery(this));return false\" href=\"https:\/\/limfjordsteatret.dk\/events\/tobias-dybvad-mit-bedste-onemanshow\/\"><img decoding=\"async\" style=\"width:100%;\" src=\"https:\/\/kunmedierne.dk\/mors\/wp-content\/uploads\/2023\/10\/aarskortLim_KunMors_1100x125.jpg\"><\/a><script>cdmtrack_view(104786);<\/script>\n<p>Det fik straks efter konkursen Mors\u00f8 Erhvervsr\u00e5d til at melde ud om <a href=\"https:\/\/kunmedierne.dk\/mors\/ramte-underleverandoerer-kan-faa-hjaelp-med-at-haandtere-erling-jensen-konkurs\/\">muligheder for hj\u00e6lp<\/a>.<\/p>\n<p>&#8211; Jeg har h\u00f8rt om en enkelt, men der kan v\u00e6re flere underleverand\u00f8rer, der er st\u00e6rkt ber\u00f8rte af konkursen. Vores fornemste opgave er at tage dem i h\u00e5nden, og lige pr\u00e6cis den her ordning er m\u00e5lrettet virksomheder, som af den ene eller anden \u00e5rsag kan blive ber\u00f8rt af konkursen, sagde erhvervschef Susanne Toftegaard Hansen 13. oktober til KunMors.<\/p>\n<h5>L\u00c6S OGS\u00c5:<\/h5>\n<h5>13\/10-2023: <a href=\"https:\/\/kunmedierne.dk\/mors\/ramte-underleverandoerer-kan-faa-hjaelp-med-at-haandtere-erling-jensen-konkurs\/\">Ramte underleverand\u00f8rer kan f\u00e5 hj\u00e6lp med at h\u00e5ndtere Erling Jensen-konkurs<\/a><\/h5>\n<h5><strong>11\/10-2023: <a href=\"https:\/\/kunmedierne.dk\/mors\/uklar-status-for-ny-transformatorstation-efter-erling-jensen-konkurs\/\">Uklar status for ny transformatorstation efter Erling J<\/a><\/strong><\/h5>\n<h5>10\/10-2023:\u00a0<a href=\"https:\/\/kunmedierne.dk\/mors\/borgmester-om-konkurs-det-er-en-rigtig-trist-nyhed\/\">Borgmester om konkurs: \u2013 Det er en rigtig trist nyhed<\/a><strong><a href=\"https:\/\/kunmedierne.dk\/mors\/uklar-status-for-ny-transformatorstation-efter-erling-jensen-konkurs\/\">ensen-konkurs<\/a><\/strong><\/h5>\n<h5>10\/10-2023: <a href=\"https:\/\/kunmedierne.dk\/mors\/erling-jensen-a-s-er-gaaet-konkurs\/\">Erling Jensen A\/S er g\u00e5et konkurs<\/a><\/h5>\n","protected":false},"excerpt":{"rendered":"<p>KONKURS: Et 75 \u00e5r langt erhvervskapitel p\u00e5 Mors er nu forbi. Erling Jensen A\/S,\u00a0 der for en m\u00e5ned siden gik i konkursbehandling, bliver ikke rekonstrueret. Det fort\u00e6ller Finans. &#8211; Det er desv\u00e6rre ikke lykkedes at f\u00e5 et samlet salg til at h\u00e6nge sammen. Alle medarbejdere er blevet opsagt og fritstillet. Nogle af entrepriserne bliver formentligt [&hellip;]<\/p>\n","protected":false},"author":8,"featured_media":103866,"comment_status":"closed","ping_status":"open","sticky":false,"template":"","format":"standard","meta":{"_acf_changed":false,"footnotes":""},"categories":[51],"tags":[159],"class_list":["post-105798","post","type-post","status-publish","format-standard","has-post-thumbnail","hentry","category-lokalt","tag-erhverv"],"acf":[],"yoast_head":"<!-- This site is optimized with the Yoast SEO plugin v26.8 - https:\/\/yoast.com\/product\/yoast-seo-wordpress\/ -->\n<title>Erling Jensen A\/S kan ikke reddes - Mors<\/title>\n<meta name=\"robots\" content=\"index, follow, max-snippet:-1, max-image-preview:large, max-video-preview:-1\" \/>\n<link rel=\"canonical\" href=\"https:\/\/kunmedierne.dk\/mors\/erling-jensen-a-s-kan-ikke-reddes\/\" \/>\n<meta property=\"og:locale\" content=\"da_DK\" \/>\n<meta property=\"og:type\" content=\"article\" \/>\n<meta property=\"og:title\" content=\"Erling Jensen A\/S kan ikke reddes - Mors\" \/>\n<meta property=\"og:description\" content=\"KONKURS: Et 75 \u00e5r langt erhvervskapitel p\u00e5 Mors er nu forbi. Erling Jensen A\/S,\u00a0 der for en m\u00e5ned siden gik i konkursbehandling, bliver ikke rekonstrueret. Det fort\u00e6ller Finans. &#8211; Det er desv\u00e6rre ikke lykkedes at f\u00e5 et samlet salg til at h\u00e6nge sammen. Alle medarbejdere er blevet opsagt og fritstillet. Nogle af entrepriserne bliver formentligt [&hellip;]\" \/>\n<meta property=\"og:url\" content=\"https:\/\/kunmedierne.dk\/mors\/erling-jensen-a-s-kan-ikke-reddes\/\" \/>\n<meta property=\"og:site_name\" content=\"Mors\" \/>\n<meta property=\"article:published_time\" content=\"2023-11-10T12:49:45+00:00\" \/>\n<meta property=\"article:modified_time\" content=\"2024-08-12T11:11:36+00:00\" \/>\n<meta property=\"og:image\" content=\"https:\/\/kunmedierne.dk\/mors\/wp-content\/uploads\/2023\/10\/IMG_3178-1.jpg\" \/>\n\t<meta property=\"og:image:width\" content=\"770\" \/>\n\t<meta property=\"og:image:height\" content=\"514\" \/>\n\t<meta property=\"og:image:type\" content=\"image\/jpeg\" \/>\n<meta name=\"author\" content=\"David H\u00f8jmark\" \/>\n<meta name=\"twitter:card\" content=\"summary_large_image\" \/>\n<meta name=\"twitter:label1\" content=\"Skrevet af\" \/>\n\t<meta name=\"twitter:data1\" content=\"David H\u00f8jmark\" \/>\n\t<meta name=\"twitter:label2\" content=\"Estimeret l\u00e6setid\" \/>\n\t<meta name=\"twitter:data2\" content=\"2 minutter\" \/>\n<script type=\"application\/ld+json\" class=\"yoast-schema-graph\">{\"@context\":\"https:\/\/schema.org\",\"@graph\":[{\"@type\":\"Article\",\"@id\":\"https:\/\/kunmedierne.dk\/mors\/erling-jensen-a-s-kan-ikke-reddes\/#article\",\"isPartOf\":{\"@id\":\"https:\/\/kunmedierne.dk\/mors\/erling-jensen-a-s-kan-ikke-reddes\/\"},\"author\":{\"name\":\"David H\u00f8jmark\",\"@id\":\"https:\/\/kunmedierne.dk\/mors\/#\/schema\/person\/5fe23251bf1d0abbcdc6f7896579d548\"},\"headline\":\"Erling Jensen A\/S kan ikke reddes\",\"datePublished\":\"2023-11-10T12:49:45+00:00\",\"dateModified\":\"2024-08-12T11:11:36+00:00\",\"mainEntityOfPage\":{\"@id\":\"https:\/\/kunmedierne.dk\/mors\/erling-jensen-a-s-kan-ikke-reddes\/\"},\"wordCount\":327,\"publisher\":{\"@id\":\"https:\/\/kunmedierne.dk\/mors\/#organization\"},\"image\":{\"@id\":\"https:\/\/kunmedierne.dk\/mors\/erling-jensen-a-s-kan-ikke-reddes\/#primaryimage\"},\"thumbnailUrl\":\"https:\/\/kunmedierne.dk\/mors\/wp-content\/uploads\/2023\/10\/IMG_3178-1.jpg\",\"keywords\":[\"Erhverv\"],\"articleSection\":[\"Lokalt\"],\"inLanguage\":\"da-DK\"},{\"@type\":\"WebPage\",\"@id\":\"https:\/\/kunmedierne.dk\/mors\/erling-jensen-a-s-kan-ikke-reddes\/\",\"url\":\"https:\/\/kunmedierne.dk\/mors\/erling-jensen-a-s-kan-ikke-reddes\/\",\"name\":\"Erling Jensen A\/S kan ikke reddes - Mors\",\"isPartOf\":{\"@id\":\"https:\/\/kunmedierne.dk\/mors\/#website\"},\"primaryImageOfPage\":{\"@id\":\"https:\/\/kunmedierne.dk\/mors\/erling-jensen-a-s-kan-ikke-reddes\/#primaryimage\"},\"image\":{\"@id\":\"https:\/\/kunmedierne.dk\/mors\/erling-jensen-a-s-kan-ikke-reddes\/#primaryimage\"},\"thumbnailUrl\":\"https:\/\/kunmedierne.dk\/mors\/wp-content\/uploads\/2023\/10\/IMG_3178-1.jpg\",\"datePublished\":\"2023-11-10T12:49:45+00:00\",\"dateModified\":\"2024-08-12T11:11:36+00:00\",\"breadcrumb\":{\"@id\":\"https:\/\/kunmedierne.dk\/mors\/erling-jensen-a-s-kan-ikke-reddes\/#breadcrumb\"},\"inLanguage\":\"da-DK\",\"potentialAction\":[{\"@type\":\"ReadAction\",\"target\":[\"https:\/\/kunmedierne.dk\/mors\/erling-jensen-a-s-kan-ikke-reddes\/\"]}]},{\"@type\":\"ImageObject\",\"inLanguage\":\"da-DK\",\"@id\":\"https:\/\/kunmedierne.dk\/mors\/erling-jensen-a-s-kan-ikke-reddes\/#primaryimage\",\"url\":\"https:\/\/kunmedierne.dk\/mors\/wp-content\/uploads\/2023\/10\/IMG_3178-1.jpg\",\"contentUrl\":\"https:\/\/kunmedierne.dk\/mors\/wp-content\/uploads\/2023\/10\/IMG_3178-1.jpg\",\"width\":770,\"height\":514},{\"@type\":\"BreadcrumbList\",\"@id\":\"https:\/\/kunmedierne.dk\/mors\/erling-jensen-a-s-kan-ikke-reddes\/#breadcrumb\",\"itemListElement\":[{\"@type\":\"ListItem\",\"position\":1,\"name\":\"Hjem\",\"item\":\"https:\/\/kunmedierne.dk\/mors\/\"},{\"@type\":\"ListItem\",\"position\":2,\"name\":\"Erling Jensen A\/S kan ikke reddes\"}]},{\"@type\":\"WebSite\",\"@id\":\"https:\/\/kunmedierne.dk\/mors\/#website\",\"url\":\"https:\/\/kunmedierne.dk\/mors\/\",\"name\":\"Mors\",\"description\":\"et netmedie med journalistik om livet p\u00e5 Mors\",\"publisher\":{\"@id\":\"https:\/\/kunmedierne.dk\/mors\/#organization\"},\"potentialAction\":[{\"@type\":\"SearchAction\",\"target\":{\"@type\":\"EntryPoint\",\"urlTemplate\":\"https:\/\/kunmedierne.dk\/mors\/?s={search_term_string}\"},\"query-input\":{\"@type\":\"PropertyValueSpecification\",\"valueRequired\":true,\"valueName\":\"search_term_string\"}}],\"inLanguage\":\"da-DK\"},{\"@type\":\"Organization\",\"@id\":\"https:\/\/kunmedierne.dk\/mors\/#organization\",\"name\":\"Mors\",\"url\":\"https:\/\/kunmedierne.dk\/mors\/\",\"logo\":{\"@type\":\"ImageObject\",\"inLanguage\":\"da-DK\",\"@id\":\"https:\/\/kunmedierne.dk\/mors\/#\/schema\/logo\/image\/\",\"url\":\"https:\/\/kunmedierne.dk\/mors\/wp-content\/uploads\/2024\/08\/kunmors-logo.svg\",\"contentUrl\":\"https:\/\/kunmedierne.dk\/mors\/wp-content\/uploads\/2024\/08\/kunmors-logo.svg\",\"caption\":\"Mors\"},\"image\":{\"@id\":\"https:\/\/kunmedierne.dk\/mors\/#\/schema\/logo\/image\/\"}},{\"@type\":\"Person\",\"@id\":\"https:\/\/kunmedierne.dk\/mors\/#\/schema\/person\/5fe23251bf1d0abbcdc6f7896579d548\",\"name\":\"David H\u00f8jmark\",\"image\":{\"@type\":\"ImageObject\",\"inLanguage\":\"da-DK\",\"@id\":\"https:\/\/kunmedierne.dk\/mors\/#\/schema\/person\/image\/\",\"url\":\"https:\/\/secure.gravatar.com\/avatar\/4315d6fb9ef244d729989f5f90268eb08d5bf8a3d84402f595fa194bb35784fd?s=96&d=mm&r=g\",\"contentUrl\":\"https:\/\/secure.gravatar.com\/avatar\/4315d6fb9ef244d729989f5f90268eb08d5bf8a3d84402f595fa194bb35784fd?s=96&d=mm&r=g\",\"caption\":\"David H\u00f8jmark\"},\"sameAs\":[\"https:\/\/www.kunmedierne.dk\"],\"url\":\"https:\/\/kunmedierne.dk\/mors\/author\/david\/\"}]}<\/script>\n<!-- \/ Yoast SEO plugin. -->","yoast_head_json":{"title":"Erling Jensen A\/S kan ikke reddes - Mors","robots":{"index":"index","follow":"follow","max-snippet":"max-snippet:-1","max-image-preview":"max-image-preview:large","max-video-preview":"max-video-preview:-1"},"canonical":"https:\/\/kunmedierne.dk\/mors\/erling-jensen-a-s-kan-ikke-reddes\/","og_locale":"da_DK","og_type":"article","og_title":"Erling Jensen A\/S kan ikke reddes - Mors","og_description":"KONKURS: Et 75 \u00e5r langt erhvervskapitel p\u00e5 Mors er nu forbi. Erling Jensen A\/S,\u00a0 der for en m\u00e5ned siden gik i konkursbehandling, bliver ikke rekonstrueret. Det fort\u00e6ller Finans. &#8211; Det er desv\u00e6rre ikke lykkedes at f\u00e5 et samlet salg til at h\u00e6nge sammen. Alle medarbejdere er blevet opsagt og fritstillet. Nogle af entrepriserne bliver formentligt [&hellip;]","og_url":"https:\/\/kunmedierne.dk\/mors\/erling-jensen-a-s-kan-ikke-reddes\/","og_site_name":"Mors","article_published_time":"2023-11-10T12:49:45+00:00","article_modified_time":"2024-08-12T11:11:36+00:00","og_image":[{"width":770,"height":514,"url":"https:\/\/kunmedierne.dk\/mors\/wp-content\/uploads\/2023\/10\/IMG_3178-1.jpg","type":"image\/jpeg"}],"author":"David H\u00f8jmark","twitter_card":"summary_large_image","twitter_misc":{"Skrevet af":"David H\u00f8jmark","Estimeret l\u00e6setid":"2 minutter"},"schema":{"@context":"https:\/\/schema.org","@graph":[{"@type":"Article","@id":"https:\/\/kunmedierne.dk\/mors\/erling-jensen-a-s-kan-ikke-reddes\/#article","isPartOf":{"@id":"https:\/\/kunmedierne.dk\/mors\/erling-jensen-a-s-kan-ikke-reddes\/"},"author":{"name":"David H\u00f8jmark","@id":"https:\/\/kunmedierne.dk\/mors\/#\/schema\/person\/5fe23251bf1d0abbcdc6f7896579d548"},"headline":"Erling Jensen A\/S kan ikke reddes","datePublished":"2023-11-10T12:49:45+00:00","dateModified":"2024-08-12T11:11:36+00:00","mainEntityOfPage":{"@id":"https:\/\/kunmedierne.dk\/mors\/erling-jensen-a-s-kan-ikke-reddes\/"},"wordCount":327,"publisher":{"@id":"https:\/\/kunmedierne.dk\/mors\/#organization"},"image":{"@id":"https:\/\/kunmedierne.dk\/mors\/erling-jensen-a-s-kan-ikke-reddes\/#primaryimage"},"thumbnailUrl":"https:\/\/kunmedierne.dk\/mors\/wp-content\/uploads\/2023\/10\/IMG_3178-1.jpg","keywords":["Erhverv"],"articleSection":["Lokalt"],"inLanguage":"da-DK"},{"@type":"WebPage","@id":"https:\/\/kunmedierne.dk\/mors\/erling-jensen-a-s-kan-ikke-reddes\/","url":"https:\/\/kunmedierne.dk\/mors\/erling-jensen-a-s-kan-ikke-reddes\/","name":"Erling Jensen A\/S kan ikke reddes - Mors","isPartOf":{"@id":"https:\/\/kunmedierne.dk\/mors\/#website"},"primaryImageOfPage":{"@id":"https:\/\/kunmedierne.dk\/mors\/erling-jensen-a-s-kan-ikke-reddes\/#primaryimage"},"image":{"@id":"https:\/\/kunmedierne.dk\/mors\/erling-jensen-a-s-kan-ikke-reddes\/#primaryimage"},"thumbnailUrl":"https:\/\/kunmedierne.dk\/mors\/wp-content\/uploads\/2023\/10\/IMG_3178-1.jpg","datePublished":"2023-11-10T12:49:45+00:00","dateModified":"2024-08-12T11:11:36+00:00","breadcrumb":{"@id":"https:\/\/kunmedierne.dk\/mors\/erling-jensen-a-s-kan-ikke-reddes\/#breadcrumb"},"inLanguage":"da-DK","potentialAction":[{"@type":"ReadAction","target":["https:\/\/kunmedierne.dk\/mors\/erling-jensen-a-s-kan-ikke-reddes\/"]}]},{"@type":"ImageObject","inLanguage":"da-DK","@id":"https:\/\/kunmedierne.dk\/mors\/erling-jensen-a-s-kan-ikke-reddes\/#primaryimage","url":"https:\/\/kunmedierne.dk\/mors\/wp-content\/uploads\/2023\/10\/IMG_3178-1.jpg","contentUrl":"https:\/\/kunmedierne.dk\/mors\/wp-content\/uploads\/2023\/10\/IMG_3178-1.jpg","width":770,"height":514},{"@type":"BreadcrumbList","@id":"https:\/\/kunmedierne.dk\/mors\/erling-jensen-a-s-kan-ikke-reddes\/#breadcrumb","itemListElement":[{"@type":"ListItem","position":1,"name":"Hjem","item":"https:\/\/kunmedierne.dk\/mors\/"},{"@type":"ListItem","position":2,"name":"Erling Jensen A\/S kan ikke reddes"}]},{"@type":"WebSite","@id":"https:\/\/kunmedierne.dk\/mors\/#website","url":"https:\/\/kunmedierne.dk\/mors\/","name":"Mors","description":"et netmedie med journalistik om livet p\u00e5 Mors","publisher":{"@id":"https:\/\/kunmedierne.dk\/mors\/#organization"},"potentialAction":[{"@type":"SearchAction","target":{"@type":"EntryPoint","urlTemplate":"https:\/\/kunmedierne.dk\/mors\/?s={search_term_string}"},"query-input":{"@type":"PropertyValueSpecification","valueRequired":true,"valueName":"search_term_string"}}],"inLanguage":"da-DK"},{"@type":"Organization","@id":"https:\/\/kunmedierne.dk\/mors\/#organization","name":"Mors","url":"https:\/\/kunmedierne.dk\/mors\/","logo":{"@type":"ImageObject","inLanguage":"da-DK","@id":"https:\/\/kunmedierne.dk\/mors\/#\/schema\/logo\/image\/","url":"https:\/\/kunmedierne.dk\/mors\/wp-content\/uploads\/2024\/08\/kunmors-logo.svg","contentUrl":"https:\/\/kunmedierne.dk\/mors\/wp-content\/uploads\/2024\/08\/kunmors-logo.svg","caption":"Mors"},"image":{"@id":"https:\/\/kunmedierne.dk\/mors\/#\/schema\/logo\/image\/"}},{"@type":"Person","@id":"https:\/\/kunmedierne.dk\/mors\/#\/schema\/person\/5fe23251bf1d0abbcdc6f7896579d548","name":"David H\u00f8jmark","image":{"@type":"ImageObject","inLanguage":"da-DK","@id":"https:\/\/kunmedierne.dk\/mors\/#\/schema\/person\/image\/","url":"https:\/\/secure.gravatar.com\/avatar\/4315d6fb9ef244d729989f5f90268eb08d5bf8a3d84402f595fa194bb35784fd?s=96&d=mm&r=g","contentUrl":"https:\/\/secure.gravatar.com\/avatar\/4315d6fb9ef244d729989f5f90268eb08d5bf8a3d84402f595fa194bb35784fd?s=96&d=mm&r=g","caption":"David H\u00f8jmark"},"sameAs":["https:\/\/www.kunmedierne.dk"],"url":"https:\/\/kunmedierne.dk\/mors\/author\/david\/"}]}},"_links":{"self":[{"href":"https:\/\/kunmedierne.dk\/mors\/wp-json\/wp\/v2\/posts\/105798","targetHints":{"allow":["GET"]}}],"collection":[{"href":"https:\/\/kunmedierne.dk\/mors\/wp-json\/wp\/v2\/posts"}],"about":[{"href":"https:\/\/kunmedierne.dk\/mors\/wp-json\/wp\/v2\/types\/post"}],"author":[{"embeddable":true,"href":"https:\/\/kunmedierne.dk\/mors\/wp-json\/wp\/v2\/users\/8"}],"replies":[{"embeddable":true,"href":"https:\/\/kunmedierne.dk\/mors\/wp-json\/wp\/v2\/comments?post=105798"}],"version-history":[{"count":2,"href":"https:\/\/kunmedierne.dk\/mors\/wp-json\/wp\/v2\/posts\/105798\/revisions"}],"predecessor-version":[{"id":105848,"href":"https:\/\/kunmedierne.dk\/mors\/wp-json\/wp\/v2\/posts\/105798\/revisions\/105848"}],"wp:featuredmedia":[{"embeddable":true,"href":"https:\/\/kunmedierne.dk\/mors\/wp-json\/wp\/v2\/media\/103866"}],"wp:attachment":[{"href":"https:\/\/kunmedierne.dk\/mors\/wp-json\/wp\/v2\/media?parent=105798"}],"wp:term":[{"taxonomy":"category","embeddable":true,"href":"https:\/\/kunmedierne.dk\/mors\/wp-json\/wp\/v2\/categories?post=105798"},{"taxonomy":"post_tag","embeddable":true,"href":"https:\/\/kunmedierne.dk\/mors\/wp-json\/wp\/v2\/tags?post=105798"}],"curies":[{"name":"wp","href":"https:\/\/api.w.org\/{rel}","templated":true}]}}