{"id":10539,"date":"2020-03-02T09:01:31","date_gmt":"2020-03-02T08:01:31","guid":{"rendered":"https:\/\/kunmedierne.dk\/mors\/?p=10539"},"modified":"2024-08-12T14:06:24","modified_gmt":"2024-08-12T12:06:24","slug":"stort-tyveri-af-tagpap-ved-plejecenter-duelund","status":"publish","type":"post","link":"https:\/\/kunmedierne.dk\/mors\/stort-tyveri-af-tagpap-ved-plejecenter-duelund\/","title":{"rendered":"Stort tyveri af tagpap ved Plejecenter Duelund"},"content":{"rendered":"<p><strong>NYK\u00d8BING<\/strong>: Byggepladsen p\u00e5 Riis All\u00e9 i Nyk\u00f8bing, hvor opf\u00f8relsen af det nye Plejecenter Duelund er i fuld gang, har v\u00e6ret udsat for et tyveri af tagpap. I perioden mellem 21. og 24. februar er der fra taget stj\u00e5let fire paller med tagpapruller. Der var 72 ruller i alt til en samlet v\u00e6rdi af 32.000 kroner.<\/p>\n<p><strong>THISTED<\/strong>: En 37-\u00e5rig morsingbo blev fredag klokken 13.35 sigtet for at k\u00f8re under p\u00e5virkning af euforiserende stoffer. Det skete p\u00e5 Aalborgvej i Thisted. Politiet fandt ham desuden i besiddelse af 24 gram hash, hvilket han ogs\u00e5 er sigtet for.<\/p>\n<p><strong>NYK\u00d8BING<\/strong>: To unge m\u00e6nd fra Mors m\u00e5 vente to \u00e5r, f\u00f8r de igen har lov til at komme ind p\u00e5 Oscar Nightclub &amp; Bar i Nyk\u00f8bing. Natten til s\u00f8ndag kom de to m\u00e6nd p\u00e5 18 og 20 \u00e5r op at sk\u00e6ndes p\u00e5 stedet. Det udviklede sig til et slagsm\u00e5l, og klokken 01.54 blev de af politiet sigtet efter restaurationsloven med forbud i to \u00e5r om at komme p\u00e5 stedet.<\/p>\n","protected":false},"excerpt":{"rendered":"<p>NYK\u00d8BING: Byggepladsen p\u00e5 Riis All\u00e9 i Nyk\u00f8bing, hvor opf\u00f8relsen af det nye Plejecenter Duelund er i fuld gang, har v\u00e6ret udsat for et tyveri af tagpap. I perioden mellem 21. og 24. februar er der fra taget stj\u00e5let fire paller med tagpapruller. Der var 72 ruller i alt til en samlet v\u00e6rdi af 32.000 kroner. [&hellip;]<\/p>\n","protected":false},"author":8,"featured_media":3315,"comment_status":"open","ping_status":"open","sticky":false,"template":"","format":"standard","meta":{"_acf_changed":false,"footnotes":""},"categories":[54,51],"tags":[],"class_list":["post-10539","post","type-post","status-publish","format-standard","has-post-thumbnail","hentry","category-54","category-lokalt"],"acf":[],"yoast_head":"<!-- This site is optimized with the Yoast SEO plugin v26.8 - https:\/\/yoast.com\/product\/yoast-seo-wordpress\/ -->\n<title>Stort tyveri af tagpap ved Plejecenter Duelund - Mors<\/title>\n<meta name=\"robots\" content=\"index, follow, max-snippet:-1, max-image-preview:large, max-video-preview:-1\" \/>\n<link rel=\"canonical\" href=\"https:\/\/kunmedierne.dk\/mors\/stort-tyveri-af-tagpap-ved-plejecenter-duelund\/\" \/>\n<meta property=\"og:locale\" content=\"da_DK\" \/>\n<meta property=\"og:type\" content=\"article\" \/>\n<meta property=\"og:title\" content=\"Stort tyveri af tagpap ved Plejecenter Duelund - Mors\" \/>\n<meta property=\"og:description\" content=\"NYK\u00d8BING: Byggepladsen p\u00e5 Riis All\u00e9 i Nyk\u00f8bing, hvor opf\u00f8relsen af det nye Plejecenter Duelund er i fuld gang, har v\u00e6ret udsat for et tyveri af tagpap. I perioden mellem 21. og 24. februar er der fra taget stj\u00e5let fire paller med tagpapruller. Der var 72 ruller i alt til en samlet v\u00e6rdi af 32.000 kroner. [&hellip;]\" \/>\n<meta property=\"og:url\" content=\"https:\/\/kunmedierne.dk\/mors\/stort-tyveri-af-tagpap-ved-plejecenter-duelund\/\" \/>\n<meta property=\"og:site_name\" content=\"Mors\" \/>\n<meta property=\"article:published_time\" content=\"2020-03-02T08:01:31+00:00\" \/>\n<meta property=\"article:modified_time\" content=\"2024-08-12T12:06:24+00:00\" \/>\n<meta property=\"og:image\" content=\"https:\/\/kunmedierne.dk\/mors\/wp-content\/uploads\/2020\/01\/politi-bl\u00e5-blink.jpg\" \/>\n\t<meta property=\"og:image:width\" content=\"770\" \/>\n\t<meta property=\"og:image:height\" content=\"513\" \/>\n\t<meta property=\"og:image:type\" content=\"image\/jpeg\" \/>\n<meta name=\"author\" content=\"David H\u00f8jmark\" \/>\n<meta name=\"twitter:card\" content=\"summary_large_image\" \/>\n<meta name=\"twitter:label1\" content=\"Skrevet af\" \/>\n\t<meta name=\"twitter:data1\" content=\"David H\u00f8jmark\" \/>\n\t<meta name=\"twitter:label2\" content=\"Estimeret l\u00e6setid\" \/>\n\t<meta name=\"twitter:data2\" content=\"1 minut\" \/>\n<script type=\"application\/ld+json\" class=\"yoast-schema-graph\">{\"@context\":\"https:\/\/schema.org\",\"@graph\":[{\"@type\":\"Article\",\"@id\":\"https:\/\/kunmedierne.dk\/mors\/stort-tyveri-af-tagpap-ved-plejecenter-duelund\/#article\",\"isPartOf\":{\"@id\":\"https:\/\/kunmedierne.dk\/mors\/stort-tyveri-af-tagpap-ved-plejecenter-duelund\/\"},\"author\":{\"name\":\"David H\u00f8jmark\",\"@id\":\"https:\/\/kunmedierne.dk\/mors\/#\/schema\/person\/5fe23251bf1d0abbcdc6f7896579d548\"},\"headline\":\"Stort tyveri af tagpap ved Plejecenter Duelund\",\"datePublished\":\"2020-03-02T08:01:31+00:00\",\"dateModified\":\"2024-08-12T12:06:24+00:00\",\"mainEntityOfPage\":{\"@id\":\"https:\/\/kunmedierne.dk\/mors\/stort-tyveri-af-tagpap-ved-plejecenter-duelund\/\"},\"wordCount\":178,\"commentCount\":0,\"publisher\":{\"@id\":\"https:\/\/kunmedierne.dk\/mors\/#organization\"},\"image\":{\"@id\":\"https:\/\/kunmedierne.dk\/mors\/stort-tyveri-af-tagpap-ved-plejecenter-duelund\/#primaryimage\"},\"thumbnailUrl\":\"https:\/\/kunmedierne.dk\/mors\/wp-content\/uploads\/2020\/01\/politi-bl\u00e5-blink.jpg\",\"articleSection\":[\"112\",\"Lokalt\"],\"inLanguage\":\"da-DK\",\"potentialAction\":[{\"@type\":\"CommentAction\",\"name\":\"Comment\",\"target\":[\"https:\/\/kunmedierne.dk\/mors\/stort-tyveri-af-tagpap-ved-plejecenter-duelund\/#respond\"]}]},{\"@type\":\"WebPage\",\"@id\":\"https:\/\/kunmedierne.dk\/mors\/stort-tyveri-af-tagpap-ved-plejecenter-duelund\/\",\"url\":\"https:\/\/kunmedierne.dk\/mors\/stort-tyveri-af-tagpap-ved-plejecenter-duelund\/\",\"name\":\"Stort tyveri af tagpap ved Plejecenter Duelund - Mors\",\"isPartOf\":{\"@id\":\"https:\/\/kunmedierne.dk\/mors\/#website\"},\"primaryImageOfPage\":{\"@id\":\"https:\/\/kunmedierne.dk\/mors\/stort-tyveri-af-tagpap-ved-plejecenter-duelund\/#primaryimage\"},\"image\":{\"@id\":\"https:\/\/kunmedierne.dk\/mors\/stort-tyveri-af-tagpap-ved-plejecenter-duelund\/#primaryimage\"},\"thumbnailUrl\":\"https:\/\/kunmedierne.dk\/mors\/wp-content\/uploads\/2020\/01\/politi-bl\u00e5-blink.jpg\",\"datePublished\":\"2020-03-02T08:01:31+00:00\",\"dateModified\":\"2024-08-12T12:06:24+00:00\",\"breadcrumb\":{\"@id\":\"https:\/\/kunmedierne.dk\/mors\/stort-tyveri-af-tagpap-ved-plejecenter-duelund\/#breadcrumb\"},\"inLanguage\":\"da-DK\",\"potentialAction\":[{\"@type\":\"ReadAction\",\"target\":[\"https:\/\/kunmedierne.dk\/mors\/stort-tyveri-af-tagpap-ved-plejecenter-duelund\/\"]}]},{\"@type\":\"ImageObject\",\"inLanguage\":\"da-DK\",\"@id\":\"https:\/\/kunmedierne.dk\/mors\/stort-tyveri-af-tagpap-ved-plejecenter-duelund\/#primaryimage\",\"url\":\"https:\/\/kunmedierne.dk\/mors\/wp-content\/uploads\/2020\/01\/politi-bl\u00e5-blink.jpg\",\"contentUrl\":\"https:\/\/kunmedierne.dk\/mors\/wp-content\/uploads\/2020\/01\/politi-bl\u00e5-blink.jpg\",\"width\":770,\"height\":513,\"caption\":\"Modelfoto: Rigspolitiet\"},{\"@type\":\"BreadcrumbList\",\"@id\":\"https:\/\/kunmedierne.dk\/mors\/stort-tyveri-af-tagpap-ved-plejecenter-duelund\/#breadcrumb\",\"itemListElement\":[{\"@type\":\"ListItem\",\"position\":1,\"name\":\"Hjem\",\"item\":\"https:\/\/kunmedierne.dk\/mors\/\"},{\"@type\":\"ListItem\",\"position\":2,\"name\":\"Stort tyveri af tagpap ved Plejecenter Duelund\"}]},{\"@type\":\"WebSite\",\"@id\":\"https:\/\/kunmedierne.dk\/mors\/#website\",\"url\":\"https:\/\/kunmedierne.dk\/mors\/\",\"name\":\"Mors\",\"description\":\"et netmedie med journalistik om livet p\u00e5 Mors\",\"publisher\":{\"@id\":\"https:\/\/kunmedierne.dk\/mors\/#organization\"},\"potentialAction\":[{\"@type\":\"SearchAction\",\"target\":{\"@type\":\"EntryPoint\",\"urlTemplate\":\"https:\/\/kunmedierne.dk\/mors\/?s={search_term_string}\"},\"query-input\":{\"@type\":\"PropertyValueSpecification\",\"valueRequired\":true,\"valueName\":\"search_term_string\"}}],\"inLanguage\":\"da-DK\"},{\"@type\":\"Organization\",\"@id\":\"https:\/\/kunmedierne.dk\/mors\/#organization\",\"name\":\"Mors\",\"url\":\"https:\/\/kunmedierne.dk\/mors\/\",\"logo\":{\"@type\":\"ImageObject\",\"inLanguage\":\"da-DK\",\"@id\":\"https:\/\/kunmedierne.dk\/mors\/#\/schema\/logo\/image\/\",\"url\":\"https:\/\/kunmedierne.dk\/mors\/wp-content\/uploads\/2024\/08\/kunmors-logo.svg\",\"contentUrl\":\"https:\/\/kunmedierne.dk\/mors\/wp-content\/uploads\/2024\/08\/kunmors-logo.svg\",\"caption\":\"Mors\"},\"image\":{\"@id\":\"https:\/\/kunmedierne.dk\/mors\/#\/schema\/logo\/image\/\"}},{\"@type\":\"Person\",\"@id\":\"https:\/\/kunmedierne.dk\/mors\/#\/schema\/person\/5fe23251bf1d0abbcdc6f7896579d548\",\"name\":\"David H\u00f8jmark\",\"image\":{\"@type\":\"ImageObject\",\"inLanguage\":\"da-DK\",\"@id\":\"https:\/\/kunmedierne.dk\/mors\/#\/schema\/person\/image\/\",\"url\":\"https:\/\/secure.gravatar.com\/avatar\/4315d6fb9ef244d729989f5f90268eb08d5bf8a3d84402f595fa194bb35784fd?s=96&d=mm&r=g\",\"contentUrl\":\"https:\/\/secure.gravatar.com\/avatar\/4315d6fb9ef244d729989f5f90268eb08d5bf8a3d84402f595fa194bb35784fd?s=96&d=mm&r=g\",\"caption\":\"David H\u00f8jmark\"},\"sameAs\":[\"https:\/\/www.kunmedierne.dk\"],\"url\":\"https:\/\/kunmedierne.dk\/mors\/author\/david\/\"}]}<\/script>\n<!-- \/ Yoast SEO plugin. -->","yoast_head_json":{"title":"Stort tyveri af tagpap ved Plejecenter Duelund - Mors","robots":{"index":"index","follow":"follow","max-snippet":"max-snippet:-1","max-image-preview":"max-image-preview:large","max-video-preview":"max-video-preview:-1"},"canonical":"https:\/\/kunmedierne.dk\/mors\/stort-tyveri-af-tagpap-ved-plejecenter-duelund\/","og_locale":"da_DK","og_type":"article","og_title":"Stort tyveri af tagpap ved Plejecenter Duelund - Mors","og_description":"NYK\u00d8BING: Byggepladsen p\u00e5 Riis All\u00e9 i Nyk\u00f8bing, hvor opf\u00f8relsen af det nye Plejecenter Duelund er i fuld gang, har v\u00e6ret udsat for et tyveri af tagpap. I perioden mellem 21. og 24. februar er der fra taget stj\u00e5let fire paller med tagpapruller. Der var 72 ruller i alt til en samlet v\u00e6rdi af 32.000 kroner. [&hellip;]","og_url":"https:\/\/kunmedierne.dk\/mors\/stort-tyveri-af-tagpap-ved-plejecenter-duelund\/","og_site_name":"Mors","article_published_time":"2020-03-02T08:01:31+00:00","article_modified_time":"2024-08-12T12:06:24+00:00","og_image":[{"width":770,"height":513,"url":"https:\/\/kunmedierne.dk\/mors\/wp-content\/uploads\/2020\/01\/politi-bl\u00e5-blink.jpg","type":"image\/jpeg"}],"author":"David H\u00f8jmark","twitter_card":"summary_large_image","twitter_misc":{"Skrevet af":"David H\u00f8jmark","Estimeret l\u00e6setid":"1 minut"},"schema":{"@context":"https:\/\/schema.org","@graph":[{"@type":"Article","@id":"https:\/\/kunmedierne.dk\/mors\/stort-tyveri-af-tagpap-ved-plejecenter-duelund\/#article","isPartOf":{"@id":"https:\/\/kunmedierne.dk\/mors\/stort-tyveri-af-tagpap-ved-plejecenter-duelund\/"},"author":{"name":"David H\u00f8jmark","@id":"https:\/\/kunmedierne.dk\/mors\/#\/schema\/person\/5fe23251bf1d0abbcdc6f7896579d548"},"headline":"Stort tyveri af tagpap ved Plejecenter Duelund","datePublished":"2020-03-02T08:01:31+00:00","dateModified":"2024-08-12T12:06:24+00:00","mainEntityOfPage":{"@id":"https:\/\/kunmedierne.dk\/mors\/stort-tyveri-af-tagpap-ved-plejecenter-duelund\/"},"wordCount":178,"commentCount":0,"publisher":{"@id":"https:\/\/kunmedierne.dk\/mors\/#organization"},"image":{"@id":"https:\/\/kunmedierne.dk\/mors\/stort-tyveri-af-tagpap-ved-plejecenter-duelund\/#primaryimage"},"thumbnailUrl":"https:\/\/kunmedierne.dk\/mors\/wp-content\/uploads\/2020\/01\/politi-bl\u00e5-blink.jpg","articleSection":["112","Lokalt"],"inLanguage":"da-DK","potentialAction":[{"@type":"CommentAction","name":"Comment","target":["https:\/\/kunmedierne.dk\/mors\/stort-tyveri-af-tagpap-ved-plejecenter-duelund\/#respond"]}]},{"@type":"WebPage","@id":"https:\/\/kunmedierne.dk\/mors\/stort-tyveri-af-tagpap-ved-plejecenter-duelund\/","url":"https:\/\/kunmedierne.dk\/mors\/stort-tyveri-af-tagpap-ved-plejecenter-duelund\/","name":"Stort tyveri af tagpap ved Plejecenter Duelund - Mors","isPartOf":{"@id":"https:\/\/kunmedierne.dk\/mors\/#website"},"primaryImageOfPage":{"@id":"https:\/\/kunmedierne.dk\/mors\/stort-tyveri-af-tagpap-ved-plejecenter-duelund\/#primaryimage"},"image":{"@id":"https:\/\/kunmedierne.dk\/mors\/stort-tyveri-af-tagpap-ved-plejecenter-duelund\/#primaryimage"},"thumbnailUrl":"https:\/\/kunmedierne.dk\/mors\/wp-content\/uploads\/2020\/01\/politi-bl\u00e5-blink.jpg","datePublished":"2020-03-02T08:01:31+00:00","dateModified":"2024-08-12T12:06:24+00:00","breadcrumb":{"@id":"https:\/\/kunmedierne.dk\/mors\/stort-tyveri-af-tagpap-ved-plejecenter-duelund\/#breadcrumb"},"inLanguage":"da-DK","potentialAction":[{"@type":"ReadAction","target":["https:\/\/kunmedierne.dk\/mors\/stort-tyveri-af-tagpap-ved-plejecenter-duelund\/"]}]},{"@type":"ImageObject","inLanguage":"da-DK","@id":"https:\/\/kunmedierne.dk\/mors\/stort-tyveri-af-tagpap-ved-plejecenter-duelund\/#primaryimage","url":"https:\/\/kunmedierne.dk\/mors\/wp-content\/uploads\/2020\/01\/politi-bl\u00e5-blink.jpg","contentUrl":"https:\/\/kunmedierne.dk\/mors\/wp-content\/uploads\/2020\/01\/politi-bl\u00e5-blink.jpg","width":770,"height":513,"caption":"Modelfoto: Rigspolitiet"},{"@type":"BreadcrumbList","@id":"https:\/\/kunmedierne.dk\/mors\/stort-tyveri-af-tagpap-ved-plejecenter-duelund\/#breadcrumb","itemListElement":[{"@type":"ListItem","position":1,"name":"Hjem","item":"https:\/\/kunmedierne.dk\/mors\/"},{"@type":"ListItem","position":2,"name":"Stort tyveri af tagpap ved Plejecenter Duelund"}]},{"@type":"WebSite","@id":"https:\/\/kunmedierne.dk\/mors\/#website","url":"https:\/\/kunmedierne.dk\/mors\/","name":"Mors","description":"et netmedie med journalistik om livet p\u00e5 Mors","publisher":{"@id":"https:\/\/kunmedierne.dk\/mors\/#organization"},"potentialAction":[{"@type":"SearchAction","target":{"@type":"EntryPoint","urlTemplate":"https:\/\/kunmedierne.dk\/mors\/?s={search_term_string}"},"query-input":{"@type":"PropertyValueSpecification","valueRequired":true,"valueName":"search_term_string"}}],"inLanguage":"da-DK"},{"@type":"Organization","@id":"https:\/\/kunmedierne.dk\/mors\/#organization","name":"Mors","url":"https:\/\/kunmedierne.dk\/mors\/","logo":{"@type":"ImageObject","inLanguage":"da-DK","@id":"https:\/\/kunmedierne.dk\/mors\/#\/schema\/logo\/image\/","url":"https:\/\/kunmedierne.dk\/mors\/wp-content\/uploads\/2024\/08\/kunmors-logo.svg","contentUrl":"https:\/\/kunmedierne.dk\/mors\/wp-content\/uploads\/2024\/08\/kunmors-logo.svg","caption":"Mors"},"image":{"@id":"https:\/\/kunmedierne.dk\/mors\/#\/schema\/logo\/image\/"}},{"@type":"Person","@id":"https:\/\/kunmedierne.dk\/mors\/#\/schema\/person\/5fe23251bf1d0abbcdc6f7896579d548","name":"David H\u00f8jmark","image":{"@type":"ImageObject","inLanguage":"da-DK","@id":"https:\/\/kunmedierne.dk\/mors\/#\/schema\/person\/image\/","url":"https:\/\/secure.gravatar.com\/avatar\/4315d6fb9ef244d729989f5f90268eb08d5bf8a3d84402f595fa194bb35784fd?s=96&d=mm&r=g","contentUrl":"https:\/\/secure.gravatar.com\/avatar\/4315d6fb9ef244d729989f5f90268eb08d5bf8a3d84402f595fa194bb35784fd?s=96&d=mm&r=g","caption":"David H\u00f8jmark"},"sameAs":["https:\/\/www.kunmedierne.dk"],"url":"https:\/\/kunmedierne.dk\/mors\/author\/david\/"}]}},"_links":{"self":[{"href":"https:\/\/kunmedierne.dk\/mors\/wp-json\/wp\/v2\/posts\/10539","targetHints":{"allow":["GET"]}}],"collection":[{"href":"https:\/\/kunmedierne.dk\/mors\/wp-json\/wp\/v2\/posts"}],"about":[{"href":"https:\/\/kunmedierne.dk\/mors\/wp-json\/wp\/v2\/types\/post"}],"author":[{"embeddable":true,"href":"https:\/\/kunmedierne.dk\/mors\/wp-json\/wp\/v2\/users\/8"}],"replies":[{"embeddable":true,"href":"https:\/\/kunmedierne.dk\/mors\/wp-json\/wp\/v2\/comments?post=10539"}],"version-history":[{"count":2,"href":"https:\/\/kunmedierne.dk\/mors\/wp-json\/wp\/v2\/posts\/10539\/revisions"}],"predecessor-version":[{"id":10541,"href":"https:\/\/kunmedierne.dk\/mors\/wp-json\/wp\/v2\/posts\/10539\/revisions\/10541"}],"wp:featuredmedia":[{"embeddable":true,"href":"https:\/\/kunmedierne.dk\/mors\/wp-json\/wp\/v2\/media\/3315"}],"wp:attachment":[{"href":"https:\/\/kunmedierne.dk\/mors\/wp-json\/wp\/v2\/media?parent=10539"}],"wp:term":[{"taxonomy":"category","embeddable":true,"href":"https:\/\/kunmedierne.dk\/mors\/wp-json\/wp\/v2\/categories?post=10539"},{"taxonomy":"post_tag","embeddable":true,"href":"https:\/\/kunmedierne.dk\/mors\/wp-json\/wp\/v2\/tags?post=10539"}],"curies":[{"name":"wp","href":"https:\/\/api.w.org\/{rel}","templated":true}]}}