{"id":103808,"date":"2023-10-11T08:47:06","date_gmt":"2023-10-11T06:47:06","guid":{"rendered":"https:\/\/kunmedierne.dk\/mors\/?p=103808"},"modified":"2024-08-12T13:11:45","modified_gmt":"2024-08-12T11:11:45","slug":"folkemusikalsk-skoenhed-paa-folkebiblioteket","status":"publish","type":"post","link":"https:\/\/kunmedierne.dk\/mors\/folkemusikalsk-skoenhed-paa-folkebiblioteket\/","title":{"rendered":"Folkemusikalsk sk\u00f8nhed p\u00e5 folkebiblioteket"},"content":{"rendered":"<p><strong>KONCERT<\/strong>: Et festfyrv\u00e6rkeri af folkemusikalsk sk\u00f8nhed.<\/p>\n<p>S\u00e5dan beskriver Mors\u00f8 Folkebibliotek den koncert, der finder sted p\u00e5 l\u00f8rdag, n\u00e5r fynske Sv\u00f8bsk kommer til Nyk\u00f8bing for at give koncert for hele familien.<\/p>\n<p class=\"v1MsoNormal\">&#8220;Violin, harmonika, klaver, trommer \u2026 og s\u00e5 g\u00e5r den vilde og forf\u00f8rende folkemusik, der griber publikum ved hjertet og f\u00f8dderne, s\u00e5 de knap kan sidde stille. Musikken er en blanding af traditionel og moderne folkemusik, virtuost fremf\u00f8rt med legende lethed og masser af sj\u00e6l,&#8221; lyder det i foromtalen.<\/p>\n<a class=\"dvrt-link\" onClick=\"cdmtrack_click(169437,jQuery(this));return false\" href=\"https:\/\/thymors.dk\/sponsorater\/15-til-faellesskabet?utm_source=kunmors&amp;utm_medium=annonce&amp;utm_campaign=sponsorater\"><img decoding=\"async\" style=\"width:100%;\" src=\"https:\/\/kunmedierne.dk\/mors\/wp-content\/uploads\/2026\/03\/260407ThyMors-energi_faellesskab_generel-1.jpg\"><\/a><script>cdmtrack_view(169437);<\/script>\n<p>Sv\u00f8bsk har i \u00e5r 20 \u00e5rs jubil\u00e6um og var i b\u00e5de 2021 og 2022 indstillet til prisen som \u00e5rets live-navn ved Danish Music Awards &#8211; dog uden at f\u00e5 den. Bandet er kendt for at inddrage\u00a0publikum med sang, rytmelege og dans med m\u00e5let om at vise, hvordan musik og sang skaber gl\u00e6de og f\u00e6llesskab.<\/p>\n<p>&#8220;Koncerten er startskuddet til en sjov, sp\u00e6ndende og uuuhyggelig efter\u00e5rsferie p\u00e5 Mors\u00f8 Folkebibliotek,&#8221; oplyser biblioteket med henvisning til den Halloween-fejring, der ogs\u00e5 finder sted.<\/p>\n<blockquote>\n<h3>FAKTA<\/h3>\n<h5>Koncerten finder sted l\u00f8rdag den 14. oktober klokken 11-11.45 i St\u00f8berisalen p\u00e5 Mors\u00f8 Folkebibliotek.<\/h5>\n<h5 class=\"v1MsoNormal\">Arrangementet er gratis med fremvisning af Mors Handels FunCard og uden tilmelding. Uden FunCard koster koncerten 25 kr.\u00a0 Koncerten er et samarbejde mellem Levende Musik i Skolen og Mors\u00f8 Folkebibliotek.<\/h5>\n<h5 class=\"v1MsoNormal\">Familiekoncertens m\u00e5lgruppe er de 3-9-\u00e5rige og deres voksne, men alle er velkomne.<\/h5>\n<h6>Kilde: Mors\u00f8 Folkebibliotek<\/h6>\n<\/blockquote>\n","protected":false},"excerpt":{"rendered":"<p>KONCERT: Et festfyrv\u00e6rkeri af folkemusikalsk sk\u00f8nhed. S\u00e5dan beskriver Mors\u00f8 Folkebibliotek den koncert, der finder sted p\u00e5 l\u00f8rdag, n\u00e5r fynske Sv\u00f8bsk kommer til Nyk\u00f8bing for at give koncert for hele familien. &#8220;Violin, harmonika, klaver, trommer \u2026 og s\u00e5 g\u00e5r den vilde og forf\u00f8rende folkemusik, der griber publikum ved hjertet og f\u00f8dderne, s\u00e5 de knap kan sidde [&hellip;]<\/p>\n","protected":false},"author":8,"featured_media":103811,"comment_status":"closed","ping_status":"open","sticky":false,"template":"","format":"standard","meta":{"_acf_changed":false,"footnotes":""},"categories":[49],"tags":[],"class_list":["post-103808","post","type-post","status-publish","format-standard","has-post-thumbnail","hentry","category-kultur"],"acf":[],"yoast_head":"<!-- This site is optimized with the Yoast SEO plugin v26.8 - https:\/\/yoast.com\/product\/yoast-seo-wordpress\/ -->\n<title>Folkemusikalsk sk\u00f8nhed p\u00e5 folkebiblioteket - Mors<\/title>\n<meta name=\"robots\" content=\"index, follow, max-snippet:-1, max-image-preview:large, max-video-preview:-1\" \/>\n<link rel=\"canonical\" href=\"https:\/\/kunmedierne.dk\/mors\/folkemusikalsk-skoenhed-paa-folkebiblioteket\/\" \/>\n<meta property=\"og:locale\" content=\"da_DK\" \/>\n<meta property=\"og:type\" content=\"article\" \/>\n<meta property=\"og:title\" content=\"Folkemusikalsk sk\u00f8nhed p\u00e5 folkebiblioteket - Mors\" \/>\n<meta property=\"og:description\" content=\"KONCERT: Et festfyrv\u00e6rkeri af folkemusikalsk sk\u00f8nhed. S\u00e5dan beskriver Mors\u00f8 Folkebibliotek den koncert, der finder sted p\u00e5 l\u00f8rdag, n\u00e5r fynske Sv\u00f8bsk kommer til Nyk\u00f8bing for at give koncert for hele familien. &#8220;Violin, harmonika, klaver, trommer \u2026 og s\u00e5 g\u00e5r den vilde og forf\u00f8rende folkemusik, der griber publikum ved hjertet og f\u00f8dderne, s\u00e5 de knap kan sidde [&hellip;]\" \/>\n<meta property=\"og:url\" content=\"https:\/\/kunmedierne.dk\/mors\/folkemusikalsk-skoenhed-paa-folkebiblioteket\/\" \/>\n<meta property=\"og:site_name\" content=\"Mors\" \/>\n<meta property=\"article:published_time\" content=\"2023-10-11T06:47:06+00:00\" \/>\n<meta property=\"article:modified_time\" content=\"2024-08-12T11:11:45+00:00\" \/>\n<meta property=\"og:image\" content=\"https:\/\/kunmedierne.dk\/mors\/wp-content\/uploads\/2023\/10\/svoebsk2.jpg\" \/>\n\t<meta property=\"og:image:width\" content=\"770\" \/>\n\t<meta property=\"og:image:height\" content=\"513\" \/>\n\t<meta property=\"og:image:type\" content=\"image\/jpeg\" \/>\n<meta name=\"author\" content=\"David H\u00f8jmark\" \/>\n<meta name=\"twitter:card\" content=\"summary_large_image\" \/>\n<meta name=\"twitter:label1\" content=\"Skrevet af\" \/>\n\t<meta name=\"twitter:data1\" content=\"David H\u00f8jmark\" \/>\n\t<meta name=\"twitter:label2\" content=\"Estimeret l\u00e6setid\" \/>\n\t<meta name=\"twitter:data2\" content=\"2 minutter\" \/>\n<script type=\"application\/ld+json\" class=\"yoast-schema-graph\">{\"@context\":\"https:\/\/schema.org\",\"@graph\":[{\"@type\":\"Article\",\"@id\":\"https:\/\/kunmedierne.dk\/mors\/folkemusikalsk-skoenhed-paa-folkebiblioteket\/#article\",\"isPartOf\":{\"@id\":\"https:\/\/kunmedierne.dk\/mors\/folkemusikalsk-skoenhed-paa-folkebiblioteket\/\"},\"author\":{\"name\":\"David H\u00f8jmark\",\"@id\":\"https:\/\/kunmedierne.dk\/mors\/#\/schema\/person\/5fe23251bf1d0abbcdc6f7896579d548\"},\"headline\":\"Folkemusikalsk sk\u00f8nhed p\u00e5 folkebiblioteket\",\"datePublished\":\"2023-10-11T06:47:06+00:00\",\"dateModified\":\"2024-08-12T11:11:45+00:00\",\"mainEntityOfPage\":{\"@id\":\"https:\/\/kunmedierne.dk\/mors\/folkemusikalsk-skoenhed-paa-folkebiblioteket\/\"},\"wordCount\":243,\"publisher\":{\"@id\":\"https:\/\/kunmedierne.dk\/mors\/#organization\"},\"image\":{\"@id\":\"https:\/\/kunmedierne.dk\/mors\/folkemusikalsk-skoenhed-paa-folkebiblioteket\/#primaryimage\"},\"thumbnailUrl\":\"https:\/\/kunmedierne.dk\/mors\/wp-content\/uploads\/2023\/10\/svoebsk2.jpg\",\"articleSection\":[\"Kultur\"],\"inLanguage\":\"da-DK\"},{\"@type\":\"WebPage\",\"@id\":\"https:\/\/kunmedierne.dk\/mors\/folkemusikalsk-skoenhed-paa-folkebiblioteket\/\",\"url\":\"https:\/\/kunmedierne.dk\/mors\/folkemusikalsk-skoenhed-paa-folkebiblioteket\/\",\"name\":\"Folkemusikalsk sk\u00f8nhed p\u00e5 folkebiblioteket - Mors\",\"isPartOf\":{\"@id\":\"https:\/\/kunmedierne.dk\/mors\/#website\"},\"primaryImageOfPage\":{\"@id\":\"https:\/\/kunmedierne.dk\/mors\/folkemusikalsk-skoenhed-paa-folkebiblioteket\/#primaryimage\"},\"image\":{\"@id\":\"https:\/\/kunmedierne.dk\/mors\/folkemusikalsk-skoenhed-paa-folkebiblioteket\/#primaryimage\"},\"thumbnailUrl\":\"https:\/\/kunmedierne.dk\/mors\/wp-content\/uploads\/2023\/10\/svoebsk2.jpg\",\"datePublished\":\"2023-10-11T06:47:06+00:00\",\"dateModified\":\"2024-08-12T11:11:45+00:00\",\"breadcrumb\":{\"@id\":\"https:\/\/kunmedierne.dk\/mors\/folkemusikalsk-skoenhed-paa-folkebiblioteket\/#breadcrumb\"},\"inLanguage\":\"da-DK\",\"potentialAction\":[{\"@type\":\"ReadAction\",\"target\":[\"https:\/\/kunmedierne.dk\/mors\/folkemusikalsk-skoenhed-paa-folkebiblioteket\/\"]}]},{\"@type\":\"ImageObject\",\"inLanguage\":\"da-DK\",\"@id\":\"https:\/\/kunmedierne.dk\/mors\/folkemusikalsk-skoenhed-paa-folkebiblioteket\/#primaryimage\",\"url\":\"https:\/\/kunmedierne.dk\/mors\/wp-content\/uploads\/2023\/10\/svoebsk2.jpg\",\"contentUrl\":\"https:\/\/kunmedierne.dk\/mors\/wp-content\/uploads\/2023\/10\/svoebsk2.jpg\",\"width\":770,\"height\":513,\"caption\":\"Sv\u00f8bsk giver koncert p\u00e5 l\u00f8rdag. PR-foto.\"},{\"@type\":\"BreadcrumbList\",\"@id\":\"https:\/\/kunmedierne.dk\/mors\/folkemusikalsk-skoenhed-paa-folkebiblioteket\/#breadcrumb\",\"itemListElement\":[{\"@type\":\"ListItem\",\"position\":1,\"name\":\"Hjem\",\"item\":\"https:\/\/kunmedierne.dk\/mors\/\"},{\"@type\":\"ListItem\",\"position\":2,\"name\":\"Folkemusikalsk sk\u00f8nhed p\u00e5 folkebiblioteket\"}]},{\"@type\":\"WebSite\",\"@id\":\"https:\/\/kunmedierne.dk\/mors\/#website\",\"url\":\"https:\/\/kunmedierne.dk\/mors\/\",\"name\":\"Mors\",\"description\":\"et netmedie med journalistik om livet p\u00e5 Mors\",\"publisher\":{\"@id\":\"https:\/\/kunmedierne.dk\/mors\/#organization\"},\"potentialAction\":[{\"@type\":\"SearchAction\",\"target\":{\"@type\":\"EntryPoint\",\"urlTemplate\":\"https:\/\/kunmedierne.dk\/mors\/?s={search_term_string}\"},\"query-input\":{\"@type\":\"PropertyValueSpecification\",\"valueRequired\":true,\"valueName\":\"search_term_string\"}}],\"inLanguage\":\"da-DK\"},{\"@type\":\"Organization\",\"@id\":\"https:\/\/kunmedierne.dk\/mors\/#organization\",\"name\":\"Mors\",\"url\":\"https:\/\/kunmedierne.dk\/mors\/\",\"logo\":{\"@type\":\"ImageObject\",\"inLanguage\":\"da-DK\",\"@id\":\"https:\/\/kunmedierne.dk\/mors\/#\/schema\/logo\/image\/\",\"url\":\"https:\/\/kunmedierne.dk\/mors\/wp-content\/uploads\/2024\/08\/kunmors-logo.svg\",\"contentUrl\":\"https:\/\/kunmedierne.dk\/mors\/wp-content\/uploads\/2024\/08\/kunmors-logo.svg\",\"caption\":\"Mors\"},\"image\":{\"@id\":\"https:\/\/kunmedierne.dk\/mors\/#\/schema\/logo\/image\/\"}},{\"@type\":\"Person\",\"@id\":\"https:\/\/kunmedierne.dk\/mors\/#\/schema\/person\/5fe23251bf1d0abbcdc6f7896579d548\",\"name\":\"David H\u00f8jmark\",\"image\":{\"@type\":\"ImageObject\",\"inLanguage\":\"da-DK\",\"@id\":\"https:\/\/kunmedierne.dk\/mors\/#\/schema\/person\/image\/\",\"url\":\"https:\/\/secure.gravatar.com\/avatar\/4315d6fb9ef244d729989f5f90268eb08d5bf8a3d84402f595fa194bb35784fd?s=96&d=mm&r=g\",\"contentUrl\":\"https:\/\/secure.gravatar.com\/avatar\/4315d6fb9ef244d729989f5f90268eb08d5bf8a3d84402f595fa194bb35784fd?s=96&d=mm&r=g\",\"caption\":\"David H\u00f8jmark\"},\"sameAs\":[\"https:\/\/www.kunmedierne.dk\"],\"url\":\"https:\/\/kunmedierne.dk\/mors\/author\/david\/\"}]}<\/script>\n<!-- \/ Yoast SEO plugin. -->","yoast_head_json":{"title":"Folkemusikalsk sk\u00f8nhed p\u00e5 folkebiblioteket - Mors","robots":{"index":"index","follow":"follow","max-snippet":"max-snippet:-1","max-image-preview":"max-image-preview:large","max-video-preview":"max-video-preview:-1"},"canonical":"https:\/\/kunmedierne.dk\/mors\/folkemusikalsk-skoenhed-paa-folkebiblioteket\/","og_locale":"da_DK","og_type":"article","og_title":"Folkemusikalsk sk\u00f8nhed p\u00e5 folkebiblioteket - Mors","og_description":"KONCERT: Et festfyrv\u00e6rkeri af folkemusikalsk sk\u00f8nhed. S\u00e5dan beskriver Mors\u00f8 Folkebibliotek den koncert, der finder sted p\u00e5 l\u00f8rdag, n\u00e5r fynske Sv\u00f8bsk kommer til Nyk\u00f8bing for at give koncert for hele familien. &#8220;Violin, harmonika, klaver, trommer \u2026 og s\u00e5 g\u00e5r den vilde og forf\u00f8rende folkemusik, der griber publikum ved hjertet og f\u00f8dderne, s\u00e5 de knap kan sidde [&hellip;]","og_url":"https:\/\/kunmedierne.dk\/mors\/folkemusikalsk-skoenhed-paa-folkebiblioteket\/","og_site_name":"Mors","article_published_time":"2023-10-11T06:47:06+00:00","article_modified_time":"2024-08-12T11:11:45+00:00","og_image":[{"width":770,"height":513,"url":"https:\/\/kunmedierne.dk\/mors\/wp-content\/uploads\/2023\/10\/svoebsk2.jpg","type":"image\/jpeg"}],"author":"David H\u00f8jmark","twitter_card":"summary_large_image","twitter_misc":{"Skrevet af":"David H\u00f8jmark","Estimeret l\u00e6setid":"2 minutter"},"schema":{"@context":"https:\/\/schema.org","@graph":[{"@type":"Article","@id":"https:\/\/kunmedierne.dk\/mors\/folkemusikalsk-skoenhed-paa-folkebiblioteket\/#article","isPartOf":{"@id":"https:\/\/kunmedierne.dk\/mors\/folkemusikalsk-skoenhed-paa-folkebiblioteket\/"},"author":{"name":"David H\u00f8jmark","@id":"https:\/\/kunmedierne.dk\/mors\/#\/schema\/person\/5fe23251bf1d0abbcdc6f7896579d548"},"headline":"Folkemusikalsk sk\u00f8nhed p\u00e5 folkebiblioteket","datePublished":"2023-10-11T06:47:06+00:00","dateModified":"2024-08-12T11:11:45+00:00","mainEntityOfPage":{"@id":"https:\/\/kunmedierne.dk\/mors\/folkemusikalsk-skoenhed-paa-folkebiblioteket\/"},"wordCount":243,"publisher":{"@id":"https:\/\/kunmedierne.dk\/mors\/#organization"},"image":{"@id":"https:\/\/kunmedierne.dk\/mors\/folkemusikalsk-skoenhed-paa-folkebiblioteket\/#primaryimage"},"thumbnailUrl":"https:\/\/kunmedierne.dk\/mors\/wp-content\/uploads\/2023\/10\/svoebsk2.jpg","articleSection":["Kultur"],"inLanguage":"da-DK"},{"@type":"WebPage","@id":"https:\/\/kunmedierne.dk\/mors\/folkemusikalsk-skoenhed-paa-folkebiblioteket\/","url":"https:\/\/kunmedierne.dk\/mors\/folkemusikalsk-skoenhed-paa-folkebiblioteket\/","name":"Folkemusikalsk sk\u00f8nhed p\u00e5 folkebiblioteket - Mors","isPartOf":{"@id":"https:\/\/kunmedierne.dk\/mors\/#website"},"primaryImageOfPage":{"@id":"https:\/\/kunmedierne.dk\/mors\/folkemusikalsk-skoenhed-paa-folkebiblioteket\/#primaryimage"},"image":{"@id":"https:\/\/kunmedierne.dk\/mors\/folkemusikalsk-skoenhed-paa-folkebiblioteket\/#primaryimage"},"thumbnailUrl":"https:\/\/kunmedierne.dk\/mors\/wp-content\/uploads\/2023\/10\/svoebsk2.jpg","datePublished":"2023-10-11T06:47:06+00:00","dateModified":"2024-08-12T11:11:45+00:00","breadcrumb":{"@id":"https:\/\/kunmedierne.dk\/mors\/folkemusikalsk-skoenhed-paa-folkebiblioteket\/#breadcrumb"},"inLanguage":"da-DK","potentialAction":[{"@type":"ReadAction","target":["https:\/\/kunmedierne.dk\/mors\/folkemusikalsk-skoenhed-paa-folkebiblioteket\/"]}]},{"@type":"ImageObject","inLanguage":"da-DK","@id":"https:\/\/kunmedierne.dk\/mors\/folkemusikalsk-skoenhed-paa-folkebiblioteket\/#primaryimage","url":"https:\/\/kunmedierne.dk\/mors\/wp-content\/uploads\/2023\/10\/svoebsk2.jpg","contentUrl":"https:\/\/kunmedierne.dk\/mors\/wp-content\/uploads\/2023\/10\/svoebsk2.jpg","width":770,"height":513,"caption":"Sv\u00f8bsk giver koncert p\u00e5 l\u00f8rdag. PR-foto."},{"@type":"BreadcrumbList","@id":"https:\/\/kunmedierne.dk\/mors\/folkemusikalsk-skoenhed-paa-folkebiblioteket\/#breadcrumb","itemListElement":[{"@type":"ListItem","position":1,"name":"Hjem","item":"https:\/\/kunmedierne.dk\/mors\/"},{"@type":"ListItem","position":2,"name":"Folkemusikalsk sk\u00f8nhed p\u00e5 folkebiblioteket"}]},{"@type":"WebSite","@id":"https:\/\/kunmedierne.dk\/mors\/#website","url":"https:\/\/kunmedierne.dk\/mors\/","name":"Mors","description":"et netmedie med journalistik om livet p\u00e5 Mors","publisher":{"@id":"https:\/\/kunmedierne.dk\/mors\/#organization"},"potentialAction":[{"@type":"SearchAction","target":{"@type":"EntryPoint","urlTemplate":"https:\/\/kunmedierne.dk\/mors\/?s={search_term_string}"},"query-input":{"@type":"PropertyValueSpecification","valueRequired":true,"valueName":"search_term_string"}}],"inLanguage":"da-DK"},{"@type":"Organization","@id":"https:\/\/kunmedierne.dk\/mors\/#organization","name":"Mors","url":"https:\/\/kunmedierne.dk\/mors\/","logo":{"@type":"ImageObject","inLanguage":"da-DK","@id":"https:\/\/kunmedierne.dk\/mors\/#\/schema\/logo\/image\/","url":"https:\/\/kunmedierne.dk\/mors\/wp-content\/uploads\/2024\/08\/kunmors-logo.svg","contentUrl":"https:\/\/kunmedierne.dk\/mors\/wp-content\/uploads\/2024\/08\/kunmors-logo.svg","caption":"Mors"},"image":{"@id":"https:\/\/kunmedierne.dk\/mors\/#\/schema\/logo\/image\/"}},{"@type":"Person","@id":"https:\/\/kunmedierne.dk\/mors\/#\/schema\/person\/5fe23251bf1d0abbcdc6f7896579d548","name":"David H\u00f8jmark","image":{"@type":"ImageObject","inLanguage":"da-DK","@id":"https:\/\/kunmedierne.dk\/mors\/#\/schema\/person\/image\/","url":"https:\/\/secure.gravatar.com\/avatar\/4315d6fb9ef244d729989f5f90268eb08d5bf8a3d84402f595fa194bb35784fd?s=96&d=mm&r=g","contentUrl":"https:\/\/secure.gravatar.com\/avatar\/4315d6fb9ef244d729989f5f90268eb08d5bf8a3d84402f595fa194bb35784fd?s=96&d=mm&r=g","caption":"David H\u00f8jmark"},"sameAs":["https:\/\/www.kunmedierne.dk"],"url":"https:\/\/kunmedierne.dk\/mors\/author\/david\/"}]}},"_links":{"self":[{"href":"https:\/\/kunmedierne.dk\/mors\/wp-json\/wp\/v2\/posts\/103808","targetHints":{"allow":["GET"]}}],"collection":[{"href":"https:\/\/kunmedierne.dk\/mors\/wp-json\/wp\/v2\/posts"}],"about":[{"href":"https:\/\/kunmedierne.dk\/mors\/wp-json\/wp\/v2\/types\/post"}],"author":[{"embeddable":true,"href":"https:\/\/kunmedierne.dk\/mors\/wp-json\/wp\/v2\/users\/8"}],"replies":[{"embeddable":true,"href":"https:\/\/kunmedierne.dk\/mors\/wp-json\/wp\/v2\/comments?post=103808"}],"version-history":[{"count":1,"href":"https:\/\/kunmedierne.dk\/mors\/wp-json\/wp\/v2\/posts\/103808\/revisions"}],"predecessor-version":[{"id":103810,"href":"https:\/\/kunmedierne.dk\/mors\/wp-json\/wp\/v2\/posts\/103808\/revisions\/103810"}],"wp:featuredmedia":[{"embeddable":true,"href":"https:\/\/kunmedierne.dk\/mors\/wp-json\/wp\/v2\/media\/103811"}],"wp:attachment":[{"href":"https:\/\/kunmedierne.dk\/mors\/wp-json\/wp\/v2\/media?parent=103808"}],"wp:term":[{"taxonomy":"category","embeddable":true,"href":"https:\/\/kunmedierne.dk\/mors\/wp-json\/wp\/v2\/categories?post=103808"},{"taxonomy":"post_tag","embeddable":true,"href":"https:\/\/kunmedierne.dk\/mors\/wp-json\/wp\/v2\/tags?post=103808"}],"curies":[{"name":"wp","href":"https:\/\/api.w.org\/{rel}","templated":true}]}}