{"id":103757,"date":"2023-10-12T05:16:47","date_gmt":"2023-10-12T03:16:47","guid":{"rendered":"https:\/\/kunmedierne.dk\/mors\/?p=103757"},"modified":"2024-08-12T13:11:45","modified_gmt":"2024-08-12T11:11:45","slug":"jobcenter-mors-tager-kontakt-om-erling-jensen-konkurs","status":"publish","type":"post","link":"https:\/\/kunmedierne.dk\/mors\/jobcenter-mors-tager-kontakt-om-erling-jensen-konkurs\/","title":{"rendered":"Jobcenter Mors tager kontakt om Erling Jensen-konkurs"},"content":{"rendered":"<p><strong>KONKURS<\/strong>: Det er for tidligt at sige noget om konsekvensen for de lokale arbejdsl\u00f8shedstal, men konkursen hos Erling Jensen A\/S har allerede f\u00e5et Jobcenter Mors til at reagere.<\/p>\n<p>Der er dog ikke s\u00e5 meget at g\u00f8re lige nu udover at forh\u00f8re sig, om der er brug for hj\u00e6lp.<\/p>\n<p>&#8211; Det g\u00f8r vi altid, n\u00e5r s\u00e5dan noget sker. Det er for at se, hvordan vi kommer videre, siger Jan Pedersen, chef for Jobcenter Mors.<\/p>\n<a class=\"dvrt-link\" onClick=\"cdmtrack_click(104780,jQuery(this));return false\" href=\"https:\/\/www.spard.dk\/\"><img decoding=\"async\" style=\"width:100%;\" src=\"https:\/\/kunmedierne.dk\/mors\/wp-content\/uploads\/2023\/12\/sparekassen-dk-maj25.gif\"><\/a><script>cdmtrack_view(104780);<\/script>\n<p>&#8211;\u00a0Vi tager en kontakt. Det er det eneste, vi kan g\u00f8re, for den bliver behandlet som et konkursbo &#8211; og s\u00e5 er en kurator inde over.\u00a0 Vi kan ikke g\u00f8re s\u00e5 meget, og de kommer heller ikke og tilmelder sig Jobcentret, n\u00e5r der er en konkurs. S\u00e5 g\u00e5r dem, der ikke f\u00e5r l\u00f8n, over til L\u00f8nmodtagernes Garantifond, siger han.<\/p>\n<p>Situationen efter en konkurs er altid uklar i forhold til, om det lykkes at f\u00f8re virksomheden videre i en eller anden form. Men skulle det v\u00e6rst t\u00e6nkelige ske, at alle medarbejdere mister deres job, er udsigterne til at finde nyt arbejde ikke de v\u00e6rste.<\/p>\n<a class=\"dvrt-link\" onClick=\"cdmtrack_click(104787,jQuery(this));return false\" href=\"https:\/\/www.jyskebank.dk\/kontakt\/afdelingsinfo?departmentid=11890\"><img decoding=\"async\" style=\"width:100%;\" src=\"https:\/\/kunmedierne.dk\/mors\/wp-content\/uploads\/2023\/10\/260325JyskeBankMorsNy-1.jpg\"><\/a><script>cdmtrack_view(104787);<\/script>\n<p>&#8211;\u00a0Lige nu er der rigtig meget gang i b\u00e5de entrepren\u00f8r- og bygningsh\u00e5ndv\u00e6rkere. S\u00e5 jeg t\u00e6nker ikke, at det er s\u00e5 sv\u00e6rt at finde noget andet nu og her, siger Jan Pedersen.<\/p>\n<p>&#8211; Men vi ser ogs\u00e5 en afmatning ude i fremtiden.\u00a0Vi kan se det p\u00e5 produktionen nogle steder, at det g\u00e5r lidt langsommere lige nu, tilf\u00f8jer han.<\/p>\n<a class=\"dvrt-link\" onClick=\"cdmtrack_click(169437,jQuery(this));return false\" href=\"https:\/\/thymors.dk\/sponsorater\/15-til-faellesskabet?utm_source=kunmors&amp;utm_medium=annonce&amp;utm_campaign=sponsorater\"><img decoding=\"async\" style=\"width:100%;\" src=\"https:\/\/kunmedierne.dk\/mors\/wp-content\/uploads\/2026\/03\/260407ThyMors-energi_faellesskab_generel-1.jpg\"><\/a><script>cdmtrack_view(169437);<\/script>\n<p>Han vurderer, at det er for tidligt at sige, hvad en eventuel opsigelse af samtlige ansatte hos Erling Jensen vil betyde for arbejdsl\u00f8shedstallene p\u00e5 Mors. Dels har han ikke overblik over, hvor mange af de ansatte der har bop\u00e6l i kommunen, og dels kan de vise sig at finde ny ans\u00e6ttelse i opsigelsesperioden.<\/p>\n<p>Arbejdsl\u00f8shedsprocenten p\u00e5 Mors er lige nu meget lav med 2,2 procent. Det er tredjelavest i Region Nordjylland, hvor kun Thisted og Rebild kommuner har lavere tal.<\/p>\n<h5>L\u00c6S OGS\u00c5:<\/h5>\n<h5>10\/10\/2023:\u00a0<a href=\"https:\/\/kunmedierne.dk\/mors\/erling-jensen-a-s-er-gaaet-konkurs\/\">Erling Jensen A\/S er g\u00e5et konkurs<\/a><\/h5>\n<h5>10\/10-2023:\u00a0<a href=\"https:\/\/kunmedierne.dk\/mors\/borgmester-om-konkurs-det-er-en-rigtig-trist-nyhed\/\">Borgmester om konkurs: \u2013 Det er en rigtig trist nyhed<\/a><\/h5>\n<h5><strong>11\/10-2023:\u00a0<a href=\"https:\/\/kunmedierne.dk\/mors\/uklar-status-for-ny-transformatorstation-efter-erling-jensen-konkurs\/\">Uklar status for ny transformatorstation efter Erling Jensen-konkurs<\/a><\/strong><\/h5>\n<h5>11\/10-2023: <a href=\"https:\/\/kunmedierne.dk\/mors\/kurator-flere-parter-er-paa-banen-for-at-overtage-erling-jensen-a-s\/\">Kurator: Flere parter er p\u00e5 banen for at overtage Erling Jensen A\/S &#8211; KunMors<\/a><\/h5>\n<p>&nbsp;<\/p>\n","protected":false},"excerpt":{"rendered":"<p>KONKURS: Det er for tidligt at sige noget om konsekvensen for de lokale arbejdsl\u00f8shedstal, men konkursen hos Erling Jensen A\/S har allerede f\u00e5et Jobcenter Mors til at reagere. Der er dog ikke s\u00e5 meget at g\u00f8re lige nu udover at forh\u00f8re sig, om der er brug for hj\u00e6lp. &#8211; Det g\u00f8r vi altid, n\u00e5r s\u00e5dan [&hellip;]<\/p>\n","protected":false},"author":8,"featured_media":19634,"comment_status":"closed","ping_status":"open","sticky":false,"template":"","format":"standard","meta":{"_acf_changed":false,"footnotes":""},"categories":[51],"tags":[159],"class_list":["post-103757","post","type-post","status-publish","format-standard","has-post-thumbnail","hentry","category-lokalt","tag-erhverv"],"acf":[],"yoast_head":"<!-- This site is optimized with the Yoast SEO plugin v26.8 - https:\/\/yoast.com\/product\/yoast-seo-wordpress\/ -->\n<title>Jobcenter Mors tager kontakt om Erling Jensen-konkurs - Mors<\/title>\n<meta name=\"robots\" content=\"index, follow, max-snippet:-1, max-image-preview:large, max-video-preview:-1\" \/>\n<link rel=\"canonical\" href=\"https:\/\/kunmedierne.dk\/mors\/jobcenter-mors-tager-kontakt-om-erling-jensen-konkurs\/\" \/>\n<meta property=\"og:locale\" content=\"da_DK\" \/>\n<meta property=\"og:type\" content=\"article\" \/>\n<meta property=\"og:title\" content=\"Jobcenter Mors tager kontakt om Erling Jensen-konkurs - Mors\" \/>\n<meta property=\"og:description\" content=\"KONKURS: Det er for tidligt at sige noget om konsekvensen for de lokale arbejdsl\u00f8shedstal, men konkursen hos Erling Jensen A\/S har allerede f\u00e5et Jobcenter Mors til at reagere. Der er dog ikke s\u00e5 meget at g\u00f8re lige nu udover at forh\u00f8re sig, om der er brug for hj\u00e6lp. &#8211; Det g\u00f8r vi altid, n\u00e5r s\u00e5dan [&hellip;]\" \/>\n<meta property=\"og:url\" content=\"https:\/\/kunmedierne.dk\/mors\/jobcenter-mors-tager-kontakt-om-erling-jensen-konkurs\/\" \/>\n<meta property=\"og:site_name\" content=\"Mors\" \/>\n<meta property=\"article:published_time\" content=\"2023-10-12T03:16:47+00:00\" \/>\n<meta property=\"article:modified_time\" content=\"2024-08-12T11:11:45+00:00\" \/>\n<meta property=\"og:image\" content=\"https:\/\/kunmedierne.dk\/mors\/wp-content\/uploads\/2020\/04\/200430-jobcenter.jpg\" \/>\n\t<meta property=\"og:image:width\" content=\"770\" \/>\n\t<meta property=\"og:image:height\" content=\"513\" \/>\n\t<meta property=\"og:image:type\" content=\"image\/jpeg\" \/>\n<meta name=\"author\" content=\"David H\u00f8jmark\" \/>\n<meta name=\"twitter:card\" content=\"summary_large_image\" \/>\n<meta name=\"twitter:label1\" content=\"Skrevet af\" \/>\n\t<meta name=\"twitter:data1\" content=\"David H\u00f8jmark\" \/>\n\t<meta name=\"twitter:label2\" content=\"Estimeret l\u00e6setid\" \/>\n\t<meta name=\"twitter:data2\" content=\"2 minutter\" \/>\n<script type=\"application\/ld+json\" class=\"yoast-schema-graph\">{\"@context\":\"https:\/\/schema.org\",\"@graph\":[{\"@type\":\"Article\",\"@id\":\"https:\/\/kunmedierne.dk\/mors\/jobcenter-mors-tager-kontakt-om-erling-jensen-konkurs\/#article\",\"isPartOf\":{\"@id\":\"https:\/\/kunmedierne.dk\/mors\/jobcenter-mors-tager-kontakt-om-erling-jensen-konkurs\/\"},\"author\":{\"name\":\"David H\u00f8jmark\",\"@id\":\"https:\/\/kunmedierne.dk\/mors\/#\/schema\/person\/5fe23251bf1d0abbcdc6f7896579d548\"},\"headline\":\"Jobcenter Mors tager kontakt om Erling Jensen-konkurs\",\"datePublished\":\"2023-10-12T03:16:47+00:00\",\"dateModified\":\"2024-08-12T11:11:45+00:00\",\"mainEntityOfPage\":{\"@id\":\"https:\/\/kunmedierne.dk\/mors\/jobcenter-mors-tager-kontakt-om-erling-jensen-konkurs\/\"},\"wordCount\":406,\"publisher\":{\"@id\":\"https:\/\/kunmedierne.dk\/mors\/#organization\"},\"image\":{\"@id\":\"https:\/\/kunmedierne.dk\/mors\/jobcenter-mors-tager-kontakt-om-erling-jensen-konkurs\/#primaryimage\"},\"thumbnailUrl\":\"https:\/\/kunmedierne.dk\/mors\/wp-content\/uploads\/2020\/04\/200430-jobcenter.jpg\",\"keywords\":[\"Erhverv\"],\"articleSection\":[\"Lokalt\"],\"inLanguage\":\"da-DK\"},{\"@type\":\"WebPage\",\"@id\":\"https:\/\/kunmedierne.dk\/mors\/jobcenter-mors-tager-kontakt-om-erling-jensen-konkurs\/\",\"url\":\"https:\/\/kunmedierne.dk\/mors\/jobcenter-mors-tager-kontakt-om-erling-jensen-konkurs\/\",\"name\":\"Jobcenter Mors tager kontakt om Erling Jensen-konkurs - Mors\",\"isPartOf\":{\"@id\":\"https:\/\/kunmedierne.dk\/mors\/#website\"},\"primaryImageOfPage\":{\"@id\":\"https:\/\/kunmedierne.dk\/mors\/jobcenter-mors-tager-kontakt-om-erling-jensen-konkurs\/#primaryimage\"},\"image\":{\"@id\":\"https:\/\/kunmedierne.dk\/mors\/jobcenter-mors-tager-kontakt-om-erling-jensen-konkurs\/#primaryimage\"},\"thumbnailUrl\":\"https:\/\/kunmedierne.dk\/mors\/wp-content\/uploads\/2020\/04\/200430-jobcenter.jpg\",\"datePublished\":\"2023-10-12T03:16:47+00:00\",\"dateModified\":\"2024-08-12T11:11:45+00:00\",\"breadcrumb\":{\"@id\":\"https:\/\/kunmedierne.dk\/mors\/jobcenter-mors-tager-kontakt-om-erling-jensen-konkurs\/#breadcrumb\"},\"inLanguage\":\"da-DK\",\"potentialAction\":[{\"@type\":\"ReadAction\",\"target\":[\"https:\/\/kunmedierne.dk\/mors\/jobcenter-mors-tager-kontakt-om-erling-jensen-konkurs\/\"]}]},{\"@type\":\"ImageObject\",\"inLanguage\":\"da-DK\",\"@id\":\"https:\/\/kunmedierne.dk\/mors\/jobcenter-mors-tager-kontakt-om-erling-jensen-konkurs\/#primaryimage\",\"url\":\"https:\/\/kunmedierne.dk\/mors\/wp-content\/uploads\/2020\/04\/200430-jobcenter.jpg\",\"contentUrl\":\"https:\/\/kunmedierne.dk\/mors\/wp-content\/uploads\/2020\/04\/200430-jobcenter.jpg\",\"width\":770,\"height\":513,\"caption\":\"Jobcenter Mors\u00f8. Arkivfoto\"},{\"@type\":\"BreadcrumbList\",\"@id\":\"https:\/\/kunmedierne.dk\/mors\/jobcenter-mors-tager-kontakt-om-erling-jensen-konkurs\/#breadcrumb\",\"itemListElement\":[{\"@type\":\"ListItem\",\"position\":1,\"name\":\"Hjem\",\"item\":\"https:\/\/kunmedierne.dk\/mors\/\"},{\"@type\":\"ListItem\",\"position\":2,\"name\":\"Jobcenter Mors tager kontakt om Erling Jensen-konkurs\"}]},{\"@type\":\"WebSite\",\"@id\":\"https:\/\/kunmedierne.dk\/mors\/#website\",\"url\":\"https:\/\/kunmedierne.dk\/mors\/\",\"name\":\"Mors\",\"description\":\"et netmedie med journalistik om livet p\u00e5 Mors\",\"publisher\":{\"@id\":\"https:\/\/kunmedierne.dk\/mors\/#organization\"},\"potentialAction\":[{\"@type\":\"SearchAction\",\"target\":{\"@type\":\"EntryPoint\",\"urlTemplate\":\"https:\/\/kunmedierne.dk\/mors\/?s={search_term_string}\"},\"query-input\":{\"@type\":\"PropertyValueSpecification\",\"valueRequired\":true,\"valueName\":\"search_term_string\"}}],\"inLanguage\":\"da-DK\"},{\"@type\":\"Organization\",\"@id\":\"https:\/\/kunmedierne.dk\/mors\/#organization\",\"name\":\"Mors\",\"url\":\"https:\/\/kunmedierne.dk\/mors\/\",\"logo\":{\"@type\":\"ImageObject\",\"inLanguage\":\"da-DK\",\"@id\":\"https:\/\/kunmedierne.dk\/mors\/#\/schema\/logo\/image\/\",\"url\":\"https:\/\/kunmedierne.dk\/mors\/wp-content\/uploads\/2024\/08\/kunmors-logo.svg\",\"contentUrl\":\"https:\/\/kunmedierne.dk\/mors\/wp-content\/uploads\/2024\/08\/kunmors-logo.svg\",\"caption\":\"Mors\"},\"image\":{\"@id\":\"https:\/\/kunmedierne.dk\/mors\/#\/schema\/logo\/image\/\"}},{\"@type\":\"Person\",\"@id\":\"https:\/\/kunmedierne.dk\/mors\/#\/schema\/person\/5fe23251bf1d0abbcdc6f7896579d548\",\"name\":\"David H\u00f8jmark\",\"image\":{\"@type\":\"ImageObject\",\"inLanguage\":\"da-DK\",\"@id\":\"https:\/\/kunmedierne.dk\/mors\/#\/schema\/person\/image\/\",\"url\":\"https:\/\/secure.gravatar.com\/avatar\/4315d6fb9ef244d729989f5f90268eb08d5bf8a3d84402f595fa194bb35784fd?s=96&d=mm&r=g\",\"contentUrl\":\"https:\/\/secure.gravatar.com\/avatar\/4315d6fb9ef244d729989f5f90268eb08d5bf8a3d84402f595fa194bb35784fd?s=96&d=mm&r=g\",\"caption\":\"David H\u00f8jmark\"},\"sameAs\":[\"https:\/\/www.kunmedierne.dk\"],\"url\":\"https:\/\/kunmedierne.dk\/mors\/author\/david\/\"}]}<\/script>\n<!-- \/ Yoast SEO plugin. -->","yoast_head_json":{"title":"Jobcenter Mors tager kontakt om Erling Jensen-konkurs - Mors","robots":{"index":"index","follow":"follow","max-snippet":"max-snippet:-1","max-image-preview":"max-image-preview:large","max-video-preview":"max-video-preview:-1"},"canonical":"https:\/\/kunmedierne.dk\/mors\/jobcenter-mors-tager-kontakt-om-erling-jensen-konkurs\/","og_locale":"da_DK","og_type":"article","og_title":"Jobcenter Mors tager kontakt om Erling Jensen-konkurs - Mors","og_description":"KONKURS: Det er for tidligt at sige noget om konsekvensen for de lokale arbejdsl\u00f8shedstal, men konkursen hos Erling Jensen A\/S har allerede f\u00e5et Jobcenter Mors til at reagere. Der er dog ikke s\u00e5 meget at g\u00f8re lige nu udover at forh\u00f8re sig, om der er brug for hj\u00e6lp. &#8211; Det g\u00f8r vi altid, n\u00e5r s\u00e5dan [&hellip;]","og_url":"https:\/\/kunmedierne.dk\/mors\/jobcenter-mors-tager-kontakt-om-erling-jensen-konkurs\/","og_site_name":"Mors","article_published_time":"2023-10-12T03:16:47+00:00","article_modified_time":"2024-08-12T11:11:45+00:00","og_image":[{"width":770,"height":513,"url":"https:\/\/kunmedierne.dk\/mors\/wp-content\/uploads\/2020\/04\/200430-jobcenter.jpg","type":"image\/jpeg"}],"author":"David H\u00f8jmark","twitter_card":"summary_large_image","twitter_misc":{"Skrevet af":"David H\u00f8jmark","Estimeret l\u00e6setid":"2 minutter"},"schema":{"@context":"https:\/\/schema.org","@graph":[{"@type":"Article","@id":"https:\/\/kunmedierne.dk\/mors\/jobcenter-mors-tager-kontakt-om-erling-jensen-konkurs\/#article","isPartOf":{"@id":"https:\/\/kunmedierne.dk\/mors\/jobcenter-mors-tager-kontakt-om-erling-jensen-konkurs\/"},"author":{"name":"David H\u00f8jmark","@id":"https:\/\/kunmedierne.dk\/mors\/#\/schema\/person\/5fe23251bf1d0abbcdc6f7896579d548"},"headline":"Jobcenter Mors tager kontakt om Erling Jensen-konkurs","datePublished":"2023-10-12T03:16:47+00:00","dateModified":"2024-08-12T11:11:45+00:00","mainEntityOfPage":{"@id":"https:\/\/kunmedierne.dk\/mors\/jobcenter-mors-tager-kontakt-om-erling-jensen-konkurs\/"},"wordCount":406,"publisher":{"@id":"https:\/\/kunmedierne.dk\/mors\/#organization"},"image":{"@id":"https:\/\/kunmedierne.dk\/mors\/jobcenter-mors-tager-kontakt-om-erling-jensen-konkurs\/#primaryimage"},"thumbnailUrl":"https:\/\/kunmedierne.dk\/mors\/wp-content\/uploads\/2020\/04\/200430-jobcenter.jpg","keywords":["Erhverv"],"articleSection":["Lokalt"],"inLanguage":"da-DK"},{"@type":"WebPage","@id":"https:\/\/kunmedierne.dk\/mors\/jobcenter-mors-tager-kontakt-om-erling-jensen-konkurs\/","url":"https:\/\/kunmedierne.dk\/mors\/jobcenter-mors-tager-kontakt-om-erling-jensen-konkurs\/","name":"Jobcenter Mors tager kontakt om Erling Jensen-konkurs - Mors","isPartOf":{"@id":"https:\/\/kunmedierne.dk\/mors\/#website"},"primaryImageOfPage":{"@id":"https:\/\/kunmedierne.dk\/mors\/jobcenter-mors-tager-kontakt-om-erling-jensen-konkurs\/#primaryimage"},"image":{"@id":"https:\/\/kunmedierne.dk\/mors\/jobcenter-mors-tager-kontakt-om-erling-jensen-konkurs\/#primaryimage"},"thumbnailUrl":"https:\/\/kunmedierne.dk\/mors\/wp-content\/uploads\/2020\/04\/200430-jobcenter.jpg","datePublished":"2023-10-12T03:16:47+00:00","dateModified":"2024-08-12T11:11:45+00:00","breadcrumb":{"@id":"https:\/\/kunmedierne.dk\/mors\/jobcenter-mors-tager-kontakt-om-erling-jensen-konkurs\/#breadcrumb"},"inLanguage":"da-DK","potentialAction":[{"@type":"ReadAction","target":["https:\/\/kunmedierne.dk\/mors\/jobcenter-mors-tager-kontakt-om-erling-jensen-konkurs\/"]}]},{"@type":"ImageObject","inLanguage":"da-DK","@id":"https:\/\/kunmedierne.dk\/mors\/jobcenter-mors-tager-kontakt-om-erling-jensen-konkurs\/#primaryimage","url":"https:\/\/kunmedierne.dk\/mors\/wp-content\/uploads\/2020\/04\/200430-jobcenter.jpg","contentUrl":"https:\/\/kunmedierne.dk\/mors\/wp-content\/uploads\/2020\/04\/200430-jobcenter.jpg","width":770,"height":513,"caption":"Jobcenter Mors\u00f8. Arkivfoto"},{"@type":"BreadcrumbList","@id":"https:\/\/kunmedierne.dk\/mors\/jobcenter-mors-tager-kontakt-om-erling-jensen-konkurs\/#breadcrumb","itemListElement":[{"@type":"ListItem","position":1,"name":"Hjem","item":"https:\/\/kunmedierne.dk\/mors\/"},{"@type":"ListItem","position":2,"name":"Jobcenter Mors tager kontakt om Erling Jensen-konkurs"}]},{"@type":"WebSite","@id":"https:\/\/kunmedierne.dk\/mors\/#website","url":"https:\/\/kunmedierne.dk\/mors\/","name":"Mors","description":"et netmedie med journalistik om livet p\u00e5 Mors","publisher":{"@id":"https:\/\/kunmedierne.dk\/mors\/#organization"},"potentialAction":[{"@type":"SearchAction","target":{"@type":"EntryPoint","urlTemplate":"https:\/\/kunmedierne.dk\/mors\/?s={search_term_string}"},"query-input":{"@type":"PropertyValueSpecification","valueRequired":true,"valueName":"search_term_string"}}],"inLanguage":"da-DK"},{"@type":"Organization","@id":"https:\/\/kunmedierne.dk\/mors\/#organization","name":"Mors","url":"https:\/\/kunmedierne.dk\/mors\/","logo":{"@type":"ImageObject","inLanguage":"da-DK","@id":"https:\/\/kunmedierne.dk\/mors\/#\/schema\/logo\/image\/","url":"https:\/\/kunmedierne.dk\/mors\/wp-content\/uploads\/2024\/08\/kunmors-logo.svg","contentUrl":"https:\/\/kunmedierne.dk\/mors\/wp-content\/uploads\/2024\/08\/kunmors-logo.svg","caption":"Mors"},"image":{"@id":"https:\/\/kunmedierne.dk\/mors\/#\/schema\/logo\/image\/"}},{"@type":"Person","@id":"https:\/\/kunmedierne.dk\/mors\/#\/schema\/person\/5fe23251bf1d0abbcdc6f7896579d548","name":"David H\u00f8jmark","image":{"@type":"ImageObject","inLanguage":"da-DK","@id":"https:\/\/kunmedierne.dk\/mors\/#\/schema\/person\/image\/","url":"https:\/\/secure.gravatar.com\/avatar\/4315d6fb9ef244d729989f5f90268eb08d5bf8a3d84402f595fa194bb35784fd?s=96&d=mm&r=g","contentUrl":"https:\/\/secure.gravatar.com\/avatar\/4315d6fb9ef244d729989f5f90268eb08d5bf8a3d84402f595fa194bb35784fd?s=96&d=mm&r=g","caption":"David H\u00f8jmark"},"sameAs":["https:\/\/www.kunmedierne.dk"],"url":"https:\/\/kunmedierne.dk\/mors\/author\/david\/"}]}},"_links":{"self":[{"href":"https:\/\/kunmedierne.dk\/mors\/wp-json\/wp\/v2\/posts\/103757","targetHints":{"allow":["GET"]}}],"collection":[{"href":"https:\/\/kunmedierne.dk\/mors\/wp-json\/wp\/v2\/posts"}],"about":[{"href":"https:\/\/kunmedierne.dk\/mors\/wp-json\/wp\/v2\/types\/post"}],"author":[{"embeddable":true,"href":"https:\/\/kunmedierne.dk\/mors\/wp-json\/wp\/v2\/users\/8"}],"replies":[{"embeddable":true,"href":"https:\/\/kunmedierne.dk\/mors\/wp-json\/wp\/v2\/comments?post=103757"}],"version-history":[{"count":4,"href":"https:\/\/kunmedierne.dk\/mors\/wp-json\/wp\/v2\/posts\/103757\/revisions"}],"predecessor-version":[{"id":103890,"href":"https:\/\/kunmedierne.dk\/mors\/wp-json\/wp\/v2\/posts\/103757\/revisions\/103890"}],"wp:featuredmedia":[{"embeddable":true,"href":"https:\/\/kunmedierne.dk\/mors\/wp-json\/wp\/v2\/media\/19634"}],"wp:attachment":[{"href":"https:\/\/kunmedierne.dk\/mors\/wp-json\/wp\/v2\/media?parent=103757"}],"wp:term":[{"taxonomy":"category","embeddable":true,"href":"https:\/\/kunmedierne.dk\/mors\/wp-json\/wp\/v2\/categories?post=103757"},{"taxonomy":"post_tag","embeddable":true,"href":"https:\/\/kunmedierne.dk\/mors\/wp-json\/wp\/v2\/tags?post=103757"}],"curies":[{"name":"wp","href":"https:\/\/api.w.org\/{rel}","templated":true}]}}