{"id":103211,"date":"2023-10-02T13:50:40","date_gmt":"2023-10-02T11:50:40","guid":{"rendered":"https:\/\/kunmedierne.dk\/mors\/?p=103211"},"modified":"2024-08-12T13:11:47","modified_gmt":"2024-08-12T11:11:47","slug":"mors-handel-vil-skabe-mere-liv-i-landsbyerne","status":"publish","type":"post","link":"https:\/\/kunmedierne.dk\/mors\/mors-handel-vil-skabe-mere-liv-i-landsbyerne\/","title":{"rendered":"Mors Handel vil skabe mere liv i landsbyerne"},"content":{"rendered":"<p><b>HANDELSLIV<\/b>: &#8220;Mange g\u00f8r et k\u00e6mpe stykke arbejde i deres by, men hvad sker der, n\u00e5r vi s\u00e6tter os sammen &#8211; i f\u00e6llesskab og p\u00e5 tv\u00e6rs?&#8221;<\/p>\n<p>S\u00e5dan lyder et sp\u00f8rgsm\u00e5l fra Mors Handel. Det er rettet imod landsbyerne p\u00e5 den nordlige side af A26, som den lokale handelsstandsforening i morgen meget gerne vil se i \u00d8ster J\u00f8lby.<\/p>\n<p>Her er Midtmors Sport v\u00e6rt for et par timer med uforpligtende id\u00e9udvikling for byerne p\u00e5 Nordmors.<\/p>\n<p>&#8211; Det er fedt, at vi kan tage ud og hj\u00e6lpe dem p\u00e5 den m\u00e5de, lyder det fra handelschef Lisbeth Thrys\u00f8e, som har store forventninger til projektet.<\/p>\n<a class=\"dvrt-link\" onClick=\"cdmtrack_click(169437,jQuery(this));return false\" href=\"https:\/\/thymors.dk\/sponsorater\/15-til-faellesskabet?utm_source=kunmors&amp;utm_medium=annonce&amp;utm_campaign=sponsorater\"><img decoding=\"async\" style=\"width:100%;\" src=\"https:\/\/kunmedierne.dk\/mors\/wp-content\/uploads\/2026\/03\/260407ThyMors-energi_faellesskab_generel-1.jpg\"><\/a><script>cdmtrack_view(169437);<\/script>\n<p>Det skyldes ogs\u00e5, at det samme initiativ for butikkerne i g\u00e5gaden viste sig at blive en succes, og nu h\u00e5ber man at kunne opn\u00e5 det samme i landsbyerne.<\/p>\n<p>&#8211; Vi r\u00e6kker h\u00e5nden ud til landsbyerne for at hj\u00e6lpe med at udvikle. I virkeligheden skal de s\u00e5dan set selv komme med id\u00e9erne, og hvad de dr\u00f8mmer om. Vi har k\u00f8bt Mikkel ind i to \u00e5r, og s\u00e5 h\u00e5ber vi, at det kan give et eller andet, siger Lisbeth Thrys\u00f8e.<\/p>\n<p>Her henviser hun til Mikkel Niess, direkt\u00f8r for BIDdanmark, der er sat i verden netop for at skabe byudvikling.<\/p>\n<p>Med hj\u00e6lp fra LAG-midler har Mors Handel sikret sig assistance fra BIDdanmark &#8211; i \u00e5r med fokus p\u00e5 den nordlige side af A26 og n\u00e6ste \u00e5r den sydlige. Og hvad det s\u00e5 helt konkret ender med, kan tirsdag aften m\u00e5ske give et fingerpeg om.<\/p>\n<p>&#8211; Det kan m\u00e5ske give nogle sm\u00e5 ting, hvor man udvikler p\u00e5 noget, men det kan ogs\u00e5 give sammenhold og samarbejde. Og m\u00e5ske mellem flere byer.\u00a0Vi h\u00e5ber at f\u00e5 noget sammenhold og noget liv,\u00a0siger Lisbeth Thrys\u00f8e.<\/p>\n<p>&nbsp;<\/p>\n<p><strong>Skal selv p\u00e5 banen<\/strong><\/p>\n<p>Hun h\u00e5ber at se b\u00e5de butiks- og virksomhedsejere, restaurat\u00f8rer, ejendomsejere, foreninger og klubber samt i det hele taget borgere, ildsj\u00e6le og andre med interesse for deres by.<\/p>\n<p>Konceptet er nemlig, at det er byerne selv, der skal f\u00e5 tingene til at ske &#8211; med hj\u00e6lp fra Mors Handel og BIDdanmark.<\/p>\n<a class=\"dvrt-link\" onClick=\"cdmtrack_click(104780,jQuery(this));return false\" href=\"https:\/\/www.spard.dk\/\"><img decoding=\"async\" style=\"width:100%;\" src=\"https:\/\/kunmedierne.dk\/mors\/wp-content\/uploads\/2023\/12\/sparekassen-dk-maj25.gif\"><\/a><script>cdmtrack_view(104780);<\/script>\n<p>&#8211; De skal ogs\u00e5 selv p\u00e5 banen med, hvad de dr\u00f8mmer om i deres byer &#8211; og hvad de g\u00e5r og k\u00e6mper med. S\u00e5 ser vi, om vi kan l\u00f8fte i flok, siger Lisbeth Thrys\u00f8e og tilf\u00f8jer, at konceptet ramte plet i Nyk\u00f8bing.<\/p>\n<p>&#8211; Det var megagodt, da det k\u00f8rte herinde, siger hun.<\/p>\n<p>Programmet i Midtmors Sport byder p\u00e5 velkomst ved handelschefen og borgmester Hans Ejner Bertelsen (V), hvorefter Mikkel Niess vil st\u00e5 for en intro fulgt af workshop og afslutning.<\/p>\n<p>M\u00f8det er for alle, og man beh\u00f8ver ikke v\u00e6re medlem af Mors Handel for at deltage. Det finder sted i Midtmors Sport tirsdag fra klokken 19 til 20.30.<\/p>\n<blockquote>\n<h3>FAKTA<\/h3>\n<h5>BID er en forkortelse for Business Improvement Districts og er i BIDdanmark-regi et privat-offentligt bysamarbejde med udvikling af byer som m\u00e5l.<\/h5>\n<h5>If\u00f8lge BIDdanmark har man testet sin model med succes i flere end 35 byer.<\/h5>\n<h5>Du kan l\u00e6se mere om BIDdanmark <a href=\"https:\/\/biddanmark.dk\/\">her<\/a>.<\/h5>\n<\/blockquote>\n","protected":false},"excerpt":{"rendered":"<p>HANDELSLIV: &#8220;Mange g\u00f8r et k\u00e6mpe stykke arbejde i deres by, men hvad sker der, n\u00e5r vi s\u00e6tter os sammen &#8211; i f\u00e6llesskab og p\u00e5 tv\u00e6rs?&#8221; S\u00e5dan lyder et sp\u00f8rgsm\u00e5l fra Mors Handel. Det er rettet imod landsbyerne p\u00e5 den nordlige side af A26, som den lokale handelsstandsforening i morgen meget gerne vil se i \u00d8ster [&hellip;]<\/p>\n","protected":false},"author":8,"featured_media":86737,"comment_status":"closed","ping_status":"open","sticky":false,"template":"","format":"standard","meta":{"_acf_changed":false,"footnotes":""},"categories":[51],"tags":[159,160],"class_list":["post-103211","post","type-post","status-publish","format-standard","has-post-thumbnail","hentry","category-lokalt","tag-erhverv","tag-handel"],"acf":[],"yoast_head":"<!-- This site is optimized with the Yoast SEO plugin v26.8 - https:\/\/yoast.com\/product\/yoast-seo-wordpress\/ -->\n<title>Mors Handel vil skabe mere liv i landsbyerne - Mors<\/title>\n<meta name=\"robots\" content=\"index, follow, max-snippet:-1, max-image-preview:large, max-video-preview:-1\" \/>\n<link rel=\"canonical\" href=\"https:\/\/kunmedierne.dk\/mors\/mors-handel-vil-skabe-mere-liv-i-landsbyerne\/\" \/>\n<meta property=\"og:locale\" content=\"da_DK\" \/>\n<meta property=\"og:type\" content=\"article\" \/>\n<meta property=\"og:title\" content=\"Mors Handel vil skabe mere liv i landsbyerne - Mors\" \/>\n<meta property=\"og:description\" content=\"HANDELSLIV: &#8220;Mange g\u00f8r et k\u00e6mpe stykke arbejde i deres by, men hvad sker der, n\u00e5r vi s\u00e6tter os sammen &#8211; i f\u00e6llesskab og p\u00e5 tv\u00e6rs?&#8221; S\u00e5dan lyder et sp\u00f8rgsm\u00e5l fra Mors Handel. Det er rettet imod landsbyerne p\u00e5 den nordlige side af A26, som den lokale handelsstandsforening i morgen meget gerne vil se i \u00d8ster [&hellip;]\" \/>\n<meta property=\"og:url\" content=\"https:\/\/kunmedierne.dk\/mors\/mors-handel-vil-skabe-mere-liv-i-landsbyerne\/\" \/>\n<meta property=\"og:site_name\" content=\"Mors\" \/>\n<meta property=\"article:published_time\" content=\"2023-10-02T11:50:40+00:00\" \/>\n<meta property=\"article:modified_time\" content=\"2024-08-12T11:11:47+00:00\" \/>\n<meta property=\"og:image\" content=\"https:\/\/kunmedierne.dk\/mors\/wp-content\/uploads\/2023\/01\/LisbethThrysoee.jpg\" \/>\n\t<meta property=\"og:image:width\" content=\"770\" \/>\n\t<meta property=\"og:image:height\" content=\"513\" \/>\n\t<meta property=\"og:image:type\" content=\"image\/jpeg\" \/>\n<meta name=\"author\" content=\"David H\u00f8jmark\" \/>\n<meta name=\"twitter:card\" content=\"summary_large_image\" \/>\n<meta name=\"twitter:label1\" content=\"Skrevet af\" \/>\n\t<meta name=\"twitter:data1\" content=\"David H\u00f8jmark\" \/>\n\t<meta name=\"twitter:label2\" content=\"Estimeret l\u00e6setid\" \/>\n\t<meta name=\"twitter:data2\" content=\"3 minutter\" \/>\n<script type=\"application\/ld+json\" class=\"yoast-schema-graph\">{\"@context\":\"https:\/\/schema.org\",\"@graph\":[{\"@type\":\"Article\",\"@id\":\"https:\/\/kunmedierne.dk\/mors\/mors-handel-vil-skabe-mere-liv-i-landsbyerne\/#article\",\"isPartOf\":{\"@id\":\"https:\/\/kunmedierne.dk\/mors\/mors-handel-vil-skabe-mere-liv-i-landsbyerne\/\"},\"author\":{\"name\":\"David H\u00f8jmark\",\"@id\":\"https:\/\/kunmedierne.dk\/mors\/#\/schema\/person\/5fe23251bf1d0abbcdc6f7896579d548\"},\"headline\":\"Mors Handel vil skabe mere liv i landsbyerne\",\"datePublished\":\"2023-10-02T11:50:40+00:00\",\"dateModified\":\"2024-08-12T11:11:47+00:00\",\"mainEntityOfPage\":{\"@id\":\"https:\/\/kunmedierne.dk\/mors\/mors-handel-vil-skabe-mere-liv-i-landsbyerne\/\"},\"wordCount\":547,\"publisher\":{\"@id\":\"https:\/\/kunmedierne.dk\/mors\/#organization\"},\"image\":{\"@id\":\"https:\/\/kunmedierne.dk\/mors\/mors-handel-vil-skabe-mere-liv-i-landsbyerne\/#primaryimage\"},\"thumbnailUrl\":\"https:\/\/kunmedierne.dk\/mors\/wp-content\/uploads\/2023\/01\/LisbethThrysoee.jpg\",\"keywords\":[\"Erhverv\",\"Handel\"],\"articleSection\":[\"Lokalt\"],\"inLanguage\":\"da-DK\"},{\"@type\":\"WebPage\",\"@id\":\"https:\/\/kunmedierne.dk\/mors\/mors-handel-vil-skabe-mere-liv-i-landsbyerne\/\",\"url\":\"https:\/\/kunmedierne.dk\/mors\/mors-handel-vil-skabe-mere-liv-i-landsbyerne\/\",\"name\":\"Mors Handel vil skabe mere liv i landsbyerne - Mors\",\"isPartOf\":{\"@id\":\"https:\/\/kunmedierne.dk\/mors\/#website\"},\"primaryImageOfPage\":{\"@id\":\"https:\/\/kunmedierne.dk\/mors\/mors-handel-vil-skabe-mere-liv-i-landsbyerne\/#primaryimage\"},\"image\":{\"@id\":\"https:\/\/kunmedierne.dk\/mors\/mors-handel-vil-skabe-mere-liv-i-landsbyerne\/#primaryimage\"},\"thumbnailUrl\":\"https:\/\/kunmedierne.dk\/mors\/wp-content\/uploads\/2023\/01\/LisbethThrysoee.jpg\",\"datePublished\":\"2023-10-02T11:50:40+00:00\",\"dateModified\":\"2024-08-12T11:11:47+00:00\",\"breadcrumb\":{\"@id\":\"https:\/\/kunmedierne.dk\/mors\/mors-handel-vil-skabe-mere-liv-i-landsbyerne\/#breadcrumb\"},\"inLanguage\":\"da-DK\",\"potentialAction\":[{\"@type\":\"ReadAction\",\"target\":[\"https:\/\/kunmedierne.dk\/mors\/mors-handel-vil-skabe-mere-liv-i-landsbyerne\/\"]}]},{\"@type\":\"ImageObject\",\"inLanguage\":\"da-DK\",\"@id\":\"https:\/\/kunmedierne.dk\/mors\/mors-handel-vil-skabe-mere-liv-i-landsbyerne\/#primaryimage\",\"url\":\"https:\/\/kunmedierne.dk\/mors\/wp-content\/uploads\/2023\/01\/LisbethThrysoee.jpg\",\"contentUrl\":\"https:\/\/kunmedierne.dk\/mors\/wp-content\/uploads\/2023\/01\/LisbethThrysoee.jpg\",\"width\":770,\"height\":513,\"caption\":\"Handelschef Lisbeth Thrys\u00f8e. Arkivfoto\"},{\"@type\":\"BreadcrumbList\",\"@id\":\"https:\/\/kunmedierne.dk\/mors\/mors-handel-vil-skabe-mere-liv-i-landsbyerne\/#breadcrumb\",\"itemListElement\":[{\"@type\":\"ListItem\",\"position\":1,\"name\":\"Hjem\",\"item\":\"https:\/\/kunmedierne.dk\/mors\/\"},{\"@type\":\"ListItem\",\"position\":2,\"name\":\"Mors Handel vil skabe mere liv i landsbyerne\"}]},{\"@type\":\"WebSite\",\"@id\":\"https:\/\/kunmedierne.dk\/mors\/#website\",\"url\":\"https:\/\/kunmedierne.dk\/mors\/\",\"name\":\"Mors\",\"description\":\"et netmedie med journalistik om livet p\u00e5 Mors\",\"publisher\":{\"@id\":\"https:\/\/kunmedierne.dk\/mors\/#organization\"},\"potentialAction\":[{\"@type\":\"SearchAction\",\"target\":{\"@type\":\"EntryPoint\",\"urlTemplate\":\"https:\/\/kunmedierne.dk\/mors\/?s={search_term_string}\"},\"query-input\":{\"@type\":\"PropertyValueSpecification\",\"valueRequired\":true,\"valueName\":\"search_term_string\"}}],\"inLanguage\":\"da-DK\"},{\"@type\":\"Organization\",\"@id\":\"https:\/\/kunmedierne.dk\/mors\/#organization\",\"name\":\"Mors\",\"url\":\"https:\/\/kunmedierne.dk\/mors\/\",\"logo\":{\"@type\":\"ImageObject\",\"inLanguage\":\"da-DK\",\"@id\":\"https:\/\/kunmedierne.dk\/mors\/#\/schema\/logo\/image\/\",\"url\":\"https:\/\/kunmedierne.dk\/mors\/wp-content\/uploads\/2024\/08\/kunmors-logo.svg\",\"contentUrl\":\"https:\/\/kunmedierne.dk\/mors\/wp-content\/uploads\/2024\/08\/kunmors-logo.svg\",\"caption\":\"Mors\"},\"image\":{\"@id\":\"https:\/\/kunmedierne.dk\/mors\/#\/schema\/logo\/image\/\"}},{\"@type\":\"Person\",\"@id\":\"https:\/\/kunmedierne.dk\/mors\/#\/schema\/person\/5fe23251bf1d0abbcdc6f7896579d548\",\"name\":\"David H\u00f8jmark\",\"image\":{\"@type\":\"ImageObject\",\"inLanguage\":\"da-DK\",\"@id\":\"https:\/\/kunmedierne.dk\/mors\/#\/schema\/person\/image\/\",\"url\":\"https:\/\/secure.gravatar.com\/avatar\/4315d6fb9ef244d729989f5f90268eb08d5bf8a3d84402f595fa194bb35784fd?s=96&d=mm&r=g\",\"contentUrl\":\"https:\/\/secure.gravatar.com\/avatar\/4315d6fb9ef244d729989f5f90268eb08d5bf8a3d84402f595fa194bb35784fd?s=96&d=mm&r=g\",\"caption\":\"David H\u00f8jmark\"},\"sameAs\":[\"https:\/\/www.kunmedierne.dk\"],\"url\":\"https:\/\/kunmedierne.dk\/mors\/author\/david\/\"}]}<\/script>\n<!-- \/ Yoast SEO plugin. -->","yoast_head_json":{"title":"Mors Handel vil skabe mere liv i landsbyerne - Mors","robots":{"index":"index","follow":"follow","max-snippet":"max-snippet:-1","max-image-preview":"max-image-preview:large","max-video-preview":"max-video-preview:-1"},"canonical":"https:\/\/kunmedierne.dk\/mors\/mors-handel-vil-skabe-mere-liv-i-landsbyerne\/","og_locale":"da_DK","og_type":"article","og_title":"Mors Handel vil skabe mere liv i landsbyerne - Mors","og_description":"HANDELSLIV: &#8220;Mange g\u00f8r et k\u00e6mpe stykke arbejde i deres by, men hvad sker der, n\u00e5r vi s\u00e6tter os sammen &#8211; i f\u00e6llesskab og p\u00e5 tv\u00e6rs?&#8221; S\u00e5dan lyder et sp\u00f8rgsm\u00e5l fra Mors Handel. Det er rettet imod landsbyerne p\u00e5 den nordlige side af A26, som den lokale handelsstandsforening i morgen meget gerne vil se i \u00d8ster [&hellip;]","og_url":"https:\/\/kunmedierne.dk\/mors\/mors-handel-vil-skabe-mere-liv-i-landsbyerne\/","og_site_name":"Mors","article_published_time":"2023-10-02T11:50:40+00:00","article_modified_time":"2024-08-12T11:11:47+00:00","og_image":[{"width":770,"height":513,"url":"https:\/\/kunmedierne.dk\/mors\/wp-content\/uploads\/2023\/01\/LisbethThrysoee.jpg","type":"image\/jpeg"}],"author":"David H\u00f8jmark","twitter_card":"summary_large_image","twitter_misc":{"Skrevet af":"David H\u00f8jmark","Estimeret l\u00e6setid":"3 minutter"},"schema":{"@context":"https:\/\/schema.org","@graph":[{"@type":"Article","@id":"https:\/\/kunmedierne.dk\/mors\/mors-handel-vil-skabe-mere-liv-i-landsbyerne\/#article","isPartOf":{"@id":"https:\/\/kunmedierne.dk\/mors\/mors-handel-vil-skabe-mere-liv-i-landsbyerne\/"},"author":{"name":"David H\u00f8jmark","@id":"https:\/\/kunmedierne.dk\/mors\/#\/schema\/person\/5fe23251bf1d0abbcdc6f7896579d548"},"headline":"Mors Handel vil skabe mere liv i landsbyerne","datePublished":"2023-10-02T11:50:40+00:00","dateModified":"2024-08-12T11:11:47+00:00","mainEntityOfPage":{"@id":"https:\/\/kunmedierne.dk\/mors\/mors-handel-vil-skabe-mere-liv-i-landsbyerne\/"},"wordCount":547,"publisher":{"@id":"https:\/\/kunmedierne.dk\/mors\/#organization"},"image":{"@id":"https:\/\/kunmedierne.dk\/mors\/mors-handel-vil-skabe-mere-liv-i-landsbyerne\/#primaryimage"},"thumbnailUrl":"https:\/\/kunmedierne.dk\/mors\/wp-content\/uploads\/2023\/01\/LisbethThrysoee.jpg","keywords":["Erhverv","Handel"],"articleSection":["Lokalt"],"inLanguage":"da-DK"},{"@type":"WebPage","@id":"https:\/\/kunmedierne.dk\/mors\/mors-handel-vil-skabe-mere-liv-i-landsbyerne\/","url":"https:\/\/kunmedierne.dk\/mors\/mors-handel-vil-skabe-mere-liv-i-landsbyerne\/","name":"Mors Handel vil skabe mere liv i landsbyerne - Mors","isPartOf":{"@id":"https:\/\/kunmedierne.dk\/mors\/#website"},"primaryImageOfPage":{"@id":"https:\/\/kunmedierne.dk\/mors\/mors-handel-vil-skabe-mere-liv-i-landsbyerne\/#primaryimage"},"image":{"@id":"https:\/\/kunmedierne.dk\/mors\/mors-handel-vil-skabe-mere-liv-i-landsbyerne\/#primaryimage"},"thumbnailUrl":"https:\/\/kunmedierne.dk\/mors\/wp-content\/uploads\/2023\/01\/LisbethThrysoee.jpg","datePublished":"2023-10-02T11:50:40+00:00","dateModified":"2024-08-12T11:11:47+00:00","breadcrumb":{"@id":"https:\/\/kunmedierne.dk\/mors\/mors-handel-vil-skabe-mere-liv-i-landsbyerne\/#breadcrumb"},"inLanguage":"da-DK","potentialAction":[{"@type":"ReadAction","target":["https:\/\/kunmedierne.dk\/mors\/mors-handel-vil-skabe-mere-liv-i-landsbyerne\/"]}]},{"@type":"ImageObject","inLanguage":"da-DK","@id":"https:\/\/kunmedierne.dk\/mors\/mors-handel-vil-skabe-mere-liv-i-landsbyerne\/#primaryimage","url":"https:\/\/kunmedierne.dk\/mors\/wp-content\/uploads\/2023\/01\/LisbethThrysoee.jpg","contentUrl":"https:\/\/kunmedierne.dk\/mors\/wp-content\/uploads\/2023\/01\/LisbethThrysoee.jpg","width":770,"height":513,"caption":"Handelschef Lisbeth Thrys\u00f8e. Arkivfoto"},{"@type":"BreadcrumbList","@id":"https:\/\/kunmedierne.dk\/mors\/mors-handel-vil-skabe-mere-liv-i-landsbyerne\/#breadcrumb","itemListElement":[{"@type":"ListItem","position":1,"name":"Hjem","item":"https:\/\/kunmedierne.dk\/mors\/"},{"@type":"ListItem","position":2,"name":"Mors Handel vil skabe mere liv i landsbyerne"}]},{"@type":"WebSite","@id":"https:\/\/kunmedierne.dk\/mors\/#website","url":"https:\/\/kunmedierne.dk\/mors\/","name":"Mors","description":"et netmedie med journalistik om livet p\u00e5 Mors","publisher":{"@id":"https:\/\/kunmedierne.dk\/mors\/#organization"},"potentialAction":[{"@type":"SearchAction","target":{"@type":"EntryPoint","urlTemplate":"https:\/\/kunmedierne.dk\/mors\/?s={search_term_string}"},"query-input":{"@type":"PropertyValueSpecification","valueRequired":true,"valueName":"search_term_string"}}],"inLanguage":"da-DK"},{"@type":"Organization","@id":"https:\/\/kunmedierne.dk\/mors\/#organization","name":"Mors","url":"https:\/\/kunmedierne.dk\/mors\/","logo":{"@type":"ImageObject","inLanguage":"da-DK","@id":"https:\/\/kunmedierne.dk\/mors\/#\/schema\/logo\/image\/","url":"https:\/\/kunmedierne.dk\/mors\/wp-content\/uploads\/2024\/08\/kunmors-logo.svg","contentUrl":"https:\/\/kunmedierne.dk\/mors\/wp-content\/uploads\/2024\/08\/kunmors-logo.svg","caption":"Mors"},"image":{"@id":"https:\/\/kunmedierne.dk\/mors\/#\/schema\/logo\/image\/"}},{"@type":"Person","@id":"https:\/\/kunmedierne.dk\/mors\/#\/schema\/person\/5fe23251bf1d0abbcdc6f7896579d548","name":"David H\u00f8jmark","image":{"@type":"ImageObject","inLanguage":"da-DK","@id":"https:\/\/kunmedierne.dk\/mors\/#\/schema\/person\/image\/","url":"https:\/\/secure.gravatar.com\/avatar\/4315d6fb9ef244d729989f5f90268eb08d5bf8a3d84402f595fa194bb35784fd?s=96&d=mm&r=g","contentUrl":"https:\/\/secure.gravatar.com\/avatar\/4315d6fb9ef244d729989f5f90268eb08d5bf8a3d84402f595fa194bb35784fd?s=96&d=mm&r=g","caption":"David H\u00f8jmark"},"sameAs":["https:\/\/www.kunmedierne.dk"],"url":"https:\/\/kunmedierne.dk\/mors\/author\/david\/"}]}},"_links":{"self":[{"href":"https:\/\/kunmedierne.dk\/mors\/wp-json\/wp\/v2\/posts\/103211","targetHints":{"allow":["GET"]}}],"collection":[{"href":"https:\/\/kunmedierne.dk\/mors\/wp-json\/wp\/v2\/posts"}],"about":[{"href":"https:\/\/kunmedierne.dk\/mors\/wp-json\/wp\/v2\/types\/post"}],"author":[{"embeddable":true,"href":"https:\/\/kunmedierne.dk\/mors\/wp-json\/wp\/v2\/users\/8"}],"replies":[{"embeddable":true,"href":"https:\/\/kunmedierne.dk\/mors\/wp-json\/wp\/v2\/comments?post=103211"}],"version-history":[{"count":1,"href":"https:\/\/kunmedierne.dk\/mors\/wp-json\/wp\/v2\/posts\/103211\/revisions"}],"predecessor-version":[{"id":103212,"href":"https:\/\/kunmedierne.dk\/mors\/wp-json\/wp\/v2\/posts\/103211\/revisions\/103212"}],"wp:featuredmedia":[{"embeddable":true,"href":"https:\/\/kunmedierne.dk\/mors\/wp-json\/wp\/v2\/media\/86737"}],"wp:attachment":[{"href":"https:\/\/kunmedierne.dk\/mors\/wp-json\/wp\/v2\/media?parent=103211"}],"wp:term":[{"taxonomy":"category","embeddable":true,"href":"https:\/\/kunmedierne.dk\/mors\/wp-json\/wp\/v2\/categories?post=103211"},{"taxonomy":"post_tag","embeddable":true,"href":"https:\/\/kunmedierne.dk\/mors\/wp-json\/wp\/v2\/tags?post=103211"}],"curies":[{"name":"wp","href":"https:\/\/api.w.org\/{rel}","templated":true}]}}