{"id":102975,"date":"2023-09-29T06:21:52","date_gmt":"2023-09-29T04:21:52","guid":{"rendered":"https:\/\/kunmedierne.dk\/mors\/?p=102975"},"modified":"2024-08-12T13:11:48","modified_gmt":"2024-08-12T11:11:48","slug":"redaktoeren-der-blev-klappet-tilbage-paa-sin-post","status":"publish","type":"post","link":"https:\/\/kunmedierne.dk\/mors\/redaktoeren-der-blev-klappet-tilbage-paa-sin-post\/","title":{"rendered":"Redakt\u00f8ren, der blev klappet tilbage p\u00e5 sin post"},"content":{"rendered":"<p><b>F\u00d8DSELSDAG<\/b>: Det er ikke alle chefer besk\u00e5ret at modtage st\u00e5ende klapsalver fra medarbejderne allerede ved tiltr\u00e6delsen.<\/p>\n<p>Men i 2010 skete det for Leif Kristiansen, da han efter fire \u00e5r i en mindre fremtr\u00e6dende rolle p\u00e5 Mors\u00f8 Folkeblad vendte tilbage til posten med det \u00f8verste redaktionelle ansvar.<\/p>\n<p>I dag runder den popul\u00e6re journalist 70 \u00e5r. Det bliver fejret i bop\u00e6len ved Glyng\u00f8re, hvor han sammen med hustruen Lotte bor i natursk\u00f8nne omgivelser.<\/p>\n<p>Herfra kan han se tilbage p\u00e5 det, der udviklede sig til et arbejdsm\u00e6ssigt \u00e6gteskab med morsingboernes egen avis.<\/p>\n<a class=\"dvrt-link\" onClick=\"cdmtrack_click(147315,jQuery(this));return false\" href=\"https:\/\/sdrhaa.dk\/\"><img decoding=\"async\" style=\"width:100%;\" src=\"https:\/\/kunmedierne.dk\/mors\/wp-content\/uploads\/2025\/05\/260302Sdr-HaaDin-gebyrvenlige-sparekasse_mors-002.gif\"><\/a><script>cdmtrack_view(147315);<\/script>\n<p>For den unge journalistspire var bare 17 \u00e5r gammel, da den navnkundige redakt\u00f8r Lau J\u00f8rgensen hentede ham til avisen og en stilling som journalistelev.<\/p>\n<p>Og bortset fra i tiden som v\u00e6rnepligtig og en kort periode p\u00e5 Vejle Amts Folkeblad var det for morsingboerne, han fra 1971 og i 44 \u00e5r frem skrev sine mange artikler.<\/p>\n<p>&nbsp;<\/p>\n<p><b>Udviklede med Mariager<\/b><\/p>\n<p>Leif Kristiansen blev f\u00f8dt i Vejle i 1953. Efter tidlige barndoms\u00e5r i Nordtyskland voksede han dog op i Drag\u00f8r, hvorfra dialekten, der antyder tilknytningen til hovedstaden, til en vis grad stadig h\u00e6nger ved.<\/p>\n<p>Planen var ogs\u00e5, at han skulle starte p\u00e5 T\u00e5rnby Gymnasium, da han vendte hjem fra et ophold i USA. Men Lau J\u00f8rgensen fik ham i stedet til Nyk\u00f8bing, hvor teenageren med skrivekl\u00f8e fik en aftale, endnu f\u00f8r han som 18-\u00e5rig var gammel nok til at skrive under p\u00e5 den.<\/p>\n<a class=\"dvrt-link\" onClick=\"cdmtrack_click(104786,jQuery(this));return false\" href=\"https:\/\/limfjordsteatret.dk\/events\/tobias-dybvad-mit-bedste-onemanshow\/\"><img decoding=\"async\" style=\"width:100%;\" src=\"https:\/\/kunmedierne.dk\/mors\/wp-content\/uploads\/2023\/10\/aarskortLim_KunMors_1100x125.jpg\"><\/a><script>cdmtrack_view(104786);<\/script>\n<p>I 1979 kom der ogs\u00e5 papir p\u00e5 det journalistiske forhold med avisen, som Leif Kristiansen med stigende indflydelse kom til at s\u00e6tte mere og mere pr\u00e6g p\u00e5.<\/p>\n<p>I 1984 tiltr\u00e5dte en anden navnkundig redakt\u00f8r med udpr\u00e6get sans for den lokale journalistik. Det var Arne Mariager, og sammen med Leif Kristiansen og de \u00f8vrige p\u00e5 avisen udviklede han \u00f8ens dagblad i en mere nyhedsorienteret retning.<\/p>\n<p>&nbsp;<\/p>\n<p><b>M\u00e5tte skrive sandheden<\/b><\/p>\n<p>Stilen blev ogs\u00e5 mere moderne. Ikke mindst da man forlod det gammeldags broadsheet og gik over til tabloidformatet. P\u00e5 det tidspunkt havde Leif Kristiansen afl\u00f8st Arne Mariager som redakt\u00f8r og videref\u00f8rt tankegangen om, at Mors\u00f8 Folkeblad skulle v\u00e6re en nyhedsavis med stor loyalitet over for sit lokale omr\u00e5de.<\/p>\n<p>Selv beskriver han det s\u00e5dan:<\/p>\n<p>&#8211; Vi m\u00e5tte skrive om hvad som helst, det skulle bare passe. Det kunne ikke nytte noget, at det ikke passede, for s\u00e5 blev vi n\u00f8dt til at undskylde p\u00e5 den mest fremtr\u00e6dende plads i avisen &#8211; nemlig navnesiden.<\/p>\n<a class=\"dvrt-link\" onClick=\"cdmtrack_click(111725,jQuery(this));return false\" href=\"https:\/\/www.thistedforsikring.dk\/?utm_source=partnerskaber&amp;utm_campaign=kun_mors\"><img decoding=\"async\" style=\"width:100%;\" src=\"https:\/\/kunmedierne.dk\/mors\/wp-content\/uploads\/2024\/02\/269409KunMors-ThistedFor-1.png\"><\/a><script>cdmtrack_view(111725);<\/script>\n<p>Fra 1989 blev det i f\u00f8rste omgang til 17 \u00e5r som ansvarshavende redakt\u00f8r p\u00e5 Mors\u00f8 Folkeblad, hvor Leif Kristiansen d\u00e6kkede alle stofomr\u00e5der. Ikke mindst kommunal- og amtspolitikken blev formidlet til morsingboerne, men l\u00e6sere fra dengang husker sikkert ogs\u00e5 de reportageture, som Leif Kristiansen og pressefotograf Poul Erik Bilstrup var p\u00e5 i det borgerkrigsh\u00e6rgede Jugoslavien.<\/p>\n<p>&nbsp;<\/p>\n<p><b>\u00c5bnede front mod \u00f8st<\/b><\/p>\n<p>Fra 1989 til 2006 stod den p\u00e5 skiftende opgaver som chefredakt\u00f8r og adm. direkt\u00f8r &#8211; og i en periode dem begge. Herefter fulgte fire \u00e5r i en mindre fremtr\u00e6dende rolle, inden Leif Kristiansen i sommeren 2010 fik klapsalver fra medarbejderne, da han med Kim Sangild som ny direkt\u00f8r vendte tilbage til posten som \u00f8verste ansvarlige for den redaktionelle linje p\u00e5 den nu 133 \u00e5r gamle avis.<\/p>\n<p>Det var med mere end de n\u00e6sten 40 \u00e5r p\u00e5 avisen som ballast. I l\u00f8bet af sit arbejdsliv tog Leif Kristiansen flere gange p\u00e5 efteruddannelse til Norge &#8211; landet, der i hans \u00f8jne er verdensmestre i lokaljournalistik.<\/p>\n<a class=\"dvrt-link\" onClick=\"cdmtrack_click(111725,jQuery(this));return false\" href=\"https:\/\/www.thistedforsikring.dk\/?utm_source=partnerskaber&amp;utm_campaign=kun_mors\"><img decoding=\"async\" style=\"width:100%;\" src=\"https:\/\/kunmedierne.dk\/mors\/wp-content\/uploads\/2024\/02\/269409KunMors-ThistedFor-1.png\"><\/a><script>cdmtrack_view(111725);<\/script>\n<p>Det kom ogs\u00e5 hjembyen Glyng\u00f8re til gavn, for det var med Leif Kristiansen ved roret p\u00e5 Mors\u00f8 Folkeblad, at potentialet for l\u00e6sere i den dav\u00e6rende Sallingsund Kommune blev opdyrket. I takt med, at flere og flere fra byen p\u00e5 den anden side af fjorden havde baggrund og relationer til Mors, var der basis for at \u00e5bne en front mod \u00f8st. Det lykkedes, ogs\u00e5 i kraft af en stor indsats fra velanskrevne Lars Petersen, der frem til sin d\u00f8d i 2010 havde et st\u00e6rkt samarbejde med Leif Kristiansen i det f\u00e6lles kontor p\u00e5 Els\u00f8vej i Nyk\u00f8bing.<\/p>\n<p>Det forlod Leif Kristiansen for at g\u00e5 p\u00e5 efterl\u00f8n i 2015. Og fire \u00e5r senere lukkede Mors\u00f8 Folkeblad, s\u00e5 det er som KunMors-l\u00e6ser, den tidligere redakt\u00f8r nu f\u00f8lger med i livet p\u00e5 Mors.<\/p>\n<p>&nbsp;<\/p>\n<p><b>Musikalske fort\u00e6llinger<\/b><\/p>\n<p>I dag fejrer han s\u00e5 sin 70 \u00e5rs f\u00f8dselsdag.\u00a0Leddegigt har gjort ham mindre mobil end p\u00e5 ungdommens tennisbaner, men fort\u00e6llegl\u00e6den er stadig i fin form. En evne, der ogs\u00e5 er kommet til udtryk med andet end journalistik &#8211; for eksempel med CD-udgivelserne &#8220;Fra Hage til \u00d8re: fort\u00e6llinger fra Sallingsund&#8221; fra 2010 og seks \u00e5r senere &#8220;Nordvest: flere fort\u00e6llinger fra Sallingsund&#8221;.<\/p>\n<a class=\"dvrt-link\" onClick=\"cdmtrack_click(104781,jQuery(this));return false\" href=\"https:\/\/www.fmspks.dk\/\"><img decoding=\"async\" style=\"width:100%;\" src=\"https:\/\/kunmedierne.dk\/mors\/wp-content\/uploads\/2022\/02\/vip-froeslev-mollerup-sparekasse.jpg\"><\/a><script>cdmtrack_view(104781);<\/script>\n<p>Ogs\u00e5 de blev modtaget med klapsalver i Kassehuset i Glyng\u00f8re, og m\u00e5ske venter endnu en applaus i dag, n\u00e5r f\u00f8dselaren markerer dagen med ikke s\u00e5 lidt af herrefrokost i sit hjem.<\/p>\n<p>20 af vennerne er med, og som Leif Kristiansen konstaterer om menuen:<\/p>\n<p>&#8211; Der bliver ikke s\u00e5 meget salat.<\/p>\n","protected":false},"excerpt":{"rendered":"<p>F\u00d8DSELSDAG: Det er ikke alle chefer besk\u00e5ret at modtage st\u00e5ende klapsalver fra medarbejderne allerede ved tiltr\u00e6delsen. Men i 2010 skete det for Leif Kristiansen, da han efter fire \u00e5r i en mindre fremtr\u00e6dende rolle p\u00e5 Mors\u00f8 Folkeblad vendte tilbage til posten med det \u00f8verste redaktionelle ansvar. I dag runder den popul\u00e6re journalist 70 \u00e5r. Det [&hellip;]<\/p>\n","protected":false},"author":8,"featured_media":102978,"comment_status":"closed","ping_status":"open","sticky":false,"template":"","format":"standard","meta":{"_acf_changed":false,"footnotes":""},"categories":[51,52],"tags":[],"class_list":["post-102975","post","type-post","status-publish","format-standard","has-post-thumbnail","hentry","category-lokalt","category-navne"],"acf":[],"yoast_head":"<!-- This site is optimized with the Yoast SEO plugin v26.8 - https:\/\/yoast.com\/product\/yoast-seo-wordpress\/ -->\n<title>Redakt\u00f8ren, der blev klappet tilbage p\u00e5 sin post - Mors<\/title>\n<meta name=\"robots\" content=\"index, follow, max-snippet:-1, max-image-preview:large, max-video-preview:-1\" \/>\n<link rel=\"canonical\" href=\"https:\/\/kunmedierne.dk\/mors\/redaktoeren-der-blev-klappet-tilbage-paa-sin-post\/\" \/>\n<meta property=\"og:locale\" content=\"da_DK\" \/>\n<meta property=\"og:type\" content=\"article\" \/>\n<meta property=\"og:title\" content=\"Redakt\u00f8ren, der blev klappet tilbage p\u00e5 sin post - Mors\" \/>\n<meta property=\"og:description\" content=\"F\u00d8DSELSDAG: Det er ikke alle chefer besk\u00e5ret at modtage st\u00e5ende klapsalver fra medarbejderne allerede ved tiltr\u00e6delsen. Men i 2010 skete det for Leif Kristiansen, da han efter fire \u00e5r i en mindre fremtr\u00e6dende rolle p\u00e5 Mors\u00f8 Folkeblad vendte tilbage til posten med det \u00f8verste redaktionelle ansvar. I dag runder den popul\u00e6re journalist 70 \u00e5r. Det [&hellip;]\" \/>\n<meta property=\"og:url\" content=\"https:\/\/kunmedierne.dk\/mors\/redaktoeren-der-blev-klappet-tilbage-paa-sin-post\/\" \/>\n<meta property=\"og:site_name\" content=\"Mors\" \/>\n<meta property=\"article:published_time\" content=\"2023-09-29T04:21:52+00:00\" \/>\n<meta property=\"article:modified_time\" content=\"2024-08-12T11:11:48+00:00\" \/>\n<meta property=\"og:image\" content=\"https:\/\/kunmedierne.dk\/mors\/wp-content\/uploads\/2023\/09\/lk.png\" \/>\n\t<meta property=\"og:image:width\" content=\"835\" \/>\n\t<meta property=\"og:image:height\" content=\"513\" \/>\n\t<meta property=\"og:image:type\" content=\"image\/png\" \/>\n<meta name=\"author\" content=\"David H\u00f8jmark\" \/>\n<meta name=\"twitter:card\" content=\"summary_large_image\" \/>\n<meta name=\"twitter:label1\" content=\"Skrevet af\" \/>\n\t<meta name=\"twitter:data1\" content=\"David H\u00f8jmark\" \/>\n\t<meta name=\"twitter:label2\" content=\"Estimeret l\u00e6setid\" \/>\n\t<meta name=\"twitter:data2\" content=\"5 minutter\" \/>\n<script type=\"application\/ld+json\" class=\"yoast-schema-graph\">{\"@context\":\"https:\/\/schema.org\",\"@graph\":[{\"@type\":\"Article\",\"@id\":\"https:\/\/kunmedierne.dk\/mors\/redaktoeren-der-blev-klappet-tilbage-paa-sin-post\/#article\",\"isPartOf\":{\"@id\":\"https:\/\/kunmedierne.dk\/mors\/redaktoeren-der-blev-klappet-tilbage-paa-sin-post\/\"},\"author\":{\"name\":\"David H\u00f8jmark\",\"@id\":\"https:\/\/kunmedierne.dk\/mors\/#\/schema\/person\/5fe23251bf1d0abbcdc6f7896579d548\"},\"headline\":\"Redakt\u00f8ren, der blev klappet tilbage p\u00e5 sin post\",\"datePublished\":\"2023-09-29T04:21:52+00:00\",\"dateModified\":\"2024-08-12T11:11:48+00:00\",\"mainEntityOfPage\":{\"@id\":\"https:\/\/kunmedierne.dk\/mors\/redaktoeren-der-blev-klappet-tilbage-paa-sin-post\/\"},\"wordCount\":865,\"publisher\":{\"@id\":\"https:\/\/kunmedierne.dk\/mors\/#organization\"},\"image\":{\"@id\":\"https:\/\/kunmedierne.dk\/mors\/redaktoeren-der-blev-klappet-tilbage-paa-sin-post\/#primaryimage\"},\"thumbnailUrl\":\"https:\/\/kunmedierne.dk\/mors\/wp-content\/uploads\/2023\/09\/lk.png\",\"articleSection\":[\"Lokalt\",\"Navne\"],\"inLanguage\":\"da-DK\"},{\"@type\":\"WebPage\",\"@id\":\"https:\/\/kunmedierne.dk\/mors\/redaktoeren-der-blev-klappet-tilbage-paa-sin-post\/\",\"url\":\"https:\/\/kunmedierne.dk\/mors\/redaktoeren-der-blev-klappet-tilbage-paa-sin-post\/\",\"name\":\"Redakt\u00f8ren, der blev klappet tilbage p\u00e5 sin post - Mors\",\"isPartOf\":{\"@id\":\"https:\/\/kunmedierne.dk\/mors\/#website\"},\"primaryImageOfPage\":{\"@id\":\"https:\/\/kunmedierne.dk\/mors\/redaktoeren-der-blev-klappet-tilbage-paa-sin-post\/#primaryimage\"},\"image\":{\"@id\":\"https:\/\/kunmedierne.dk\/mors\/redaktoeren-der-blev-klappet-tilbage-paa-sin-post\/#primaryimage\"},\"thumbnailUrl\":\"https:\/\/kunmedierne.dk\/mors\/wp-content\/uploads\/2023\/09\/lk.png\",\"datePublished\":\"2023-09-29T04:21:52+00:00\",\"dateModified\":\"2024-08-12T11:11:48+00:00\",\"breadcrumb\":{\"@id\":\"https:\/\/kunmedierne.dk\/mors\/redaktoeren-der-blev-klappet-tilbage-paa-sin-post\/#breadcrumb\"},\"inLanguage\":\"da-DK\",\"potentialAction\":[{\"@type\":\"ReadAction\",\"target\":[\"https:\/\/kunmedierne.dk\/mors\/redaktoeren-der-blev-klappet-tilbage-paa-sin-post\/\"]}]},{\"@type\":\"ImageObject\",\"inLanguage\":\"da-DK\",\"@id\":\"https:\/\/kunmedierne.dk\/mors\/redaktoeren-der-blev-klappet-tilbage-paa-sin-post\/#primaryimage\",\"url\":\"https:\/\/kunmedierne.dk\/mors\/wp-content\/uploads\/2023\/09\/lk.png\",\"contentUrl\":\"https:\/\/kunmedierne.dk\/mors\/wp-content\/uploads\/2023\/09\/lk.png\",\"width\":835,\"height\":513,\"caption\":\"Leif Kristiansen, mange\u00e5rig chefredakt\u00f8r p\u00e5 Mors\u00f8 Folkeblad, fylder 70 \u00e5r i dag. Privatfoto.\"},{\"@type\":\"BreadcrumbList\",\"@id\":\"https:\/\/kunmedierne.dk\/mors\/redaktoeren-der-blev-klappet-tilbage-paa-sin-post\/#breadcrumb\",\"itemListElement\":[{\"@type\":\"ListItem\",\"position\":1,\"name\":\"Hjem\",\"item\":\"https:\/\/kunmedierne.dk\/mors\/\"},{\"@type\":\"ListItem\",\"position\":2,\"name\":\"Redakt\u00f8ren, der blev klappet tilbage p\u00e5 sin post\"}]},{\"@type\":\"WebSite\",\"@id\":\"https:\/\/kunmedierne.dk\/mors\/#website\",\"url\":\"https:\/\/kunmedierne.dk\/mors\/\",\"name\":\"Mors\",\"description\":\"et netmedie med journalistik om livet p\u00e5 Mors\",\"publisher\":{\"@id\":\"https:\/\/kunmedierne.dk\/mors\/#organization\"},\"potentialAction\":[{\"@type\":\"SearchAction\",\"target\":{\"@type\":\"EntryPoint\",\"urlTemplate\":\"https:\/\/kunmedierne.dk\/mors\/?s={search_term_string}\"},\"query-input\":{\"@type\":\"PropertyValueSpecification\",\"valueRequired\":true,\"valueName\":\"search_term_string\"}}],\"inLanguage\":\"da-DK\"},{\"@type\":\"Organization\",\"@id\":\"https:\/\/kunmedierne.dk\/mors\/#organization\",\"name\":\"Mors\",\"url\":\"https:\/\/kunmedierne.dk\/mors\/\",\"logo\":{\"@type\":\"ImageObject\",\"inLanguage\":\"da-DK\",\"@id\":\"https:\/\/kunmedierne.dk\/mors\/#\/schema\/logo\/image\/\",\"url\":\"https:\/\/kunmedierne.dk\/mors\/wp-content\/uploads\/2024\/08\/kunmors-logo.svg\",\"contentUrl\":\"https:\/\/kunmedierne.dk\/mors\/wp-content\/uploads\/2024\/08\/kunmors-logo.svg\",\"caption\":\"Mors\"},\"image\":{\"@id\":\"https:\/\/kunmedierne.dk\/mors\/#\/schema\/logo\/image\/\"}},{\"@type\":\"Person\",\"@id\":\"https:\/\/kunmedierne.dk\/mors\/#\/schema\/person\/5fe23251bf1d0abbcdc6f7896579d548\",\"name\":\"David H\u00f8jmark\",\"image\":{\"@type\":\"ImageObject\",\"inLanguage\":\"da-DK\",\"@id\":\"https:\/\/kunmedierne.dk\/mors\/#\/schema\/person\/image\/\",\"url\":\"https:\/\/secure.gravatar.com\/avatar\/4315d6fb9ef244d729989f5f90268eb08d5bf8a3d84402f595fa194bb35784fd?s=96&d=mm&r=g\",\"contentUrl\":\"https:\/\/secure.gravatar.com\/avatar\/4315d6fb9ef244d729989f5f90268eb08d5bf8a3d84402f595fa194bb35784fd?s=96&d=mm&r=g\",\"caption\":\"David H\u00f8jmark\"},\"sameAs\":[\"https:\/\/www.kunmedierne.dk\"],\"url\":\"https:\/\/kunmedierne.dk\/mors\/author\/david\/\"}]}<\/script>\n<!-- \/ Yoast SEO plugin. -->","yoast_head_json":{"title":"Redakt\u00f8ren, der blev klappet tilbage p\u00e5 sin post - Mors","robots":{"index":"index","follow":"follow","max-snippet":"max-snippet:-1","max-image-preview":"max-image-preview:large","max-video-preview":"max-video-preview:-1"},"canonical":"https:\/\/kunmedierne.dk\/mors\/redaktoeren-der-blev-klappet-tilbage-paa-sin-post\/","og_locale":"da_DK","og_type":"article","og_title":"Redakt\u00f8ren, der blev klappet tilbage p\u00e5 sin post - Mors","og_description":"F\u00d8DSELSDAG: Det er ikke alle chefer besk\u00e5ret at modtage st\u00e5ende klapsalver fra medarbejderne allerede ved tiltr\u00e6delsen. Men i 2010 skete det for Leif Kristiansen, da han efter fire \u00e5r i en mindre fremtr\u00e6dende rolle p\u00e5 Mors\u00f8 Folkeblad vendte tilbage til posten med det \u00f8verste redaktionelle ansvar. I dag runder den popul\u00e6re journalist 70 \u00e5r. Det [&hellip;]","og_url":"https:\/\/kunmedierne.dk\/mors\/redaktoeren-der-blev-klappet-tilbage-paa-sin-post\/","og_site_name":"Mors","article_published_time":"2023-09-29T04:21:52+00:00","article_modified_time":"2024-08-12T11:11:48+00:00","og_image":[{"width":835,"height":513,"url":"https:\/\/kunmedierne.dk\/mors\/wp-content\/uploads\/2023\/09\/lk.png","type":"image\/png"}],"author":"David H\u00f8jmark","twitter_card":"summary_large_image","twitter_misc":{"Skrevet af":"David H\u00f8jmark","Estimeret l\u00e6setid":"5 minutter"},"schema":{"@context":"https:\/\/schema.org","@graph":[{"@type":"Article","@id":"https:\/\/kunmedierne.dk\/mors\/redaktoeren-der-blev-klappet-tilbage-paa-sin-post\/#article","isPartOf":{"@id":"https:\/\/kunmedierne.dk\/mors\/redaktoeren-der-blev-klappet-tilbage-paa-sin-post\/"},"author":{"name":"David H\u00f8jmark","@id":"https:\/\/kunmedierne.dk\/mors\/#\/schema\/person\/5fe23251bf1d0abbcdc6f7896579d548"},"headline":"Redakt\u00f8ren, der blev klappet tilbage p\u00e5 sin post","datePublished":"2023-09-29T04:21:52+00:00","dateModified":"2024-08-12T11:11:48+00:00","mainEntityOfPage":{"@id":"https:\/\/kunmedierne.dk\/mors\/redaktoeren-der-blev-klappet-tilbage-paa-sin-post\/"},"wordCount":865,"publisher":{"@id":"https:\/\/kunmedierne.dk\/mors\/#organization"},"image":{"@id":"https:\/\/kunmedierne.dk\/mors\/redaktoeren-der-blev-klappet-tilbage-paa-sin-post\/#primaryimage"},"thumbnailUrl":"https:\/\/kunmedierne.dk\/mors\/wp-content\/uploads\/2023\/09\/lk.png","articleSection":["Lokalt","Navne"],"inLanguage":"da-DK"},{"@type":"WebPage","@id":"https:\/\/kunmedierne.dk\/mors\/redaktoeren-der-blev-klappet-tilbage-paa-sin-post\/","url":"https:\/\/kunmedierne.dk\/mors\/redaktoeren-der-blev-klappet-tilbage-paa-sin-post\/","name":"Redakt\u00f8ren, der blev klappet tilbage p\u00e5 sin post - Mors","isPartOf":{"@id":"https:\/\/kunmedierne.dk\/mors\/#website"},"primaryImageOfPage":{"@id":"https:\/\/kunmedierne.dk\/mors\/redaktoeren-der-blev-klappet-tilbage-paa-sin-post\/#primaryimage"},"image":{"@id":"https:\/\/kunmedierne.dk\/mors\/redaktoeren-der-blev-klappet-tilbage-paa-sin-post\/#primaryimage"},"thumbnailUrl":"https:\/\/kunmedierne.dk\/mors\/wp-content\/uploads\/2023\/09\/lk.png","datePublished":"2023-09-29T04:21:52+00:00","dateModified":"2024-08-12T11:11:48+00:00","breadcrumb":{"@id":"https:\/\/kunmedierne.dk\/mors\/redaktoeren-der-blev-klappet-tilbage-paa-sin-post\/#breadcrumb"},"inLanguage":"da-DK","potentialAction":[{"@type":"ReadAction","target":["https:\/\/kunmedierne.dk\/mors\/redaktoeren-der-blev-klappet-tilbage-paa-sin-post\/"]}]},{"@type":"ImageObject","inLanguage":"da-DK","@id":"https:\/\/kunmedierne.dk\/mors\/redaktoeren-der-blev-klappet-tilbage-paa-sin-post\/#primaryimage","url":"https:\/\/kunmedierne.dk\/mors\/wp-content\/uploads\/2023\/09\/lk.png","contentUrl":"https:\/\/kunmedierne.dk\/mors\/wp-content\/uploads\/2023\/09\/lk.png","width":835,"height":513,"caption":"Leif Kristiansen, mange\u00e5rig chefredakt\u00f8r p\u00e5 Mors\u00f8 Folkeblad, fylder 70 \u00e5r i dag. Privatfoto."},{"@type":"BreadcrumbList","@id":"https:\/\/kunmedierne.dk\/mors\/redaktoeren-der-blev-klappet-tilbage-paa-sin-post\/#breadcrumb","itemListElement":[{"@type":"ListItem","position":1,"name":"Hjem","item":"https:\/\/kunmedierne.dk\/mors\/"},{"@type":"ListItem","position":2,"name":"Redakt\u00f8ren, der blev klappet tilbage p\u00e5 sin post"}]},{"@type":"WebSite","@id":"https:\/\/kunmedierne.dk\/mors\/#website","url":"https:\/\/kunmedierne.dk\/mors\/","name":"Mors","description":"et netmedie med journalistik om livet p\u00e5 Mors","publisher":{"@id":"https:\/\/kunmedierne.dk\/mors\/#organization"},"potentialAction":[{"@type":"SearchAction","target":{"@type":"EntryPoint","urlTemplate":"https:\/\/kunmedierne.dk\/mors\/?s={search_term_string}"},"query-input":{"@type":"PropertyValueSpecification","valueRequired":true,"valueName":"search_term_string"}}],"inLanguage":"da-DK"},{"@type":"Organization","@id":"https:\/\/kunmedierne.dk\/mors\/#organization","name":"Mors","url":"https:\/\/kunmedierne.dk\/mors\/","logo":{"@type":"ImageObject","inLanguage":"da-DK","@id":"https:\/\/kunmedierne.dk\/mors\/#\/schema\/logo\/image\/","url":"https:\/\/kunmedierne.dk\/mors\/wp-content\/uploads\/2024\/08\/kunmors-logo.svg","contentUrl":"https:\/\/kunmedierne.dk\/mors\/wp-content\/uploads\/2024\/08\/kunmors-logo.svg","caption":"Mors"},"image":{"@id":"https:\/\/kunmedierne.dk\/mors\/#\/schema\/logo\/image\/"}},{"@type":"Person","@id":"https:\/\/kunmedierne.dk\/mors\/#\/schema\/person\/5fe23251bf1d0abbcdc6f7896579d548","name":"David H\u00f8jmark","image":{"@type":"ImageObject","inLanguage":"da-DK","@id":"https:\/\/kunmedierne.dk\/mors\/#\/schema\/person\/image\/","url":"https:\/\/secure.gravatar.com\/avatar\/4315d6fb9ef244d729989f5f90268eb08d5bf8a3d84402f595fa194bb35784fd?s=96&d=mm&r=g","contentUrl":"https:\/\/secure.gravatar.com\/avatar\/4315d6fb9ef244d729989f5f90268eb08d5bf8a3d84402f595fa194bb35784fd?s=96&d=mm&r=g","caption":"David H\u00f8jmark"},"sameAs":["https:\/\/www.kunmedierne.dk"],"url":"https:\/\/kunmedierne.dk\/mors\/author\/david\/"}]}},"_links":{"self":[{"href":"https:\/\/kunmedierne.dk\/mors\/wp-json\/wp\/v2\/posts\/102975","targetHints":{"allow":["GET"]}}],"collection":[{"href":"https:\/\/kunmedierne.dk\/mors\/wp-json\/wp\/v2\/posts"}],"about":[{"href":"https:\/\/kunmedierne.dk\/mors\/wp-json\/wp\/v2\/types\/post"}],"author":[{"embeddable":true,"href":"https:\/\/kunmedierne.dk\/mors\/wp-json\/wp\/v2\/users\/8"}],"replies":[{"embeddable":true,"href":"https:\/\/kunmedierne.dk\/mors\/wp-json\/wp\/v2\/comments?post=102975"}],"version-history":[{"count":13,"href":"https:\/\/kunmedierne.dk\/mors\/wp-json\/wp\/v2\/posts\/102975\/revisions"}],"predecessor-version":[{"id":103949,"href":"https:\/\/kunmedierne.dk\/mors\/wp-json\/wp\/v2\/posts\/102975\/revisions\/103949"}],"wp:featuredmedia":[{"embeddable":true,"href":"https:\/\/kunmedierne.dk\/mors\/wp-json\/wp\/v2\/media\/102978"}],"wp:attachment":[{"href":"https:\/\/kunmedierne.dk\/mors\/wp-json\/wp\/v2\/media?parent=102975"}],"wp:term":[{"taxonomy":"category","embeddable":true,"href":"https:\/\/kunmedierne.dk\/mors\/wp-json\/wp\/v2\/categories?post=102975"},{"taxonomy":"post_tag","embeddable":true,"href":"https:\/\/kunmedierne.dk\/mors\/wp-json\/wp\/v2\/tags?post=102975"}],"curies":[{"name":"wp","href":"https:\/\/api.w.org\/{rel}","templated":true}]}}