{"id":102897,"date":"2023-09-27T18:21:08","date_gmt":"2023-09-27T16:21:08","guid":{"rendered":"https:\/\/kunmedierne.dk\/mors\/?p=102897"},"modified":"2024-08-12T13:11:49","modified_gmt":"2024-08-12T11:11:49","slug":"saa-tager-vi-den-febervildelse-med-det-goer-vi-sgu","status":"publish","type":"post","link":"https:\/\/kunmedierne.dk\/mors\/saa-tager-vi-den-febervildelse-med-det-goer-vi-sgu\/","title":{"rendered":"&#8211; S\u00e5 tager vi den febervildelse med, det g\u00f8r vi sgu!"},"content":{"rendered":"<p><b>EUFORI<\/b>: Der er ikke noget som sejre, der kan l\u00f8fte hum\u00f8ret omkring en h\u00e5ndboldklub.<\/p>\n<p>S\u00e5dan har det ogs\u00e5 v\u00e6ret i Mors-Thys 16 tidligere s\u00e6soner. Og lige nu ser nummer 17 ud til at kunne fremprovokere et af det st\u00f8rste anfald af h\u00e5ndboldfeber siden Final4-triumfen i 2021.<\/p>\n<p>For man er nummer to i ligaen og tager torsdag imod Bjerringbro-Silkeborg i en tilstand med stor tro p\u00e5 sig selv.<\/p>\n<a class=\"dvrt-link\" onClick=\"cdmtrack_click(104786,jQuery(this));return false\" href=\"https:\/\/limfjordsteatret.dk\/events\/tobias-dybvad-mit-bedste-onemanshow\/\"><img decoding=\"async\" style=\"width:100%;\" src=\"https:\/\/kunmedierne.dk\/mors\/wp-content\/uploads\/2023\/10\/aarskortLim_KunMors_1100x125.jpg\"><\/a><script>cdmtrack_view(104786);<\/script>\n<p>Og det er bare sjovt at v\u00e6re Mors-Thy lige nu, lyder det fra klubbens direkt\u00f8r, Sigurd Skovborg.<\/p>\n<p>&#8211; Det er det forh\u00e5bentlig for os alle sammen. B\u00e5de for os i organisationen, for spillere og tr\u00e6nere. Men ogs\u00e5 for alle, der interesserer sig for Mors-Thy, for det er en fantastisk start, vi har f\u00e5et p\u00e5 turneringen, siger han.<\/p>\n<p>&nbsp;<\/p>\n<p><strong>H\u00e5rde modstandere<\/strong><\/p>\n<p>Udgangspunktet var ellers ikke et af dem, der antydede stor pointh\u00f8st fra s\u00e6sonstart. For selv om nedrykningskandidaterne fra Nordsj\u00e6lland var blandt den f\u00f8rste h\u00e5ndfuld modstandere, var de fire \u00f8vrige kampe s\u00e5 tilpas vanskelige, at forventningen ikke l\u00f8d p\u00e5 syv point af 10 mulige.<\/p>\n<p>&#8211; Vi kunne godt have st\u00e5et i en helt anden situation rent pointm\u00e6ssigt, end vi g\u00f8r. S\u00e5 at vi er kommet s\u00e5 fantastisk godt fra start, giver en masse opm\u00e6rksomhed og en masse klap p\u00e5 skulderen p\u00e5 alle mulige m\u00e5der. Det er forh\u00e5bentlig selvforst\u00e6rkende, s\u00e5 vi kan forts\u00e6tte med de gode resultater, siger Sigurd Skovborg.<\/p>\n<a class=\"dvrt-link\" onClick=\"cdmtrack_click(104787,jQuery(this));return false\" href=\"https:\/\/www.jyskebank.dk\/kontakt\/afdelingsinfo?departmentid=11890\"><img decoding=\"async\" style=\"width:100%;\" src=\"https:\/\/kunmedierne.dk\/mors\/wp-content\/uploads\/2023\/10\/260325JyskeBankMorsNy-1.jpg\"><\/a><script>cdmtrack_view(104787);<\/script>\n<p>Han er selvf\u00f8lgelig helt p\u00e5 det rene med, at det stadig er tidligt p\u00e5 s\u00e6sonen, og han p\u00e5peger ogs\u00e5, at pointene i ligaen generelt er blevet fordelt s\u00e5 bredt, at det har gjort det muligt at ligge nummer to trods b\u00e5de et nederlag og en uafgjort.<\/p>\n<p>Men positionen er alligevel v\u00e6rd at h\u00e6fte sig ved.<\/p>\n<p>&#8211; Jeg mindes ikke, at vi har ligget p\u00e5 en andenplads efter fem kampe, lyder det.<\/p>\n<p>&nbsp;<\/p>\n<p><strong>80 ekstra siddepladser<\/strong><\/p>\n<p>Det kan da ogs\u00e5 ses p\u00e5 interessen for kampen i Sparekassen Thy Arena Mors.<\/p>\n<p>Den bliver vist p\u00e5 TV2 Sport, men folket vil i hallen i en grad, s\u00e5 Mors-Thy har fundet plads til en stoler\u00e6kke med 80 ekstra siddepladser foran den ene tribune.<\/p>\n<a class=\"dvrt-link\" onClick=\"cdmtrack_click(104780,jQuery(this));return false\" href=\"https:\/\/www.spard.dk\/\"><img decoding=\"async\" style=\"width:100%;\" src=\"https:\/\/kunmedierne.dk\/mors\/wp-content\/uploads\/2023\/12\/sparekassen-dk-maj25.gif\"><\/a><script>cdmtrack_view(104780);<\/script>\n<p>&#8211; Jeg tror, vi kan forvente en p\u00e6nt fyldt arena. Og s\u00e5 m\u00e5 vi h\u00e5be, at vi kan byde BSH op til dans, siger Sigurd Skovborg.<\/p>\n<p>Han fremh\u00e6ver kampen i Thyhallen, da Mors-Thy bed fra sig mod Aalborg H\u00e5ndbold, som et udtryk for, at der er grund til optimisme inden torsdag aftens kamp.<\/p>\n<p>&#8211; Kan vi byde BSH op til dans, er jeg ikke et sekund i tvivl om, at arenaen vil koge. Og vi ved jo godt, hvad at det betyder ekstra kr\u00e6fter til de bl\u00e5, lyder det.<\/p>\n<p>&nbsp;<\/p>\n<p><strong>Mange gange store t\u00e6sk<\/strong><\/p>\n<p>Der er dog den s\u00e6rlige historie med Mors-Thy og Bjerringbro-Silkeborg, at ingen klub som den midtjyske s\u00e5 tit har uddelt store t\u00e6sk til Mors-Thy.<\/p>\n<p>Hele ni gange har BSH vundet et indbyrdes opg\u00f8r med 10 m\u00e5l eller mere &#8211; senest i 2020, da de i arenaen vandt med 32-20.<\/p>\n<p>De ni gange afklapsninger med et tocifret antal m\u00e5l er flere, end Aalborg, GOG, Skjern og s\u00e5m\u00e6nd hedengangne AG K\u00f8benhavn til sammen er n\u00e5et op p\u00e5 i kampe mod Mors-Thy.<\/p>\n<a class=\"dvrt-link\" onClick=\"cdmtrack_click(147315,jQuery(this));return false\" href=\"https:\/\/sdrhaa.dk\/\"><img decoding=\"async\" style=\"width:100%;\" src=\"https:\/\/kunmedierne.dk\/mors\/wp-content\/uploads\/2025\/05\/260302Sdr-HaaDin-gebyrvenlige-sparekasse_mors-002.gif\"><\/a><script>cdmtrack_view(147315);<\/script>\n<p>Sigurd Skovborg l\u00e6gger dog v\u00e6gt p\u00e5, at nordvestjyske triumfer ogs\u00e5 er set. S\u00e5 sent som i februar 2022 vandt Mors-Thy opg\u00f8ret i arenaen med 26-22 &#8211; og alle, der husker slutspilseventyret i 2013, ved ogs\u00e5, at det for alvor tog fart, da Mors-Thy vandt i Silkeborg.<\/p>\n<p>&#8211; Det er ogs\u00e5 lykkedes os at drille dem, og hvorfor skulle vi ikke kunne det? Vi skal v\u00e6re de nordvestjyder, vi er, med f\u00f8dderne solidt plantet i den nordvestjyske muld. Men vi skal ogs\u00e5, s\u00e5dan som Niels (cheftr\u00e6ner Niels Agesen, red.) og holdet g\u00f8r, turde sige, at vi vil noget mere. Vi er \u00e6rgerrige og vil noget &#8211; og man ved aldrig, om det betyder, at vi ogs\u00e5 kan drille BSH, siger Sigurd Skovborg.<\/p>\n<a class=\"dvrt-link\" onClick=\"cdmtrack_click(104780,jQuery(this));return false\" href=\"https:\/\/www.spard.dk\/\"><img decoding=\"async\" style=\"width:100%;\" src=\"https:\/\/kunmedierne.dk\/mors\/wp-content\/uploads\/2023\/12\/sparekassen-dk-maj25.gif\"><\/a><script>cdmtrack_view(104780);<\/script>\n<p>S\u00e5 det er en sp\u00e6ndt og forventningsfuld direkt\u00f8r, der nu ser frem til s\u00e6sonens hidtil st\u00f8rste brag. Med Mors-Thy i et topopg\u00f8r mod en af ligaens store &#8211; og med sig selv som holdet p\u00e5 andenpladsen.<\/p>\n<p>Hvis det ogs\u00e5 er tilf\u00e6ldet efter kampen mod Bjerringbro-Silkeborg, vil h\u00e5ndboldfeberen stige en grad eller to. Men som det lyder med et grin fra Sigurd Skovborg:<\/p>\n<p>&#8211; S\u00e5 tager vi den febervildelse med, det g\u00f8r vi sgu!<\/p>\n<p>&nbsp;<\/p>\n<blockquote>\n<h3>FAKTA<\/h3>\n<h5>Mors-Thy mod Bjerringbro-Silkeborg:<\/h5>\n<h5>Ligakampe i alt: 36<br \/>\nVundne: 7<br \/>\nUafgjorte: 0<br \/>\nTabte: 29<\/h5>\n<h5>Hjemmekampe: 18<br \/>\nVundne: 4<br \/>\nUafgjorte: 0<br \/>\nTabte: 14<\/h5>\n<a class=\"dvrt-link\" onClick=\"cdmtrack_click(111725,jQuery(this));return false\" href=\"https:\/\/www.thistedforsikring.dk\/?utm_source=partnerskaber&amp;utm_campaign=kun_mors\"><img decoding=\"async\" style=\"width:100%;\" src=\"https:\/\/kunmedierne.dk\/mors\/wp-content\/uploads\/2024\/02\/269409KunMors-ThistedFor-1.png\"><\/a><script>cdmtrack_view(111725);<\/script>\n<h5>St\u00f8rste sejr:<br \/>\n26-22 (hjemme), februar 22<\/h5>\n<h5>St\u00f8rste nederlag:<br \/>\n26-43 (hjemme), oktober 09<\/h5>\n<h5>Seneste fem ligaopg\u00f8r (1-0-4):<br \/>\nMarts 21 \u2013 hjemme: 24-30<br \/>\nSeptember 21 \u2013 ude: 26-27<br \/>\nFebruar 22 \u2013 hjemme: 26-22<br \/>\nNovember 22 \u2013 hjemme: 25-30<br \/>\nApril 23 &#8211; ude: 27-32<\/h5>\n<h5>Stillingen i ligaen\u00a0<a href=\"https:\/\/tophaandbold.dk\/stillinger\/herreligaen\">her<\/a>.<\/h5>\n<\/blockquote>\n","protected":false},"excerpt":{"rendered":"<p>EUFORI: Der er ikke noget som sejre, der kan l\u00f8fte hum\u00f8ret omkring en h\u00e5ndboldklub. S\u00e5dan har det ogs\u00e5 v\u00e6ret i Mors-Thys 16 tidligere s\u00e6soner. Og lige nu ser nummer 17 ud til at kunne fremprovokere et af det st\u00f8rste anfald af h\u00e5ndboldfeber siden Final4-triumfen i 2021. For man er nummer to i ligaen og tager [&hellip;]<\/p>\n","protected":false},"author":8,"featured_media":102899,"comment_status":"closed","ping_status":"open","sticky":false,"template":"","format":"standard","meta":{"_acf_changed":false,"footnotes":""},"categories":[53],"tags":[],"class_list":["post-102897","post","type-post","status-publish","format-standard","has-post-thumbnail","hentry","category-sport"],"acf":[],"yoast_head":"<!-- This site is optimized with the Yoast SEO plugin v26.8 - https:\/\/yoast.com\/product\/yoast-seo-wordpress\/ -->\n<title>- S\u00e5 tager vi den febervildelse med, det g\u00f8r vi sgu! - Mors<\/title>\n<meta name=\"robots\" content=\"index, follow, max-snippet:-1, max-image-preview:large, max-video-preview:-1\" \/>\n<link rel=\"canonical\" href=\"https:\/\/kunmedierne.dk\/mors\/saa-tager-vi-den-febervildelse-med-det-goer-vi-sgu\/\" \/>\n<meta property=\"og:locale\" content=\"da_DK\" \/>\n<meta property=\"og:type\" content=\"article\" \/>\n<meta property=\"og:title\" content=\"- S\u00e5 tager vi den febervildelse med, det g\u00f8r vi sgu! - Mors\" \/>\n<meta property=\"og:description\" content=\"EUFORI: Der er ikke noget som sejre, der kan l\u00f8fte hum\u00f8ret omkring en h\u00e5ndboldklub. S\u00e5dan har det ogs\u00e5 v\u00e6ret i Mors-Thys 16 tidligere s\u00e6soner. Og lige nu ser nummer 17 ud til at kunne fremprovokere et af det st\u00f8rste anfald af h\u00e5ndboldfeber siden Final4-triumfen i 2021. For man er nummer to i ligaen og tager [&hellip;]\" \/>\n<meta property=\"og:url\" content=\"https:\/\/kunmedierne.dk\/mors\/saa-tager-vi-den-febervildelse-med-det-goer-vi-sgu\/\" \/>\n<meta property=\"og:site_name\" content=\"Mors\" \/>\n<meta property=\"article:published_time\" content=\"2023-09-27T16:21:08+00:00\" \/>\n<meta property=\"article:modified_time\" content=\"2024-08-12T11:11:49+00:00\" \/>\n<meta property=\"og:image\" content=\"https:\/\/kunmedierne.dk\/mors\/wp-content\/uploads\/2023\/09\/230503-mth-soenderjyske-5.jpg\" \/>\n\t<meta property=\"og:image:width\" content=\"770\" \/>\n\t<meta property=\"og:image:height\" content=\"513\" \/>\n\t<meta property=\"og:image:type\" content=\"image\/jpeg\" \/>\n<meta name=\"author\" content=\"David H\u00f8jmark\" \/>\n<meta name=\"twitter:card\" content=\"summary_large_image\" \/>\n<meta name=\"twitter:label1\" content=\"Skrevet af\" \/>\n\t<meta name=\"twitter:data1\" content=\"David H\u00f8jmark\" \/>\n\t<meta name=\"twitter:label2\" content=\"Estimeret l\u00e6setid\" \/>\n\t<meta name=\"twitter:data2\" content=\"5 minutter\" \/>\n<script type=\"application\/ld+json\" class=\"yoast-schema-graph\">{\"@context\":\"https:\/\/schema.org\",\"@graph\":[{\"@type\":\"Article\",\"@id\":\"https:\/\/kunmedierne.dk\/mors\/saa-tager-vi-den-febervildelse-med-det-goer-vi-sgu\/#article\",\"isPartOf\":{\"@id\":\"https:\/\/kunmedierne.dk\/mors\/saa-tager-vi-den-febervildelse-med-det-goer-vi-sgu\/\"},\"author\":{\"name\":\"David H\u00f8jmark\",\"@id\":\"https:\/\/kunmedierne.dk\/mors\/#\/schema\/person\/5fe23251bf1d0abbcdc6f7896579d548\"},\"headline\":\"&#8211; S\u00e5 tager vi den febervildelse med, det g\u00f8r vi sgu!\",\"datePublished\":\"2023-09-27T16:21:08+00:00\",\"dateModified\":\"2024-08-12T11:11:49+00:00\",\"mainEntityOfPage\":{\"@id\":\"https:\/\/kunmedierne.dk\/mors\/saa-tager-vi-den-febervildelse-med-det-goer-vi-sgu\/\"},\"wordCount\":845,\"publisher\":{\"@id\":\"https:\/\/kunmedierne.dk\/mors\/#organization\"},\"image\":{\"@id\":\"https:\/\/kunmedierne.dk\/mors\/saa-tager-vi-den-febervildelse-med-det-goer-vi-sgu\/#primaryimage\"},\"thumbnailUrl\":\"https:\/\/kunmedierne.dk\/mors\/wp-content\/uploads\/2023\/09\/230503-mth-soenderjyske-5.jpg\",\"articleSection\":[\"Sport\"],\"inLanguage\":\"da-DK\"},{\"@type\":\"WebPage\",\"@id\":\"https:\/\/kunmedierne.dk\/mors\/saa-tager-vi-den-febervildelse-med-det-goer-vi-sgu\/\",\"url\":\"https:\/\/kunmedierne.dk\/mors\/saa-tager-vi-den-febervildelse-med-det-goer-vi-sgu\/\",\"name\":\"- S\u00e5 tager vi den febervildelse med, det g\u00f8r vi sgu! - Mors\",\"isPartOf\":{\"@id\":\"https:\/\/kunmedierne.dk\/mors\/#website\"},\"primaryImageOfPage\":{\"@id\":\"https:\/\/kunmedierne.dk\/mors\/saa-tager-vi-den-febervildelse-med-det-goer-vi-sgu\/#primaryimage\"},\"image\":{\"@id\":\"https:\/\/kunmedierne.dk\/mors\/saa-tager-vi-den-febervildelse-med-det-goer-vi-sgu\/#primaryimage\"},\"thumbnailUrl\":\"https:\/\/kunmedierne.dk\/mors\/wp-content\/uploads\/2023\/09\/230503-mth-soenderjyske-5.jpg\",\"datePublished\":\"2023-09-27T16:21:08+00:00\",\"dateModified\":\"2024-08-12T11:11:49+00:00\",\"breadcrumb\":{\"@id\":\"https:\/\/kunmedierne.dk\/mors\/saa-tager-vi-den-febervildelse-med-det-goer-vi-sgu\/#breadcrumb\"},\"inLanguage\":\"da-DK\",\"potentialAction\":[{\"@type\":\"ReadAction\",\"target\":[\"https:\/\/kunmedierne.dk\/mors\/saa-tager-vi-den-febervildelse-med-det-goer-vi-sgu\/\"]}]},{\"@type\":\"ImageObject\",\"inLanguage\":\"da-DK\",\"@id\":\"https:\/\/kunmedierne.dk\/mors\/saa-tager-vi-den-febervildelse-med-det-goer-vi-sgu\/#primaryimage\",\"url\":\"https:\/\/kunmedierne.dk\/mors\/wp-content\/uploads\/2023\/09\/230503-mth-soenderjyske-5.jpg\",\"contentUrl\":\"https:\/\/kunmedierne.dk\/mors\/wp-content\/uploads\/2023\/09\/230503-mth-soenderjyske-5.jpg\",\"width\":770,\"height\":513,\"caption\":\"Superfan Peter Smedegaard og resten af arenaen kan g\u00e5 i feberstemning, hvis Mors-Thy vinder torsdag aftens topopg\u00f8r mod Bjerringbro-Silkeborg. Arkivfoto: Ole Geerthsen.\"},{\"@type\":\"BreadcrumbList\",\"@id\":\"https:\/\/kunmedierne.dk\/mors\/saa-tager-vi-den-febervildelse-med-det-goer-vi-sgu\/#breadcrumb\",\"itemListElement\":[{\"@type\":\"ListItem\",\"position\":1,\"name\":\"Hjem\",\"item\":\"https:\/\/kunmedierne.dk\/mors\/\"},{\"@type\":\"ListItem\",\"position\":2,\"name\":\"&#8211; S\u00e5 tager vi den febervildelse med, det g\u00f8r vi sgu!\"}]},{\"@type\":\"WebSite\",\"@id\":\"https:\/\/kunmedierne.dk\/mors\/#website\",\"url\":\"https:\/\/kunmedierne.dk\/mors\/\",\"name\":\"Mors\",\"description\":\"et netmedie med journalistik om livet p\u00e5 Mors\",\"publisher\":{\"@id\":\"https:\/\/kunmedierne.dk\/mors\/#organization\"},\"potentialAction\":[{\"@type\":\"SearchAction\",\"target\":{\"@type\":\"EntryPoint\",\"urlTemplate\":\"https:\/\/kunmedierne.dk\/mors\/?s={search_term_string}\"},\"query-input\":{\"@type\":\"PropertyValueSpecification\",\"valueRequired\":true,\"valueName\":\"search_term_string\"}}],\"inLanguage\":\"da-DK\"},{\"@type\":\"Organization\",\"@id\":\"https:\/\/kunmedierne.dk\/mors\/#organization\",\"name\":\"Mors\",\"url\":\"https:\/\/kunmedierne.dk\/mors\/\",\"logo\":{\"@type\":\"ImageObject\",\"inLanguage\":\"da-DK\",\"@id\":\"https:\/\/kunmedierne.dk\/mors\/#\/schema\/logo\/image\/\",\"url\":\"https:\/\/kunmedierne.dk\/mors\/wp-content\/uploads\/2024\/08\/kunmors-logo.svg\",\"contentUrl\":\"https:\/\/kunmedierne.dk\/mors\/wp-content\/uploads\/2024\/08\/kunmors-logo.svg\",\"caption\":\"Mors\"},\"image\":{\"@id\":\"https:\/\/kunmedierne.dk\/mors\/#\/schema\/logo\/image\/\"}},{\"@type\":\"Person\",\"@id\":\"https:\/\/kunmedierne.dk\/mors\/#\/schema\/person\/5fe23251bf1d0abbcdc6f7896579d548\",\"name\":\"David H\u00f8jmark\",\"image\":{\"@type\":\"ImageObject\",\"inLanguage\":\"da-DK\",\"@id\":\"https:\/\/kunmedierne.dk\/mors\/#\/schema\/person\/image\/\",\"url\":\"https:\/\/secure.gravatar.com\/avatar\/4315d6fb9ef244d729989f5f90268eb08d5bf8a3d84402f595fa194bb35784fd?s=96&d=mm&r=g\",\"contentUrl\":\"https:\/\/secure.gravatar.com\/avatar\/4315d6fb9ef244d729989f5f90268eb08d5bf8a3d84402f595fa194bb35784fd?s=96&d=mm&r=g\",\"caption\":\"David H\u00f8jmark\"},\"sameAs\":[\"https:\/\/www.kunmedierne.dk\"],\"url\":\"https:\/\/kunmedierne.dk\/mors\/author\/david\/\"}]}<\/script>\n<!-- \/ Yoast SEO plugin. -->","yoast_head_json":{"title":"- S\u00e5 tager vi den febervildelse med, det g\u00f8r vi sgu! - Mors","robots":{"index":"index","follow":"follow","max-snippet":"max-snippet:-1","max-image-preview":"max-image-preview:large","max-video-preview":"max-video-preview:-1"},"canonical":"https:\/\/kunmedierne.dk\/mors\/saa-tager-vi-den-febervildelse-med-det-goer-vi-sgu\/","og_locale":"da_DK","og_type":"article","og_title":"- S\u00e5 tager vi den febervildelse med, det g\u00f8r vi sgu! - Mors","og_description":"EUFORI: Der er ikke noget som sejre, der kan l\u00f8fte hum\u00f8ret omkring en h\u00e5ndboldklub. S\u00e5dan har det ogs\u00e5 v\u00e6ret i Mors-Thys 16 tidligere s\u00e6soner. Og lige nu ser nummer 17 ud til at kunne fremprovokere et af det st\u00f8rste anfald af h\u00e5ndboldfeber siden Final4-triumfen i 2021. For man er nummer to i ligaen og tager [&hellip;]","og_url":"https:\/\/kunmedierne.dk\/mors\/saa-tager-vi-den-febervildelse-med-det-goer-vi-sgu\/","og_site_name":"Mors","article_published_time":"2023-09-27T16:21:08+00:00","article_modified_time":"2024-08-12T11:11:49+00:00","og_image":[{"width":770,"height":513,"url":"https:\/\/kunmedierne.dk\/mors\/wp-content\/uploads\/2023\/09\/230503-mth-soenderjyske-5.jpg","type":"image\/jpeg"}],"author":"David H\u00f8jmark","twitter_card":"summary_large_image","twitter_misc":{"Skrevet af":"David H\u00f8jmark","Estimeret l\u00e6setid":"5 minutter"},"schema":{"@context":"https:\/\/schema.org","@graph":[{"@type":"Article","@id":"https:\/\/kunmedierne.dk\/mors\/saa-tager-vi-den-febervildelse-med-det-goer-vi-sgu\/#article","isPartOf":{"@id":"https:\/\/kunmedierne.dk\/mors\/saa-tager-vi-den-febervildelse-med-det-goer-vi-sgu\/"},"author":{"name":"David H\u00f8jmark","@id":"https:\/\/kunmedierne.dk\/mors\/#\/schema\/person\/5fe23251bf1d0abbcdc6f7896579d548"},"headline":"&#8211; S\u00e5 tager vi den febervildelse med, det g\u00f8r vi sgu!","datePublished":"2023-09-27T16:21:08+00:00","dateModified":"2024-08-12T11:11:49+00:00","mainEntityOfPage":{"@id":"https:\/\/kunmedierne.dk\/mors\/saa-tager-vi-den-febervildelse-med-det-goer-vi-sgu\/"},"wordCount":845,"publisher":{"@id":"https:\/\/kunmedierne.dk\/mors\/#organization"},"image":{"@id":"https:\/\/kunmedierne.dk\/mors\/saa-tager-vi-den-febervildelse-med-det-goer-vi-sgu\/#primaryimage"},"thumbnailUrl":"https:\/\/kunmedierne.dk\/mors\/wp-content\/uploads\/2023\/09\/230503-mth-soenderjyske-5.jpg","articleSection":["Sport"],"inLanguage":"da-DK"},{"@type":"WebPage","@id":"https:\/\/kunmedierne.dk\/mors\/saa-tager-vi-den-febervildelse-med-det-goer-vi-sgu\/","url":"https:\/\/kunmedierne.dk\/mors\/saa-tager-vi-den-febervildelse-med-det-goer-vi-sgu\/","name":"- S\u00e5 tager vi den febervildelse med, det g\u00f8r vi sgu! - Mors","isPartOf":{"@id":"https:\/\/kunmedierne.dk\/mors\/#website"},"primaryImageOfPage":{"@id":"https:\/\/kunmedierne.dk\/mors\/saa-tager-vi-den-febervildelse-med-det-goer-vi-sgu\/#primaryimage"},"image":{"@id":"https:\/\/kunmedierne.dk\/mors\/saa-tager-vi-den-febervildelse-med-det-goer-vi-sgu\/#primaryimage"},"thumbnailUrl":"https:\/\/kunmedierne.dk\/mors\/wp-content\/uploads\/2023\/09\/230503-mth-soenderjyske-5.jpg","datePublished":"2023-09-27T16:21:08+00:00","dateModified":"2024-08-12T11:11:49+00:00","breadcrumb":{"@id":"https:\/\/kunmedierne.dk\/mors\/saa-tager-vi-den-febervildelse-med-det-goer-vi-sgu\/#breadcrumb"},"inLanguage":"da-DK","potentialAction":[{"@type":"ReadAction","target":["https:\/\/kunmedierne.dk\/mors\/saa-tager-vi-den-febervildelse-med-det-goer-vi-sgu\/"]}]},{"@type":"ImageObject","inLanguage":"da-DK","@id":"https:\/\/kunmedierne.dk\/mors\/saa-tager-vi-den-febervildelse-med-det-goer-vi-sgu\/#primaryimage","url":"https:\/\/kunmedierne.dk\/mors\/wp-content\/uploads\/2023\/09\/230503-mth-soenderjyske-5.jpg","contentUrl":"https:\/\/kunmedierne.dk\/mors\/wp-content\/uploads\/2023\/09\/230503-mth-soenderjyske-5.jpg","width":770,"height":513,"caption":"Superfan Peter Smedegaard og resten af arenaen kan g\u00e5 i feberstemning, hvis Mors-Thy vinder torsdag aftens topopg\u00f8r mod Bjerringbro-Silkeborg. Arkivfoto: Ole Geerthsen."},{"@type":"BreadcrumbList","@id":"https:\/\/kunmedierne.dk\/mors\/saa-tager-vi-den-febervildelse-med-det-goer-vi-sgu\/#breadcrumb","itemListElement":[{"@type":"ListItem","position":1,"name":"Hjem","item":"https:\/\/kunmedierne.dk\/mors\/"},{"@type":"ListItem","position":2,"name":"&#8211; S\u00e5 tager vi den febervildelse med, det g\u00f8r vi sgu!"}]},{"@type":"WebSite","@id":"https:\/\/kunmedierne.dk\/mors\/#website","url":"https:\/\/kunmedierne.dk\/mors\/","name":"Mors","description":"et netmedie med journalistik om livet p\u00e5 Mors","publisher":{"@id":"https:\/\/kunmedierne.dk\/mors\/#organization"},"potentialAction":[{"@type":"SearchAction","target":{"@type":"EntryPoint","urlTemplate":"https:\/\/kunmedierne.dk\/mors\/?s={search_term_string}"},"query-input":{"@type":"PropertyValueSpecification","valueRequired":true,"valueName":"search_term_string"}}],"inLanguage":"da-DK"},{"@type":"Organization","@id":"https:\/\/kunmedierne.dk\/mors\/#organization","name":"Mors","url":"https:\/\/kunmedierne.dk\/mors\/","logo":{"@type":"ImageObject","inLanguage":"da-DK","@id":"https:\/\/kunmedierne.dk\/mors\/#\/schema\/logo\/image\/","url":"https:\/\/kunmedierne.dk\/mors\/wp-content\/uploads\/2024\/08\/kunmors-logo.svg","contentUrl":"https:\/\/kunmedierne.dk\/mors\/wp-content\/uploads\/2024\/08\/kunmors-logo.svg","caption":"Mors"},"image":{"@id":"https:\/\/kunmedierne.dk\/mors\/#\/schema\/logo\/image\/"}},{"@type":"Person","@id":"https:\/\/kunmedierne.dk\/mors\/#\/schema\/person\/5fe23251bf1d0abbcdc6f7896579d548","name":"David H\u00f8jmark","image":{"@type":"ImageObject","inLanguage":"da-DK","@id":"https:\/\/kunmedierne.dk\/mors\/#\/schema\/person\/image\/","url":"https:\/\/secure.gravatar.com\/avatar\/4315d6fb9ef244d729989f5f90268eb08d5bf8a3d84402f595fa194bb35784fd?s=96&d=mm&r=g","contentUrl":"https:\/\/secure.gravatar.com\/avatar\/4315d6fb9ef244d729989f5f90268eb08d5bf8a3d84402f595fa194bb35784fd?s=96&d=mm&r=g","caption":"David H\u00f8jmark"},"sameAs":["https:\/\/www.kunmedierne.dk"],"url":"https:\/\/kunmedierne.dk\/mors\/author\/david\/"}]}},"_links":{"self":[{"href":"https:\/\/kunmedierne.dk\/mors\/wp-json\/wp\/v2\/posts\/102897","targetHints":{"allow":["GET"]}}],"collection":[{"href":"https:\/\/kunmedierne.dk\/mors\/wp-json\/wp\/v2\/posts"}],"about":[{"href":"https:\/\/kunmedierne.dk\/mors\/wp-json\/wp\/v2\/types\/post"}],"author":[{"embeddable":true,"href":"https:\/\/kunmedierne.dk\/mors\/wp-json\/wp\/v2\/users\/8"}],"replies":[{"embeddable":true,"href":"https:\/\/kunmedierne.dk\/mors\/wp-json\/wp\/v2\/comments?post=102897"}],"version-history":[{"count":2,"href":"https:\/\/kunmedierne.dk\/mors\/wp-json\/wp\/v2\/posts\/102897\/revisions"}],"predecessor-version":[{"id":102900,"href":"https:\/\/kunmedierne.dk\/mors\/wp-json\/wp\/v2\/posts\/102897\/revisions\/102900"}],"wp:featuredmedia":[{"embeddable":true,"href":"https:\/\/kunmedierne.dk\/mors\/wp-json\/wp\/v2\/media\/102899"}],"wp:attachment":[{"href":"https:\/\/kunmedierne.dk\/mors\/wp-json\/wp\/v2\/media?parent=102897"}],"wp:term":[{"taxonomy":"category","embeddable":true,"href":"https:\/\/kunmedierne.dk\/mors\/wp-json\/wp\/v2\/categories?post=102897"},{"taxonomy":"post_tag","embeddable":true,"href":"https:\/\/kunmedierne.dk\/mors\/wp-json\/wp\/v2\/tags?post=102897"}],"curies":[{"name":"wp","href":"https:\/\/api.w.org\/{rel}","templated":true}]}}