{"id":101517,"date":"2023-09-08T10:09:19","date_gmt":"2023-09-08T08:09:19","guid":{"rendered":"https:\/\/kunmedierne.dk\/mors\/?p=101517"},"modified":"2024-08-12T13:11:55","modified_gmt":"2024-08-12T11:11:55","slug":"ny-direktoer-til-krone-kapital","status":"publish","type":"post","link":"https:\/\/kunmedierne.dk\/mors\/ny-direktoer-til-krone-kapital\/","title":{"rendered":"Ny direkt\u00f8r til Krone Kapital"},"content":{"rendered":"<p><strong>NYK\u00d8BING<\/strong>: Efter 11 \u00e5r med samme mand i spidsen f\u00e5r Krone Kapital ny direkt\u00f8r. Inden nyt\u00e5r overtager Allan Thisted Esbensen opgaverne fra Peter Christensen, der siden 2012 har v\u00e6ret direkt\u00f8r for det Nyk\u00f8bing-baserede leasingselskab.<\/p>\n<p>Det fort\u00e6ller Krone Kapital i en pressemeddelelse.<\/p>\n<p>Allan Thisted Esbensen, 44 \u00e5r, kommer fra en stilling som afdelingsdirekt\u00f8r med ansvaret for forretningsudvikling i Sparekassen Kronjylland. Udover erfaringen fra det seneste job har Allan Thisted Esbensen arbejdet i forskellige finansielle virksomheder med arbejdsomr\u00e5der inden for ledelse og r\u00e5dgivning af b\u00e5de privat- og erhvervskunder.<\/p>\n<a class=\"dvrt-link\" onClick=\"cdmtrack_click(104786,jQuery(this));return false\" href=\"https:\/\/limfjordsteatret.dk\/events\/tobias-dybvad-mit-bedste-onemanshow\/\"><img decoding=\"async\" style=\"width:100%;\" src=\"https:\/\/kunmedierne.dk\/mors\/wp-content\/uploads\/2023\/10\/aarskortLim_KunMors_1100x125.jpg\"><\/a><script>cdmtrack_view(104786);<\/script>\n<div class=\"content-section content-section--xs content-section-text js-in-view-trigger js-in-view\">\n<div class=\"content-section-inner\">\n<p>Udover erhvervserfaringen har Allan Thisted Esbensen suppleret og styrket sin ballast med en HA (BSc Erhvervs\u00f8konomi) og en MBA fra Aarhus Universitet. Privat er Allan bosat i Kjellerup med sin hustru og to b\u00f8rn.<\/p>\n<\/div>\n<\/div>\n<p>&nbsp;<\/p>\n<p><strong>Sikring af den fortsatte rejse<\/strong><\/p>\n<p>&#8211; Rekrutteringsforl\u00f8bet har v\u00e6ret en god proces, hvor der har v\u00e6ret et sp\u00e6ndende og kompetent felt af kandidater. Der har v\u00e6ret fuld enighed i bestyrelsen om, at vi har valgt den bedste kandidat. Allan besidder en god balance af b\u00e5de finansiel kompetence og ikke mindst en ledelsesm\u00e6ssig kompetence, der er helt central for funktionen, fort\u00e6ller bestyrelsesformand Henning Hyrdum og forts\u00e6tter:<\/p>\n<div class=\"content-section content-section--xs content-section-text js-in-view-trigger js-in-view\">\n<div class=\"content-section-inner\">\n<p>\u2013 Vores afg\u00e5ende direkt\u00f8r Peter Christensen har form\u00e5et at l\u00f8fte Krone Kapital ud af rollen som et lille leasingselskab og op i et h\u00f8jere niveau. I ejerkredsen ser vi fortsat et stort potentiale i at udvikle vores f\u00e6lles leasingselskab, og med Allan i spidsen er vi sikre p\u00e5, at udviklingen af Krone Kapital kan forts\u00e6tte, siger Henning Hyrdum.<\/p>\n<a class=\"dvrt-link\" onClick=\"cdmtrack_click(104785,jQuery(this));return false\" href=\"https:\/\/www.facebook.com\/lyndrups\"><img decoding=\"async\" style=\"width:100%;\" src=\"https:\/\/kunmedierne.dk\/mors\/wp-content\/uploads\/2022\/02\/vip-lyndrups-rengoering.jpg\"><\/a><script>cdmtrack_view(104785);<\/script>\n<\/div>\n<\/div>\n<p>N\u00e5r Allan Thisted Esbensen tiltr\u00e6der pr 1. oktober 2023, kommer han til at k\u00f8re parl\u00f8b med Peter Christensen \u00e5ret ud. Efter nyt\u00e5r har bestyrelsen \u00f8nsket at tilknytte Peter Christensen som konsulent, og han vil dermed fortsat have sin gang i Krone Kapital i en periode.<\/p>\n<blockquote>\n<h3>FAKTA<\/h3>\n<h5>Krone Kapital A\/S er ejet af Sparekassen Thy og Sparekassen Kronjylland. Krone Kapital A\/S har eksisteret siden \u00e5r 2000, og besk\u00e6ftiger i dag 57 medarbejdere med kontor Nyk\u00f8bing og h\u00e5ndterer en samlet forretningsvolumen p\u00e5 5,5 mia. kr.<\/h5>\n<\/blockquote>\n","protected":false},"excerpt":{"rendered":"<p>NYK\u00d8BING: Efter 11 \u00e5r med samme mand i spidsen f\u00e5r Krone Kapital ny direkt\u00f8r. Inden nyt\u00e5r overtager Allan Thisted Esbensen opgaverne fra Peter Christensen, der siden 2012 har v\u00e6ret direkt\u00f8r for det Nyk\u00f8bing-baserede leasingselskab. Det fort\u00e6ller Krone Kapital i en pressemeddelelse. Allan Thisted Esbensen, 44 \u00e5r, kommer fra en stilling som afdelingsdirekt\u00f8r med ansvaret for [&hellip;]<\/p>\n","protected":false},"author":8,"featured_media":101519,"comment_status":"closed","ping_status":"open","sticky":false,"template":"","format":"standard","meta":{"_acf_changed":false,"footnotes":""},"categories":[51,52],"tags":[159],"class_list":["post-101517","post","type-post","status-publish","format-standard","has-post-thumbnail","hentry","category-lokalt","category-navne","tag-erhverv"],"acf":[],"yoast_head":"<!-- This site is optimized with the Yoast SEO plugin v26.8 - https:\/\/yoast.com\/product\/yoast-seo-wordpress\/ -->\n<title>Ny direkt\u00f8r til Krone Kapital - Mors<\/title>\n<meta name=\"robots\" content=\"index, follow, max-snippet:-1, max-image-preview:large, max-video-preview:-1\" \/>\n<link rel=\"canonical\" href=\"https:\/\/kunmedierne.dk\/mors\/ny-direktoer-til-krone-kapital\/\" \/>\n<meta property=\"og:locale\" content=\"da_DK\" \/>\n<meta property=\"og:type\" content=\"article\" \/>\n<meta property=\"og:title\" content=\"Ny direkt\u00f8r til Krone Kapital - Mors\" \/>\n<meta property=\"og:description\" content=\"NYK\u00d8BING: Efter 11 \u00e5r med samme mand i spidsen f\u00e5r Krone Kapital ny direkt\u00f8r. Inden nyt\u00e5r overtager Allan Thisted Esbensen opgaverne fra Peter Christensen, der siden 2012 har v\u00e6ret direkt\u00f8r for det Nyk\u00f8bing-baserede leasingselskab. Det fort\u00e6ller Krone Kapital i en pressemeddelelse. Allan Thisted Esbensen, 44 \u00e5r, kommer fra en stilling som afdelingsdirekt\u00f8r med ansvaret for [&hellip;]\" \/>\n<meta property=\"og:url\" content=\"https:\/\/kunmedierne.dk\/mors\/ny-direktoer-til-krone-kapital\/\" \/>\n<meta property=\"og:site_name\" content=\"Mors\" \/>\n<meta property=\"article:published_time\" content=\"2023-09-08T08:09:19+00:00\" \/>\n<meta property=\"article:modified_time\" content=\"2024-08-12T11:11:55+00:00\" \/>\n<meta property=\"og:image\" content=\"https:\/\/kunmedierne.dk\/mors\/wp-content\/uploads\/2023\/09\/Allan_Thisted_Esbensen-1200x802-1.png\" \/>\n\t<meta property=\"og:image:width\" content=\"770\" \/>\n\t<meta property=\"og:image:height\" content=\"515\" \/>\n\t<meta property=\"og:image:type\" content=\"image\/png\" \/>\n<meta name=\"author\" content=\"David H\u00f8jmark\" \/>\n<meta name=\"twitter:card\" content=\"summary_large_image\" \/>\n<meta name=\"twitter:label1\" content=\"Skrevet af\" \/>\n\t<meta name=\"twitter:data1\" content=\"David H\u00f8jmark\" \/>\n\t<meta name=\"twitter:label2\" content=\"Estimeret l\u00e6setid\" \/>\n\t<meta name=\"twitter:data2\" content=\"2 minutter\" \/>\n<script type=\"application\/ld+json\" class=\"yoast-schema-graph\">{\"@context\":\"https:\/\/schema.org\",\"@graph\":[{\"@type\":\"Article\",\"@id\":\"https:\/\/kunmedierne.dk\/mors\/ny-direktoer-til-krone-kapital\/#article\",\"isPartOf\":{\"@id\":\"https:\/\/kunmedierne.dk\/mors\/ny-direktoer-til-krone-kapital\/\"},\"author\":{\"name\":\"David H\u00f8jmark\",\"@id\":\"https:\/\/kunmedierne.dk\/mors\/#\/schema\/person\/5fe23251bf1d0abbcdc6f7896579d548\"},\"headline\":\"Ny direkt\u00f8r til Krone Kapital\",\"datePublished\":\"2023-09-08T08:09:19+00:00\",\"dateModified\":\"2024-08-12T11:11:55+00:00\",\"mainEntityOfPage\":{\"@id\":\"https:\/\/kunmedierne.dk\/mors\/ny-direktoer-til-krone-kapital\/\"},\"wordCount\":368,\"publisher\":{\"@id\":\"https:\/\/kunmedierne.dk\/mors\/#organization\"},\"image\":{\"@id\":\"https:\/\/kunmedierne.dk\/mors\/ny-direktoer-til-krone-kapital\/#primaryimage\"},\"thumbnailUrl\":\"https:\/\/kunmedierne.dk\/mors\/wp-content\/uploads\/2023\/09\/Allan_Thisted_Esbensen-1200x802-1.png\",\"keywords\":[\"Erhverv\"],\"articleSection\":[\"Lokalt\",\"Navne\"],\"inLanguage\":\"da-DK\"},{\"@type\":\"WebPage\",\"@id\":\"https:\/\/kunmedierne.dk\/mors\/ny-direktoer-til-krone-kapital\/\",\"url\":\"https:\/\/kunmedierne.dk\/mors\/ny-direktoer-til-krone-kapital\/\",\"name\":\"Ny direkt\u00f8r til Krone Kapital - Mors\",\"isPartOf\":{\"@id\":\"https:\/\/kunmedierne.dk\/mors\/#website\"},\"primaryImageOfPage\":{\"@id\":\"https:\/\/kunmedierne.dk\/mors\/ny-direktoer-til-krone-kapital\/#primaryimage\"},\"image\":{\"@id\":\"https:\/\/kunmedierne.dk\/mors\/ny-direktoer-til-krone-kapital\/#primaryimage\"},\"thumbnailUrl\":\"https:\/\/kunmedierne.dk\/mors\/wp-content\/uploads\/2023\/09\/Allan_Thisted_Esbensen-1200x802-1.png\",\"datePublished\":\"2023-09-08T08:09:19+00:00\",\"dateModified\":\"2024-08-12T11:11:55+00:00\",\"breadcrumb\":{\"@id\":\"https:\/\/kunmedierne.dk\/mors\/ny-direktoer-til-krone-kapital\/#breadcrumb\"},\"inLanguage\":\"da-DK\",\"potentialAction\":[{\"@type\":\"ReadAction\",\"target\":[\"https:\/\/kunmedierne.dk\/mors\/ny-direktoer-til-krone-kapital\/\"]}]},{\"@type\":\"ImageObject\",\"inLanguage\":\"da-DK\",\"@id\":\"https:\/\/kunmedierne.dk\/mors\/ny-direktoer-til-krone-kapital\/#primaryimage\",\"url\":\"https:\/\/kunmedierne.dk\/mors\/wp-content\/uploads\/2023\/09\/Allan_Thisted_Esbensen-1200x802-1.png\",\"contentUrl\":\"https:\/\/kunmedierne.dk\/mors\/wp-content\/uploads\/2023\/09\/Allan_Thisted_Esbensen-1200x802-1.png\",\"width\":770,\"height\":515,\"caption\":\"Allan Thisted Esbensen bliver direkt\u00f8r for Krone Kapital. Foto: Krone Kapital.\"},{\"@type\":\"BreadcrumbList\",\"@id\":\"https:\/\/kunmedierne.dk\/mors\/ny-direktoer-til-krone-kapital\/#breadcrumb\",\"itemListElement\":[{\"@type\":\"ListItem\",\"position\":1,\"name\":\"Hjem\",\"item\":\"https:\/\/kunmedierne.dk\/mors\/\"},{\"@type\":\"ListItem\",\"position\":2,\"name\":\"Ny direkt\u00f8r til Krone Kapital\"}]},{\"@type\":\"WebSite\",\"@id\":\"https:\/\/kunmedierne.dk\/mors\/#website\",\"url\":\"https:\/\/kunmedierne.dk\/mors\/\",\"name\":\"Mors\",\"description\":\"et netmedie med journalistik om livet p\u00e5 Mors\",\"publisher\":{\"@id\":\"https:\/\/kunmedierne.dk\/mors\/#organization\"},\"potentialAction\":[{\"@type\":\"SearchAction\",\"target\":{\"@type\":\"EntryPoint\",\"urlTemplate\":\"https:\/\/kunmedierne.dk\/mors\/?s={search_term_string}\"},\"query-input\":{\"@type\":\"PropertyValueSpecification\",\"valueRequired\":true,\"valueName\":\"search_term_string\"}}],\"inLanguage\":\"da-DK\"},{\"@type\":\"Organization\",\"@id\":\"https:\/\/kunmedierne.dk\/mors\/#organization\",\"name\":\"Mors\",\"url\":\"https:\/\/kunmedierne.dk\/mors\/\",\"logo\":{\"@type\":\"ImageObject\",\"inLanguage\":\"da-DK\",\"@id\":\"https:\/\/kunmedierne.dk\/mors\/#\/schema\/logo\/image\/\",\"url\":\"https:\/\/kunmedierne.dk\/mors\/wp-content\/uploads\/2024\/08\/kunmors-logo.svg\",\"contentUrl\":\"https:\/\/kunmedierne.dk\/mors\/wp-content\/uploads\/2024\/08\/kunmors-logo.svg\",\"caption\":\"Mors\"},\"image\":{\"@id\":\"https:\/\/kunmedierne.dk\/mors\/#\/schema\/logo\/image\/\"}},{\"@type\":\"Person\",\"@id\":\"https:\/\/kunmedierne.dk\/mors\/#\/schema\/person\/5fe23251bf1d0abbcdc6f7896579d548\",\"name\":\"David H\u00f8jmark\",\"image\":{\"@type\":\"ImageObject\",\"inLanguage\":\"da-DK\",\"@id\":\"https:\/\/kunmedierne.dk\/mors\/#\/schema\/person\/image\/\",\"url\":\"https:\/\/secure.gravatar.com\/avatar\/4315d6fb9ef244d729989f5f90268eb08d5bf8a3d84402f595fa194bb35784fd?s=96&d=mm&r=g\",\"contentUrl\":\"https:\/\/secure.gravatar.com\/avatar\/4315d6fb9ef244d729989f5f90268eb08d5bf8a3d84402f595fa194bb35784fd?s=96&d=mm&r=g\",\"caption\":\"David H\u00f8jmark\"},\"sameAs\":[\"https:\/\/www.kunmedierne.dk\"],\"url\":\"https:\/\/kunmedierne.dk\/mors\/author\/david\/\"}]}<\/script>\n<!-- \/ Yoast SEO plugin. -->","yoast_head_json":{"title":"Ny direkt\u00f8r til Krone Kapital - Mors","robots":{"index":"index","follow":"follow","max-snippet":"max-snippet:-1","max-image-preview":"max-image-preview:large","max-video-preview":"max-video-preview:-1"},"canonical":"https:\/\/kunmedierne.dk\/mors\/ny-direktoer-til-krone-kapital\/","og_locale":"da_DK","og_type":"article","og_title":"Ny direkt\u00f8r til Krone Kapital - Mors","og_description":"NYK\u00d8BING: Efter 11 \u00e5r med samme mand i spidsen f\u00e5r Krone Kapital ny direkt\u00f8r. Inden nyt\u00e5r overtager Allan Thisted Esbensen opgaverne fra Peter Christensen, der siden 2012 har v\u00e6ret direkt\u00f8r for det Nyk\u00f8bing-baserede leasingselskab. Det fort\u00e6ller Krone Kapital i en pressemeddelelse. Allan Thisted Esbensen, 44 \u00e5r, kommer fra en stilling som afdelingsdirekt\u00f8r med ansvaret for [&hellip;]","og_url":"https:\/\/kunmedierne.dk\/mors\/ny-direktoer-til-krone-kapital\/","og_site_name":"Mors","article_published_time":"2023-09-08T08:09:19+00:00","article_modified_time":"2024-08-12T11:11:55+00:00","og_image":[{"width":770,"height":515,"url":"https:\/\/kunmedierne.dk\/mors\/wp-content\/uploads\/2023\/09\/Allan_Thisted_Esbensen-1200x802-1.png","type":"image\/png"}],"author":"David H\u00f8jmark","twitter_card":"summary_large_image","twitter_misc":{"Skrevet af":"David H\u00f8jmark","Estimeret l\u00e6setid":"2 minutter"},"schema":{"@context":"https:\/\/schema.org","@graph":[{"@type":"Article","@id":"https:\/\/kunmedierne.dk\/mors\/ny-direktoer-til-krone-kapital\/#article","isPartOf":{"@id":"https:\/\/kunmedierne.dk\/mors\/ny-direktoer-til-krone-kapital\/"},"author":{"name":"David H\u00f8jmark","@id":"https:\/\/kunmedierne.dk\/mors\/#\/schema\/person\/5fe23251bf1d0abbcdc6f7896579d548"},"headline":"Ny direkt\u00f8r til Krone Kapital","datePublished":"2023-09-08T08:09:19+00:00","dateModified":"2024-08-12T11:11:55+00:00","mainEntityOfPage":{"@id":"https:\/\/kunmedierne.dk\/mors\/ny-direktoer-til-krone-kapital\/"},"wordCount":368,"publisher":{"@id":"https:\/\/kunmedierne.dk\/mors\/#organization"},"image":{"@id":"https:\/\/kunmedierne.dk\/mors\/ny-direktoer-til-krone-kapital\/#primaryimage"},"thumbnailUrl":"https:\/\/kunmedierne.dk\/mors\/wp-content\/uploads\/2023\/09\/Allan_Thisted_Esbensen-1200x802-1.png","keywords":["Erhverv"],"articleSection":["Lokalt","Navne"],"inLanguage":"da-DK"},{"@type":"WebPage","@id":"https:\/\/kunmedierne.dk\/mors\/ny-direktoer-til-krone-kapital\/","url":"https:\/\/kunmedierne.dk\/mors\/ny-direktoer-til-krone-kapital\/","name":"Ny direkt\u00f8r til Krone Kapital - Mors","isPartOf":{"@id":"https:\/\/kunmedierne.dk\/mors\/#website"},"primaryImageOfPage":{"@id":"https:\/\/kunmedierne.dk\/mors\/ny-direktoer-til-krone-kapital\/#primaryimage"},"image":{"@id":"https:\/\/kunmedierne.dk\/mors\/ny-direktoer-til-krone-kapital\/#primaryimage"},"thumbnailUrl":"https:\/\/kunmedierne.dk\/mors\/wp-content\/uploads\/2023\/09\/Allan_Thisted_Esbensen-1200x802-1.png","datePublished":"2023-09-08T08:09:19+00:00","dateModified":"2024-08-12T11:11:55+00:00","breadcrumb":{"@id":"https:\/\/kunmedierne.dk\/mors\/ny-direktoer-til-krone-kapital\/#breadcrumb"},"inLanguage":"da-DK","potentialAction":[{"@type":"ReadAction","target":["https:\/\/kunmedierne.dk\/mors\/ny-direktoer-til-krone-kapital\/"]}]},{"@type":"ImageObject","inLanguage":"da-DK","@id":"https:\/\/kunmedierne.dk\/mors\/ny-direktoer-til-krone-kapital\/#primaryimage","url":"https:\/\/kunmedierne.dk\/mors\/wp-content\/uploads\/2023\/09\/Allan_Thisted_Esbensen-1200x802-1.png","contentUrl":"https:\/\/kunmedierne.dk\/mors\/wp-content\/uploads\/2023\/09\/Allan_Thisted_Esbensen-1200x802-1.png","width":770,"height":515,"caption":"Allan Thisted Esbensen bliver direkt\u00f8r for Krone Kapital. Foto: Krone Kapital."},{"@type":"BreadcrumbList","@id":"https:\/\/kunmedierne.dk\/mors\/ny-direktoer-til-krone-kapital\/#breadcrumb","itemListElement":[{"@type":"ListItem","position":1,"name":"Hjem","item":"https:\/\/kunmedierne.dk\/mors\/"},{"@type":"ListItem","position":2,"name":"Ny direkt\u00f8r til Krone Kapital"}]},{"@type":"WebSite","@id":"https:\/\/kunmedierne.dk\/mors\/#website","url":"https:\/\/kunmedierne.dk\/mors\/","name":"Mors","description":"et netmedie med journalistik om livet p\u00e5 Mors","publisher":{"@id":"https:\/\/kunmedierne.dk\/mors\/#organization"},"potentialAction":[{"@type":"SearchAction","target":{"@type":"EntryPoint","urlTemplate":"https:\/\/kunmedierne.dk\/mors\/?s={search_term_string}"},"query-input":{"@type":"PropertyValueSpecification","valueRequired":true,"valueName":"search_term_string"}}],"inLanguage":"da-DK"},{"@type":"Organization","@id":"https:\/\/kunmedierne.dk\/mors\/#organization","name":"Mors","url":"https:\/\/kunmedierne.dk\/mors\/","logo":{"@type":"ImageObject","inLanguage":"da-DK","@id":"https:\/\/kunmedierne.dk\/mors\/#\/schema\/logo\/image\/","url":"https:\/\/kunmedierne.dk\/mors\/wp-content\/uploads\/2024\/08\/kunmors-logo.svg","contentUrl":"https:\/\/kunmedierne.dk\/mors\/wp-content\/uploads\/2024\/08\/kunmors-logo.svg","caption":"Mors"},"image":{"@id":"https:\/\/kunmedierne.dk\/mors\/#\/schema\/logo\/image\/"}},{"@type":"Person","@id":"https:\/\/kunmedierne.dk\/mors\/#\/schema\/person\/5fe23251bf1d0abbcdc6f7896579d548","name":"David H\u00f8jmark","image":{"@type":"ImageObject","inLanguage":"da-DK","@id":"https:\/\/kunmedierne.dk\/mors\/#\/schema\/person\/image\/","url":"https:\/\/secure.gravatar.com\/avatar\/4315d6fb9ef244d729989f5f90268eb08d5bf8a3d84402f595fa194bb35784fd?s=96&d=mm&r=g","contentUrl":"https:\/\/secure.gravatar.com\/avatar\/4315d6fb9ef244d729989f5f90268eb08d5bf8a3d84402f595fa194bb35784fd?s=96&d=mm&r=g","caption":"David H\u00f8jmark"},"sameAs":["https:\/\/www.kunmedierne.dk"],"url":"https:\/\/kunmedierne.dk\/mors\/author\/david\/"}]}},"_links":{"self":[{"href":"https:\/\/kunmedierne.dk\/mors\/wp-json\/wp\/v2\/posts\/101517","targetHints":{"allow":["GET"]}}],"collection":[{"href":"https:\/\/kunmedierne.dk\/mors\/wp-json\/wp\/v2\/posts"}],"about":[{"href":"https:\/\/kunmedierne.dk\/mors\/wp-json\/wp\/v2\/types\/post"}],"author":[{"embeddable":true,"href":"https:\/\/kunmedierne.dk\/mors\/wp-json\/wp\/v2\/users\/8"}],"replies":[{"embeddable":true,"href":"https:\/\/kunmedierne.dk\/mors\/wp-json\/wp\/v2\/comments?post=101517"}],"version-history":[{"count":4,"href":"https:\/\/kunmedierne.dk\/mors\/wp-json\/wp\/v2\/posts\/101517\/revisions"}],"predecessor-version":[{"id":107615,"href":"https:\/\/kunmedierne.dk\/mors\/wp-json\/wp\/v2\/posts\/101517\/revisions\/107615"}],"wp:featuredmedia":[{"embeddable":true,"href":"https:\/\/kunmedierne.dk\/mors\/wp-json\/wp\/v2\/media\/101519"}],"wp:attachment":[{"href":"https:\/\/kunmedierne.dk\/mors\/wp-json\/wp\/v2\/media?parent=101517"}],"wp:term":[{"taxonomy":"category","embeddable":true,"href":"https:\/\/kunmedierne.dk\/mors\/wp-json\/wp\/v2\/categories?post=101517"},{"taxonomy":"post_tag","embeddable":true,"href":"https:\/\/kunmedierne.dk\/mors\/wp-json\/wp\/v2\/tags?post=101517"}],"curies":[{"name":"wp","href":"https:\/\/api.w.org\/{rel}","templated":true}]}}